{"id":3933,"date":"2024-07-09T07:50:05","date_gmt":"2024-07-09T07:50:05","guid":{"rendered":"https:\/\/www.aridane.org\/city\/?p=3933"},"modified":"2024-07-17T07:51:52","modified_gmt":"2024-07-17T07:51:52","slug":"javier-llamas-ratifica-el-compromiso-de-clavijo-y-del-gobierno-de-canarias-con-la-reconstruccion-de-la-palma","status":"publish","type":"post","link":"https:\/\/www.aridane.org\/city\/2024\/07\/09\/javier-llamas-ratifica-el-compromiso-de-clavijo-y-del-gobierno-de-canarias-con-la-reconstruccion-de-la-palma\/","title":{"rendered":"Javier Llamas ratifica el compromiso de Clavijo y del Gobierno de Canarias con la reconstrucci\u00f3n de La Palma"},"content":{"rendered":"<p><em>El alcalde de Los Llanos de Aridane presenta al presidente su plan de trabajo para recuperar los caminos afectados<\/em><!--more--><\/p>\n<p>El alcalde de Los Llanos de Aridane, Javier Llamas, ratifica el compromiso del presidente de Canarias, Fernando Clavijo, y del Gobierno regional con la reconstrucci\u00f3n del municipio en una reuni\u00f3n celebrada este martes, 9 de julio, en la sede de Presidencia, en Santa Cruz de Tenerife.<\/p>\n<p>\u201cComo siempre digo, el volc\u00e1n no ha terminado. Necesitamos contar con certezas e instrumentos jur\u00eddicos que nos permitan dar respuestas \u00e1giles, urgentes, as\u00ed como, por supuesto, con financiaci\u00f3n. El Gobierno canario y el presidente Clavijo son conscientes de ello y su compromiso es total. Ahora necesitamos que el Gobierno de Espa\u00f1a tambi\u00e9n lo sea\u201d, apunta el alcalde.<\/p>\n<p>Llamas present\u00f3 a Clavijo y a la consejera de Administraciones P\u00fablicas del Gobierno de Canarias, Nieves Lady Barreto, el plan de trabajo del Ayuntamiento para recuperar los caminos y las infraestructuras afectadas por la erupci\u00f3n. Un plan alineado a los decretos impulsados por el Ejecutivo regional y los planes para la recuperaci\u00f3n socioecon\u00f3mica de La Palma.<\/p>\n<p>En esa reuni\u00f3n, el presidente de Canarias traslad\u00f3 el \u201ctotal respaldo\u201d del Ejecutivo regional a los ayuntamientos afectados por el volc\u00e1n, al tiempo que record\u00f3 que la reconstrucci\u00f3n es una prioridad para el Gobierno regional.<\/p>\n<h2><strong>Reconstrucci\u00f3n de La Palma<\/strong><\/h2>\n<p>Por un lado, en la reuni\u00f3n abordaron la actualizaci\u00f3n de los da\u00f1os del volc\u00e1n con para que el Estado actualice cuanto antes la cifra de la reconstrucci\u00f3n.<\/p>\n<p>A principios de mayo, el Ayuntamiento de Los Llanos de Aridane remiti\u00f3 al Ministerio de Pol\u00edtica Territorial la revisi\u00f3n del listado de infraestructuras afectadas por el volc\u00e1n, las cuales totalizan 76 millones de euros, que son 52 millones m\u00e1s que lo previsto en el convenio suscrito con el Gobierno de Espa\u00f1a en diciembre de 2022. Cabe precisar que el nuevo documento contempla 14 nuevos caminos e infraestructuras que no se tuvieron en cuenta en 2022 como el entorno de la Iglesia de Todoque o el campo de f\u00fatbol de La Laguna. Muchos de los caminos contemplados comenzar\u00e1n a reabrirse o reacondicionarse en los pr\u00f3ximos d\u00edas, tales como Cruz Chica, Morera, Cabrejas, El Atajo, Ca\u00f1a, La Gata, etc.<\/p>\n<p>Por otro lado, el alcalde, el presidente y la consejera sostuvieron la necesidad de poner en marcha infraestructuras clave para el municipio, como la Residencia de Mayores y Centro de D\u00eda. La intenci\u00f3n es que comiencen las obras el pr\u00f3ximo a\u00f1o tras su inclusi\u00f3n en el tercer plan de infraestructuras sanitarias del Gobierno de Canarias.<\/p>\n","protected":false},"excerpt":{"rendered":"<p>El alcalde de Los Llanos de Aridane presenta al presidente su plan de trabajo para recuperar los caminos afectados<\/p>\n","protected":false},"author":4,"featured_media":3934,"comment_status":"open","ping_status":"open","sticky":false,"template":"","format":"standard","meta":{"footnotes":""},"categories":[1],"tags":[],"class_list":["post-3933","post","type-post","status-publish","format-standard","has-post-thumbnail","hentry","category-sin-categoria"],"yoast_head":"<!-- This site is optimized with the Yoast SEO plugin v22.7 - https:\/\/yoast.com\/wordpress\/plugins\/seo\/ -->\n<title>Javier Llamas ratifica el compromiso de Clavijo y del Gobierno de Canarias con la reconstrucci\u00f3n de La Palma - Ayuntamiento de Los Llanos de Aridane<\/title>\n<meta name=\"robots\" content=\"index, follow, max-snippet:-1, max-image-preview:large, max-video-preview:-1\" \/>\n<link rel=\"canonical\" href=\"https:\/\/www.aridane.org\/city\/2024\/07\/09\/javier-llamas-ratifica-el-compromiso-de-clavijo-y-del-gobierno-de-canarias-con-la-reconstruccion-de-la-palma\/\" \/>\n<meta property=\"og:locale\" content=\"es_ES\" \/>\n<meta property=\"og:type\" content=\"article\" \/>\n<meta property=\"og:title\" content=\"Javier Llamas ratifica el compromiso de Clavijo y del Gobierno de Canarias con la reconstrucci\u00f3n de La Palma - Ayuntamiento de Los Llanos de Aridane\" \/>\n<meta property=\"og:description\" content=\"El alcalde de Los Llanos de Aridane presenta al presidente su plan de trabajo para recuperar los caminos afectados\" \/>\n<meta property=\"og:url\" content=\"https:\/\/www.aridane.org\/city\/2024\/07\/09\/javier-llamas-ratifica-el-compromiso-de-clavijo-y-del-gobierno-de-canarias-con-la-reconstruccion-de-la-palma\/\" \/>\n<meta property=\"og:site_name\" content=\"Ayuntamiento de Los Llanos de Aridane\" \/>\n<meta property=\"article:published_time\" content=\"2024-07-09T07:50:05+00:00\" \/>\n<meta property=\"article:modified_time\" content=\"2024-07-17T07:51:52+00:00\" \/>\n<meta property=\"og:image\" content=\"https:\/\/www.aridane.org\/city\/wp-content\/uploads\/2024\/07\/Reunion-Llamas-Clavijo-Lady-scaled.jpg\" \/>\n\t<meta property=\"og:image:width\" content=\"2560\" \/>\n\t<meta property=\"og:image:height\" content=\"1799\" \/>\n\t<meta property=\"og:image:type\" content=\"image\/jpeg\" \/>\n<meta name=\"author\" content=\"Corresponsal\" \/>\n<meta name=\"twitter:card\" content=\"summary_large_image\" \/>\n<meta name=\"twitter:label1\" content=\"Escrito por\" \/>\n\t<meta name=\"twitter:data1\" content=\"Corresponsal\" \/>\n\t<meta name=\"twitter:label2\" content=\"Tiempo de lectura\" \/>\n\t<meta name=\"twitter:data2\" content=\"3 minutos\" \/>\n<script type=\"application\/ld+json\" class=\"yoast-schema-graph\">{\"@context\":\"https:\/\/schema.org\",\"@graph\":[{\"@type\":\"WebPage\",\"@id\":\"https:\/\/www.aridane.org\/city\/2024\/07\/09\/javier-llamas-ratifica-el-compromiso-de-clavijo-y-del-gobierno-de-canarias-con-la-reconstruccion-de-la-palma\/\",\"url\":\"https:\/\/www.aridane.org\/city\/2024\/07\/09\/javier-llamas-ratifica-el-compromiso-de-clavijo-y-del-gobierno-de-canarias-con-la-reconstruccion-de-la-palma\/\",\"name\":\"Javier Llamas ratifica el compromiso de Clavijo y del Gobierno de Canarias con la reconstrucci\u00f3n de La Palma - Ayuntamiento de Los Llanos de Aridane\",\"isPartOf\":{\"@id\":\"https:\/\/www.aridane.org\/city\/#website\"},\"primaryImageOfPage\":{\"@id\":\"https:\/\/www.aridane.org\/city\/2024\/07\/09\/javier-llamas-ratifica-el-compromiso-de-clavijo-y-del-gobierno-de-canarias-con-la-reconstruccion-de-la-palma\/#primaryimage\"},\"image\":{\"@id\":\"https:\/\/www.aridane.org\/city\/2024\/07\/09\/javier-llamas-ratifica-el-compromiso-de-clavijo-y-del-gobierno-de-canarias-con-la-reconstruccion-de-la-palma\/#primaryimage\"},\"thumbnailUrl\":\"https:\/\/www.aridane.org\/city\/wp-content\/uploads\/2024\/07\/Reunion-Llamas-Clavijo-Lady-scaled.jpg\",\"datePublished\":\"2024-07-09T07:50:05+00:00\",\"dateModified\":\"2024-07-17T07:51:52+00:00\",\"author\":{\"@id\":\"https:\/\/www.aridane.org\/city\/#\/schema\/person\/89ebd376b223dc94cc1dbcf200c8e6da\"},\"breadcrumb\":{\"@id\":\"https:\/\/www.aridane.org\/city\/2024\/07\/09\/javier-llamas-ratifica-el-compromiso-de-clavijo-y-del-gobierno-de-canarias-con-la-reconstruccion-de-la-palma\/#breadcrumb\"},\"inLanguage\":\"es\",\"potentialAction\":[{\"@type\":\"ReadAction\",\"target\":[\"https:\/\/www.aridane.org\/city\/2024\/07\/09\/javier-llamas-ratifica-el-compromiso-de-clavijo-y-del-gobierno-de-canarias-con-la-reconstruccion-de-la-palma\/\"]}]},{\"@type\":\"ImageObject\",\"inLanguage\":\"es\",\"@id\":\"https:\/\/www.aridane.org\/city\/2024\/07\/09\/javier-llamas-ratifica-el-compromiso-de-clavijo-y-del-gobierno-de-canarias-con-la-reconstruccion-de-la-palma\/#primaryimage\",\"url\":\"https:\/\/www.aridane.org\/city\/wp-content\/uploads\/2024\/07\/Reunion-Llamas-Clavijo-Lady-scaled.jpg\",\"contentUrl\":\"https:\/\/www.aridane.org\/city\/wp-content\/uploads\/2024\/07\/Reunion-Llamas-Clavijo-Lady-scaled.jpg\",\"width\":2560,\"height\":1799},{\"@type\":\"BreadcrumbList\",\"@id\":\"https:\/\/www.aridane.org\/city\/2024\/07\/09\/javier-llamas-ratifica-el-compromiso-de-clavijo-y-del-gobierno-de-canarias-con-la-reconstruccion-de-la-palma\/#breadcrumb\",\"itemListElement\":[{\"@type\":\"ListItem\",\"position\":1,\"name\":\"Portada\",\"item\":\"https:\/\/www.aridane.org\/city\/\"},{\"@type\":\"ListItem\",\"position\":2,\"name\":\"Javier Llamas ratifica el compromiso de Clavijo y del Gobierno de Canarias con la reconstrucci\u00f3n de La Palma\"}]},{\"@type\":\"WebSite\",\"@id\":\"https:\/\/www.aridane.org\/city\/#website\",\"url\":\"https:\/\/www.aridane.org\/city\/\",\"name\":\"Ayuntamiento de Los Llanos de Aridane\",\"description\":\"\",\"potentialAction\":[{\"@type\":\"SearchAction\",\"target\":{\"@type\":\"EntryPoint\",\"urlTemplate\":\"https:\/\/www.aridane.org\/city\/?s={search_term_string}\"},\"query-input\":\"required name=search_term_string\"}],\"inLanguage\":\"es\"},{\"@type\":\"Person\",\"@id\":\"https:\/\/www.aridane.org\/city\/#\/schema\/person\/89ebd376b223dc94cc1dbcf200c8e6da\",\"name\":\"Corresponsal\",\"image\":{\"@type\":\"ImageObject\",\"inLanguage\":\"es\",\"@id\":\"https:\/\/www.aridane.org\/city\/#\/schema\/person\/image\/\",\"url\":\"https:\/\/secure.gravatar.com\/avatar\/1c476992411e4ccf153da63b2b2f5ea0bb4cb1c85f3ceab8512f04325ad5579c?s=96&d=mm&r=g\",\"contentUrl\":\"https:\/\/secure.gravatar.com\/avatar\/1c476992411e4ccf153da63b2b2f5ea0bb4cb1c85f3ceab8512f04325ad5579c?s=96&d=mm&r=g\",\"caption\":\"Corresponsal\"},\"url\":\"https:\/\/www.aridane.org\/city\/author\/corresponsal\/\"}]}<\/script>\n<!-- \/ Yoast SEO plugin. -->","yoast_head_json":{"title":"Javier Llamas ratifica el compromiso de Clavijo y del Gobierno de Canarias con la reconstrucci\u00f3n de La Palma - Ayuntamiento de Los Llanos de Aridane","robots":{"index":"index","follow":"follow","max-snippet":"max-snippet:-1","max-image-preview":"max-image-preview:large","max-video-preview":"max-video-preview:-1"},"canonical":"https:\/\/www.aridane.org\/city\/2024\/07\/09\/javier-llamas-ratifica-el-compromiso-de-clavijo-y-del-gobierno-de-canarias-con-la-reconstruccion-de-la-palma\/","og_locale":"es_ES","og_type":"article","og_title":"Javier Llamas ratifica el compromiso de Clavijo y del Gobierno de Canarias con la reconstrucci\u00f3n de La Palma - Ayuntamiento de Los Llanos de Aridane","og_description":"El alcalde de Los Llanos de Aridane presenta al presidente su plan de trabajo para recuperar los caminos afectados","og_url":"https:\/\/www.aridane.org\/city\/2024\/07\/09\/javier-llamas-ratifica-el-compromiso-de-clavijo-y-del-gobierno-de-canarias-con-la-reconstruccion-de-la-palma\/","og_site_name":"Ayuntamiento de Los Llanos de Aridane","article_published_time":"2024-07-09T07:50:05+00:00","article_modified_time":"2024-07-17T07:51:52+00:00","og_image":[{"width":2560,"height":1799,"url":"https:\/\/www.aridane.org\/city\/wp-content\/uploads\/2024\/07\/Reunion-Llamas-Clavijo-Lady-scaled.jpg","type":"image\/jpeg"}],"author":"Corresponsal","twitter_card":"summary_large_image","twitter_misc":{"Escrito por":"Corresponsal","Tiempo de lectura":"3 minutos"},"schema":{"@context":"https:\/\/schema.org","@graph":[{"@type":"WebPage","@id":"https:\/\/www.aridane.org\/city\/2024\/07\/09\/javier-llamas-ratifica-el-compromiso-de-clavijo-y-del-gobierno-de-canarias-con-la-reconstruccion-de-la-palma\/","url":"https:\/\/www.aridane.org\/city\/2024\/07\/09\/javier-llamas-ratifica-el-compromiso-de-clavijo-y-del-gobierno-de-canarias-con-la-reconstruccion-de-la-palma\/","name":"Javier Llamas ratifica el compromiso de Clavijo y del Gobierno de Canarias con la reconstrucci\u00f3n de La Palma - Ayuntamiento de Los Llanos de Aridane","isPartOf":{"@id":"https:\/\/www.aridane.org\/city\/#website"},"primaryImageOfPage":{"@id":"https:\/\/www.aridane.org\/city\/2024\/07\/09\/javier-llamas-ratifica-el-compromiso-de-clavijo-y-del-gobierno-de-canarias-con-la-reconstruccion-de-la-palma\/#primaryimage"},"image":{"@id":"https:\/\/www.aridane.org\/city\/2024\/07\/09\/javier-llamas-ratifica-el-compromiso-de-clavijo-y-del-gobierno-de-canarias-con-la-reconstruccion-de-la-palma\/#primaryimage"},"thumbnailUrl":"https:\/\/www.aridane.org\/city\/wp-content\/uploads\/2024\/07\/Reunion-Llamas-Clavijo-Lady-scaled.jpg","datePublished":"2024-07-09T07:50:05+00:00","dateModified":"2024-07-17T07:51:52+00:00","author":{"@id":"https:\/\/www.aridane.org\/city\/#\/schema\/person\/89ebd376b223dc94cc1dbcf200c8e6da"},"breadcrumb":{"@id":"https:\/\/www.aridane.org\/city\/2024\/07\/09\/javier-llamas-ratifica-el-compromiso-de-clavijo-y-del-gobierno-de-canarias-con-la-reconstruccion-de-la-palma\/#breadcrumb"},"inLanguage":"es","potentialAction":[{"@type":"ReadAction","target":["https:\/\/www.aridane.org\/city\/2024\/07\/09\/javier-llamas-ratifica-el-compromiso-de-clavijo-y-del-gobierno-de-canarias-con-la-reconstruccion-de-la-palma\/"]}]},{"@type":"ImageObject","inLanguage":"es","@id":"https:\/\/www.aridane.org\/city\/2024\/07\/09\/javier-llamas-ratifica-el-compromiso-de-clavijo-y-del-gobierno-de-canarias-con-la-reconstruccion-de-la-palma\/#primaryimage","url":"https:\/\/www.aridane.org\/city\/wp-content\/uploads\/2024\/07\/Reunion-Llamas-Clavijo-Lady-scaled.jpg","contentUrl":"https:\/\/www.aridane.org\/city\/wp-content\/uploads\/2024\/07\/Reunion-Llamas-Clavijo-Lady-scaled.jpg","width":2560,"height":1799},{"@type":"BreadcrumbList","@id":"https:\/\/www.aridane.org\/city\/2024\/07\/09\/javier-llamas-ratifica-el-compromiso-de-clavijo-y-del-gobierno-de-canarias-con-la-reconstruccion-de-la-palma\/#breadcrumb","itemListElement":[{"@type":"ListItem","position":1,"name":"Portada","item":"https:\/\/www.aridane.org\/city\/"},{"@type":"ListItem","position":2,"name":"Javier Llamas ratifica el compromiso de Clavijo y del Gobierno de Canarias con la reconstrucci\u00f3n de La Palma"}]},{"@type":"WebSite","@id":"https:\/\/www.aridane.org\/city\/#website","url":"https:\/\/www.aridane.org\/city\/","name":"Ayuntamiento de Los Llanos de Aridane","description":"","potentialAction":[{"@type":"SearchAction","target":{"@type":"EntryPoint","urlTemplate":"https:\/\/www.aridane.org\/city\/?s={search_term_string}"},"query-input":"required name=search_term_string"}],"inLanguage":"es"},{"@type":"Person","@id":"https:\/\/www.aridane.org\/city\/#\/schema\/person\/89ebd376b223dc94cc1dbcf200c8e6da","name":"Corresponsal","image":{"@type":"ImageObject","inLanguage":"es","@id":"https:\/\/www.aridane.org\/city\/#\/schema\/person\/image\/","url":"https:\/\/secure.gravatar.com\/avatar\/1c476992411e4ccf153da63b2b2f5ea0bb4cb1c85f3ceab8512f04325ad5579c?s=96&d=mm&r=g","contentUrl":"https:\/\/secure.gravatar.com\/avatar\/1c476992411e4ccf153da63b2b2f5ea0bb4cb1c85f3ceab8512f04325ad5579c?s=96&d=mm&r=g","caption":"Corresponsal"},"url":"https:\/\/www.aridane.org\/city\/author\/corresponsal\/"}]}},"_links":{"self":[{"href":"https:\/\/www.aridane.org\/city\/wp-json\/wp\/v2\/posts\/3933","targetHints":{"allow":["GET"]}}],"collection":[{"href":"https:\/\/www.aridane.org\/city\/wp-json\/wp\/v2\/posts"}],"about":[{"href":"https:\/\/www.aridane.org\/city\/wp-json\/wp\/v2\/types\/post"}],"author":[{"embeddable":true,"href":"https:\/\/www.aridane.org\/city\/wp-json\/wp\/v2\/users\/4"}],"replies":[{"embeddable":true,"href":"https:\/\/www.aridane.org\/city\/wp-json\/wp\/v2\/comments?post=3933"}],"version-history":[{"count":1,"href":"https:\/\/www.aridane.org\/city\/wp-json\/wp\/v2\/posts\/3933\/revisions"}],"predecessor-version":[{"id":3935,"href":"https:\/\/www.aridane.org\/city\/wp-json\/wp\/v2\/posts\/3933\/revisions\/3935"}],"wp:featuredmedia":[{"embeddable":true,"href":"https:\/\/www.aridane.org\/city\/wp-json\/wp\/v2\/media\/3934"}],"wp:attachment":[{"href":"https:\/\/www.aridane.org\/city\/wp-json\/wp\/v2\/media?parent=3933"}],"wp:term":[{"taxonomy":"category","embeddable":true,"href":"https:\/\/www.aridane.org\/city\/wp-json\/wp\/v2\/categories?post=3933"},{"taxonomy":"post_tag","embeddable":true,"href":"https:\/\/www.aridane.org\/city\/wp-json\/wp\/v2\/tags?post=3933"}],"curies":[{"name":"wp","href":"https:\/\/api.w.org\/{rel}","templated":true}]}}