{"id":3936,"date":"2024-07-18T07:36:33","date_gmt":"2024-07-18T07:36:33","guid":{"rendered":"https:\/\/www.aridane.org\/city\/?p=3936"},"modified":"2024-07-18T07:36:33","modified_gmt":"2024-07-18T07:36:33","slug":"los-llanos-de-aridane-avanza-en-la-construccion-de-su-marca-ciudad-con-el-apoyo-de-expertos","status":"publish","type":"post","link":"https:\/\/www.aridane.org\/city\/2024\/07\/18\/los-llanos-de-aridane-avanza-en-la-construccion-de-su-marca-ciudad-con-el-apoyo-de-expertos\/","title":{"rendered":"Los Llanos de Aridane avanza en la construcci\u00f3n de su Marca Ciudad con el apoyo de expertos"},"content":{"rendered":"<p><em>Se han mantenido varias reuniones para desarrollar esta nueva identidad, acci\u00f3n perteneciente al Plan de Sostenibilidad Tur\u00edstica<\/em><br \/>\n<!--more--><\/p>\n<div id=\"v1forwardbody1\">\n<p>El Ayuntamiento de Los Llanos de Aridane avanza en la construcci\u00f3n de su Marca Ciudad con el apoyo de numerosos expertos en marketing y dise\u00f1o, junto con varios representantes del municipio en distintas \u00e1reas. Se han mantenido varios encuentros para dirimir la hoja de ruta que se seguir\u00e1 en el desarrollo de este nuevo proyecto que forma parte del Plan de Sostenibilidad Tur\u00edstica.<\/p>\n<p>El alcalde, Javier Llamas, afirma que \u201cen estos primeros encuentros se han puesto sobre la mesa propuestas muy interesantes, acercando posturas y trabajando en conjunto por y para el desarrollo del municipio\u201d.<\/p>\n<p>Por su parte, la concejala de Turismo, Inmaculada Fern\u00e1ndez, comenta que el objetivo de este proyecto \u201ces potenciar el atractivo de Los Llanos de Aridane, no solo como destino tur\u00edstico, sino tambi\u00e9n como un lugar vibrante y cohesionado para sus habitantes\u201d. \u201cLa participaci\u00f3n activa en estas reuniones demuestra el inter\u00e9s y la dedicaci\u00f3n de la comunidad hacia este ambicioso proyecto\u201d, a\u00f1ade Fern\u00e1ndez.<\/p>\n<p>Este proyecto cuenta con la colaboraci\u00f3n de la agencia de branding y comunicaci\u00f3n Bulla Estudio y de Valladares Dise\u00f1o y Comunicaci\u00f3n, que junto a varios representantes municipales de distintas \u00e1reas desarrollan sinergias que buscar\u00e1n resaltar la fortaleza y el atractivo de Los Llanos de Aridane.<\/p>\n<\/div>\n","protected":false},"excerpt":{"rendered":"<p>Se han mantenido varias reuniones para desarrollar esta nueva identidad, acci\u00f3n perteneciente al Plan de Sostenibilidad Tur\u00edstica<\/p>\n","protected":false},"author":4,"featured_media":3937,"comment_status":"open","ping_status":"open","sticky":false,"template":"","format":"standard","meta":{"footnotes":""},"categories":[1],"tags":[],"class_list":["post-3936","post","type-post","status-publish","format-standard","has-post-thumbnail","hentry","category-sin-categoria"],"yoast_head":"<!-- This site is optimized with the Yoast SEO plugin v22.7 - https:\/\/yoast.com\/wordpress\/plugins\/seo\/ -->\n<title>Los Llanos de Aridane avanza en la construcci\u00f3n de su Marca Ciudad con el apoyo de expertos - Ayuntamiento de Los Llanos de Aridane<\/title>\n<meta name=\"robots\" content=\"index, follow, max-snippet:-1, max-image-preview:large, max-video-preview:-1\" \/>\n<link rel=\"canonical\" href=\"https:\/\/www.aridane.org\/city\/2024\/07\/18\/los-llanos-de-aridane-avanza-en-la-construccion-de-su-marca-ciudad-con-el-apoyo-de-expertos\/\" \/>\n<meta property=\"og:locale\" content=\"es_ES\" \/>\n<meta property=\"og:type\" content=\"article\" \/>\n<meta property=\"og:title\" content=\"Los Llanos de Aridane avanza en la construcci\u00f3n de su Marca Ciudad con el apoyo de expertos - Ayuntamiento de Los Llanos de Aridane\" \/>\n<meta property=\"og:description\" content=\"Se han mantenido varias reuniones para desarrollar esta nueva identidad, acci\u00f3n perteneciente al Plan de Sostenibilidad Tur\u00edstica\" \/>\n<meta property=\"og:url\" content=\"https:\/\/www.aridane.org\/city\/2024\/07\/18\/los-llanos-de-aridane-avanza-en-la-construccion-de-su-marca-ciudad-con-el-apoyo-de-expertos\/\" \/>\n<meta property=\"og:site_name\" content=\"Ayuntamiento de Los Llanos de Aridane\" \/>\n<meta property=\"article:published_time\" content=\"2024-07-18T07:36:33+00:00\" \/>\n<meta property=\"og:image\" content=\"https:\/\/www.aridane.org\/city\/wp-content\/uploads\/2024\/07\/Marca-Los-Llanos-de-Aridane.jpeg\" \/>\n\t<meta property=\"og:image:width\" content=\"1600\" \/>\n\t<meta property=\"og:image:height\" content=\"1200\" \/>\n\t<meta property=\"og:image:type\" content=\"image\/jpeg\" \/>\n<meta name=\"author\" content=\"Corresponsal\" \/>\n<meta name=\"twitter:card\" content=\"summary_large_image\" \/>\n<meta name=\"twitter:label1\" content=\"Escrito por\" \/>\n\t<meta name=\"twitter:data1\" content=\"Corresponsal\" \/>\n\t<meta name=\"twitter:label2\" content=\"Tiempo de lectura\" \/>\n\t<meta name=\"twitter:data2\" content=\"2 minutos\" \/>\n<script type=\"application\/ld+json\" class=\"yoast-schema-graph\">{\"@context\":\"https:\/\/schema.org\",\"@graph\":[{\"@type\":\"WebPage\",\"@id\":\"https:\/\/www.aridane.org\/city\/2024\/07\/18\/los-llanos-de-aridane-avanza-en-la-construccion-de-su-marca-ciudad-con-el-apoyo-de-expertos\/\",\"url\":\"https:\/\/www.aridane.org\/city\/2024\/07\/18\/los-llanos-de-aridane-avanza-en-la-construccion-de-su-marca-ciudad-con-el-apoyo-de-expertos\/\",\"name\":\"Los Llanos de Aridane avanza en la construcci\u00f3n de su Marca Ciudad con el apoyo de expertos - Ayuntamiento de Los Llanos de Aridane\",\"isPartOf\":{\"@id\":\"https:\/\/www.aridane.org\/city\/#website\"},\"primaryImageOfPage\":{\"@id\":\"https:\/\/www.aridane.org\/city\/2024\/07\/18\/los-llanos-de-aridane-avanza-en-la-construccion-de-su-marca-ciudad-con-el-apoyo-de-expertos\/#primaryimage\"},\"image\":{\"@id\":\"https:\/\/www.aridane.org\/city\/2024\/07\/18\/los-llanos-de-aridane-avanza-en-la-construccion-de-su-marca-ciudad-con-el-apoyo-de-expertos\/#primaryimage\"},\"thumbnailUrl\":\"https:\/\/www.aridane.org\/city\/wp-content\/uploads\/2024\/07\/Marca-Los-Llanos-de-Aridane.jpeg\",\"datePublished\":\"2024-07-18T07:36:33+00:00\",\"dateModified\":\"2024-07-18T07:36:33+00:00\",\"author\":{\"@id\":\"https:\/\/www.aridane.org\/city\/#\/schema\/person\/89ebd376b223dc94cc1dbcf200c8e6da\"},\"breadcrumb\":{\"@id\":\"https:\/\/www.aridane.org\/city\/2024\/07\/18\/los-llanos-de-aridane-avanza-en-la-construccion-de-su-marca-ciudad-con-el-apoyo-de-expertos\/#breadcrumb\"},\"inLanguage\":\"es\",\"potentialAction\":[{\"@type\":\"ReadAction\",\"target\":[\"https:\/\/www.aridane.org\/city\/2024\/07\/18\/los-llanos-de-aridane-avanza-en-la-construccion-de-su-marca-ciudad-con-el-apoyo-de-expertos\/\"]}]},{\"@type\":\"ImageObject\",\"inLanguage\":\"es\",\"@id\":\"https:\/\/www.aridane.org\/city\/2024\/07\/18\/los-llanos-de-aridane-avanza-en-la-construccion-de-su-marca-ciudad-con-el-apoyo-de-expertos\/#primaryimage\",\"url\":\"https:\/\/www.aridane.org\/city\/wp-content\/uploads\/2024\/07\/Marca-Los-Llanos-de-Aridane.jpeg\",\"contentUrl\":\"https:\/\/www.aridane.org\/city\/wp-content\/uploads\/2024\/07\/Marca-Los-Llanos-de-Aridane.jpeg\",\"width\":1600,\"height\":1200},{\"@type\":\"BreadcrumbList\",\"@id\":\"https:\/\/www.aridane.org\/city\/2024\/07\/18\/los-llanos-de-aridane-avanza-en-la-construccion-de-su-marca-ciudad-con-el-apoyo-de-expertos\/#breadcrumb\",\"itemListElement\":[{\"@type\":\"ListItem\",\"position\":1,\"name\":\"Portada\",\"item\":\"https:\/\/www.aridane.org\/city\/\"},{\"@type\":\"ListItem\",\"position\":2,\"name\":\"Los Llanos de Aridane avanza en la construcci\u00f3n de su Marca Ciudad con el apoyo de expertos\"}]},{\"@type\":\"WebSite\",\"@id\":\"https:\/\/www.aridane.org\/city\/#website\",\"url\":\"https:\/\/www.aridane.org\/city\/\",\"name\":\"Ayuntamiento de Los Llanos de Aridane\",\"description\":\"\",\"potentialAction\":[{\"@type\":\"SearchAction\",\"target\":{\"@type\":\"EntryPoint\",\"urlTemplate\":\"https:\/\/www.aridane.org\/city\/?s={search_term_string}\"},\"query-input\":\"required name=search_term_string\"}],\"inLanguage\":\"es\"},{\"@type\":\"Person\",\"@id\":\"https:\/\/www.aridane.org\/city\/#\/schema\/person\/89ebd376b223dc94cc1dbcf200c8e6da\",\"name\":\"Corresponsal\",\"image\":{\"@type\":\"ImageObject\",\"inLanguage\":\"es\",\"@id\":\"https:\/\/www.aridane.org\/city\/#\/schema\/person\/image\/\",\"url\":\"https:\/\/secure.gravatar.com\/avatar\/1c476992411e4ccf153da63b2b2f5ea0bb4cb1c85f3ceab8512f04325ad5579c?s=96&d=mm&r=g\",\"contentUrl\":\"https:\/\/secure.gravatar.com\/avatar\/1c476992411e4ccf153da63b2b2f5ea0bb4cb1c85f3ceab8512f04325ad5579c?s=96&d=mm&r=g\",\"caption\":\"Corresponsal\"},\"url\":\"https:\/\/www.aridane.org\/city\/author\/corresponsal\/\"}]}<\/script>\n<!-- \/ Yoast SEO plugin. -->","yoast_head_json":{"title":"Los Llanos de Aridane avanza en la construcci\u00f3n de su Marca Ciudad con el apoyo de expertos - Ayuntamiento de Los Llanos de Aridane","robots":{"index":"index","follow":"follow","max-snippet":"max-snippet:-1","max-image-preview":"max-image-preview:large","max-video-preview":"max-video-preview:-1"},"canonical":"https:\/\/www.aridane.org\/city\/2024\/07\/18\/los-llanos-de-aridane-avanza-en-la-construccion-de-su-marca-ciudad-con-el-apoyo-de-expertos\/","og_locale":"es_ES","og_type":"article","og_title":"Los Llanos de Aridane avanza en la construcci\u00f3n de su Marca Ciudad con el apoyo de expertos - Ayuntamiento de Los Llanos de Aridane","og_description":"Se han mantenido varias reuniones para desarrollar esta nueva identidad, acci\u00f3n perteneciente al Plan de Sostenibilidad Tur\u00edstica","og_url":"https:\/\/www.aridane.org\/city\/2024\/07\/18\/los-llanos-de-aridane-avanza-en-la-construccion-de-su-marca-ciudad-con-el-apoyo-de-expertos\/","og_site_name":"Ayuntamiento de Los Llanos de Aridane","article_published_time":"2024-07-18T07:36:33+00:00","og_image":[{"width":1600,"height":1200,"url":"https:\/\/www.aridane.org\/city\/wp-content\/uploads\/2024\/07\/Marca-Los-Llanos-de-Aridane.jpeg","type":"image\/jpeg"}],"author":"Corresponsal","twitter_card":"summary_large_image","twitter_misc":{"Escrito por":"Corresponsal","Tiempo de lectura":"2 minutos"},"schema":{"@context":"https:\/\/schema.org","@graph":[{"@type":"WebPage","@id":"https:\/\/www.aridane.org\/city\/2024\/07\/18\/los-llanos-de-aridane-avanza-en-la-construccion-de-su-marca-ciudad-con-el-apoyo-de-expertos\/","url":"https:\/\/www.aridane.org\/city\/2024\/07\/18\/los-llanos-de-aridane-avanza-en-la-construccion-de-su-marca-ciudad-con-el-apoyo-de-expertos\/","name":"Los Llanos de Aridane avanza en la construcci\u00f3n de su Marca Ciudad con el apoyo de expertos - Ayuntamiento de Los Llanos de Aridane","isPartOf":{"@id":"https:\/\/www.aridane.org\/city\/#website"},"primaryImageOfPage":{"@id":"https:\/\/www.aridane.org\/city\/2024\/07\/18\/los-llanos-de-aridane-avanza-en-la-construccion-de-su-marca-ciudad-con-el-apoyo-de-expertos\/#primaryimage"},"image":{"@id":"https:\/\/www.aridane.org\/city\/2024\/07\/18\/los-llanos-de-aridane-avanza-en-la-construccion-de-su-marca-ciudad-con-el-apoyo-de-expertos\/#primaryimage"},"thumbnailUrl":"https:\/\/www.aridane.org\/city\/wp-content\/uploads\/2024\/07\/Marca-Los-Llanos-de-Aridane.jpeg","datePublished":"2024-07-18T07:36:33+00:00","dateModified":"2024-07-18T07:36:33+00:00","author":{"@id":"https:\/\/www.aridane.org\/city\/#\/schema\/person\/89ebd376b223dc94cc1dbcf200c8e6da"},"breadcrumb":{"@id":"https:\/\/www.aridane.org\/city\/2024\/07\/18\/los-llanos-de-aridane-avanza-en-la-construccion-de-su-marca-ciudad-con-el-apoyo-de-expertos\/#breadcrumb"},"inLanguage":"es","potentialAction":[{"@type":"ReadAction","target":["https:\/\/www.aridane.org\/city\/2024\/07\/18\/los-llanos-de-aridane-avanza-en-la-construccion-de-su-marca-ciudad-con-el-apoyo-de-expertos\/"]}]},{"@type":"ImageObject","inLanguage":"es","@id":"https:\/\/www.aridane.org\/city\/2024\/07\/18\/los-llanos-de-aridane-avanza-en-la-construccion-de-su-marca-ciudad-con-el-apoyo-de-expertos\/#primaryimage","url":"https:\/\/www.aridane.org\/city\/wp-content\/uploads\/2024\/07\/Marca-Los-Llanos-de-Aridane.jpeg","contentUrl":"https:\/\/www.aridane.org\/city\/wp-content\/uploads\/2024\/07\/Marca-Los-Llanos-de-Aridane.jpeg","width":1600,"height":1200},{"@type":"BreadcrumbList","@id":"https:\/\/www.aridane.org\/city\/2024\/07\/18\/los-llanos-de-aridane-avanza-en-la-construccion-de-su-marca-ciudad-con-el-apoyo-de-expertos\/#breadcrumb","itemListElement":[{"@type":"ListItem","position":1,"name":"Portada","item":"https:\/\/www.aridane.org\/city\/"},{"@type":"ListItem","position":2,"name":"Los Llanos de Aridane avanza en la construcci\u00f3n de su Marca Ciudad con el apoyo de expertos"}]},{"@type":"WebSite","@id":"https:\/\/www.aridane.org\/city\/#website","url":"https:\/\/www.aridane.org\/city\/","name":"Ayuntamiento de Los Llanos de Aridane","description":"","potentialAction":[{"@type":"SearchAction","target":{"@type":"EntryPoint","urlTemplate":"https:\/\/www.aridane.org\/city\/?s={search_term_string}"},"query-input":"required name=search_term_string"}],"inLanguage":"es"},{"@type":"Person","@id":"https:\/\/www.aridane.org\/city\/#\/schema\/person\/89ebd376b223dc94cc1dbcf200c8e6da","name":"Corresponsal","image":{"@type":"ImageObject","inLanguage":"es","@id":"https:\/\/www.aridane.org\/city\/#\/schema\/person\/image\/","url":"https:\/\/secure.gravatar.com\/avatar\/1c476992411e4ccf153da63b2b2f5ea0bb4cb1c85f3ceab8512f04325ad5579c?s=96&d=mm&r=g","contentUrl":"https:\/\/secure.gravatar.com\/avatar\/1c476992411e4ccf153da63b2b2f5ea0bb4cb1c85f3ceab8512f04325ad5579c?s=96&d=mm&r=g","caption":"Corresponsal"},"url":"https:\/\/www.aridane.org\/city\/author\/corresponsal\/"}]}},"_links":{"self":[{"href":"https:\/\/www.aridane.org\/city\/wp-json\/wp\/v2\/posts\/3936","targetHints":{"allow":["GET"]}}],"collection":[{"href":"https:\/\/www.aridane.org\/city\/wp-json\/wp\/v2\/posts"}],"about":[{"href":"https:\/\/www.aridane.org\/city\/wp-json\/wp\/v2\/types\/post"}],"author":[{"embeddable":true,"href":"https:\/\/www.aridane.org\/city\/wp-json\/wp\/v2\/users\/4"}],"replies":[{"embeddable":true,"href":"https:\/\/www.aridane.org\/city\/wp-json\/wp\/v2\/comments?post=3936"}],"version-history":[{"count":1,"href":"https:\/\/www.aridane.org\/city\/wp-json\/wp\/v2\/posts\/3936\/revisions"}],"predecessor-version":[{"id":3938,"href":"https:\/\/www.aridane.org\/city\/wp-json\/wp\/v2\/posts\/3936\/revisions\/3938"}],"wp:featuredmedia":[{"embeddable":true,"href":"https:\/\/www.aridane.org\/city\/wp-json\/wp\/v2\/media\/3937"}],"wp:attachment":[{"href":"https:\/\/www.aridane.org\/city\/wp-json\/wp\/v2\/media?parent=3936"}],"wp:term":[{"taxonomy":"category","embeddable":true,"href":"https:\/\/www.aridane.org\/city\/wp-json\/wp\/v2\/categories?post=3936"},{"taxonomy":"post_tag","embeddable":true,"href":"https:\/\/www.aridane.org\/city\/wp-json\/wp\/v2\/tags?post=3936"}],"curies":[{"name":"wp","href":"https:\/\/api.w.org\/{rel}","templated":true}]}}