{"id":3939,"date":"2024-07-22T13:45:14","date_gmt":"2024-07-22T13:45:14","guid":{"rendered":"https:\/\/www.aridane.org\/city\/?p=3939"},"modified":"2024-07-22T13:45:14","modified_gmt":"2024-07-22T13:45:14","slug":"los-llanos-de-aridane-impulsa-la-remodelacion-del-mercado-municipal","status":"publish","type":"post","link":"https:\/\/www.aridane.org\/city\/2024\/07\/22\/los-llanos-de-aridane-impulsa-la-remodelacion-del-mercado-municipal\/","title":{"rendered":"Los Llanos de Aridane impulsa la remodelaci\u00f3n del Mercado Municipal"},"content":{"rendered":"<p><em>La licitaci\u00f3n de la primera fase del Mercado Municipal estar\u00e1 abierta hasta el 16 de agosto y cuenta con un presupuesto base de 2,12 millones de euros<\/em><!--more--><\/p>\n<p>El Ayuntamiento de Los Llanos de Aridane impulsa la remodelaci\u00f3n del Mercado Municipal, una infraestructura muy demandada por la ciudadan\u00eda y que viene a renovar un espacio clave en la ciudad. Por ello, ha licitado la ejecuci\u00f3n de las obras en su primera fase, las cuales cuentan con un presupuesto base de 2,12 millones de euros.<\/p>\n<p>La concejala de Infraestructuras, Virginia Santaella, anima a las empresas a participar en un proyecto clave para Los Llanos de Aridane. \u201cEl objetivo en esta primera fase es renovar los exteriores del Mercado Municipal para que vuelva a ser parte activa del d\u00eda a d\u00eda de la ciudad. Queremos que sea una infraestructura m\u00e1s moderna, m\u00e1s c\u00f3moda y m\u00e1s sostenible\u201d, apunta, recordando que, adem\u00e1s, es un edificio de inter\u00e9s hist\u00f3rico y arquitect\u00f3nico que hay que conservar.<\/p>\n<p>En este sentido, el alcalde Javier Llamas insiste en recuperar esta infraestructura. \u201cLos Llanos de Aridane se merece tener de vuelta a su mercado. Tenemos que devolver al municipio ese punto de encuentro, ese espacio en el que se vend\u00eda el mejor producto local y kil\u00f3metro cero. Adem\u00e1s, confiamos en que se convierta en un atractivo y una referencia para las personas que nos visitan\u201d, apunta.<\/p>\n<p>La primera fase de la remodelaci\u00f3n del Mercado Municipal contempla la renovaci\u00f3n de la zona exterior, con la modernizaci\u00f3n de las plazas norte y sur, as\u00ed como la adecuaci\u00f3n de los accesos para hacer del entorno un lugar m\u00e1s accesible. Esta primera fase tambi\u00e9n contempla la creaci\u00f3n de un parking subterr\u00e1neo.<\/p>\n<p>Desde el Ayuntamiento valoran el apoyo institucional con el que cuenta el proyecto, el cual recibe financiaci\u00f3n del Cabildo de La Palma, el Gobierno de Canarias y el Gobierno de Espa\u00f1a. Las empresas interesadas pueden presentar sus propuestas hasta el 16 de agosto.<\/p>\n","protected":false},"excerpt":{"rendered":"<p>La licitaci\u00f3n de la primera fase del Mercado Municipal estar\u00e1 abierta hasta el 16 de agosto y cuenta con un presupuesto base de 2,12 millones de euros<\/p>\n","protected":false},"author":4,"featured_media":3940,"comment_status":"open","ping_status":"open","sticky":false,"template":"","format":"standard","meta":{"footnotes":""},"categories":[1],"tags":[],"class_list":["post-3939","post","type-post","status-publish","format-standard","has-post-thumbnail","hentry","category-sin-categoria"],"yoast_head":"<!-- This site is optimized with the Yoast SEO plugin v22.7 - https:\/\/yoast.com\/wordpress\/plugins\/seo\/ -->\n<title>Los Llanos de Aridane impulsa la remodelaci\u00f3n del Mercado Municipal - Ayuntamiento de Los Llanos de Aridane<\/title>\n<meta name=\"robots\" content=\"index, follow, max-snippet:-1, max-image-preview:large, max-video-preview:-1\" \/>\n<link rel=\"canonical\" href=\"https:\/\/www.aridane.org\/city\/2024\/07\/22\/los-llanos-de-aridane-impulsa-la-remodelacion-del-mercado-municipal\/\" \/>\n<meta property=\"og:locale\" content=\"es_ES\" \/>\n<meta property=\"og:type\" content=\"article\" \/>\n<meta property=\"og:title\" content=\"Los Llanos de Aridane impulsa la remodelaci\u00f3n del Mercado Municipal - Ayuntamiento de Los Llanos de Aridane\" \/>\n<meta property=\"og:description\" content=\"La licitaci\u00f3n de la primera fase del Mercado Municipal estar\u00e1 abierta hasta el 16 de agosto y cuenta con un presupuesto base de 2,12 millones de euros\" \/>\n<meta property=\"og:url\" content=\"https:\/\/www.aridane.org\/city\/2024\/07\/22\/los-llanos-de-aridane-impulsa-la-remodelacion-del-mercado-municipal\/\" \/>\n<meta property=\"og:site_name\" content=\"Ayuntamiento de Los Llanos de Aridane\" \/>\n<meta property=\"article:published_time\" content=\"2024-07-22T13:45:14+00:00\" \/>\n<meta property=\"og:image\" content=\"https:\/\/www.aridane.org\/city\/wp-content\/uploads\/2024\/07\/Mercado-Municipal-1.jpeg\" \/>\n\t<meta property=\"og:image:width\" content=\"2048\" \/>\n\t<meta property=\"og:image:height\" content=\"1536\" \/>\n\t<meta property=\"og:image:type\" content=\"image\/jpeg\" \/>\n<meta name=\"author\" content=\"Corresponsal\" \/>\n<meta name=\"twitter:card\" content=\"summary_large_image\" \/>\n<meta name=\"twitter:label1\" content=\"Escrito por\" \/>\n\t<meta name=\"twitter:data1\" content=\"Corresponsal\" \/>\n\t<meta name=\"twitter:label2\" content=\"Tiempo de lectura\" \/>\n\t<meta name=\"twitter:data2\" content=\"2 minutos\" \/>\n<script type=\"application\/ld+json\" class=\"yoast-schema-graph\">{\"@context\":\"https:\/\/schema.org\",\"@graph\":[{\"@type\":\"WebPage\",\"@id\":\"https:\/\/www.aridane.org\/city\/2024\/07\/22\/los-llanos-de-aridane-impulsa-la-remodelacion-del-mercado-municipal\/\",\"url\":\"https:\/\/www.aridane.org\/city\/2024\/07\/22\/los-llanos-de-aridane-impulsa-la-remodelacion-del-mercado-municipal\/\",\"name\":\"Los Llanos de Aridane impulsa la remodelaci\u00f3n del Mercado Municipal - Ayuntamiento de Los Llanos de Aridane\",\"isPartOf\":{\"@id\":\"https:\/\/www.aridane.org\/city\/#website\"},\"primaryImageOfPage\":{\"@id\":\"https:\/\/www.aridane.org\/city\/2024\/07\/22\/los-llanos-de-aridane-impulsa-la-remodelacion-del-mercado-municipal\/#primaryimage\"},\"image\":{\"@id\":\"https:\/\/www.aridane.org\/city\/2024\/07\/22\/los-llanos-de-aridane-impulsa-la-remodelacion-del-mercado-municipal\/#primaryimage\"},\"thumbnailUrl\":\"https:\/\/www.aridane.org\/city\/wp-content\/uploads\/2024\/07\/Mercado-Municipal-1.jpeg\",\"datePublished\":\"2024-07-22T13:45:14+00:00\",\"dateModified\":\"2024-07-22T13:45:14+00:00\",\"author\":{\"@id\":\"https:\/\/www.aridane.org\/city\/#\/schema\/person\/89ebd376b223dc94cc1dbcf200c8e6da\"},\"breadcrumb\":{\"@id\":\"https:\/\/www.aridane.org\/city\/2024\/07\/22\/los-llanos-de-aridane-impulsa-la-remodelacion-del-mercado-municipal\/#breadcrumb\"},\"inLanguage\":\"es\",\"potentialAction\":[{\"@type\":\"ReadAction\",\"target\":[\"https:\/\/www.aridane.org\/city\/2024\/07\/22\/los-llanos-de-aridane-impulsa-la-remodelacion-del-mercado-municipal\/\"]}]},{\"@type\":\"ImageObject\",\"inLanguage\":\"es\",\"@id\":\"https:\/\/www.aridane.org\/city\/2024\/07\/22\/los-llanos-de-aridane-impulsa-la-remodelacion-del-mercado-municipal\/#primaryimage\",\"url\":\"https:\/\/www.aridane.org\/city\/wp-content\/uploads\/2024\/07\/Mercado-Municipal-1.jpeg\",\"contentUrl\":\"https:\/\/www.aridane.org\/city\/wp-content\/uploads\/2024\/07\/Mercado-Municipal-1.jpeg\",\"width\":2048,\"height\":1536},{\"@type\":\"BreadcrumbList\",\"@id\":\"https:\/\/www.aridane.org\/city\/2024\/07\/22\/los-llanos-de-aridane-impulsa-la-remodelacion-del-mercado-municipal\/#breadcrumb\",\"itemListElement\":[{\"@type\":\"ListItem\",\"position\":1,\"name\":\"Portada\",\"item\":\"https:\/\/www.aridane.org\/city\/\"},{\"@type\":\"ListItem\",\"position\":2,\"name\":\"Los Llanos de Aridane impulsa la remodelaci\u00f3n del Mercado Municipal\"}]},{\"@type\":\"WebSite\",\"@id\":\"https:\/\/www.aridane.org\/city\/#website\",\"url\":\"https:\/\/www.aridane.org\/city\/\",\"name\":\"Ayuntamiento de Los Llanos de Aridane\",\"description\":\"\",\"potentialAction\":[{\"@type\":\"SearchAction\",\"target\":{\"@type\":\"EntryPoint\",\"urlTemplate\":\"https:\/\/www.aridane.org\/city\/?s={search_term_string}\"},\"query-input\":\"required name=search_term_string\"}],\"inLanguage\":\"es\"},{\"@type\":\"Person\",\"@id\":\"https:\/\/www.aridane.org\/city\/#\/schema\/person\/89ebd376b223dc94cc1dbcf200c8e6da\",\"name\":\"Corresponsal\",\"image\":{\"@type\":\"ImageObject\",\"inLanguage\":\"es\",\"@id\":\"https:\/\/www.aridane.org\/city\/#\/schema\/person\/image\/\",\"url\":\"https:\/\/secure.gravatar.com\/avatar\/1c476992411e4ccf153da63b2b2f5ea0bb4cb1c85f3ceab8512f04325ad5579c?s=96&d=mm&r=g\",\"contentUrl\":\"https:\/\/secure.gravatar.com\/avatar\/1c476992411e4ccf153da63b2b2f5ea0bb4cb1c85f3ceab8512f04325ad5579c?s=96&d=mm&r=g\",\"caption\":\"Corresponsal\"},\"url\":\"https:\/\/www.aridane.org\/city\/author\/corresponsal\/\"}]}<\/script>\n<!-- \/ Yoast SEO plugin. -->","yoast_head_json":{"title":"Los Llanos de Aridane impulsa la remodelaci\u00f3n del Mercado Municipal - Ayuntamiento de Los Llanos de Aridane","robots":{"index":"index","follow":"follow","max-snippet":"max-snippet:-1","max-image-preview":"max-image-preview:large","max-video-preview":"max-video-preview:-1"},"canonical":"https:\/\/www.aridane.org\/city\/2024\/07\/22\/los-llanos-de-aridane-impulsa-la-remodelacion-del-mercado-municipal\/","og_locale":"es_ES","og_type":"article","og_title":"Los Llanos de Aridane impulsa la remodelaci\u00f3n del Mercado Municipal - Ayuntamiento de Los Llanos de Aridane","og_description":"La licitaci\u00f3n de la primera fase del Mercado Municipal estar\u00e1 abierta hasta el 16 de agosto y cuenta con un presupuesto base de 2,12 millones de euros","og_url":"https:\/\/www.aridane.org\/city\/2024\/07\/22\/los-llanos-de-aridane-impulsa-la-remodelacion-del-mercado-municipal\/","og_site_name":"Ayuntamiento de Los Llanos de Aridane","article_published_time":"2024-07-22T13:45:14+00:00","og_image":[{"width":2048,"height":1536,"url":"https:\/\/www.aridane.org\/city\/wp-content\/uploads\/2024\/07\/Mercado-Municipal-1.jpeg","type":"image\/jpeg"}],"author":"Corresponsal","twitter_card":"summary_large_image","twitter_misc":{"Escrito por":"Corresponsal","Tiempo de lectura":"2 minutos"},"schema":{"@context":"https:\/\/schema.org","@graph":[{"@type":"WebPage","@id":"https:\/\/www.aridane.org\/city\/2024\/07\/22\/los-llanos-de-aridane-impulsa-la-remodelacion-del-mercado-municipal\/","url":"https:\/\/www.aridane.org\/city\/2024\/07\/22\/los-llanos-de-aridane-impulsa-la-remodelacion-del-mercado-municipal\/","name":"Los Llanos de Aridane impulsa la remodelaci\u00f3n del Mercado Municipal - Ayuntamiento de Los Llanos de Aridane","isPartOf":{"@id":"https:\/\/www.aridane.org\/city\/#website"},"primaryImageOfPage":{"@id":"https:\/\/www.aridane.org\/city\/2024\/07\/22\/los-llanos-de-aridane-impulsa-la-remodelacion-del-mercado-municipal\/#primaryimage"},"image":{"@id":"https:\/\/www.aridane.org\/city\/2024\/07\/22\/los-llanos-de-aridane-impulsa-la-remodelacion-del-mercado-municipal\/#primaryimage"},"thumbnailUrl":"https:\/\/www.aridane.org\/city\/wp-content\/uploads\/2024\/07\/Mercado-Municipal-1.jpeg","datePublished":"2024-07-22T13:45:14+00:00","dateModified":"2024-07-22T13:45:14+00:00","author":{"@id":"https:\/\/www.aridane.org\/city\/#\/schema\/person\/89ebd376b223dc94cc1dbcf200c8e6da"},"breadcrumb":{"@id":"https:\/\/www.aridane.org\/city\/2024\/07\/22\/los-llanos-de-aridane-impulsa-la-remodelacion-del-mercado-municipal\/#breadcrumb"},"inLanguage":"es","potentialAction":[{"@type":"ReadAction","target":["https:\/\/www.aridane.org\/city\/2024\/07\/22\/los-llanos-de-aridane-impulsa-la-remodelacion-del-mercado-municipal\/"]}]},{"@type":"ImageObject","inLanguage":"es","@id":"https:\/\/www.aridane.org\/city\/2024\/07\/22\/los-llanos-de-aridane-impulsa-la-remodelacion-del-mercado-municipal\/#primaryimage","url":"https:\/\/www.aridane.org\/city\/wp-content\/uploads\/2024\/07\/Mercado-Municipal-1.jpeg","contentUrl":"https:\/\/www.aridane.org\/city\/wp-content\/uploads\/2024\/07\/Mercado-Municipal-1.jpeg","width":2048,"height":1536},{"@type":"BreadcrumbList","@id":"https:\/\/www.aridane.org\/city\/2024\/07\/22\/los-llanos-de-aridane-impulsa-la-remodelacion-del-mercado-municipal\/#breadcrumb","itemListElement":[{"@type":"ListItem","position":1,"name":"Portada","item":"https:\/\/www.aridane.org\/city\/"},{"@type":"ListItem","position":2,"name":"Los Llanos de Aridane impulsa la remodelaci\u00f3n del Mercado Municipal"}]},{"@type":"WebSite","@id":"https:\/\/www.aridane.org\/city\/#website","url":"https:\/\/www.aridane.org\/city\/","name":"Ayuntamiento de Los Llanos de Aridane","description":"","potentialAction":[{"@type":"SearchAction","target":{"@type":"EntryPoint","urlTemplate":"https:\/\/www.aridane.org\/city\/?s={search_term_string}"},"query-input":"required name=search_term_string"}],"inLanguage":"es"},{"@type":"Person","@id":"https:\/\/www.aridane.org\/city\/#\/schema\/person\/89ebd376b223dc94cc1dbcf200c8e6da","name":"Corresponsal","image":{"@type":"ImageObject","inLanguage":"es","@id":"https:\/\/www.aridane.org\/city\/#\/schema\/person\/image\/","url":"https:\/\/secure.gravatar.com\/avatar\/1c476992411e4ccf153da63b2b2f5ea0bb4cb1c85f3ceab8512f04325ad5579c?s=96&d=mm&r=g","contentUrl":"https:\/\/secure.gravatar.com\/avatar\/1c476992411e4ccf153da63b2b2f5ea0bb4cb1c85f3ceab8512f04325ad5579c?s=96&d=mm&r=g","caption":"Corresponsal"},"url":"https:\/\/www.aridane.org\/city\/author\/corresponsal\/"}]}},"_links":{"self":[{"href":"https:\/\/www.aridane.org\/city\/wp-json\/wp\/v2\/posts\/3939","targetHints":{"allow":["GET"]}}],"collection":[{"href":"https:\/\/www.aridane.org\/city\/wp-json\/wp\/v2\/posts"}],"about":[{"href":"https:\/\/www.aridane.org\/city\/wp-json\/wp\/v2\/types\/post"}],"author":[{"embeddable":true,"href":"https:\/\/www.aridane.org\/city\/wp-json\/wp\/v2\/users\/4"}],"replies":[{"embeddable":true,"href":"https:\/\/www.aridane.org\/city\/wp-json\/wp\/v2\/comments?post=3939"}],"version-history":[{"count":1,"href":"https:\/\/www.aridane.org\/city\/wp-json\/wp\/v2\/posts\/3939\/revisions"}],"predecessor-version":[{"id":3941,"href":"https:\/\/www.aridane.org\/city\/wp-json\/wp\/v2\/posts\/3939\/revisions\/3941"}],"wp:featuredmedia":[{"embeddable":true,"href":"https:\/\/www.aridane.org\/city\/wp-json\/wp\/v2\/media\/3940"}],"wp:attachment":[{"href":"https:\/\/www.aridane.org\/city\/wp-json\/wp\/v2\/media?parent=3939"}],"wp:term":[{"taxonomy":"category","embeddable":true,"href":"https:\/\/www.aridane.org\/city\/wp-json\/wp\/v2\/categories?post=3939"},{"taxonomy":"post_tag","embeddable":true,"href":"https:\/\/www.aridane.org\/city\/wp-json\/wp\/v2\/tags?post=3939"}],"curies":[{"name":"wp","href":"https:\/\/api.w.org\/{rel}","templated":true}]}}