{"id":3948,"date":"2024-07-24T09:51:35","date_gmt":"2024-07-24T09:51:35","guid":{"rendered":"https:\/\/www.aridane.org\/city\/?p=3948"},"modified":"2024-07-24T09:51:35","modified_gmt":"2024-07-24T09:51:35","slug":"los-llanos-de-aridane-desarrolla-un-gran-parque-urbano-en-el-castillo-de-la-montana-de-tenisca","status":"publish","type":"post","link":"https:\/\/www.aridane.org\/city\/2024\/07\/24\/los-llanos-de-aridane-desarrolla-un-gran-parque-urbano-en-el-castillo-de-la-montana-de-tenisca\/","title":{"rendered":"Los Llanos de Aridane desarrolla un gran parque urbano en El Castillo de la Monta\u00f1a de Tenisca"},"content":{"rendered":"<p><i><span style=\"font-weight: 400;\">Desde el consistorio se busca potenciar este c\u00e9ntrico barrio para impulsar el desarrollo del municipio y de la isla<\/span><\/i><!--more--><\/p>\n<p><span style=\"font-weight: 400;\">El Ayuntamiento de Los Llanos de Aridane encarga la redacci\u00f3n del proyecto para la reactivaci\u00f3n socioecon\u00f3mica de la Monta\u00f1a de Tenisca, desarrollando un gran parque urbano en el entorno de El Castillo. El objetivo es transformar este barrio dot\u00e1ndolo de m\u00e1s zonas verdes y nuevos atractivos tur\u00edsticos.<\/span><\/p>\n<p><span style=\"font-weight: 400;\">La concejala de Infraestructuras, Virginia Santaella, explica que este proyecto busca ampliar la ciudad hacia el sur, con nuevos parques, zonas de descanso, instalaciones deportivas al aire libre, un mirador hacia el nuevo volc\u00e1n y las coladas, as\u00ed como un ascensor panor\u00e1mico.<\/span><\/p>\n<p><span style=\"font-weight: 400;\">\u201cSe trata de un proyecto muy ambicioso y sostenible medioambientalmente. Queremos mejorar el d\u00eda a d\u00eda de los vecinos y las vecinas que viven en la Monta\u00f1a de Tenisca y en Los Llanos de Aridane. El objetivo es dotar al barrio de nuevos atractivos, zonas verdes y lugares para que puedan disfrutar en familia dado que los espacios p\u00fablicos se quedan peque\u00f1os y son insuficientes\u201d, apunta la concejala, recordando que la redacci\u00f3n del proyecto cuenta con financiaci\u00f3n del Plan de Sostenibilidad Tur\u00edstica de Los Llanos de Aridane.<\/span><\/p>\n<p><span style=\"font-weight: 400;\">En este sentido, el alcalde Javier Llamas asegura que la Monta\u00f1a de Tenisca se convertir\u00e1 en el nuevo \u201cpulm\u00f3n verde\u201d de Los Llanos de Aridane. \u201cNecesitamos generar nuevos lugares de encuentro y convivencia. Y hacerlo desde un punto de vista sostenible, generando parques que nos ayuden a mejorar nuestra calidad del aire, combatir las altas temperaturas y, por supuesto, atractivos tur\u00edsticos asociados a este nuevo desarrollo\u201d, apunta.<\/span><\/p>\n<p><span style=\"font-weight: 400;\">Con todo, Llamas incide en la importancia de revitalizar la Monta\u00f1a de Tenisca, un barrio pr\u00f3ximo al centro de la ciudad y que merece de inversiones y proyectos para dinamizar la zona e impulsar el desarrollo del municipio.<\/span><\/p>\n","protected":false},"excerpt":{"rendered":"<p>Desde el consistorio se busca potenciar este c\u00e9ntrico barrio para impulsar el desarrollo del municipio y de la isla<\/p>\n","protected":false},"author":4,"featured_media":3949,"comment_status":"open","ping_status":"open","sticky":false,"template":"","format":"standard","meta":{"footnotes":""},"categories":[1],"tags":[],"class_list":["post-3948","post","type-post","status-publish","format-standard","has-post-thumbnail","hentry","category-sin-categoria"],"yoast_head":"<!-- This site is optimized with the Yoast SEO plugin v22.7 - https:\/\/yoast.com\/wordpress\/plugins\/seo\/ -->\n<title>Los Llanos de Aridane desarrolla un gran parque urbano en El Castillo de la Monta\u00f1a de Tenisca - Ayuntamiento de Los Llanos de Aridane<\/title>\n<meta name=\"robots\" content=\"index, follow, max-snippet:-1, max-image-preview:large, max-video-preview:-1\" \/>\n<link rel=\"canonical\" href=\"https:\/\/www.aridane.org\/city\/2024\/07\/24\/los-llanos-de-aridane-desarrolla-un-gran-parque-urbano-en-el-castillo-de-la-montana-de-tenisca\/\" \/>\n<meta property=\"og:locale\" content=\"es_ES\" \/>\n<meta property=\"og:type\" content=\"article\" \/>\n<meta property=\"og:title\" content=\"Los Llanos de Aridane desarrolla un gran parque urbano en El Castillo de la Monta\u00f1a de Tenisca - Ayuntamiento de Los Llanos de Aridane\" \/>\n<meta property=\"og:description\" content=\"Desde el consistorio se busca potenciar este c\u00e9ntrico barrio para impulsar el desarrollo del municipio y de la isla\" \/>\n<meta property=\"og:url\" content=\"https:\/\/www.aridane.org\/city\/2024\/07\/24\/los-llanos-de-aridane-desarrolla-un-gran-parque-urbano-en-el-castillo-de-la-montana-de-tenisca\/\" \/>\n<meta property=\"og:site_name\" content=\"Ayuntamiento de Los Llanos de Aridane\" \/>\n<meta property=\"article:published_time\" content=\"2024-07-24T09:51:35+00:00\" \/>\n<meta property=\"og:image\" content=\"https:\/\/www.aridane.org\/city\/wp-content\/uploads\/2024\/07\/MontanaTenisca-scaled.jpeg\" \/>\n\t<meta property=\"og:image:width\" content=\"2560\" \/>\n\t<meta property=\"og:image:height\" content=\"1920\" \/>\n\t<meta property=\"og:image:type\" content=\"image\/jpeg\" \/>\n<meta name=\"author\" content=\"Corresponsal\" \/>\n<meta name=\"twitter:card\" content=\"summary_large_image\" \/>\n<meta name=\"twitter:label1\" content=\"Escrito por\" \/>\n\t<meta name=\"twitter:data1\" content=\"Corresponsal\" \/>\n\t<meta name=\"twitter:label2\" content=\"Tiempo de lectura\" \/>\n\t<meta name=\"twitter:data2\" content=\"2 minutos\" \/>\n<script type=\"application\/ld+json\" class=\"yoast-schema-graph\">{\"@context\":\"https:\/\/schema.org\",\"@graph\":[{\"@type\":\"WebPage\",\"@id\":\"https:\/\/www.aridane.org\/city\/2024\/07\/24\/los-llanos-de-aridane-desarrolla-un-gran-parque-urbano-en-el-castillo-de-la-montana-de-tenisca\/\",\"url\":\"https:\/\/www.aridane.org\/city\/2024\/07\/24\/los-llanos-de-aridane-desarrolla-un-gran-parque-urbano-en-el-castillo-de-la-montana-de-tenisca\/\",\"name\":\"Los Llanos de Aridane desarrolla un gran parque urbano en El Castillo de la Monta\u00f1a de Tenisca - Ayuntamiento de Los Llanos de Aridane\",\"isPartOf\":{\"@id\":\"https:\/\/www.aridane.org\/city\/#website\"},\"primaryImageOfPage\":{\"@id\":\"https:\/\/www.aridane.org\/city\/2024\/07\/24\/los-llanos-de-aridane-desarrolla-un-gran-parque-urbano-en-el-castillo-de-la-montana-de-tenisca\/#primaryimage\"},\"image\":{\"@id\":\"https:\/\/www.aridane.org\/city\/2024\/07\/24\/los-llanos-de-aridane-desarrolla-un-gran-parque-urbano-en-el-castillo-de-la-montana-de-tenisca\/#primaryimage\"},\"thumbnailUrl\":\"https:\/\/www.aridane.org\/city\/wp-content\/uploads\/2024\/07\/MontanaTenisca-scaled.jpeg\",\"datePublished\":\"2024-07-24T09:51:35+00:00\",\"dateModified\":\"2024-07-24T09:51:35+00:00\",\"author\":{\"@id\":\"https:\/\/www.aridane.org\/city\/#\/schema\/person\/89ebd376b223dc94cc1dbcf200c8e6da\"},\"breadcrumb\":{\"@id\":\"https:\/\/www.aridane.org\/city\/2024\/07\/24\/los-llanos-de-aridane-desarrolla-un-gran-parque-urbano-en-el-castillo-de-la-montana-de-tenisca\/#breadcrumb\"},\"inLanguage\":\"es\",\"potentialAction\":[{\"@type\":\"ReadAction\",\"target\":[\"https:\/\/www.aridane.org\/city\/2024\/07\/24\/los-llanos-de-aridane-desarrolla-un-gran-parque-urbano-en-el-castillo-de-la-montana-de-tenisca\/\"]}]},{\"@type\":\"ImageObject\",\"inLanguage\":\"es\",\"@id\":\"https:\/\/www.aridane.org\/city\/2024\/07\/24\/los-llanos-de-aridane-desarrolla-un-gran-parque-urbano-en-el-castillo-de-la-montana-de-tenisca\/#primaryimage\",\"url\":\"https:\/\/www.aridane.org\/city\/wp-content\/uploads\/2024\/07\/MontanaTenisca-scaled.jpeg\",\"contentUrl\":\"https:\/\/www.aridane.org\/city\/wp-content\/uploads\/2024\/07\/MontanaTenisca-scaled.jpeg\",\"width\":2560,\"height\":1920},{\"@type\":\"BreadcrumbList\",\"@id\":\"https:\/\/www.aridane.org\/city\/2024\/07\/24\/los-llanos-de-aridane-desarrolla-un-gran-parque-urbano-en-el-castillo-de-la-montana-de-tenisca\/#breadcrumb\",\"itemListElement\":[{\"@type\":\"ListItem\",\"position\":1,\"name\":\"Portada\",\"item\":\"https:\/\/www.aridane.org\/city\/\"},{\"@type\":\"ListItem\",\"position\":2,\"name\":\"Los Llanos de Aridane desarrolla un gran parque urbano en El Castillo de la Monta\u00f1a de Tenisca\"}]},{\"@type\":\"WebSite\",\"@id\":\"https:\/\/www.aridane.org\/city\/#website\",\"url\":\"https:\/\/www.aridane.org\/city\/\",\"name\":\"Ayuntamiento de Los Llanos de Aridane\",\"description\":\"\",\"potentialAction\":[{\"@type\":\"SearchAction\",\"target\":{\"@type\":\"EntryPoint\",\"urlTemplate\":\"https:\/\/www.aridane.org\/city\/?s={search_term_string}\"},\"query-input\":\"required name=search_term_string\"}],\"inLanguage\":\"es\"},{\"@type\":\"Person\",\"@id\":\"https:\/\/www.aridane.org\/city\/#\/schema\/person\/89ebd376b223dc94cc1dbcf200c8e6da\",\"name\":\"Corresponsal\",\"image\":{\"@type\":\"ImageObject\",\"inLanguage\":\"es\",\"@id\":\"https:\/\/www.aridane.org\/city\/#\/schema\/person\/image\/\",\"url\":\"https:\/\/secure.gravatar.com\/avatar\/1c476992411e4ccf153da63b2b2f5ea0bb4cb1c85f3ceab8512f04325ad5579c?s=96&d=mm&r=g\",\"contentUrl\":\"https:\/\/secure.gravatar.com\/avatar\/1c476992411e4ccf153da63b2b2f5ea0bb4cb1c85f3ceab8512f04325ad5579c?s=96&d=mm&r=g\",\"caption\":\"Corresponsal\"},\"url\":\"https:\/\/www.aridane.org\/city\/author\/corresponsal\/\"}]}<\/script>\n<!-- \/ Yoast SEO plugin. -->","yoast_head_json":{"title":"Los Llanos de Aridane desarrolla un gran parque urbano en El Castillo de la Monta\u00f1a de Tenisca - Ayuntamiento de Los Llanos de Aridane","robots":{"index":"index","follow":"follow","max-snippet":"max-snippet:-1","max-image-preview":"max-image-preview:large","max-video-preview":"max-video-preview:-1"},"canonical":"https:\/\/www.aridane.org\/city\/2024\/07\/24\/los-llanos-de-aridane-desarrolla-un-gran-parque-urbano-en-el-castillo-de-la-montana-de-tenisca\/","og_locale":"es_ES","og_type":"article","og_title":"Los Llanos de Aridane desarrolla un gran parque urbano en El Castillo de la Monta\u00f1a de Tenisca - Ayuntamiento de Los Llanos de Aridane","og_description":"Desde el consistorio se busca potenciar este c\u00e9ntrico barrio para impulsar el desarrollo del municipio y de la isla","og_url":"https:\/\/www.aridane.org\/city\/2024\/07\/24\/los-llanos-de-aridane-desarrolla-un-gran-parque-urbano-en-el-castillo-de-la-montana-de-tenisca\/","og_site_name":"Ayuntamiento de Los Llanos de Aridane","article_published_time":"2024-07-24T09:51:35+00:00","og_image":[{"width":2560,"height":1920,"url":"https:\/\/www.aridane.org\/city\/wp-content\/uploads\/2024\/07\/MontanaTenisca-scaled.jpeg","type":"image\/jpeg"}],"author":"Corresponsal","twitter_card":"summary_large_image","twitter_misc":{"Escrito por":"Corresponsal","Tiempo de lectura":"2 minutos"},"schema":{"@context":"https:\/\/schema.org","@graph":[{"@type":"WebPage","@id":"https:\/\/www.aridane.org\/city\/2024\/07\/24\/los-llanos-de-aridane-desarrolla-un-gran-parque-urbano-en-el-castillo-de-la-montana-de-tenisca\/","url":"https:\/\/www.aridane.org\/city\/2024\/07\/24\/los-llanos-de-aridane-desarrolla-un-gran-parque-urbano-en-el-castillo-de-la-montana-de-tenisca\/","name":"Los Llanos de Aridane desarrolla un gran parque urbano en El Castillo de la Monta\u00f1a de Tenisca - Ayuntamiento de Los Llanos de Aridane","isPartOf":{"@id":"https:\/\/www.aridane.org\/city\/#website"},"primaryImageOfPage":{"@id":"https:\/\/www.aridane.org\/city\/2024\/07\/24\/los-llanos-de-aridane-desarrolla-un-gran-parque-urbano-en-el-castillo-de-la-montana-de-tenisca\/#primaryimage"},"image":{"@id":"https:\/\/www.aridane.org\/city\/2024\/07\/24\/los-llanos-de-aridane-desarrolla-un-gran-parque-urbano-en-el-castillo-de-la-montana-de-tenisca\/#primaryimage"},"thumbnailUrl":"https:\/\/www.aridane.org\/city\/wp-content\/uploads\/2024\/07\/MontanaTenisca-scaled.jpeg","datePublished":"2024-07-24T09:51:35+00:00","dateModified":"2024-07-24T09:51:35+00:00","author":{"@id":"https:\/\/www.aridane.org\/city\/#\/schema\/person\/89ebd376b223dc94cc1dbcf200c8e6da"},"breadcrumb":{"@id":"https:\/\/www.aridane.org\/city\/2024\/07\/24\/los-llanos-de-aridane-desarrolla-un-gran-parque-urbano-en-el-castillo-de-la-montana-de-tenisca\/#breadcrumb"},"inLanguage":"es","potentialAction":[{"@type":"ReadAction","target":["https:\/\/www.aridane.org\/city\/2024\/07\/24\/los-llanos-de-aridane-desarrolla-un-gran-parque-urbano-en-el-castillo-de-la-montana-de-tenisca\/"]}]},{"@type":"ImageObject","inLanguage":"es","@id":"https:\/\/www.aridane.org\/city\/2024\/07\/24\/los-llanos-de-aridane-desarrolla-un-gran-parque-urbano-en-el-castillo-de-la-montana-de-tenisca\/#primaryimage","url":"https:\/\/www.aridane.org\/city\/wp-content\/uploads\/2024\/07\/MontanaTenisca-scaled.jpeg","contentUrl":"https:\/\/www.aridane.org\/city\/wp-content\/uploads\/2024\/07\/MontanaTenisca-scaled.jpeg","width":2560,"height":1920},{"@type":"BreadcrumbList","@id":"https:\/\/www.aridane.org\/city\/2024\/07\/24\/los-llanos-de-aridane-desarrolla-un-gran-parque-urbano-en-el-castillo-de-la-montana-de-tenisca\/#breadcrumb","itemListElement":[{"@type":"ListItem","position":1,"name":"Portada","item":"https:\/\/www.aridane.org\/city\/"},{"@type":"ListItem","position":2,"name":"Los Llanos de Aridane desarrolla un gran parque urbano en El Castillo de la Monta\u00f1a de Tenisca"}]},{"@type":"WebSite","@id":"https:\/\/www.aridane.org\/city\/#website","url":"https:\/\/www.aridane.org\/city\/","name":"Ayuntamiento de Los Llanos de Aridane","description":"","potentialAction":[{"@type":"SearchAction","target":{"@type":"EntryPoint","urlTemplate":"https:\/\/www.aridane.org\/city\/?s={search_term_string}"},"query-input":"required name=search_term_string"}],"inLanguage":"es"},{"@type":"Person","@id":"https:\/\/www.aridane.org\/city\/#\/schema\/person\/89ebd376b223dc94cc1dbcf200c8e6da","name":"Corresponsal","image":{"@type":"ImageObject","inLanguage":"es","@id":"https:\/\/www.aridane.org\/city\/#\/schema\/person\/image\/","url":"https:\/\/secure.gravatar.com\/avatar\/1c476992411e4ccf153da63b2b2f5ea0bb4cb1c85f3ceab8512f04325ad5579c?s=96&d=mm&r=g","contentUrl":"https:\/\/secure.gravatar.com\/avatar\/1c476992411e4ccf153da63b2b2f5ea0bb4cb1c85f3ceab8512f04325ad5579c?s=96&d=mm&r=g","caption":"Corresponsal"},"url":"https:\/\/www.aridane.org\/city\/author\/corresponsal\/"}]}},"_links":{"self":[{"href":"https:\/\/www.aridane.org\/city\/wp-json\/wp\/v2\/posts\/3948","targetHints":{"allow":["GET"]}}],"collection":[{"href":"https:\/\/www.aridane.org\/city\/wp-json\/wp\/v2\/posts"}],"about":[{"href":"https:\/\/www.aridane.org\/city\/wp-json\/wp\/v2\/types\/post"}],"author":[{"embeddable":true,"href":"https:\/\/www.aridane.org\/city\/wp-json\/wp\/v2\/users\/4"}],"replies":[{"embeddable":true,"href":"https:\/\/www.aridane.org\/city\/wp-json\/wp\/v2\/comments?post=3948"}],"version-history":[{"count":1,"href":"https:\/\/www.aridane.org\/city\/wp-json\/wp\/v2\/posts\/3948\/revisions"}],"predecessor-version":[{"id":3950,"href":"https:\/\/www.aridane.org\/city\/wp-json\/wp\/v2\/posts\/3948\/revisions\/3950"}],"wp:featuredmedia":[{"embeddable":true,"href":"https:\/\/www.aridane.org\/city\/wp-json\/wp\/v2\/media\/3949"}],"wp:attachment":[{"href":"https:\/\/www.aridane.org\/city\/wp-json\/wp\/v2\/media?parent=3948"}],"wp:term":[{"taxonomy":"category","embeddable":true,"href":"https:\/\/www.aridane.org\/city\/wp-json\/wp\/v2\/categories?post=3948"},{"taxonomy":"post_tag","embeddable":true,"href":"https:\/\/www.aridane.org\/city\/wp-json\/wp\/v2\/tags?post=3948"}],"curies":[{"name":"wp","href":"https:\/\/api.w.org\/{rel}","templated":true}]}}