{"id":3951,"date":"2024-07-24T08:44:59","date_gmt":"2024-07-24T08:44:59","guid":{"rendered":"https:\/\/www.aridane.org\/city\/?p=3951"},"modified":"2024-07-24T13:47:38","modified_gmt":"2024-07-24T13:47:38","slug":"los-llanos-acoge-el-primer-campus-de-rugby-aridane","status":"publish","type":"post","link":"https:\/\/www.aridane.org\/city\/2024\/07\/24\/los-llanos-acoge-el-primer-campus-de-rugby-aridane\/","title":{"rendered":"Los Llanos acoge el primer Campus de Rugby Aridane"},"content":{"rendered":"<p><em>Del 6 al 10 de agosto, los ni\u00f1os y ni\u00f1as de entre 6 y 17 a\u00f1os podr\u00e1n acercarse a este deporte<\/em><br \/>\n<!--more--><\/p>\n<div id=\"v1forwardbody1\">\n<p>El Ayuntamiento de Los Llanos de Aridane acoge entre el 6 y el 10 de agosto el primer Campus de Rugby Aridane, que tendr\u00e1 lugar en el Estadio Municipal Acer\u00f3. Un evento para los ni\u00f1os y ni\u00f1as nacidos entre el 2007 y el 2018, que contar\u00e1 con la direcci\u00f3n de Mar\u00eda Orgaz y \u00c1ngela P\u00e9rez.<\/p>\n<p>El concejal de Deportes, V\u00edctor Gonz\u00e1lez, comenta que \u201ceste campus\u00a0 incluir\u00e1 juegos y ejercicios espec\u00edficos para fomentar el inter\u00e9s por el rugby, promoviendo valores como la tolerancia, el respeto y la solidaridad, muy presentes en el rugby, adem\u00e1s de acercar este bonito e hist\u00f3rico deporte a nuestros ni\u00f1os y ni\u00f1as\u201d. Gonz\u00e1lez tambi\u00e9n agradece a las directoras del campus su predisposici\u00f3n para colaborar en la celebraci\u00f3n de este evento.<\/p>\n<p>El campus se desarrollar\u00e1 en horario de 9:00 a 13:00, con sesiones ajustadas a las edades de los participantes. Los m\u00e1s peque\u00f1os, hasta 12 a\u00f1os, disfrutar\u00e1n de actividades de una hora, mientras que los mayores de 12 a\u00f1os tendr\u00e1n sesiones de dos horas.<\/p>\n<p>Los grupos podr\u00e1n ser de hasta 20 ni\u00f1os por taller, con un m\u00e1ximo de dos grupos para los m\u00e1s peque\u00f1os y uno para los mayores. La inscripci\u00f3n tiene un costo de 5 euros y puede realizarse enviando un correo a<\/p>\n<p><a href=\"mailto:campusrugbyaridane@gmail.com\" rel=\"noreferrer\">campusrugbyaridane@gmail.com<\/a>.<\/p>\n<\/div>\n","protected":false},"excerpt":{"rendered":"<p>Del 6 al 10 de agosto, los ni\u00f1os y ni\u00f1as de entre 6 y 17 a\u00f1os podr\u00e1n acercarse a este deporte<\/p>\n","protected":false},"author":4,"featured_media":3952,"comment_status":"open","ping_status":"open","sticky":false,"template":"","format":"standard","meta":{"footnotes":""},"categories":[1],"tags":[],"class_list":["post-3951","post","type-post","status-publish","format-standard","has-post-thumbnail","hentry","category-sin-categoria"],"yoast_head":"<!-- This site is optimized with the Yoast SEO plugin v22.7 - https:\/\/yoast.com\/wordpress\/plugins\/seo\/ -->\n<title>Los Llanos acoge el primer Campus de Rugby Aridane - Ayuntamiento de Los Llanos de Aridane<\/title>\n<meta name=\"robots\" content=\"index, follow, max-snippet:-1, max-image-preview:large, max-video-preview:-1\" \/>\n<link rel=\"canonical\" href=\"https:\/\/www.aridane.org\/city\/2024\/07\/24\/los-llanos-acoge-el-primer-campus-de-rugby-aridane\/\" \/>\n<meta property=\"og:locale\" content=\"es_ES\" \/>\n<meta property=\"og:type\" content=\"article\" \/>\n<meta property=\"og:title\" content=\"Los Llanos acoge el primer Campus de Rugby Aridane - Ayuntamiento de Los Llanos de Aridane\" \/>\n<meta property=\"og:description\" content=\"Del 6 al 10 de agosto, los ni\u00f1os y ni\u00f1as de entre 6 y 17 a\u00f1os podr\u00e1n acercarse a este deporte\" \/>\n<meta property=\"og:url\" content=\"https:\/\/www.aridane.org\/city\/2024\/07\/24\/los-llanos-acoge-el-primer-campus-de-rugby-aridane\/\" \/>\n<meta property=\"og:site_name\" content=\"Ayuntamiento de Los Llanos de Aridane\" \/>\n<meta property=\"article:published_time\" content=\"2024-07-24T08:44:59+00:00\" \/>\n<meta property=\"article:modified_time\" content=\"2024-07-24T13:47:38+00:00\" \/>\n<meta property=\"og:image\" content=\"https:\/\/www.aridane.org\/city\/wp-content\/uploads\/2024\/07\/7.jpg\" \/>\n\t<meta property=\"og:image:width\" content=\"1280\" \/>\n\t<meta property=\"og:image:height\" content=\"853\" \/>\n\t<meta property=\"og:image:type\" content=\"image\/jpeg\" \/>\n<meta name=\"author\" content=\"Corresponsal\" \/>\n<meta name=\"twitter:card\" content=\"summary_large_image\" \/>\n<meta name=\"twitter:label1\" content=\"Escrito por\" \/>\n\t<meta name=\"twitter:data1\" content=\"Corresponsal\" \/>\n\t<meta name=\"twitter:label2\" content=\"Tiempo de lectura\" \/>\n\t<meta name=\"twitter:data2\" content=\"2 minutos\" \/>\n<script type=\"application\/ld+json\" class=\"yoast-schema-graph\">{\"@context\":\"https:\/\/schema.org\",\"@graph\":[{\"@type\":\"WebPage\",\"@id\":\"https:\/\/www.aridane.org\/city\/2024\/07\/24\/los-llanos-acoge-el-primer-campus-de-rugby-aridane\/\",\"url\":\"https:\/\/www.aridane.org\/city\/2024\/07\/24\/los-llanos-acoge-el-primer-campus-de-rugby-aridane\/\",\"name\":\"Los Llanos acoge el primer Campus de Rugby Aridane - Ayuntamiento de Los Llanos de Aridane\",\"isPartOf\":{\"@id\":\"https:\/\/www.aridane.org\/city\/#website\"},\"primaryImageOfPage\":{\"@id\":\"https:\/\/www.aridane.org\/city\/2024\/07\/24\/los-llanos-acoge-el-primer-campus-de-rugby-aridane\/#primaryimage\"},\"image\":{\"@id\":\"https:\/\/www.aridane.org\/city\/2024\/07\/24\/los-llanos-acoge-el-primer-campus-de-rugby-aridane\/#primaryimage\"},\"thumbnailUrl\":\"https:\/\/www.aridane.org\/city\/wp-content\/uploads\/2024\/07\/7.jpg\",\"datePublished\":\"2024-07-24T08:44:59+00:00\",\"dateModified\":\"2024-07-24T13:47:38+00:00\",\"author\":{\"@id\":\"https:\/\/www.aridane.org\/city\/#\/schema\/person\/89ebd376b223dc94cc1dbcf200c8e6da\"},\"breadcrumb\":{\"@id\":\"https:\/\/www.aridane.org\/city\/2024\/07\/24\/los-llanos-acoge-el-primer-campus-de-rugby-aridane\/#breadcrumb\"},\"inLanguage\":\"es\",\"potentialAction\":[{\"@type\":\"ReadAction\",\"target\":[\"https:\/\/www.aridane.org\/city\/2024\/07\/24\/los-llanos-acoge-el-primer-campus-de-rugby-aridane\/\"]}]},{\"@type\":\"ImageObject\",\"inLanguage\":\"es\",\"@id\":\"https:\/\/www.aridane.org\/city\/2024\/07\/24\/los-llanos-acoge-el-primer-campus-de-rugby-aridane\/#primaryimage\",\"url\":\"https:\/\/www.aridane.org\/city\/wp-content\/uploads\/2024\/07\/7.jpg\",\"contentUrl\":\"https:\/\/www.aridane.org\/city\/wp-content\/uploads\/2024\/07\/7.jpg\",\"width\":1280,\"height\":853},{\"@type\":\"BreadcrumbList\",\"@id\":\"https:\/\/www.aridane.org\/city\/2024\/07\/24\/los-llanos-acoge-el-primer-campus-de-rugby-aridane\/#breadcrumb\",\"itemListElement\":[{\"@type\":\"ListItem\",\"position\":1,\"name\":\"Portada\",\"item\":\"https:\/\/www.aridane.org\/city\/\"},{\"@type\":\"ListItem\",\"position\":2,\"name\":\"Los Llanos acoge el primer Campus de Rugby Aridane\"}]},{\"@type\":\"WebSite\",\"@id\":\"https:\/\/www.aridane.org\/city\/#website\",\"url\":\"https:\/\/www.aridane.org\/city\/\",\"name\":\"Ayuntamiento de Los Llanos de Aridane\",\"description\":\"\",\"potentialAction\":[{\"@type\":\"SearchAction\",\"target\":{\"@type\":\"EntryPoint\",\"urlTemplate\":\"https:\/\/www.aridane.org\/city\/?s={search_term_string}\"},\"query-input\":\"required name=search_term_string\"}],\"inLanguage\":\"es\"},{\"@type\":\"Person\",\"@id\":\"https:\/\/www.aridane.org\/city\/#\/schema\/person\/89ebd376b223dc94cc1dbcf200c8e6da\",\"name\":\"Corresponsal\",\"image\":{\"@type\":\"ImageObject\",\"inLanguage\":\"es\",\"@id\":\"https:\/\/www.aridane.org\/city\/#\/schema\/person\/image\/\",\"url\":\"https:\/\/secure.gravatar.com\/avatar\/1c476992411e4ccf153da63b2b2f5ea0bb4cb1c85f3ceab8512f04325ad5579c?s=96&d=mm&r=g\",\"contentUrl\":\"https:\/\/secure.gravatar.com\/avatar\/1c476992411e4ccf153da63b2b2f5ea0bb4cb1c85f3ceab8512f04325ad5579c?s=96&d=mm&r=g\",\"caption\":\"Corresponsal\"},\"url\":\"https:\/\/www.aridane.org\/city\/author\/corresponsal\/\"}]}<\/script>\n<!-- \/ Yoast SEO plugin. -->","yoast_head_json":{"title":"Los Llanos acoge el primer Campus de Rugby Aridane - Ayuntamiento de Los Llanos de Aridane","robots":{"index":"index","follow":"follow","max-snippet":"max-snippet:-1","max-image-preview":"max-image-preview:large","max-video-preview":"max-video-preview:-1"},"canonical":"https:\/\/www.aridane.org\/city\/2024\/07\/24\/los-llanos-acoge-el-primer-campus-de-rugby-aridane\/","og_locale":"es_ES","og_type":"article","og_title":"Los Llanos acoge el primer Campus de Rugby Aridane - Ayuntamiento de Los Llanos de Aridane","og_description":"Del 6 al 10 de agosto, los ni\u00f1os y ni\u00f1as de entre 6 y 17 a\u00f1os podr\u00e1n acercarse a este deporte","og_url":"https:\/\/www.aridane.org\/city\/2024\/07\/24\/los-llanos-acoge-el-primer-campus-de-rugby-aridane\/","og_site_name":"Ayuntamiento de Los Llanos de Aridane","article_published_time":"2024-07-24T08:44:59+00:00","article_modified_time":"2024-07-24T13:47:38+00:00","og_image":[{"width":1280,"height":853,"url":"https:\/\/www.aridane.org\/city\/wp-content\/uploads\/2024\/07\/7.jpg","type":"image\/jpeg"}],"author":"Corresponsal","twitter_card":"summary_large_image","twitter_misc":{"Escrito por":"Corresponsal","Tiempo de lectura":"2 minutos"},"schema":{"@context":"https:\/\/schema.org","@graph":[{"@type":"WebPage","@id":"https:\/\/www.aridane.org\/city\/2024\/07\/24\/los-llanos-acoge-el-primer-campus-de-rugby-aridane\/","url":"https:\/\/www.aridane.org\/city\/2024\/07\/24\/los-llanos-acoge-el-primer-campus-de-rugby-aridane\/","name":"Los Llanos acoge el primer Campus de Rugby Aridane - Ayuntamiento de Los Llanos de Aridane","isPartOf":{"@id":"https:\/\/www.aridane.org\/city\/#website"},"primaryImageOfPage":{"@id":"https:\/\/www.aridane.org\/city\/2024\/07\/24\/los-llanos-acoge-el-primer-campus-de-rugby-aridane\/#primaryimage"},"image":{"@id":"https:\/\/www.aridane.org\/city\/2024\/07\/24\/los-llanos-acoge-el-primer-campus-de-rugby-aridane\/#primaryimage"},"thumbnailUrl":"https:\/\/www.aridane.org\/city\/wp-content\/uploads\/2024\/07\/7.jpg","datePublished":"2024-07-24T08:44:59+00:00","dateModified":"2024-07-24T13:47:38+00:00","author":{"@id":"https:\/\/www.aridane.org\/city\/#\/schema\/person\/89ebd376b223dc94cc1dbcf200c8e6da"},"breadcrumb":{"@id":"https:\/\/www.aridane.org\/city\/2024\/07\/24\/los-llanos-acoge-el-primer-campus-de-rugby-aridane\/#breadcrumb"},"inLanguage":"es","potentialAction":[{"@type":"ReadAction","target":["https:\/\/www.aridane.org\/city\/2024\/07\/24\/los-llanos-acoge-el-primer-campus-de-rugby-aridane\/"]}]},{"@type":"ImageObject","inLanguage":"es","@id":"https:\/\/www.aridane.org\/city\/2024\/07\/24\/los-llanos-acoge-el-primer-campus-de-rugby-aridane\/#primaryimage","url":"https:\/\/www.aridane.org\/city\/wp-content\/uploads\/2024\/07\/7.jpg","contentUrl":"https:\/\/www.aridane.org\/city\/wp-content\/uploads\/2024\/07\/7.jpg","width":1280,"height":853},{"@type":"BreadcrumbList","@id":"https:\/\/www.aridane.org\/city\/2024\/07\/24\/los-llanos-acoge-el-primer-campus-de-rugby-aridane\/#breadcrumb","itemListElement":[{"@type":"ListItem","position":1,"name":"Portada","item":"https:\/\/www.aridane.org\/city\/"},{"@type":"ListItem","position":2,"name":"Los Llanos acoge el primer Campus de Rugby Aridane"}]},{"@type":"WebSite","@id":"https:\/\/www.aridane.org\/city\/#website","url":"https:\/\/www.aridane.org\/city\/","name":"Ayuntamiento de Los Llanos de Aridane","description":"","potentialAction":[{"@type":"SearchAction","target":{"@type":"EntryPoint","urlTemplate":"https:\/\/www.aridane.org\/city\/?s={search_term_string}"},"query-input":"required name=search_term_string"}],"inLanguage":"es"},{"@type":"Person","@id":"https:\/\/www.aridane.org\/city\/#\/schema\/person\/89ebd376b223dc94cc1dbcf200c8e6da","name":"Corresponsal","image":{"@type":"ImageObject","inLanguage":"es","@id":"https:\/\/www.aridane.org\/city\/#\/schema\/person\/image\/","url":"https:\/\/secure.gravatar.com\/avatar\/1c476992411e4ccf153da63b2b2f5ea0bb4cb1c85f3ceab8512f04325ad5579c?s=96&d=mm&r=g","contentUrl":"https:\/\/secure.gravatar.com\/avatar\/1c476992411e4ccf153da63b2b2f5ea0bb4cb1c85f3ceab8512f04325ad5579c?s=96&d=mm&r=g","caption":"Corresponsal"},"url":"https:\/\/www.aridane.org\/city\/author\/corresponsal\/"}]}},"_links":{"self":[{"href":"https:\/\/www.aridane.org\/city\/wp-json\/wp\/v2\/posts\/3951","targetHints":{"allow":["GET"]}}],"collection":[{"href":"https:\/\/www.aridane.org\/city\/wp-json\/wp\/v2\/posts"}],"about":[{"href":"https:\/\/www.aridane.org\/city\/wp-json\/wp\/v2\/types\/post"}],"author":[{"embeddable":true,"href":"https:\/\/www.aridane.org\/city\/wp-json\/wp\/v2\/users\/4"}],"replies":[{"embeddable":true,"href":"https:\/\/www.aridane.org\/city\/wp-json\/wp\/v2\/comments?post=3951"}],"version-history":[{"count":1,"href":"https:\/\/www.aridane.org\/city\/wp-json\/wp\/v2\/posts\/3951\/revisions"}],"predecessor-version":[{"id":3953,"href":"https:\/\/www.aridane.org\/city\/wp-json\/wp\/v2\/posts\/3951\/revisions\/3953"}],"wp:featuredmedia":[{"embeddable":true,"href":"https:\/\/www.aridane.org\/city\/wp-json\/wp\/v2\/media\/3952"}],"wp:attachment":[{"href":"https:\/\/www.aridane.org\/city\/wp-json\/wp\/v2\/media?parent=3951"}],"wp:term":[{"taxonomy":"category","embeddable":true,"href":"https:\/\/www.aridane.org\/city\/wp-json\/wp\/v2\/categories?post=3951"},{"taxonomy":"post_tag","embeddable":true,"href":"https:\/\/www.aridane.org\/city\/wp-json\/wp\/v2\/tags?post=3951"}],"curies":[{"name":"wp","href":"https:\/\/api.w.org\/{rel}","templated":true}]}}