{"id":3954,"date":"2024-07-27T07:30:01","date_gmt":"2024-07-27T07:30:01","guid":{"rendered":"https:\/\/www.aridane.org\/city\/?p=3954"},"modified":"2024-07-27T07:30:01","modified_gmt":"2024-07-27T07:30:01","slug":"el-ayuntamiento-retira-40-metros-cubicos-de-residuos-en-puerto-naos-la-majada-y-triana","status":"publish","type":"post","link":"https:\/\/www.aridane.org\/city\/2024\/07\/27\/el-ayuntamiento-retira-40-metros-cubicos-de-residuos-en-puerto-naos-la-majada-y-triana\/","title":{"rendered":"El Ayuntamiento retira 40 metros c\u00fabicos de residuos en Puerto Naos, la Majada y Triana"},"content":{"rendered":"<p><em>La colaboraci\u00f3n ciudadana es clave para hacer de Los Llanos de Aridane un municipio m\u00e1s limpio<\/em><br \/>\n<!--more--><\/p>\n<div id=\"v1forwardbody1\">\n<p>El Ayuntamiento de Los Llanos de Aridane retira 40 metros c\u00fabicos de residuos incontrolados en Puerto Naos, la Majada y Triana. En paralelo, se toma acci\u00f3n para prevenir y controlar estos espacios, protegiendo el entorno, el medio ambiente y la salud p\u00fablica.<\/p>\n<p>El concejal de Servicios Municipales, Rubens D\u00edaz, asegura que desde el Ayuntamiento han estado monitorizando espacios \u201cen los que la gesti\u00f3n de los residuos es inadecuada para tomar acci\u00f3n y contar con un municipio m\u00e1s c\u00edvico y limpio\u201d.<\/p>\n<p>En paralelo, agradece al personal del \u00c1rea el trabajo desarrollado en los \u00faltimos meses para detectar y retirar residuos.<\/p>\n<p>\u201cEs responsabilidad de todos tener un municipio m\u00e1s limpio\u201d, apunta el concejal. \u201cLa colaboraci\u00f3n ciudadana y el cumplimiento de las ordenanzas municipales contribuyen a prevenir da\u00f1os en nuestro entorno\u201d, a\u00f1ade.<\/p>\n<h2><strong>Campa\u00f1a en Puerto Naos<\/strong><\/h2>\n<p>En este sentido, y con la finalidad de facilitar la gesti\u00f3n de residuos a la ciudadan\u00eda en barrios como Puerto Naos, que poco a poco vuelven a la normalidad tras el volc\u00e1n, desde el Ayuntamiento han facilitado servicios de recogida para enseres y voluminosos no peligrosos.<\/p>\n<p>Desde el d\u00eda 4 de junio que se inici\u00f3 este servicio, ya se han llevado a cabo seis recogidas.<\/p>\n<p>En total, el Ayuntamiento ha recaudado m\u00e1s de 50 solicitudes de las cuales se han recogido aproximadamente 60 metros c\u00fabicos de voluminosos como maderas, pl\u00e1sticos y telas. Asimismo, se han retirado 20 metros c\u00fabicos de metales, 30 metros c\u00fabicos de electrodom\u00e9sticos y 1 metro c\u00fabico de escombros.<\/p>\n<p>El \u00c1rea de Servicios Municipales sigue coordinando con los vecinos y las vecinas estas recogidas de enseres. Las personas interesadas en este servicio deben contactar con el servicio de recogida mediante el correo arealimpieza@outlook.com. Recordar que no se recoger\u00e1n residuos peligrosos, como amiantos o pinturas.<\/p>\n<\/div>\n","protected":false},"excerpt":{"rendered":"<p>La colaboraci\u00f3n ciudadana es clave para hacer de Los Llanos de Aridane un municipio m\u00e1s limpio<\/p>\n","protected":false},"author":4,"featured_media":3956,"comment_status":"open","ping_status":"open","sticky":false,"template":"","format":"standard","meta":{"footnotes":""},"categories":[1],"tags":[],"class_list":["post-3954","post","type-post","status-publish","format-standard","has-post-thumbnail","hentry","category-sin-categoria"],"yoast_head":"<!-- This site is optimized with the Yoast SEO plugin v22.7 - https:\/\/yoast.com\/wordpress\/plugins\/seo\/ -->\n<title>El Ayuntamiento retira 40 metros c\u00fabicos de residuos en Puerto Naos, la Majada y Triana - Ayuntamiento de Los Llanos de Aridane<\/title>\n<meta name=\"robots\" content=\"index, follow, max-snippet:-1, max-image-preview:large, max-video-preview:-1\" \/>\n<link rel=\"canonical\" href=\"https:\/\/www.aridane.org\/city\/2024\/07\/27\/el-ayuntamiento-retira-40-metros-cubicos-de-residuos-en-puerto-naos-la-majada-y-triana\/\" \/>\n<meta property=\"og:locale\" content=\"es_ES\" \/>\n<meta property=\"og:type\" content=\"article\" \/>\n<meta property=\"og:title\" content=\"El Ayuntamiento retira 40 metros c\u00fabicos de residuos en Puerto Naos, la Majada y Triana - Ayuntamiento de Los Llanos de Aridane\" \/>\n<meta property=\"og:description\" content=\"La colaboraci\u00f3n ciudadana es clave para hacer de Los Llanos de Aridane un municipio m\u00e1s limpio\" \/>\n<meta property=\"og:url\" content=\"https:\/\/www.aridane.org\/city\/2024\/07\/27\/el-ayuntamiento-retira-40-metros-cubicos-de-residuos-en-puerto-naos-la-majada-y-triana\/\" \/>\n<meta property=\"og:site_name\" content=\"Ayuntamiento de Los Llanos de Aridane\" \/>\n<meta property=\"article:published_time\" content=\"2024-07-27T07:30:01+00:00\" \/>\n<meta property=\"og:image\" content=\"https:\/\/www.aridane.org\/city\/wp-content\/uploads\/2024\/07\/Limpieza-2.jpeg\" \/>\n\t<meta property=\"og:image:width\" content=\"1536\" \/>\n\t<meta property=\"og:image:height\" content=\"2048\" \/>\n\t<meta property=\"og:image:type\" content=\"image\/jpeg\" \/>\n<meta name=\"author\" content=\"Corresponsal\" \/>\n<meta name=\"twitter:card\" content=\"summary_large_image\" \/>\n<meta name=\"twitter:label1\" content=\"Escrito por\" \/>\n\t<meta name=\"twitter:data1\" content=\"Corresponsal\" \/>\n\t<meta name=\"twitter:label2\" content=\"Tiempo de lectura\" \/>\n\t<meta name=\"twitter:data2\" content=\"2 minutos\" \/>\n<script type=\"application\/ld+json\" class=\"yoast-schema-graph\">{\"@context\":\"https:\/\/schema.org\",\"@graph\":[{\"@type\":\"WebPage\",\"@id\":\"https:\/\/www.aridane.org\/city\/2024\/07\/27\/el-ayuntamiento-retira-40-metros-cubicos-de-residuos-en-puerto-naos-la-majada-y-triana\/\",\"url\":\"https:\/\/www.aridane.org\/city\/2024\/07\/27\/el-ayuntamiento-retira-40-metros-cubicos-de-residuos-en-puerto-naos-la-majada-y-triana\/\",\"name\":\"El Ayuntamiento retira 40 metros c\u00fabicos de residuos en Puerto Naos, la Majada y Triana - Ayuntamiento de Los Llanos de Aridane\",\"isPartOf\":{\"@id\":\"https:\/\/www.aridane.org\/city\/#website\"},\"primaryImageOfPage\":{\"@id\":\"https:\/\/www.aridane.org\/city\/2024\/07\/27\/el-ayuntamiento-retira-40-metros-cubicos-de-residuos-en-puerto-naos-la-majada-y-triana\/#primaryimage\"},\"image\":{\"@id\":\"https:\/\/www.aridane.org\/city\/2024\/07\/27\/el-ayuntamiento-retira-40-metros-cubicos-de-residuos-en-puerto-naos-la-majada-y-triana\/#primaryimage\"},\"thumbnailUrl\":\"https:\/\/www.aridane.org\/city\/wp-content\/uploads\/2024\/07\/Limpieza-2.jpeg\",\"datePublished\":\"2024-07-27T07:30:01+00:00\",\"dateModified\":\"2024-07-27T07:30:01+00:00\",\"author\":{\"@id\":\"https:\/\/www.aridane.org\/city\/#\/schema\/person\/89ebd376b223dc94cc1dbcf200c8e6da\"},\"breadcrumb\":{\"@id\":\"https:\/\/www.aridane.org\/city\/2024\/07\/27\/el-ayuntamiento-retira-40-metros-cubicos-de-residuos-en-puerto-naos-la-majada-y-triana\/#breadcrumb\"},\"inLanguage\":\"es\",\"potentialAction\":[{\"@type\":\"ReadAction\",\"target\":[\"https:\/\/www.aridane.org\/city\/2024\/07\/27\/el-ayuntamiento-retira-40-metros-cubicos-de-residuos-en-puerto-naos-la-majada-y-triana\/\"]}]},{\"@type\":\"ImageObject\",\"inLanguage\":\"es\",\"@id\":\"https:\/\/www.aridane.org\/city\/2024\/07\/27\/el-ayuntamiento-retira-40-metros-cubicos-de-residuos-en-puerto-naos-la-majada-y-triana\/#primaryimage\",\"url\":\"https:\/\/www.aridane.org\/city\/wp-content\/uploads\/2024\/07\/Limpieza-2.jpeg\",\"contentUrl\":\"https:\/\/www.aridane.org\/city\/wp-content\/uploads\/2024\/07\/Limpieza-2.jpeg\",\"width\":1536,\"height\":2048},{\"@type\":\"BreadcrumbList\",\"@id\":\"https:\/\/www.aridane.org\/city\/2024\/07\/27\/el-ayuntamiento-retira-40-metros-cubicos-de-residuos-en-puerto-naos-la-majada-y-triana\/#breadcrumb\",\"itemListElement\":[{\"@type\":\"ListItem\",\"position\":1,\"name\":\"Portada\",\"item\":\"https:\/\/www.aridane.org\/city\/\"},{\"@type\":\"ListItem\",\"position\":2,\"name\":\"El Ayuntamiento retira 40 metros c\u00fabicos de residuos en Puerto Naos, la Majada y Triana\"}]},{\"@type\":\"WebSite\",\"@id\":\"https:\/\/www.aridane.org\/city\/#website\",\"url\":\"https:\/\/www.aridane.org\/city\/\",\"name\":\"Ayuntamiento de Los Llanos de Aridane\",\"description\":\"\",\"potentialAction\":[{\"@type\":\"SearchAction\",\"target\":{\"@type\":\"EntryPoint\",\"urlTemplate\":\"https:\/\/www.aridane.org\/city\/?s={search_term_string}\"},\"query-input\":\"required name=search_term_string\"}],\"inLanguage\":\"es\"},{\"@type\":\"Person\",\"@id\":\"https:\/\/www.aridane.org\/city\/#\/schema\/person\/89ebd376b223dc94cc1dbcf200c8e6da\",\"name\":\"Corresponsal\",\"image\":{\"@type\":\"ImageObject\",\"inLanguage\":\"es\",\"@id\":\"https:\/\/www.aridane.org\/city\/#\/schema\/person\/image\/\",\"url\":\"https:\/\/secure.gravatar.com\/avatar\/1c476992411e4ccf153da63b2b2f5ea0bb4cb1c85f3ceab8512f04325ad5579c?s=96&d=mm&r=g\",\"contentUrl\":\"https:\/\/secure.gravatar.com\/avatar\/1c476992411e4ccf153da63b2b2f5ea0bb4cb1c85f3ceab8512f04325ad5579c?s=96&d=mm&r=g\",\"caption\":\"Corresponsal\"},\"url\":\"https:\/\/www.aridane.org\/city\/author\/corresponsal\/\"}]}<\/script>\n<!-- \/ Yoast SEO plugin. -->","yoast_head_json":{"title":"El Ayuntamiento retira 40 metros c\u00fabicos de residuos en Puerto Naos, la Majada y Triana - Ayuntamiento de Los Llanos de Aridane","robots":{"index":"index","follow":"follow","max-snippet":"max-snippet:-1","max-image-preview":"max-image-preview:large","max-video-preview":"max-video-preview:-1"},"canonical":"https:\/\/www.aridane.org\/city\/2024\/07\/27\/el-ayuntamiento-retira-40-metros-cubicos-de-residuos-en-puerto-naos-la-majada-y-triana\/","og_locale":"es_ES","og_type":"article","og_title":"El Ayuntamiento retira 40 metros c\u00fabicos de residuos en Puerto Naos, la Majada y Triana - Ayuntamiento de Los Llanos de Aridane","og_description":"La colaboraci\u00f3n ciudadana es clave para hacer de Los Llanos de Aridane un municipio m\u00e1s limpio","og_url":"https:\/\/www.aridane.org\/city\/2024\/07\/27\/el-ayuntamiento-retira-40-metros-cubicos-de-residuos-en-puerto-naos-la-majada-y-triana\/","og_site_name":"Ayuntamiento de Los Llanos de Aridane","article_published_time":"2024-07-27T07:30:01+00:00","og_image":[{"width":1536,"height":2048,"url":"https:\/\/www.aridane.org\/city\/wp-content\/uploads\/2024\/07\/Limpieza-2.jpeg","type":"image\/jpeg"}],"author":"Corresponsal","twitter_card":"summary_large_image","twitter_misc":{"Escrito por":"Corresponsal","Tiempo de lectura":"2 minutos"},"schema":{"@context":"https:\/\/schema.org","@graph":[{"@type":"WebPage","@id":"https:\/\/www.aridane.org\/city\/2024\/07\/27\/el-ayuntamiento-retira-40-metros-cubicos-de-residuos-en-puerto-naos-la-majada-y-triana\/","url":"https:\/\/www.aridane.org\/city\/2024\/07\/27\/el-ayuntamiento-retira-40-metros-cubicos-de-residuos-en-puerto-naos-la-majada-y-triana\/","name":"El Ayuntamiento retira 40 metros c\u00fabicos de residuos en Puerto Naos, la Majada y Triana - Ayuntamiento de Los Llanos de Aridane","isPartOf":{"@id":"https:\/\/www.aridane.org\/city\/#website"},"primaryImageOfPage":{"@id":"https:\/\/www.aridane.org\/city\/2024\/07\/27\/el-ayuntamiento-retira-40-metros-cubicos-de-residuos-en-puerto-naos-la-majada-y-triana\/#primaryimage"},"image":{"@id":"https:\/\/www.aridane.org\/city\/2024\/07\/27\/el-ayuntamiento-retira-40-metros-cubicos-de-residuos-en-puerto-naos-la-majada-y-triana\/#primaryimage"},"thumbnailUrl":"https:\/\/www.aridane.org\/city\/wp-content\/uploads\/2024\/07\/Limpieza-2.jpeg","datePublished":"2024-07-27T07:30:01+00:00","dateModified":"2024-07-27T07:30:01+00:00","author":{"@id":"https:\/\/www.aridane.org\/city\/#\/schema\/person\/89ebd376b223dc94cc1dbcf200c8e6da"},"breadcrumb":{"@id":"https:\/\/www.aridane.org\/city\/2024\/07\/27\/el-ayuntamiento-retira-40-metros-cubicos-de-residuos-en-puerto-naos-la-majada-y-triana\/#breadcrumb"},"inLanguage":"es","potentialAction":[{"@type":"ReadAction","target":["https:\/\/www.aridane.org\/city\/2024\/07\/27\/el-ayuntamiento-retira-40-metros-cubicos-de-residuos-en-puerto-naos-la-majada-y-triana\/"]}]},{"@type":"ImageObject","inLanguage":"es","@id":"https:\/\/www.aridane.org\/city\/2024\/07\/27\/el-ayuntamiento-retira-40-metros-cubicos-de-residuos-en-puerto-naos-la-majada-y-triana\/#primaryimage","url":"https:\/\/www.aridane.org\/city\/wp-content\/uploads\/2024\/07\/Limpieza-2.jpeg","contentUrl":"https:\/\/www.aridane.org\/city\/wp-content\/uploads\/2024\/07\/Limpieza-2.jpeg","width":1536,"height":2048},{"@type":"BreadcrumbList","@id":"https:\/\/www.aridane.org\/city\/2024\/07\/27\/el-ayuntamiento-retira-40-metros-cubicos-de-residuos-en-puerto-naos-la-majada-y-triana\/#breadcrumb","itemListElement":[{"@type":"ListItem","position":1,"name":"Portada","item":"https:\/\/www.aridane.org\/city\/"},{"@type":"ListItem","position":2,"name":"El Ayuntamiento retira 40 metros c\u00fabicos de residuos en Puerto Naos, la Majada y Triana"}]},{"@type":"WebSite","@id":"https:\/\/www.aridane.org\/city\/#website","url":"https:\/\/www.aridane.org\/city\/","name":"Ayuntamiento de Los Llanos de Aridane","description":"","potentialAction":[{"@type":"SearchAction","target":{"@type":"EntryPoint","urlTemplate":"https:\/\/www.aridane.org\/city\/?s={search_term_string}"},"query-input":"required name=search_term_string"}],"inLanguage":"es"},{"@type":"Person","@id":"https:\/\/www.aridane.org\/city\/#\/schema\/person\/89ebd376b223dc94cc1dbcf200c8e6da","name":"Corresponsal","image":{"@type":"ImageObject","inLanguage":"es","@id":"https:\/\/www.aridane.org\/city\/#\/schema\/person\/image\/","url":"https:\/\/secure.gravatar.com\/avatar\/1c476992411e4ccf153da63b2b2f5ea0bb4cb1c85f3ceab8512f04325ad5579c?s=96&d=mm&r=g","contentUrl":"https:\/\/secure.gravatar.com\/avatar\/1c476992411e4ccf153da63b2b2f5ea0bb4cb1c85f3ceab8512f04325ad5579c?s=96&d=mm&r=g","caption":"Corresponsal"},"url":"https:\/\/www.aridane.org\/city\/author\/corresponsal\/"}]}},"_links":{"self":[{"href":"https:\/\/www.aridane.org\/city\/wp-json\/wp\/v2\/posts\/3954","targetHints":{"allow":["GET"]}}],"collection":[{"href":"https:\/\/www.aridane.org\/city\/wp-json\/wp\/v2\/posts"}],"about":[{"href":"https:\/\/www.aridane.org\/city\/wp-json\/wp\/v2\/types\/post"}],"author":[{"embeddable":true,"href":"https:\/\/www.aridane.org\/city\/wp-json\/wp\/v2\/users\/4"}],"replies":[{"embeddable":true,"href":"https:\/\/www.aridane.org\/city\/wp-json\/wp\/v2\/comments?post=3954"}],"version-history":[{"count":1,"href":"https:\/\/www.aridane.org\/city\/wp-json\/wp\/v2\/posts\/3954\/revisions"}],"predecessor-version":[{"id":3957,"href":"https:\/\/www.aridane.org\/city\/wp-json\/wp\/v2\/posts\/3954\/revisions\/3957"}],"wp:featuredmedia":[{"embeddable":true,"href":"https:\/\/www.aridane.org\/city\/wp-json\/wp\/v2\/media\/3956"}],"wp:attachment":[{"href":"https:\/\/www.aridane.org\/city\/wp-json\/wp\/v2\/media?parent=3954"}],"wp:term":[{"taxonomy":"category","embeddable":true,"href":"https:\/\/www.aridane.org\/city\/wp-json\/wp\/v2\/categories?post=3954"},{"taxonomy":"post_tag","embeddable":true,"href":"https:\/\/www.aridane.org\/city\/wp-json\/wp\/v2\/tags?post=3954"}],"curies":[{"name":"wp","href":"https:\/\/api.w.org\/{rel}","templated":true}]}}