{"id":3959,"date":"2024-07-31T08:20:20","date_gmt":"2024-07-31T08:20:20","guid":{"rendered":"https:\/\/www.aridane.org\/city\/?p=3959"},"modified":"2024-08-01T11:20:59","modified_gmt":"2024-08-01T11:20:59","slug":"los-llanos-abre-el-plazo-de-prescripciones-para-sus-aulas-y-escuelas-municipales-2","status":"publish","type":"post","link":"https:\/\/www.aridane.org\/city\/2024\/07\/31\/los-llanos-abre-el-plazo-de-prescripciones-para-sus-aulas-y-escuelas-municipales-2\/","title":{"rendered":"Los Llanos abre el plazo de prescripciones para sus Aulas y Escuelas Municipales"},"content":{"rendered":"<h3><strong><em>Los interesados pueden inscribirse desde el 1 de Agosto hasta el 9 de Septiembre, inclusive.<\/em><\/strong><\/h3>\n<p>&nbsp;<\/p>\n<p style=\"text-align: justify;\"><strong>Los Llanos de Aridane, 1 de agosto del 2024.-<\/strong> El Ayuntamiento de Los Llanos de Aridane a trav\u00e9s de la concejal de Cultura, ha confirmado que ya est\u00e1 abierto el plazo para poder realizar las preinscripciones para las diferentes modalidades que se imparten en las Aulas y Escuelas Municipales para el curso 2024\/2025, que comenzar\u00e1n en el mes de octubre, y que se podr\u00e1 hacer a trav\u00e9s de la siguiente enlace web:<\/p>\n<p><a href=\"https:\/\/docs.google.com\/forms\/d\/e\/1FAIpQLSdmW5h_rV_vZq7nytaUQi7ZV4krjh2PzCvl31ugcwfFdkfacw\/viewform\">https:\/\/docs.google.com\/forms\/d\/e\/1FAIpQLSdmW5h_rV_vZq7nytaUQi7ZV4krjh2PzCvl31ugcwfFdkfacw\/viewform<\/a><\/p>\n<p><span style=\"text-align: justify;\">Desde el Ayuntamiento de Los Llanos de Aridane se invita a todos los interesados a realizar su prescripci\u00f3n cuanto antes.<\/span><\/p>\n","protected":false},"excerpt":{"rendered":"<p>Los interesados pueden inscribirse desde el 1 de Agosto hasta el 9 de Septiembre, inclusive. &nbsp; Los Llanos de Aridane, 1 de agosto del 2024.- El Ayuntamiento de Los Llanos de Aridane a trav\u00e9s de la concejal de Cultura, ha confirmado que ya est\u00e1 abierto&#8230;<\/p>\n","protected":false},"author":3,"featured_media":3961,"comment_status":"closed","ping_status":"open","sticky":false,"template":"","format":"standard","meta":{"footnotes":""},"categories":[6],"tags":[],"class_list":["post-3959","post","type-post","status-publish","format-standard","has-post-thumbnail","hentry","category-prensa"],"yoast_head":"<!-- This site is optimized with the Yoast SEO plugin v22.7 - https:\/\/yoast.com\/wordpress\/plugins\/seo\/ -->\n<title>Los Llanos abre el plazo de prescripciones para sus Aulas y Escuelas Municipales - Ayuntamiento de Los Llanos de Aridane<\/title>\n<meta name=\"description\" content=\"El Ayuntamiento de Los Llanos de Aridane presenta el cartel y el programa de La Patrona 2021 con el lema \u201cRemedios, m\u00e1s que un nombre.\u201d\" \/>\n<meta name=\"robots\" content=\"index, follow, max-snippet:-1, max-image-preview:large, max-video-preview:-1\" \/>\n<link rel=\"canonical\" href=\"https:\/\/www.aridane.org\/city\/2024\/07\/31\/los-llanos-abre-el-plazo-de-prescripciones-para-sus-aulas-y-escuelas-municipales-2\/\" \/>\n<meta property=\"og:locale\" content=\"es_ES\" \/>\n<meta property=\"og:type\" content=\"article\" \/>\n<meta property=\"og:title\" content=\"Los Llanos abre el plazo de prescripciones para sus Aulas y Escuelas Municipales - Ayuntamiento de Los Llanos de Aridane\" \/>\n<meta property=\"og:description\" content=\"El Ayuntamiento de Los Llanos de Aridane presenta el cartel y el programa de La Patrona 2021 con el lema \u201cRemedios, m\u00e1s que un nombre.\u201d\" \/>\n<meta property=\"og:url\" content=\"https:\/\/www.aridane.org\/city\/2024\/07\/31\/los-llanos-abre-el-plazo-de-prescripciones-para-sus-aulas-y-escuelas-municipales-2\/\" \/>\n<meta property=\"og:site_name\" content=\"Ayuntamiento de Los Llanos de Aridane\" \/>\n<meta property=\"article:published_time\" content=\"2024-07-31T08:20:20+00:00\" \/>\n<meta property=\"article:modified_time\" content=\"2024-08-01T11:20:59+00:00\" \/>\n<meta property=\"og:image\" content=\"https:\/\/www.aridane.org\/city\/wp-content\/uploads\/2024\/07\/PREINSCIPCIONES-AULAS-MUNICIPALES-e1722419010985.jpg\" \/>\n\t<meta property=\"og:image:width\" content=\"700\" \/>\n\t<meta property=\"og:image:height\" content=\"990\" \/>\n\t<meta property=\"og:image:type\" content=\"image\/jpeg\" \/>\n<meta name=\"author\" content=\"Ricardo Brito Fern\u00e1ndez\" \/>\n<meta name=\"twitter:card\" content=\"summary_large_image\" \/>\n<meta name=\"twitter:label1\" content=\"Escrito por\" \/>\n\t<meta name=\"twitter:data1\" content=\"Ricardo Brito Fern\u00e1ndez\" \/>\n\t<meta name=\"twitter:label2\" content=\"Tiempo de lectura\" \/>\n\t<meta name=\"twitter:data2\" content=\"1 minuto\" \/>\n<script type=\"application\/ld+json\" class=\"yoast-schema-graph\">{\"@context\":\"https:\/\/schema.org\",\"@graph\":[{\"@type\":\"WebPage\",\"@id\":\"https:\/\/www.aridane.org\/city\/2024\/07\/31\/los-llanos-abre-el-plazo-de-prescripciones-para-sus-aulas-y-escuelas-municipales-2\/\",\"url\":\"https:\/\/www.aridane.org\/city\/2024\/07\/31\/los-llanos-abre-el-plazo-de-prescripciones-para-sus-aulas-y-escuelas-municipales-2\/\",\"name\":\"Los Llanos abre el plazo de prescripciones para sus Aulas y Escuelas Municipales - Ayuntamiento de Los Llanos de Aridane\",\"isPartOf\":{\"@id\":\"https:\/\/www.aridane.org\/city\/#website\"},\"primaryImageOfPage\":{\"@id\":\"https:\/\/www.aridane.org\/city\/2024\/07\/31\/los-llanos-abre-el-plazo-de-prescripciones-para-sus-aulas-y-escuelas-municipales-2\/#primaryimage\"},\"image\":{\"@id\":\"https:\/\/www.aridane.org\/city\/2024\/07\/31\/los-llanos-abre-el-plazo-de-prescripciones-para-sus-aulas-y-escuelas-municipales-2\/#primaryimage\"},\"thumbnailUrl\":\"https:\/\/www.aridane.org\/city\/wp-content\/uploads\/2024\/07\/PREINSCIPCIONES-AULAS-MUNICIPALES-e1722419010985.jpg\",\"datePublished\":\"2024-07-31T08:20:20+00:00\",\"dateModified\":\"2024-08-01T11:20:59+00:00\",\"author\":{\"@id\":\"https:\/\/www.aridane.org\/city\/#\/schema\/person\/ed9ffb575fdaf585fcc54813e69d3df4\"},\"description\":\"El Ayuntamiento de Los Llanos de Aridane presenta el cartel y el programa de La Patrona 2021 con el lema \u201cRemedios, m\u00e1s que un nombre.\u201d\",\"breadcrumb\":{\"@id\":\"https:\/\/www.aridane.org\/city\/2024\/07\/31\/los-llanos-abre-el-plazo-de-prescripciones-para-sus-aulas-y-escuelas-municipales-2\/#breadcrumb\"},\"inLanguage\":\"es\",\"potentialAction\":[{\"@type\":\"ReadAction\",\"target\":[\"https:\/\/www.aridane.org\/city\/2024\/07\/31\/los-llanos-abre-el-plazo-de-prescripciones-para-sus-aulas-y-escuelas-municipales-2\/\"]}]},{\"@type\":\"ImageObject\",\"inLanguage\":\"es\",\"@id\":\"https:\/\/www.aridane.org\/city\/2024\/07\/31\/los-llanos-abre-el-plazo-de-prescripciones-para-sus-aulas-y-escuelas-municipales-2\/#primaryimage\",\"url\":\"https:\/\/www.aridane.org\/city\/wp-content\/uploads\/2024\/07\/PREINSCIPCIONES-AULAS-MUNICIPALES-e1722419010985.jpg\",\"contentUrl\":\"https:\/\/www.aridane.org\/city\/wp-content\/uploads\/2024\/07\/PREINSCIPCIONES-AULAS-MUNICIPALES-e1722419010985.jpg\",\"width\":700,\"height\":990,\"caption\":\"PREINSCIPCIONES AULAS MUNICIPALES\"},{\"@type\":\"BreadcrumbList\",\"@id\":\"https:\/\/www.aridane.org\/city\/2024\/07\/31\/los-llanos-abre-el-plazo-de-prescripciones-para-sus-aulas-y-escuelas-municipales-2\/#breadcrumb\",\"itemListElement\":[{\"@type\":\"ListItem\",\"position\":1,\"name\":\"Portada\",\"item\":\"https:\/\/www.aridane.org\/city\/\"},{\"@type\":\"ListItem\",\"position\":2,\"name\":\"Los Llanos abre el plazo de prescripciones para sus Aulas y Escuelas Municipales\"}]},{\"@type\":\"WebSite\",\"@id\":\"https:\/\/www.aridane.org\/city\/#website\",\"url\":\"https:\/\/www.aridane.org\/city\/\",\"name\":\"Ayuntamiento de Los Llanos de Aridane\",\"description\":\"\",\"potentialAction\":[{\"@type\":\"SearchAction\",\"target\":{\"@type\":\"EntryPoint\",\"urlTemplate\":\"https:\/\/www.aridane.org\/city\/?s={search_term_string}\"},\"query-input\":\"required name=search_term_string\"}],\"inLanguage\":\"es\"},{\"@type\":\"Person\",\"@id\":\"https:\/\/www.aridane.org\/city\/#\/schema\/person\/ed9ffb575fdaf585fcc54813e69d3df4\",\"name\":\"Ricardo Brito Fern\u00e1ndez\",\"image\":{\"@type\":\"ImageObject\",\"inLanguage\":\"es\",\"@id\":\"https:\/\/www.aridane.org\/city\/#\/schema\/person\/image\/\",\"url\":\"https:\/\/secure.gravatar.com\/avatar\/57b3c36387d74af3342838b91242c7609785b9cc7878625f438215906c30365c?s=96&d=mm&r=g\",\"contentUrl\":\"https:\/\/secure.gravatar.com\/avatar\/57b3c36387d74af3342838b91242c7609785b9cc7878625f438215906c30365c?s=96&d=mm&r=g\",\"caption\":\"Ricardo Brito Fern\u00e1ndez\"},\"url\":\"https:\/\/www.aridane.org\/city\/author\/ricardobrito\/\"}]}<\/script>\n<!-- \/ Yoast SEO plugin. -->","yoast_head_json":{"title":"Los Llanos abre el plazo de prescripciones para sus Aulas y Escuelas Municipales - Ayuntamiento de Los Llanos de Aridane","description":"El Ayuntamiento de Los Llanos de Aridane presenta el cartel y el programa de La Patrona 2021 con el lema \u201cRemedios, m\u00e1s que un nombre.\u201d","robots":{"index":"index","follow":"follow","max-snippet":"max-snippet:-1","max-image-preview":"max-image-preview:large","max-video-preview":"max-video-preview:-1"},"canonical":"https:\/\/www.aridane.org\/city\/2024\/07\/31\/los-llanos-abre-el-plazo-de-prescripciones-para-sus-aulas-y-escuelas-municipales-2\/","og_locale":"es_ES","og_type":"article","og_title":"Los Llanos abre el plazo de prescripciones para sus Aulas y Escuelas Municipales - Ayuntamiento de Los Llanos de Aridane","og_description":"El Ayuntamiento de Los Llanos de Aridane presenta el cartel y el programa de La Patrona 2021 con el lema \u201cRemedios, m\u00e1s que un nombre.\u201d","og_url":"https:\/\/www.aridane.org\/city\/2024\/07\/31\/los-llanos-abre-el-plazo-de-prescripciones-para-sus-aulas-y-escuelas-municipales-2\/","og_site_name":"Ayuntamiento de Los Llanos de Aridane","article_published_time":"2024-07-31T08:20:20+00:00","article_modified_time":"2024-08-01T11:20:59+00:00","og_image":[{"width":700,"height":990,"url":"https:\/\/www.aridane.org\/city\/wp-content\/uploads\/2024\/07\/PREINSCIPCIONES-AULAS-MUNICIPALES-e1722419010985.jpg","type":"image\/jpeg"}],"author":"Ricardo Brito Fern\u00e1ndez","twitter_card":"summary_large_image","twitter_misc":{"Escrito por":"Ricardo Brito Fern\u00e1ndez","Tiempo de lectura":"1 minuto"},"schema":{"@context":"https:\/\/schema.org","@graph":[{"@type":"WebPage","@id":"https:\/\/www.aridane.org\/city\/2024\/07\/31\/los-llanos-abre-el-plazo-de-prescripciones-para-sus-aulas-y-escuelas-municipales-2\/","url":"https:\/\/www.aridane.org\/city\/2024\/07\/31\/los-llanos-abre-el-plazo-de-prescripciones-para-sus-aulas-y-escuelas-municipales-2\/","name":"Los Llanos abre el plazo de prescripciones para sus Aulas y Escuelas Municipales - Ayuntamiento de Los Llanos de Aridane","isPartOf":{"@id":"https:\/\/www.aridane.org\/city\/#website"},"primaryImageOfPage":{"@id":"https:\/\/www.aridane.org\/city\/2024\/07\/31\/los-llanos-abre-el-plazo-de-prescripciones-para-sus-aulas-y-escuelas-municipales-2\/#primaryimage"},"image":{"@id":"https:\/\/www.aridane.org\/city\/2024\/07\/31\/los-llanos-abre-el-plazo-de-prescripciones-para-sus-aulas-y-escuelas-municipales-2\/#primaryimage"},"thumbnailUrl":"https:\/\/www.aridane.org\/city\/wp-content\/uploads\/2024\/07\/PREINSCIPCIONES-AULAS-MUNICIPALES-e1722419010985.jpg","datePublished":"2024-07-31T08:20:20+00:00","dateModified":"2024-08-01T11:20:59+00:00","author":{"@id":"https:\/\/www.aridane.org\/city\/#\/schema\/person\/ed9ffb575fdaf585fcc54813e69d3df4"},"description":"El Ayuntamiento de Los Llanos de Aridane presenta el cartel y el programa de La Patrona 2021 con el lema \u201cRemedios, m\u00e1s que un nombre.\u201d","breadcrumb":{"@id":"https:\/\/www.aridane.org\/city\/2024\/07\/31\/los-llanos-abre-el-plazo-de-prescripciones-para-sus-aulas-y-escuelas-municipales-2\/#breadcrumb"},"inLanguage":"es","potentialAction":[{"@type":"ReadAction","target":["https:\/\/www.aridane.org\/city\/2024\/07\/31\/los-llanos-abre-el-plazo-de-prescripciones-para-sus-aulas-y-escuelas-municipales-2\/"]}]},{"@type":"ImageObject","inLanguage":"es","@id":"https:\/\/www.aridane.org\/city\/2024\/07\/31\/los-llanos-abre-el-plazo-de-prescripciones-para-sus-aulas-y-escuelas-municipales-2\/#primaryimage","url":"https:\/\/www.aridane.org\/city\/wp-content\/uploads\/2024\/07\/PREINSCIPCIONES-AULAS-MUNICIPALES-e1722419010985.jpg","contentUrl":"https:\/\/www.aridane.org\/city\/wp-content\/uploads\/2024\/07\/PREINSCIPCIONES-AULAS-MUNICIPALES-e1722419010985.jpg","width":700,"height":990,"caption":"PREINSCIPCIONES AULAS MUNICIPALES"},{"@type":"BreadcrumbList","@id":"https:\/\/www.aridane.org\/city\/2024\/07\/31\/los-llanos-abre-el-plazo-de-prescripciones-para-sus-aulas-y-escuelas-municipales-2\/#breadcrumb","itemListElement":[{"@type":"ListItem","position":1,"name":"Portada","item":"https:\/\/www.aridane.org\/city\/"},{"@type":"ListItem","position":2,"name":"Los Llanos abre el plazo de prescripciones para sus Aulas y Escuelas Municipales"}]},{"@type":"WebSite","@id":"https:\/\/www.aridane.org\/city\/#website","url":"https:\/\/www.aridane.org\/city\/","name":"Ayuntamiento de Los Llanos de Aridane","description":"","potentialAction":[{"@type":"SearchAction","target":{"@type":"EntryPoint","urlTemplate":"https:\/\/www.aridane.org\/city\/?s={search_term_string}"},"query-input":"required name=search_term_string"}],"inLanguage":"es"},{"@type":"Person","@id":"https:\/\/www.aridane.org\/city\/#\/schema\/person\/ed9ffb575fdaf585fcc54813e69d3df4","name":"Ricardo Brito Fern\u00e1ndez","image":{"@type":"ImageObject","inLanguage":"es","@id":"https:\/\/www.aridane.org\/city\/#\/schema\/person\/image\/","url":"https:\/\/secure.gravatar.com\/avatar\/57b3c36387d74af3342838b91242c7609785b9cc7878625f438215906c30365c?s=96&d=mm&r=g","contentUrl":"https:\/\/secure.gravatar.com\/avatar\/57b3c36387d74af3342838b91242c7609785b9cc7878625f438215906c30365c?s=96&d=mm&r=g","caption":"Ricardo Brito Fern\u00e1ndez"},"url":"https:\/\/www.aridane.org\/city\/author\/ricardobrito\/"}]}},"_links":{"self":[{"href":"https:\/\/www.aridane.org\/city\/wp-json\/wp\/v2\/posts\/3959","targetHints":{"allow":["GET"]}}],"collection":[{"href":"https:\/\/www.aridane.org\/city\/wp-json\/wp\/v2\/posts"}],"about":[{"href":"https:\/\/www.aridane.org\/city\/wp-json\/wp\/v2\/types\/post"}],"author":[{"embeddable":true,"href":"https:\/\/www.aridane.org\/city\/wp-json\/wp\/v2\/users\/3"}],"replies":[{"embeddable":true,"href":"https:\/\/www.aridane.org\/city\/wp-json\/wp\/v2\/comments?post=3959"}],"version-history":[{"count":18,"href":"https:\/\/www.aridane.org\/city\/wp-json\/wp\/v2\/posts\/3959\/revisions"}],"predecessor-version":[{"id":3971,"href":"https:\/\/www.aridane.org\/city\/wp-json\/wp\/v2\/posts\/3959\/revisions\/3971"}],"wp:featuredmedia":[{"embeddable":true,"href":"https:\/\/www.aridane.org\/city\/wp-json\/wp\/v2\/media\/3961"}],"wp:attachment":[{"href":"https:\/\/www.aridane.org\/city\/wp-json\/wp\/v2\/media?parent=3959"}],"wp:term":[{"taxonomy":"category","embeddable":true,"href":"https:\/\/www.aridane.org\/city\/wp-json\/wp\/v2\/categories?post=3959"},{"taxonomy":"post_tag","embeddable":true,"href":"https:\/\/www.aridane.org\/city\/wp-json\/wp\/v2\/tags?post=3959"}],"curies":[{"name":"wp","href":"https:\/\/api.w.org\/{rel}","templated":true}]}}