{"id":3981,"date":"2024-08-01T12:12:12","date_gmt":"2024-08-01T12:12:12","guid":{"rendered":"https:\/\/www.aridane.org\/city\/?p=3981"},"modified":"2024-08-01T12:12:12","modified_gmt":"2024-08-01T12:12:12","slug":"los-llanos-de-aridane-abre-las-preinscripciones-para-el-proximo-curso-en-las-aulas-y-escuelas-municipales","status":"publish","type":"post","link":"https:\/\/www.aridane.org\/city\/2024\/08\/01\/los-llanos-de-aridane-abre-las-preinscripciones-para-el-proximo-curso-en-las-aulas-y-escuelas-municipales\/","title":{"rendered":"Los Llanos de Aridane abre las preinscripciones para el pr\u00f3ximo curso en las Aulas y Escuelas Municipales\u00a0"},"content":{"rendered":"<p><em>Desde este jueves, 1 de agosto, el alumnado podr\u00e1 realizar su preinscripci\u00f3n<\/em><br \/>\n<!--more--><\/p>\n<div id=\"v1forwardbody1\">\n<p>El Ayuntamiento de Los Llanos de Aridane abre las preinscripciones para el curso 2024-2025 de las Aulas y Escuelas Municipales. Las personas interesadas pueden apuntarse mediante un formulario web que podr\u00e1 rellenarse desde este jueves, 1 de agosto, hasta el 9 de septiembre incluido.<\/p>\n<p>La concejala de Cultura, Marlene Gonz\u00e1lez, asegura que de cara al nuevo curso, tambi\u00e9n se incluyen clases de g\u00f3spel para adultos. Asimismo, valora el buen hacer del profesorado y del alumnado durante el \u00faltimo a\u00f1o, consolidando las aulas municipales como cuna de talento, cultura y una forma de preservar las tradiciones de las islas.<\/p>\n<p>Las actividades educativas para el curso 2024-2025 incluyen clases de canto (a partir de 14 a\u00f1os), cine, flamenco, ballet, tango, dibujo y pintura creativa, bailes tradicionales canarios, folklore, Banda Municipal de M\u00fasica para nuevos alumnos, teatro, zumba fitness y lengua de signos espa\u00f1ola (a partir de 16 a\u00f1os). Adem\u00e1s, se ofrecen talleres de percusi\u00f3n cubana y canaria, timple y g\u00f3spel.<\/p>\n<p>Mediante <a href=\"https:\/\/docs.google.com\/forms\/d\/e\/1FAIpQLSdmW5h_rV_vZq7nytaUQi7ZV4krjh2PzCvl31ugcwfFdkfacw\/viewform\">el siguiente link<\/a>\u00a0las personas interesadas tendr\u00e1n que introducir sus datos personales e indicar si son nuevos o antiguos en las Aulas y Escuelas Municipales. Quienes quieran recibir clases de folklore deber\u00e1n se\u00f1alar cu\u00e1l es su lugar de ensayo predilecto, mientras que el alumnado de la banda municipal de m\u00fasica deber\u00e1 indicar qu\u00e9 instrumento prefiere y su experiencia en el uso de los mismos.<\/p>\n<h2><strong>Las clases ofertadas en el curso 2024\/2025<\/strong><\/h2>\n<ul>\n<li>Clases de Canto (A partir de 14 a\u00f1os) &#8211; Monitor: Giovanni Acosta<\/li>\n<li>Clases de Cine &#8211; Monitor: Irome del Toro y Naira G\u00f3mez<\/li>\n<li>Clases de Flamenco &#8211; Monitor: Felisa Gordillo<\/li>\n<li>Clases de Ballet &#8211; Monitor: Judit Hern\u00e1ndez<\/li>\n<li>Clases de Tango &#8211; Monitor: Brian Ceballos<\/li>\n<li>Clases de Dibujo y Pintura Creativa &#8211; Monitor: Angela Gonzalez<\/li>\n<li>Bailes Tradicionales Canarios &#8211; Monitor: Melca P\u00e9rez<\/li>\n<li>Clases de Folklore &#8211; Monitor: Adelto Plasencia<\/li>\n<li>Banda Municipal de M\u00fasica para nuevos alumnos.<\/li>\n<li>Clases de Teatro<\/li>\n<li>Clases de Zumba Fitness &#8211; Monitor: Mag\u00fcl Ruiz<\/li>\n<li>Clases de Lengua de Signos Espa\u00f1ola con la Aventura de Signar (A partir de 16 a\u00f1os) &#8211; Monitores: Olaya Rodr\u00edguez y Aleida Exp\u00f3sito<\/li>\n<li>Taller Percusi\u00f3n Cubana y Canaria &#8211; Monitor Juan Lorenzo<\/li>\n<li>Taller de Timple &#8211; Monitores: Francisco Rodr\u00edquez y Sa\u00fal Camacho<\/li>\n<li>Taller de G\u00f3spel para adultos: Yaiza P\u00e9rez Rodr\u00edguez<\/li>\n<\/ul>\n<\/div>\n","protected":false},"excerpt":{"rendered":"<p>Desde este jueves, 1 de agosto, el alumnado podr\u00e1 realizar su preinscripci\u00f3n<\/p>\n","protected":false},"author":4,"featured_media":3982,"comment_status":"open","ping_status":"open","sticky":false,"template":"","format":"standard","meta":{"footnotes":""},"categories":[1],"tags":[],"class_list":["post-3981","post","type-post","status-publish","format-standard","has-post-thumbnail","hentry","category-sin-categoria"],"yoast_head":"<!-- This site is optimized with the Yoast SEO plugin v22.7 - https:\/\/yoast.com\/wordpress\/plugins\/seo\/ -->\n<title>Los Llanos de Aridane abre las preinscripciones para el pr\u00f3ximo curso en las Aulas y Escuelas Municipales\u00a0 - Ayuntamiento de Los Llanos de Aridane<\/title>\n<meta name=\"robots\" content=\"index, follow, max-snippet:-1, max-image-preview:large, max-video-preview:-1\" \/>\n<link rel=\"canonical\" href=\"https:\/\/www.aridane.org\/city\/2024\/08\/01\/los-llanos-de-aridane-abre-las-preinscripciones-para-el-proximo-curso-en-las-aulas-y-escuelas-municipales\/\" \/>\n<meta property=\"og:locale\" content=\"es_ES\" \/>\n<meta property=\"og:type\" content=\"article\" \/>\n<meta property=\"og:title\" content=\"Los Llanos de Aridane abre las preinscripciones para el pr\u00f3ximo curso en las Aulas y Escuelas Municipales\u00a0 - Ayuntamiento de Los Llanos de Aridane\" \/>\n<meta property=\"og:description\" content=\"Desde este jueves, 1 de agosto, el alumnado podr\u00e1 realizar su preinscripci\u00f3n\" \/>\n<meta property=\"og:url\" content=\"https:\/\/www.aridane.org\/city\/2024\/08\/01\/los-llanos-de-aridane-abre-las-preinscripciones-para-el-proximo-curso-en-las-aulas-y-escuelas-municipales\/\" \/>\n<meta property=\"og:site_name\" content=\"Ayuntamiento de Los Llanos de Aridane\" \/>\n<meta property=\"article:published_time\" content=\"2024-08-01T12:12:12+00:00\" \/>\n<meta property=\"og:image\" content=\"https:\/\/www.aridane.org\/city\/wp-content\/uploads\/2024\/08\/Aulas-municipales-620x349.png\" \/>\n\t<meta property=\"og:image:width\" content=\"620\" \/>\n\t<meta property=\"og:image:height\" content=\"349\" \/>\n\t<meta property=\"og:image:type\" content=\"image\/png\" \/>\n<meta name=\"author\" content=\"Corresponsal\" \/>\n<meta name=\"twitter:card\" content=\"summary_large_image\" \/>\n<meta name=\"twitter:label1\" content=\"Escrito por\" \/>\n\t<meta name=\"twitter:data1\" content=\"Corresponsal\" \/>\n\t<meta name=\"twitter:label2\" content=\"Tiempo de lectura\" \/>\n\t<meta name=\"twitter:data2\" content=\"2 minutos\" \/>\n<script type=\"application\/ld+json\" class=\"yoast-schema-graph\">{\"@context\":\"https:\/\/schema.org\",\"@graph\":[{\"@type\":\"WebPage\",\"@id\":\"https:\/\/www.aridane.org\/city\/2024\/08\/01\/los-llanos-de-aridane-abre-las-preinscripciones-para-el-proximo-curso-en-las-aulas-y-escuelas-municipales\/\",\"url\":\"https:\/\/www.aridane.org\/city\/2024\/08\/01\/los-llanos-de-aridane-abre-las-preinscripciones-para-el-proximo-curso-en-las-aulas-y-escuelas-municipales\/\",\"name\":\"Los Llanos de Aridane abre las preinscripciones para el pr\u00f3ximo curso en las Aulas y Escuelas Municipales\u00a0 - Ayuntamiento de Los Llanos de Aridane\",\"isPartOf\":{\"@id\":\"https:\/\/www.aridane.org\/city\/#website\"},\"primaryImageOfPage\":{\"@id\":\"https:\/\/www.aridane.org\/city\/2024\/08\/01\/los-llanos-de-aridane-abre-las-preinscripciones-para-el-proximo-curso-en-las-aulas-y-escuelas-municipales\/#primaryimage\"},\"image\":{\"@id\":\"https:\/\/www.aridane.org\/city\/2024\/08\/01\/los-llanos-de-aridane-abre-las-preinscripciones-para-el-proximo-curso-en-las-aulas-y-escuelas-municipales\/#primaryimage\"},\"thumbnailUrl\":\"https:\/\/www.aridane.org\/city\/wp-content\/uploads\/2024\/08\/Aulas-municipales.png\",\"datePublished\":\"2024-08-01T12:12:12+00:00\",\"dateModified\":\"2024-08-01T12:12:12+00:00\",\"author\":{\"@id\":\"https:\/\/www.aridane.org\/city\/#\/schema\/person\/89ebd376b223dc94cc1dbcf200c8e6da\"},\"breadcrumb\":{\"@id\":\"https:\/\/www.aridane.org\/city\/2024\/08\/01\/los-llanos-de-aridane-abre-las-preinscripciones-para-el-proximo-curso-en-las-aulas-y-escuelas-municipales\/#breadcrumb\"},\"inLanguage\":\"es\",\"potentialAction\":[{\"@type\":\"ReadAction\",\"target\":[\"https:\/\/www.aridane.org\/city\/2024\/08\/01\/los-llanos-de-aridane-abre-las-preinscripciones-para-el-proximo-curso-en-las-aulas-y-escuelas-municipales\/\"]}]},{\"@type\":\"ImageObject\",\"inLanguage\":\"es\",\"@id\":\"https:\/\/www.aridane.org\/city\/2024\/08\/01\/los-llanos-de-aridane-abre-las-preinscripciones-para-el-proximo-curso-en-las-aulas-y-escuelas-municipales\/#primaryimage\",\"url\":\"https:\/\/www.aridane.org\/city\/wp-content\/uploads\/2024\/08\/Aulas-municipales.png\",\"contentUrl\":\"https:\/\/www.aridane.org\/city\/wp-content\/uploads\/2024\/08\/Aulas-municipales.png\",\"width\":1920,\"height\":1080},{\"@type\":\"BreadcrumbList\",\"@id\":\"https:\/\/www.aridane.org\/city\/2024\/08\/01\/los-llanos-de-aridane-abre-las-preinscripciones-para-el-proximo-curso-en-las-aulas-y-escuelas-municipales\/#breadcrumb\",\"itemListElement\":[{\"@type\":\"ListItem\",\"position\":1,\"name\":\"Portada\",\"item\":\"https:\/\/www.aridane.org\/city\/\"},{\"@type\":\"ListItem\",\"position\":2,\"name\":\"Los Llanos de Aridane abre las preinscripciones para el pr\u00f3ximo curso en las Aulas y Escuelas Municipales\u00a0\"}]},{\"@type\":\"WebSite\",\"@id\":\"https:\/\/www.aridane.org\/city\/#website\",\"url\":\"https:\/\/www.aridane.org\/city\/\",\"name\":\"Ayuntamiento de Los Llanos de Aridane\",\"description\":\"\",\"potentialAction\":[{\"@type\":\"SearchAction\",\"target\":{\"@type\":\"EntryPoint\",\"urlTemplate\":\"https:\/\/www.aridane.org\/city\/?s={search_term_string}\"},\"query-input\":\"required name=search_term_string\"}],\"inLanguage\":\"es\"},{\"@type\":\"Person\",\"@id\":\"https:\/\/www.aridane.org\/city\/#\/schema\/person\/89ebd376b223dc94cc1dbcf200c8e6da\",\"name\":\"Corresponsal\",\"image\":{\"@type\":\"ImageObject\",\"inLanguage\":\"es\",\"@id\":\"https:\/\/www.aridane.org\/city\/#\/schema\/person\/image\/\",\"url\":\"https:\/\/secure.gravatar.com\/avatar\/1c476992411e4ccf153da63b2b2f5ea0bb4cb1c85f3ceab8512f04325ad5579c?s=96&d=mm&r=g\",\"contentUrl\":\"https:\/\/secure.gravatar.com\/avatar\/1c476992411e4ccf153da63b2b2f5ea0bb4cb1c85f3ceab8512f04325ad5579c?s=96&d=mm&r=g\",\"caption\":\"Corresponsal\"},\"url\":\"https:\/\/www.aridane.org\/city\/author\/corresponsal\/\"}]}<\/script>\n<!-- \/ Yoast SEO plugin. -->","yoast_head_json":{"title":"Los Llanos de Aridane abre las preinscripciones para el pr\u00f3ximo curso en las Aulas y Escuelas Municipales\u00a0 - Ayuntamiento de Los Llanos de Aridane","robots":{"index":"index","follow":"follow","max-snippet":"max-snippet:-1","max-image-preview":"max-image-preview:large","max-video-preview":"max-video-preview:-1"},"canonical":"https:\/\/www.aridane.org\/city\/2024\/08\/01\/los-llanos-de-aridane-abre-las-preinscripciones-para-el-proximo-curso-en-las-aulas-y-escuelas-municipales\/","og_locale":"es_ES","og_type":"article","og_title":"Los Llanos de Aridane abre las preinscripciones para el pr\u00f3ximo curso en las Aulas y Escuelas Municipales\u00a0 - Ayuntamiento de Los Llanos de Aridane","og_description":"Desde este jueves, 1 de agosto, el alumnado podr\u00e1 realizar su preinscripci\u00f3n","og_url":"https:\/\/www.aridane.org\/city\/2024\/08\/01\/los-llanos-de-aridane-abre-las-preinscripciones-para-el-proximo-curso-en-las-aulas-y-escuelas-municipales\/","og_site_name":"Ayuntamiento de Los Llanos de Aridane","article_published_time":"2024-08-01T12:12:12+00:00","og_image":[{"width":620,"height":349,"url":"https:\/\/www.aridane.org\/city\/wp-content\/uploads\/2024\/08\/Aulas-municipales-620x349.png","type":"image\/png"}],"author":"Corresponsal","twitter_card":"summary_large_image","twitter_misc":{"Escrito por":"Corresponsal","Tiempo de lectura":"2 minutos"},"schema":{"@context":"https:\/\/schema.org","@graph":[{"@type":"WebPage","@id":"https:\/\/www.aridane.org\/city\/2024\/08\/01\/los-llanos-de-aridane-abre-las-preinscripciones-para-el-proximo-curso-en-las-aulas-y-escuelas-municipales\/","url":"https:\/\/www.aridane.org\/city\/2024\/08\/01\/los-llanos-de-aridane-abre-las-preinscripciones-para-el-proximo-curso-en-las-aulas-y-escuelas-municipales\/","name":"Los Llanos de Aridane abre las preinscripciones para el pr\u00f3ximo curso en las Aulas y Escuelas Municipales\u00a0 - Ayuntamiento de Los Llanos de Aridane","isPartOf":{"@id":"https:\/\/www.aridane.org\/city\/#website"},"primaryImageOfPage":{"@id":"https:\/\/www.aridane.org\/city\/2024\/08\/01\/los-llanos-de-aridane-abre-las-preinscripciones-para-el-proximo-curso-en-las-aulas-y-escuelas-municipales\/#primaryimage"},"image":{"@id":"https:\/\/www.aridane.org\/city\/2024\/08\/01\/los-llanos-de-aridane-abre-las-preinscripciones-para-el-proximo-curso-en-las-aulas-y-escuelas-municipales\/#primaryimage"},"thumbnailUrl":"https:\/\/www.aridane.org\/city\/wp-content\/uploads\/2024\/08\/Aulas-municipales.png","datePublished":"2024-08-01T12:12:12+00:00","dateModified":"2024-08-01T12:12:12+00:00","author":{"@id":"https:\/\/www.aridane.org\/city\/#\/schema\/person\/89ebd376b223dc94cc1dbcf200c8e6da"},"breadcrumb":{"@id":"https:\/\/www.aridane.org\/city\/2024\/08\/01\/los-llanos-de-aridane-abre-las-preinscripciones-para-el-proximo-curso-en-las-aulas-y-escuelas-municipales\/#breadcrumb"},"inLanguage":"es","potentialAction":[{"@type":"ReadAction","target":["https:\/\/www.aridane.org\/city\/2024\/08\/01\/los-llanos-de-aridane-abre-las-preinscripciones-para-el-proximo-curso-en-las-aulas-y-escuelas-municipales\/"]}]},{"@type":"ImageObject","inLanguage":"es","@id":"https:\/\/www.aridane.org\/city\/2024\/08\/01\/los-llanos-de-aridane-abre-las-preinscripciones-para-el-proximo-curso-en-las-aulas-y-escuelas-municipales\/#primaryimage","url":"https:\/\/www.aridane.org\/city\/wp-content\/uploads\/2024\/08\/Aulas-municipales.png","contentUrl":"https:\/\/www.aridane.org\/city\/wp-content\/uploads\/2024\/08\/Aulas-municipales.png","width":1920,"height":1080},{"@type":"BreadcrumbList","@id":"https:\/\/www.aridane.org\/city\/2024\/08\/01\/los-llanos-de-aridane-abre-las-preinscripciones-para-el-proximo-curso-en-las-aulas-y-escuelas-municipales\/#breadcrumb","itemListElement":[{"@type":"ListItem","position":1,"name":"Portada","item":"https:\/\/www.aridane.org\/city\/"},{"@type":"ListItem","position":2,"name":"Los Llanos de Aridane abre las preinscripciones para el pr\u00f3ximo curso en las Aulas y Escuelas Municipales\u00a0"}]},{"@type":"WebSite","@id":"https:\/\/www.aridane.org\/city\/#website","url":"https:\/\/www.aridane.org\/city\/","name":"Ayuntamiento de Los Llanos de Aridane","description":"","potentialAction":[{"@type":"SearchAction","target":{"@type":"EntryPoint","urlTemplate":"https:\/\/www.aridane.org\/city\/?s={search_term_string}"},"query-input":"required name=search_term_string"}],"inLanguage":"es"},{"@type":"Person","@id":"https:\/\/www.aridane.org\/city\/#\/schema\/person\/89ebd376b223dc94cc1dbcf200c8e6da","name":"Corresponsal","image":{"@type":"ImageObject","inLanguage":"es","@id":"https:\/\/www.aridane.org\/city\/#\/schema\/person\/image\/","url":"https:\/\/secure.gravatar.com\/avatar\/1c476992411e4ccf153da63b2b2f5ea0bb4cb1c85f3ceab8512f04325ad5579c?s=96&d=mm&r=g","contentUrl":"https:\/\/secure.gravatar.com\/avatar\/1c476992411e4ccf153da63b2b2f5ea0bb4cb1c85f3ceab8512f04325ad5579c?s=96&d=mm&r=g","caption":"Corresponsal"},"url":"https:\/\/www.aridane.org\/city\/author\/corresponsal\/"}]}},"_links":{"self":[{"href":"https:\/\/www.aridane.org\/city\/wp-json\/wp\/v2\/posts\/3981","targetHints":{"allow":["GET"]}}],"collection":[{"href":"https:\/\/www.aridane.org\/city\/wp-json\/wp\/v2\/posts"}],"about":[{"href":"https:\/\/www.aridane.org\/city\/wp-json\/wp\/v2\/types\/post"}],"author":[{"embeddable":true,"href":"https:\/\/www.aridane.org\/city\/wp-json\/wp\/v2\/users\/4"}],"replies":[{"embeddable":true,"href":"https:\/\/www.aridane.org\/city\/wp-json\/wp\/v2\/comments?post=3981"}],"version-history":[{"count":1,"href":"https:\/\/www.aridane.org\/city\/wp-json\/wp\/v2\/posts\/3981\/revisions"}],"predecessor-version":[{"id":3983,"href":"https:\/\/www.aridane.org\/city\/wp-json\/wp\/v2\/posts\/3981\/revisions\/3983"}],"wp:featuredmedia":[{"embeddable":true,"href":"https:\/\/www.aridane.org\/city\/wp-json\/wp\/v2\/media\/3982"}],"wp:attachment":[{"href":"https:\/\/www.aridane.org\/city\/wp-json\/wp\/v2\/media?parent=3981"}],"wp:term":[{"taxonomy":"category","embeddable":true,"href":"https:\/\/www.aridane.org\/city\/wp-json\/wp\/v2\/categories?post=3981"},{"taxonomy":"post_tag","embeddable":true,"href":"https:\/\/www.aridane.org\/city\/wp-json\/wp\/v2\/tags?post=3981"}],"curies":[{"name":"wp","href":"https:\/\/api.w.org\/{rel}","templated":true}]}}