{"id":3984,"date":"2024-08-01T13:06:11","date_gmt":"2024-08-01T13:06:11","guid":{"rendered":"https:\/\/www.aridane.org\/city\/?p=3984"},"modified":"2024-08-01T13:06:11","modified_gmt":"2024-08-01T13:06:11","slug":"artistas-palmeros-llenan-de-musica-las-zonas-comerciales-de-los-llanos-de-aridane-los-viernes-de-agosto","status":"publish","type":"post","link":"https:\/\/www.aridane.org\/city\/2024\/08\/01\/artistas-palmeros-llenan-de-musica-las-zonas-comerciales-de-los-llanos-de-aridane-los-viernes-de-agosto\/","title":{"rendered":"Artistas palmeros llenan de m\u00fasica las zonas comerciales de Los Llanos de Aridane los viernes de agosto\u00a0"},"content":{"rendered":"<p><em>\u2018Viernes de agosto\u2019 es una iniciativa para dinamizar el comercio local y promocionar el talento de los m\u00fasicos de La Palma<\/em><br \/>\n<!--more--><\/p>\n<div id=\"v1forwardbody1\">\n<p>El Ayuntamiento de Los Llanos de Aridane organiza\u00a0<em>Viernes de Agosto<\/em>, una iniciativa para dinamizar las zonas comerciales durante el verano con el mejor talento local durante todos los viernes del mes, a partir de las 19:00 horas. Artistas palmeros como Adolfo Castro Sax, Manu Echeva, Ferchos, La Mirriss y Miguel Villalva llenar\u00e1n de m\u00fasica y alegr\u00eda las calles del municipio.<\/p>\n<p>La concejala de Comercio, Ver\u00f3nica Gonz\u00e1lez, asegura que esta iniciativa tiene dos grandes objetivos: dinamizar los comercios de Los Llanos de Aridane y poner en valor el talento de los m\u00fasicos palmeros.<\/p>\n<p>\u201cEn agosto nuestras calles est\u00e1n muy animadas. Queremos aprovechar ese flujo de personas y brindarles una bonita experiencia, con conciertos todos los viernes. Confiamos en que este ambiente contribuir\u00e1 a estimular a nuestro comercio\u201d, apunta.<\/p>\n<p>Este viernes, 2 de agosto, Adolfo Castro Sax dar\u00e1 comienzo a este ciclo de conciertos con un espect\u00e1culo en la calle D\u00edaz Pimienta. Una semana despu\u00e9s, el d\u00eda 9, Manu Echeva actuar\u00e1 en la calle del Medio. El Ferchos ser\u00e1 el protagonista del espect\u00e1culo del 16 de agosto en la Avenida Enrique Mederos. El viernes, d\u00eda 23, La Mirriss dar\u00e1 su concierto en la Zona de Correos. El \u00faltimo espect\u00e1culo correr\u00e1 a cargo de Miguel Villalba, en la calle Real, n\u00ba16.<\/p>\n<p>Desde el Ayuntamiento agradecen a todos los artistas participantes su involucraci\u00f3n, as\u00ed como a los locales de las zonas comerciales, protagonistas en esta iniciativa.<\/p>\n<\/div>\n","protected":false},"excerpt":{"rendered":"<p>\u2018Viernes de agosto\u2019 es una iniciativa para dinamizar el comercio local y promocionar el talento de los m\u00fasicos de La Palma<\/p>\n","protected":false},"author":4,"featured_media":3985,"comment_status":"open","ping_status":"open","sticky":false,"template":"","format":"standard","meta":{"footnotes":""},"categories":[1],"tags":[],"class_list":["post-3984","post","type-post","status-publish","format-standard","has-post-thumbnail","hentry","category-sin-categoria"],"yoast_head":"<!-- This site is optimized with the Yoast SEO plugin v22.7 - https:\/\/yoast.com\/wordpress\/plugins\/seo\/ -->\n<title>Artistas palmeros llenan de m\u00fasica las zonas comerciales de Los Llanos de Aridane los viernes de agosto\u00a0 - Ayuntamiento de Los Llanos de Aridane<\/title>\n<meta name=\"robots\" content=\"index, follow, max-snippet:-1, max-image-preview:large, max-video-preview:-1\" \/>\n<link rel=\"canonical\" href=\"https:\/\/www.aridane.org\/city\/2024\/08\/01\/artistas-palmeros-llenan-de-musica-las-zonas-comerciales-de-los-llanos-de-aridane-los-viernes-de-agosto\/\" \/>\n<meta property=\"og:locale\" content=\"es_ES\" \/>\n<meta property=\"og:type\" content=\"article\" \/>\n<meta property=\"og:title\" content=\"Artistas palmeros llenan de m\u00fasica las zonas comerciales de Los Llanos de Aridane los viernes de agosto\u00a0 - Ayuntamiento de Los Llanos de Aridane\" \/>\n<meta property=\"og:description\" content=\"\u2018Viernes de agosto\u2019 es una iniciativa para dinamizar el comercio local y promocionar el talento de los m\u00fasicos de La Palma\" \/>\n<meta property=\"og:url\" content=\"https:\/\/www.aridane.org\/city\/2024\/08\/01\/artistas-palmeros-llenan-de-musica-las-zonas-comerciales-de-los-llanos-de-aridane-los-viernes-de-agosto\/\" \/>\n<meta property=\"og:site_name\" content=\"Ayuntamiento de Los Llanos de Aridane\" \/>\n<meta property=\"article:published_time\" content=\"2024-08-01T13:06:11+00:00\" \/>\n<meta property=\"og:image\" content=\"https:\/\/www.aridane.org\/city\/wp-content\/uploads\/2024\/08\/Viernes-de-Agosto.jpeg\" \/>\n\t<meta property=\"og:image:width\" content=\"843\" \/>\n\t<meta property=\"og:image:height\" content=\"1191\" \/>\n\t<meta property=\"og:image:type\" content=\"image\/jpeg\" \/>\n<meta name=\"author\" content=\"Corresponsal\" \/>\n<meta name=\"twitter:card\" content=\"summary_large_image\" \/>\n<meta name=\"twitter:label1\" content=\"Escrito por\" \/>\n\t<meta name=\"twitter:data1\" content=\"Corresponsal\" \/>\n\t<meta name=\"twitter:label2\" content=\"Tiempo de lectura\" \/>\n\t<meta name=\"twitter:data2\" content=\"2 minutos\" \/>\n<script type=\"application\/ld+json\" class=\"yoast-schema-graph\">{\"@context\":\"https:\/\/schema.org\",\"@graph\":[{\"@type\":\"WebPage\",\"@id\":\"https:\/\/www.aridane.org\/city\/2024\/08\/01\/artistas-palmeros-llenan-de-musica-las-zonas-comerciales-de-los-llanos-de-aridane-los-viernes-de-agosto\/\",\"url\":\"https:\/\/www.aridane.org\/city\/2024\/08\/01\/artistas-palmeros-llenan-de-musica-las-zonas-comerciales-de-los-llanos-de-aridane-los-viernes-de-agosto\/\",\"name\":\"Artistas palmeros llenan de m\u00fasica las zonas comerciales de Los Llanos de Aridane los viernes de agosto\u00a0 - Ayuntamiento de Los Llanos de Aridane\",\"isPartOf\":{\"@id\":\"https:\/\/www.aridane.org\/city\/#website\"},\"primaryImageOfPage\":{\"@id\":\"https:\/\/www.aridane.org\/city\/2024\/08\/01\/artistas-palmeros-llenan-de-musica-las-zonas-comerciales-de-los-llanos-de-aridane-los-viernes-de-agosto\/#primaryimage\"},\"image\":{\"@id\":\"https:\/\/www.aridane.org\/city\/2024\/08\/01\/artistas-palmeros-llenan-de-musica-las-zonas-comerciales-de-los-llanos-de-aridane-los-viernes-de-agosto\/#primaryimage\"},\"thumbnailUrl\":\"https:\/\/www.aridane.org\/city\/wp-content\/uploads\/2024\/08\/Viernes-de-Agosto.jpeg\",\"datePublished\":\"2024-08-01T13:06:11+00:00\",\"dateModified\":\"2024-08-01T13:06:11+00:00\",\"author\":{\"@id\":\"https:\/\/www.aridane.org\/city\/#\/schema\/person\/89ebd376b223dc94cc1dbcf200c8e6da\"},\"breadcrumb\":{\"@id\":\"https:\/\/www.aridane.org\/city\/2024\/08\/01\/artistas-palmeros-llenan-de-musica-las-zonas-comerciales-de-los-llanos-de-aridane-los-viernes-de-agosto\/#breadcrumb\"},\"inLanguage\":\"es\",\"potentialAction\":[{\"@type\":\"ReadAction\",\"target\":[\"https:\/\/www.aridane.org\/city\/2024\/08\/01\/artistas-palmeros-llenan-de-musica-las-zonas-comerciales-de-los-llanos-de-aridane-los-viernes-de-agosto\/\"]}]},{\"@type\":\"ImageObject\",\"inLanguage\":\"es\",\"@id\":\"https:\/\/www.aridane.org\/city\/2024\/08\/01\/artistas-palmeros-llenan-de-musica-las-zonas-comerciales-de-los-llanos-de-aridane-los-viernes-de-agosto\/#primaryimage\",\"url\":\"https:\/\/www.aridane.org\/city\/wp-content\/uploads\/2024\/08\/Viernes-de-Agosto.jpeg\",\"contentUrl\":\"https:\/\/www.aridane.org\/city\/wp-content\/uploads\/2024\/08\/Viernes-de-Agosto.jpeg\",\"width\":843,\"height\":1191},{\"@type\":\"BreadcrumbList\",\"@id\":\"https:\/\/www.aridane.org\/city\/2024\/08\/01\/artistas-palmeros-llenan-de-musica-las-zonas-comerciales-de-los-llanos-de-aridane-los-viernes-de-agosto\/#breadcrumb\",\"itemListElement\":[{\"@type\":\"ListItem\",\"position\":1,\"name\":\"Portada\",\"item\":\"https:\/\/www.aridane.org\/city\/\"},{\"@type\":\"ListItem\",\"position\":2,\"name\":\"Artistas palmeros llenan de m\u00fasica las zonas comerciales de Los Llanos de Aridane los viernes de agosto\u00a0\"}]},{\"@type\":\"WebSite\",\"@id\":\"https:\/\/www.aridane.org\/city\/#website\",\"url\":\"https:\/\/www.aridane.org\/city\/\",\"name\":\"Ayuntamiento de Los Llanos de Aridane\",\"description\":\"\",\"potentialAction\":[{\"@type\":\"SearchAction\",\"target\":{\"@type\":\"EntryPoint\",\"urlTemplate\":\"https:\/\/www.aridane.org\/city\/?s={search_term_string}\"},\"query-input\":\"required name=search_term_string\"}],\"inLanguage\":\"es\"},{\"@type\":\"Person\",\"@id\":\"https:\/\/www.aridane.org\/city\/#\/schema\/person\/89ebd376b223dc94cc1dbcf200c8e6da\",\"name\":\"Corresponsal\",\"image\":{\"@type\":\"ImageObject\",\"inLanguage\":\"es\",\"@id\":\"https:\/\/www.aridane.org\/city\/#\/schema\/person\/image\/\",\"url\":\"https:\/\/secure.gravatar.com\/avatar\/1c476992411e4ccf153da63b2b2f5ea0bb4cb1c85f3ceab8512f04325ad5579c?s=96&d=mm&r=g\",\"contentUrl\":\"https:\/\/secure.gravatar.com\/avatar\/1c476992411e4ccf153da63b2b2f5ea0bb4cb1c85f3ceab8512f04325ad5579c?s=96&d=mm&r=g\",\"caption\":\"Corresponsal\"},\"url\":\"https:\/\/www.aridane.org\/city\/author\/corresponsal\/\"}]}<\/script>\n<!-- \/ Yoast SEO plugin. -->","yoast_head_json":{"title":"Artistas palmeros llenan de m\u00fasica las zonas comerciales de Los Llanos de Aridane los viernes de agosto\u00a0 - Ayuntamiento de Los Llanos de Aridane","robots":{"index":"index","follow":"follow","max-snippet":"max-snippet:-1","max-image-preview":"max-image-preview:large","max-video-preview":"max-video-preview:-1"},"canonical":"https:\/\/www.aridane.org\/city\/2024\/08\/01\/artistas-palmeros-llenan-de-musica-las-zonas-comerciales-de-los-llanos-de-aridane-los-viernes-de-agosto\/","og_locale":"es_ES","og_type":"article","og_title":"Artistas palmeros llenan de m\u00fasica las zonas comerciales de Los Llanos de Aridane los viernes de agosto\u00a0 - Ayuntamiento de Los Llanos de Aridane","og_description":"\u2018Viernes de agosto\u2019 es una iniciativa para dinamizar el comercio local y promocionar el talento de los m\u00fasicos de La Palma","og_url":"https:\/\/www.aridane.org\/city\/2024\/08\/01\/artistas-palmeros-llenan-de-musica-las-zonas-comerciales-de-los-llanos-de-aridane-los-viernes-de-agosto\/","og_site_name":"Ayuntamiento de Los Llanos de Aridane","article_published_time":"2024-08-01T13:06:11+00:00","og_image":[{"width":843,"height":1191,"url":"https:\/\/www.aridane.org\/city\/wp-content\/uploads\/2024\/08\/Viernes-de-Agosto.jpeg","type":"image\/jpeg"}],"author":"Corresponsal","twitter_card":"summary_large_image","twitter_misc":{"Escrito por":"Corresponsal","Tiempo de lectura":"2 minutos"},"schema":{"@context":"https:\/\/schema.org","@graph":[{"@type":"WebPage","@id":"https:\/\/www.aridane.org\/city\/2024\/08\/01\/artistas-palmeros-llenan-de-musica-las-zonas-comerciales-de-los-llanos-de-aridane-los-viernes-de-agosto\/","url":"https:\/\/www.aridane.org\/city\/2024\/08\/01\/artistas-palmeros-llenan-de-musica-las-zonas-comerciales-de-los-llanos-de-aridane-los-viernes-de-agosto\/","name":"Artistas palmeros llenan de m\u00fasica las zonas comerciales de Los Llanos de Aridane los viernes de agosto\u00a0 - Ayuntamiento de Los Llanos de Aridane","isPartOf":{"@id":"https:\/\/www.aridane.org\/city\/#website"},"primaryImageOfPage":{"@id":"https:\/\/www.aridane.org\/city\/2024\/08\/01\/artistas-palmeros-llenan-de-musica-las-zonas-comerciales-de-los-llanos-de-aridane-los-viernes-de-agosto\/#primaryimage"},"image":{"@id":"https:\/\/www.aridane.org\/city\/2024\/08\/01\/artistas-palmeros-llenan-de-musica-las-zonas-comerciales-de-los-llanos-de-aridane-los-viernes-de-agosto\/#primaryimage"},"thumbnailUrl":"https:\/\/www.aridane.org\/city\/wp-content\/uploads\/2024\/08\/Viernes-de-Agosto.jpeg","datePublished":"2024-08-01T13:06:11+00:00","dateModified":"2024-08-01T13:06:11+00:00","author":{"@id":"https:\/\/www.aridane.org\/city\/#\/schema\/person\/89ebd376b223dc94cc1dbcf200c8e6da"},"breadcrumb":{"@id":"https:\/\/www.aridane.org\/city\/2024\/08\/01\/artistas-palmeros-llenan-de-musica-las-zonas-comerciales-de-los-llanos-de-aridane-los-viernes-de-agosto\/#breadcrumb"},"inLanguage":"es","potentialAction":[{"@type":"ReadAction","target":["https:\/\/www.aridane.org\/city\/2024\/08\/01\/artistas-palmeros-llenan-de-musica-las-zonas-comerciales-de-los-llanos-de-aridane-los-viernes-de-agosto\/"]}]},{"@type":"ImageObject","inLanguage":"es","@id":"https:\/\/www.aridane.org\/city\/2024\/08\/01\/artistas-palmeros-llenan-de-musica-las-zonas-comerciales-de-los-llanos-de-aridane-los-viernes-de-agosto\/#primaryimage","url":"https:\/\/www.aridane.org\/city\/wp-content\/uploads\/2024\/08\/Viernes-de-Agosto.jpeg","contentUrl":"https:\/\/www.aridane.org\/city\/wp-content\/uploads\/2024\/08\/Viernes-de-Agosto.jpeg","width":843,"height":1191},{"@type":"BreadcrumbList","@id":"https:\/\/www.aridane.org\/city\/2024\/08\/01\/artistas-palmeros-llenan-de-musica-las-zonas-comerciales-de-los-llanos-de-aridane-los-viernes-de-agosto\/#breadcrumb","itemListElement":[{"@type":"ListItem","position":1,"name":"Portada","item":"https:\/\/www.aridane.org\/city\/"},{"@type":"ListItem","position":2,"name":"Artistas palmeros llenan de m\u00fasica las zonas comerciales de Los Llanos de Aridane los viernes de agosto\u00a0"}]},{"@type":"WebSite","@id":"https:\/\/www.aridane.org\/city\/#website","url":"https:\/\/www.aridane.org\/city\/","name":"Ayuntamiento de Los Llanos de Aridane","description":"","potentialAction":[{"@type":"SearchAction","target":{"@type":"EntryPoint","urlTemplate":"https:\/\/www.aridane.org\/city\/?s={search_term_string}"},"query-input":"required name=search_term_string"}],"inLanguage":"es"},{"@type":"Person","@id":"https:\/\/www.aridane.org\/city\/#\/schema\/person\/89ebd376b223dc94cc1dbcf200c8e6da","name":"Corresponsal","image":{"@type":"ImageObject","inLanguage":"es","@id":"https:\/\/www.aridane.org\/city\/#\/schema\/person\/image\/","url":"https:\/\/secure.gravatar.com\/avatar\/1c476992411e4ccf153da63b2b2f5ea0bb4cb1c85f3ceab8512f04325ad5579c?s=96&d=mm&r=g","contentUrl":"https:\/\/secure.gravatar.com\/avatar\/1c476992411e4ccf153da63b2b2f5ea0bb4cb1c85f3ceab8512f04325ad5579c?s=96&d=mm&r=g","caption":"Corresponsal"},"url":"https:\/\/www.aridane.org\/city\/author\/corresponsal\/"}]}},"_links":{"self":[{"href":"https:\/\/www.aridane.org\/city\/wp-json\/wp\/v2\/posts\/3984","targetHints":{"allow":["GET"]}}],"collection":[{"href":"https:\/\/www.aridane.org\/city\/wp-json\/wp\/v2\/posts"}],"about":[{"href":"https:\/\/www.aridane.org\/city\/wp-json\/wp\/v2\/types\/post"}],"author":[{"embeddable":true,"href":"https:\/\/www.aridane.org\/city\/wp-json\/wp\/v2\/users\/4"}],"replies":[{"embeddable":true,"href":"https:\/\/www.aridane.org\/city\/wp-json\/wp\/v2\/comments?post=3984"}],"version-history":[{"count":1,"href":"https:\/\/www.aridane.org\/city\/wp-json\/wp\/v2\/posts\/3984\/revisions"}],"predecessor-version":[{"id":3986,"href":"https:\/\/www.aridane.org\/city\/wp-json\/wp\/v2\/posts\/3984\/revisions\/3986"}],"wp:featuredmedia":[{"embeddable":true,"href":"https:\/\/www.aridane.org\/city\/wp-json\/wp\/v2\/media\/3985"}],"wp:attachment":[{"href":"https:\/\/www.aridane.org\/city\/wp-json\/wp\/v2\/media?parent=3984"}],"wp:term":[{"taxonomy":"category","embeddable":true,"href":"https:\/\/www.aridane.org\/city\/wp-json\/wp\/v2\/categories?post=3984"},{"taxonomy":"post_tag","embeddable":true,"href":"https:\/\/www.aridane.org\/city\/wp-json\/wp\/v2\/tags?post=3984"}],"curies":[{"name":"wp","href":"https:\/\/api.w.org\/{rel}","templated":true}]}}