{"id":3987,"date":"2024-08-07T10:33:54","date_gmt":"2024-08-07T10:33:54","guid":{"rendered":"https:\/\/www.aridane.org\/city\/?p=3987"},"modified":"2024-08-07T15:31:42","modified_gmt":"2024-08-07T15:31:42","slug":"las-fiestas-de-argual-disfrutaran-del-mejor-pop-rock-de-los-70-y-80-este-viernes","status":"publish","type":"post","link":"https:\/\/www.aridane.org\/city\/2024\/08\/07\/las-fiestas-de-argual-disfrutaran-del-mejor-pop-rock-de-los-70-y-80-este-viernes\/","title":{"rendered":"Las Fiestas de Argual disfrutar\u00e1n del mejor pop rock de los 70\u2019 y 80\u2019 este viernes"},"content":{"rendered":"<p><em>\u2018Miss Music Band&#8217; actuar\u00e1 en la Plaza de Argual este viernes, 9 de agosto, a las 21:30 horas<\/em><br \/>\n<!--more--><\/p>\n<div id=\"v1forwardbody1\">\n<p>El Ayuntamiento de Los Llanos de Aridane, con motivo de las Fiestas de Argual, organiza un concierto de Miss Music Band en la plaza del barrio. El grupo, que interpreta los mejores temas pop rock de los a\u00f1os 70 y 80, actuar\u00e1 este viernes, 9 de agosto, a las 21:30 horas.<\/p>\n<p>La concejala de Dinamizaci\u00f3n de Barrios, Tamara Acosta, ratifica el apoyo del Ayuntamiento a la Asociaci\u00f3n de Vecinos Tirimara Argual para la celebraci\u00f3n de sus fiestas.<\/p>\n<p>\u201cEstas fiestas son un evento muy importante para nuestros vecinos de Argual y del resto del municipio. Cada vez m\u00e1s personas de otros lugares de la isla se acercan al barrio a disfrutar de sus actividades. Seguiremos aportando nuestro granito de arena para que crezcan y sigan dinamizando el municipio\u201d, apunta Acosta.<\/p>\n<p>Miss Music Band interpretar\u00e1 himnos como\u00a0<em>A qui\u00e9n le importa<\/em>,\u00a0<em>Walking on Sunshine<\/em>,\u00a0<em>We will rock you<\/em>\u00a0o\u00a0<em>Highway to hell<\/em>\u00a0en un espect\u00e1culo repleto de ritmo y energ\u00eda.<\/p>\n<h2><strong>Las Fiestas de Argual<\/strong><\/h2>\n<p>Antes del concierto de este viernes, las Fiestas de Argual cuentan con una rica programaci\u00f3n que combina ocio y deportes.<\/p>\n<p>Este mi\u00e9rcoles, 7 de agosto, tendr\u00e1 lugar una fiesta de la espuma con hinchables para el disfrute de toda la familia. El jueves, d\u00eda 8, ser\u00e1 el torneo de f\u00fatbol 2X2, la actuaci\u00f3n del cuentacuentos G\u00fcicho Est\u00e9vez y la presentaci\u00f3n del documental del Juego del Calabazo. Para el viernes, d\u00eda 9, est\u00e1 previsto el concierto de Miss Music Band.<\/p>\n<p>Para el s\u00e1bado, 10 de agosto, se celebr\u00e1 la m\u00edtica Fiesta de la Cerveza, con la actuaci\u00f3n del Grupo Tres de Ca\u00f1a, D\u00fao Somos Latinos y los djs Ronal Herrera y Capote.<\/p>\n<\/div>\n","protected":false},"excerpt":{"rendered":"<p>\u2018Miss Music Band&#8217; actuar\u00e1 en la Plaza de Argual este viernes, 9 de agosto, a las 21:30 horas<\/p>\n","protected":false},"author":4,"featured_media":3988,"comment_status":"open","ping_status":"open","sticky":false,"template":"","format":"standard","meta":{"footnotes":""},"categories":[1],"tags":[],"class_list":["post-3987","post","type-post","status-publish","format-standard","has-post-thumbnail","hentry","category-sin-categoria"],"yoast_head":"<!-- This site is optimized with the Yoast SEO plugin v22.7 - https:\/\/yoast.com\/wordpress\/plugins\/seo\/ -->\n<title>Las Fiestas de Argual disfrutar\u00e1n del mejor pop rock de los 70\u2019 y 80\u2019 este viernes - Ayuntamiento de Los Llanos de Aridane<\/title>\n<meta name=\"robots\" content=\"index, follow, max-snippet:-1, max-image-preview:large, max-video-preview:-1\" \/>\n<link rel=\"canonical\" href=\"https:\/\/www.aridane.org\/city\/2024\/08\/07\/las-fiestas-de-argual-disfrutaran-del-mejor-pop-rock-de-los-70-y-80-este-viernes\/\" \/>\n<meta property=\"og:locale\" content=\"es_ES\" \/>\n<meta property=\"og:type\" content=\"article\" \/>\n<meta property=\"og:title\" content=\"Las Fiestas de Argual disfrutar\u00e1n del mejor pop rock de los 70\u2019 y 80\u2019 este viernes - Ayuntamiento de Los Llanos de Aridane\" \/>\n<meta property=\"og:description\" content=\"\u2018Miss Music Band&#8217; actuar\u00e1 en la Plaza de Argual este viernes, 9 de agosto, a las 21:30 horas\" \/>\n<meta property=\"og:url\" content=\"https:\/\/www.aridane.org\/city\/2024\/08\/07\/las-fiestas-de-argual-disfrutaran-del-mejor-pop-rock-de-los-70-y-80-este-viernes\/\" \/>\n<meta property=\"og:site_name\" content=\"Ayuntamiento de Los Llanos de Aridane\" \/>\n<meta property=\"article:published_time\" content=\"2024-08-07T10:33:54+00:00\" \/>\n<meta property=\"article:modified_time\" content=\"2024-08-07T15:31:42+00:00\" \/>\n<meta property=\"og:image\" content=\"https:\/\/www.aridane.org\/city\/wp-content\/uploads\/2024\/08\/Miss-Music-Band.jpeg\" \/>\n\t<meta property=\"og:image:width\" content=\"1536\" \/>\n\t<meta property=\"og:image:height\" content=\"2048\" \/>\n\t<meta property=\"og:image:type\" content=\"image\/jpeg\" \/>\n<meta name=\"author\" content=\"Corresponsal\" \/>\n<meta name=\"twitter:card\" content=\"summary_large_image\" \/>\n<meta name=\"twitter:label1\" content=\"Escrito por\" \/>\n\t<meta name=\"twitter:data1\" content=\"Corresponsal\" \/>\n\t<meta name=\"twitter:label2\" content=\"Tiempo de lectura\" \/>\n\t<meta name=\"twitter:data2\" content=\"2 minutos\" \/>\n<script type=\"application\/ld+json\" class=\"yoast-schema-graph\">{\"@context\":\"https:\/\/schema.org\",\"@graph\":[{\"@type\":\"WebPage\",\"@id\":\"https:\/\/www.aridane.org\/city\/2024\/08\/07\/las-fiestas-de-argual-disfrutaran-del-mejor-pop-rock-de-los-70-y-80-este-viernes\/\",\"url\":\"https:\/\/www.aridane.org\/city\/2024\/08\/07\/las-fiestas-de-argual-disfrutaran-del-mejor-pop-rock-de-los-70-y-80-este-viernes\/\",\"name\":\"Las Fiestas de Argual disfrutar\u00e1n del mejor pop rock de los 70\u2019 y 80\u2019 este viernes - Ayuntamiento de Los Llanos de Aridane\",\"isPartOf\":{\"@id\":\"https:\/\/www.aridane.org\/city\/#website\"},\"primaryImageOfPage\":{\"@id\":\"https:\/\/www.aridane.org\/city\/2024\/08\/07\/las-fiestas-de-argual-disfrutaran-del-mejor-pop-rock-de-los-70-y-80-este-viernes\/#primaryimage\"},\"image\":{\"@id\":\"https:\/\/www.aridane.org\/city\/2024\/08\/07\/las-fiestas-de-argual-disfrutaran-del-mejor-pop-rock-de-los-70-y-80-este-viernes\/#primaryimage\"},\"thumbnailUrl\":\"https:\/\/www.aridane.org\/city\/wp-content\/uploads\/2024\/08\/Miss-Music-Band.jpeg\",\"datePublished\":\"2024-08-07T10:33:54+00:00\",\"dateModified\":\"2024-08-07T15:31:42+00:00\",\"author\":{\"@id\":\"https:\/\/www.aridane.org\/city\/#\/schema\/person\/89ebd376b223dc94cc1dbcf200c8e6da\"},\"breadcrumb\":{\"@id\":\"https:\/\/www.aridane.org\/city\/2024\/08\/07\/las-fiestas-de-argual-disfrutaran-del-mejor-pop-rock-de-los-70-y-80-este-viernes\/#breadcrumb\"},\"inLanguage\":\"es\",\"potentialAction\":[{\"@type\":\"ReadAction\",\"target\":[\"https:\/\/www.aridane.org\/city\/2024\/08\/07\/las-fiestas-de-argual-disfrutaran-del-mejor-pop-rock-de-los-70-y-80-este-viernes\/\"]}]},{\"@type\":\"ImageObject\",\"inLanguage\":\"es\",\"@id\":\"https:\/\/www.aridane.org\/city\/2024\/08\/07\/las-fiestas-de-argual-disfrutaran-del-mejor-pop-rock-de-los-70-y-80-este-viernes\/#primaryimage\",\"url\":\"https:\/\/www.aridane.org\/city\/wp-content\/uploads\/2024\/08\/Miss-Music-Band.jpeg\",\"contentUrl\":\"https:\/\/www.aridane.org\/city\/wp-content\/uploads\/2024\/08\/Miss-Music-Band.jpeg\",\"width\":1536,\"height\":2048},{\"@type\":\"BreadcrumbList\",\"@id\":\"https:\/\/www.aridane.org\/city\/2024\/08\/07\/las-fiestas-de-argual-disfrutaran-del-mejor-pop-rock-de-los-70-y-80-este-viernes\/#breadcrumb\",\"itemListElement\":[{\"@type\":\"ListItem\",\"position\":1,\"name\":\"Portada\",\"item\":\"https:\/\/www.aridane.org\/city\/\"},{\"@type\":\"ListItem\",\"position\":2,\"name\":\"Las Fiestas de Argual disfrutar\u00e1n del mejor pop rock de los 70\u2019 y 80\u2019 este viernes\"}]},{\"@type\":\"WebSite\",\"@id\":\"https:\/\/www.aridane.org\/city\/#website\",\"url\":\"https:\/\/www.aridane.org\/city\/\",\"name\":\"Ayuntamiento de Los Llanos de Aridane\",\"description\":\"\",\"potentialAction\":[{\"@type\":\"SearchAction\",\"target\":{\"@type\":\"EntryPoint\",\"urlTemplate\":\"https:\/\/www.aridane.org\/city\/?s={search_term_string}\"},\"query-input\":\"required name=search_term_string\"}],\"inLanguage\":\"es\"},{\"@type\":\"Person\",\"@id\":\"https:\/\/www.aridane.org\/city\/#\/schema\/person\/89ebd376b223dc94cc1dbcf200c8e6da\",\"name\":\"Corresponsal\",\"image\":{\"@type\":\"ImageObject\",\"inLanguage\":\"es\",\"@id\":\"https:\/\/www.aridane.org\/city\/#\/schema\/person\/image\/\",\"url\":\"https:\/\/secure.gravatar.com\/avatar\/1c476992411e4ccf153da63b2b2f5ea0bb4cb1c85f3ceab8512f04325ad5579c?s=96&d=mm&r=g\",\"contentUrl\":\"https:\/\/secure.gravatar.com\/avatar\/1c476992411e4ccf153da63b2b2f5ea0bb4cb1c85f3ceab8512f04325ad5579c?s=96&d=mm&r=g\",\"caption\":\"Corresponsal\"},\"url\":\"https:\/\/www.aridane.org\/city\/author\/corresponsal\/\"}]}<\/script>\n<!-- \/ Yoast SEO plugin. -->","yoast_head_json":{"title":"Las Fiestas de Argual disfrutar\u00e1n del mejor pop rock de los 70\u2019 y 80\u2019 este viernes - Ayuntamiento de Los Llanos de Aridane","robots":{"index":"index","follow":"follow","max-snippet":"max-snippet:-1","max-image-preview":"max-image-preview:large","max-video-preview":"max-video-preview:-1"},"canonical":"https:\/\/www.aridane.org\/city\/2024\/08\/07\/las-fiestas-de-argual-disfrutaran-del-mejor-pop-rock-de-los-70-y-80-este-viernes\/","og_locale":"es_ES","og_type":"article","og_title":"Las Fiestas de Argual disfrutar\u00e1n del mejor pop rock de los 70\u2019 y 80\u2019 este viernes - Ayuntamiento de Los Llanos de Aridane","og_description":"\u2018Miss Music Band&#8217; actuar\u00e1 en la Plaza de Argual este viernes, 9 de agosto, a las 21:30 horas","og_url":"https:\/\/www.aridane.org\/city\/2024\/08\/07\/las-fiestas-de-argual-disfrutaran-del-mejor-pop-rock-de-los-70-y-80-este-viernes\/","og_site_name":"Ayuntamiento de Los Llanos de Aridane","article_published_time":"2024-08-07T10:33:54+00:00","article_modified_time":"2024-08-07T15:31:42+00:00","og_image":[{"width":1536,"height":2048,"url":"https:\/\/www.aridane.org\/city\/wp-content\/uploads\/2024\/08\/Miss-Music-Band.jpeg","type":"image\/jpeg"}],"author":"Corresponsal","twitter_card":"summary_large_image","twitter_misc":{"Escrito por":"Corresponsal","Tiempo de lectura":"2 minutos"},"schema":{"@context":"https:\/\/schema.org","@graph":[{"@type":"WebPage","@id":"https:\/\/www.aridane.org\/city\/2024\/08\/07\/las-fiestas-de-argual-disfrutaran-del-mejor-pop-rock-de-los-70-y-80-este-viernes\/","url":"https:\/\/www.aridane.org\/city\/2024\/08\/07\/las-fiestas-de-argual-disfrutaran-del-mejor-pop-rock-de-los-70-y-80-este-viernes\/","name":"Las Fiestas de Argual disfrutar\u00e1n del mejor pop rock de los 70\u2019 y 80\u2019 este viernes - Ayuntamiento de Los Llanos de Aridane","isPartOf":{"@id":"https:\/\/www.aridane.org\/city\/#website"},"primaryImageOfPage":{"@id":"https:\/\/www.aridane.org\/city\/2024\/08\/07\/las-fiestas-de-argual-disfrutaran-del-mejor-pop-rock-de-los-70-y-80-este-viernes\/#primaryimage"},"image":{"@id":"https:\/\/www.aridane.org\/city\/2024\/08\/07\/las-fiestas-de-argual-disfrutaran-del-mejor-pop-rock-de-los-70-y-80-este-viernes\/#primaryimage"},"thumbnailUrl":"https:\/\/www.aridane.org\/city\/wp-content\/uploads\/2024\/08\/Miss-Music-Band.jpeg","datePublished":"2024-08-07T10:33:54+00:00","dateModified":"2024-08-07T15:31:42+00:00","author":{"@id":"https:\/\/www.aridane.org\/city\/#\/schema\/person\/89ebd376b223dc94cc1dbcf200c8e6da"},"breadcrumb":{"@id":"https:\/\/www.aridane.org\/city\/2024\/08\/07\/las-fiestas-de-argual-disfrutaran-del-mejor-pop-rock-de-los-70-y-80-este-viernes\/#breadcrumb"},"inLanguage":"es","potentialAction":[{"@type":"ReadAction","target":["https:\/\/www.aridane.org\/city\/2024\/08\/07\/las-fiestas-de-argual-disfrutaran-del-mejor-pop-rock-de-los-70-y-80-este-viernes\/"]}]},{"@type":"ImageObject","inLanguage":"es","@id":"https:\/\/www.aridane.org\/city\/2024\/08\/07\/las-fiestas-de-argual-disfrutaran-del-mejor-pop-rock-de-los-70-y-80-este-viernes\/#primaryimage","url":"https:\/\/www.aridane.org\/city\/wp-content\/uploads\/2024\/08\/Miss-Music-Band.jpeg","contentUrl":"https:\/\/www.aridane.org\/city\/wp-content\/uploads\/2024\/08\/Miss-Music-Band.jpeg","width":1536,"height":2048},{"@type":"BreadcrumbList","@id":"https:\/\/www.aridane.org\/city\/2024\/08\/07\/las-fiestas-de-argual-disfrutaran-del-mejor-pop-rock-de-los-70-y-80-este-viernes\/#breadcrumb","itemListElement":[{"@type":"ListItem","position":1,"name":"Portada","item":"https:\/\/www.aridane.org\/city\/"},{"@type":"ListItem","position":2,"name":"Las Fiestas de Argual disfrutar\u00e1n del mejor pop rock de los 70\u2019 y 80\u2019 este viernes"}]},{"@type":"WebSite","@id":"https:\/\/www.aridane.org\/city\/#website","url":"https:\/\/www.aridane.org\/city\/","name":"Ayuntamiento de Los Llanos de Aridane","description":"","potentialAction":[{"@type":"SearchAction","target":{"@type":"EntryPoint","urlTemplate":"https:\/\/www.aridane.org\/city\/?s={search_term_string}"},"query-input":"required name=search_term_string"}],"inLanguage":"es"},{"@type":"Person","@id":"https:\/\/www.aridane.org\/city\/#\/schema\/person\/89ebd376b223dc94cc1dbcf200c8e6da","name":"Corresponsal","image":{"@type":"ImageObject","inLanguage":"es","@id":"https:\/\/www.aridane.org\/city\/#\/schema\/person\/image\/","url":"https:\/\/secure.gravatar.com\/avatar\/1c476992411e4ccf153da63b2b2f5ea0bb4cb1c85f3ceab8512f04325ad5579c?s=96&d=mm&r=g","contentUrl":"https:\/\/secure.gravatar.com\/avatar\/1c476992411e4ccf153da63b2b2f5ea0bb4cb1c85f3ceab8512f04325ad5579c?s=96&d=mm&r=g","caption":"Corresponsal"},"url":"https:\/\/www.aridane.org\/city\/author\/corresponsal\/"}]}},"_links":{"self":[{"href":"https:\/\/www.aridane.org\/city\/wp-json\/wp\/v2\/posts\/3987","targetHints":{"allow":["GET"]}}],"collection":[{"href":"https:\/\/www.aridane.org\/city\/wp-json\/wp\/v2\/posts"}],"about":[{"href":"https:\/\/www.aridane.org\/city\/wp-json\/wp\/v2\/types\/post"}],"author":[{"embeddable":true,"href":"https:\/\/www.aridane.org\/city\/wp-json\/wp\/v2\/users\/4"}],"replies":[{"embeddable":true,"href":"https:\/\/www.aridane.org\/city\/wp-json\/wp\/v2\/comments?post=3987"}],"version-history":[{"count":3,"href":"https:\/\/www.aridane.org\/city\/wp-json\/wp\/v2\/posts\/3987\/revisions"}],"predecessor-version":[{"id":3991,"href":"https:\/\/www.aridane.org\/city\/wp-json\/wp\/v2\/posts\/3987\/revisions\/3991"}],"wp:featuredmedia":[{"embeddable":true,"href":"https:\/\/www.aridane.org\/city\/wp-json\/wp\/v2\/media\/3988"}],"wp:attachment":[{"href":"https:\/\/www.aridane.org\/city\/wp-json\/wp\/v2\/media?parent=3987"}],"wp:term":[{"taxonomy":"category","embeddable":true,"href":"https:\/\/www.aridane.org\/city\/wp-json\/wp\/v2\/categories?post=3987"},{"taxonomy":"post_tag","embeddable":true,"href":"https:\/\/www.aridane.org\/city\/wp-json\/wp\/v2\/tags?post=3987"}],"curies":[{"name":"wp","href":"https:\/\/api.w.org\/{rel}","templated":true}]}}