{"id":3993,"date":"2024-08-13T08:15:01","date_gmt":"2024-08-13T08:15:01","guid":{"rendered":"https:\/\/www.aridane.org\/city\/?p=3993"},"modified":"2024-08-13T08:15:01","modified_gmt":"2024-08-13T08:15:01","slug":"los-llanos-de-aridane-coordina-la-reconstruccion-agricola-con-el-gobierno-canario-y-el-cabildo","status":"publish","type":"post","link":"https:\/\/www.aridane.org\/city\/2024\/08\/13\/los-llanos-de-aridane-coordina-la-reconstruccion-agricola-con-el-gobierno-canario-y-el-cabildo\/","title":{"rendered":"Los Llanos de Aridane coordina la reconstrucci\u00f3n agr\u00edcola con el Gobierno canario y el Cabildo"},"content":{"rendered":"<p><i><span style=\"font-weight: 400;\">El alcalde recuerda que el Ayuntamiento le est\u00e1 metiendo una nueva marcha a la reconstrucci\u00f3n<\/span><\/i><!--more--><\/p>\n<p><span style=\"font-weight: 400;\">El Ayuntamiento de Los Llanos de Aridane coordina la reconstrucci\u00f3n agr\u00edcola en el municipio junto con el Gobierno de Canarias y el Cabildo de La Palma. El objetivo es dinamizar el proceso de recuperaci\u00f3n del municipio, aprovechando las certezas que otorga el nuevo marco jur\u00eddico.<\/span><\/p>\n<p>&nbsp;<\/p>\n<p><span style=\"font-weight: 400;\">El alcalde, Javier Llamas, mantuvo una reuni\u00f3n con el director general de Agricultura del Ejecutivo auton\u00f3mico, Javier Guti\u00e9rrez Ta\u00f1o; el consejero de Agricultura de la Corporaci\u00f3n insular, Alberto Paz; concejales de la instituci\u00f3n municipal y representantes del sector para analizar futuras actuaciones, aprovechando la puesta en marcha de los decretos agr\u00edcolas por parte del Gobierno de Canarias.<\/span><\/p>\n<p>&nbsp;<\/p>\n<p><span style=\"font-weight: 400;\">Javier Llamas sostiene que es el momento de acelerar la reconstrucci\u00f3n. En las \u00faltimas semanas, a\u00f1ade, se han logrado avances importantes en esta materia, abriendo nuevos caminos de la mano con el Cabildo. \u201cCaminos que permitir\u00e1n recuperar viviendas, pero tambi\u00e9n plataneras y otras plantaciones agr\u00edcolas que dinamizar\u00e1n la econom\u00eda del Valle\u201d, apunta.<\/span><\/p>\n<p>&nbsp;<\/p>\n<p><span style=\"font-weight: 400;\">El alcalde insiste en que la recuperaci\u00f3n de los cultivos en la zona afectada por el volc\u00e1n es una parte fundamental del proceso.\u00a0<\/span><\/p>\n<p>&nbsp;<\/p>\n<p><span style=\"font-weight: 400;\">\u201cCabe recordar que algunas de las zonas m\u00e1s f\u00e9rtiles del Valle de Aridane germinaron sobre la lava. Con los decretos del Gobierno canario, por fin, tenemos seguridad jur\u00eddica y herramientas para que nuestros agricultores puedan desarrollar su actividad. No tenemos m\u00e1s tiempo que perder\u201d, subraya, agradeciendo la coordinaci\u00f3n entre todos los actores implicados.<\/span><\/p>\n<p>&nbsp;<\/p>\n<p><span style=\"font-weight: 400;\">En paralelo, el Ayuntamiento trabaja junto al Estado para actualizar el convenio firmado con el Ministerio de Pol\u00edtica Territorial, el cual contempla otros caminos e infraestructuras que no se tuvieron en cuenta en un primer informe. El documento actual cifra la reconstrucci\u00f3n en 76 millones de euros, 52 millones m\u00e1s que lo previsto en el convenio suscrito en diciembre de 2022. Estos fondos son fundamentales para la recuperaci\u00f3n de caminos y espacios p\u00fablicos, algunos de ellos ligados al sector primario de Los Llanos de Aridane.<\/span><\/p>\n","protected":false},"excerpt":{"rendered":"<p>El alcalde recuerda que el Ayuntamiento le est\u00e1 metiendo una nueva marcha a la reconstrucci\u00f3n<\/p>\n","protected":false},"author":4,"featured_media":3994,"comment_status":"open","ping_status":"open","sticky":false,"template":"","format":"standard","meta":{"footnotes":""},"categories":[1],"tags":[],"class_list":["post-3993","post","type-post","status-publish","format-standard","has-post-thumbnail","hentry","category-sin-categoria"],"yoast_head":"<!-- This site is optimized with the Yoast SEO plugin v22.7 - https:\/\/yoast.com\/wordpress\/plugins\/seo\/ -->\n<title>Los Llanos de Aridane coordina la reconstrucci\u00f3n agr\u00edcola con el Gobierno canario y el Cabildo - Ayuntamiento de Los Llanos de Aridane<\/title>\n<meta name=\"robots\" content=\"index, follow, max-snippet:-1, max-image-preview:large, max-video-preview:-1\" \/>\n<link rel=\"canonical\" href=\"https:\/\/www.aridane.org\/city\/2024\/08\/13\/los-llanos-de-aridane-coordina-la-reconstruccion-agricola-con-el-gobierno-canario-y-el-cabildo\/\" \/>\n<meta property=\"og:locale\" content=\"es_ES\" \/>\n<meta property=\"og:type\" content=\"article\" \/>\n<meta property=\"og:title\" content=\"Los Llanos de Aridane coordina la reconstrucci\u00f3n agr\u00edcola con el Gobierno canario y el Cabildo - Ayuntamiento de Los Llanos de Aridane\" \/>\n<meta property=\"og:description\" content=\"El alcalde recuerda que el Ayuntamiento le est\u00e1 metiendo una nueva marcha a la reconstrucci\u00f3n\" \/>\n<meta property=\"og:url\" content=\"https:\/\/www.aridane.org\/city\/2024\/08\/13\/los-llanos-de-aridane-coordina-la-reconstruccion-agricola-con-el-gobierno-canario-y-el-cabildo\/\" \/>\n<meta property=\"og:site_name\" content=\"Ayuntamiento de Los Llanos de Aridane\" \/>\n<meta property=\"article:published_time\" content=\"2024-08-13T08:15:01+00:00\" \/>\n<meta property=\"og:image\" content=\"https:\/\/www.aridane.org\/city\/wp-content\/uploads\/2024\/08\/Reconstruccion-agricola-scaled.jpeg\" \/>\n\t<meta property=\"og:image:width\" content=\"2560\" \/>\n\t<meta property=\"og:image:height\" content=\"1920\" \/>\n\t<meta property=\"og:image:type\" content=\"image\/jpeg\" \/>\n<meta name=\"author\" content=\"Corresponsal\" \/>\n<meta name=\"twitter:card\" content=\"summary_large_image\" \/>\n<meta name=\"twitter:label1\" content=\"Escrito por\" \/>\n\t<meta name=\"twitter:data1\" content=\"Corresponsal\" \/>\n\t<meta name=\"twitter:label2\" content=\"Tiempo de lectura\" \/>\n\t<meta name=\"twitter:data2\" content=\"2 minutos\" \/>\n<script type=\"application\/ld+json\" class=\"yoast-schema-graph\">{\"@context\":\"https:\/\/schema.org\",\"@graph\":[{\"@type\":\"WebPage\",\"@id\":\"https:\/\/www.aridane.org\/city\/2024\/08\/13\/los-llanos-de-aridane-coordina-la-reconstruccion-agricola-con-el-gobierno-canario-y-el-cabildo\/\",\"url\":\"https:\/\/www.aridane.org\/city\/2024\/08\/13\/los-llanos-de-aridane-coordina-la-reconstruccion-agricola-con-el-gobierno-canario-y-el-cabildo\/\",\"name\":\"Los Llanos de Aridane coordina la reconstrucci\u00f3n agr\u00edcola con el Gobierno canario y el Cabildo - Ayuntamiento de Los Llanos de Aridane\",\"isPartOf\":{\"@id\":\"https:\/\/www.aridane.org\/city\/#website\"},\"primaryImageOfPage\":{\"@id\":\"https:\/\/www.aridane.org\/city\/2024\/08\/13\/los-llanos-de-aridane-coordina-la-reconstruccion-agricola-con-el-gobierno-canario-y-el-cabildo\/#primaryimage\"},\"image\":{\"@id\":\"https:\/\/www.aridane.org\/city\/2024\/08\/13\/los-llanos-de-aridane-coordina-la-reconstruccion-agricola-con-el-gobierno-canario-y-el-cabildo\/#primaryimage\"},\"thumbnailUrl\":\"https:\/\/www.aridane.org\/city\/wp-content\/uploads\/2024\/08\/Reconstruccion-agricola-scaled.jpeg\",\"datePublished\":\"2024-08-13T08:15:01+00:00\",\"dateModified\":\"2024-08-13T08:15:01+00:00\",\"author\":{\"@id\":\"https:\/\/www.aridane.org\/city\/#\/schema\/person\/89ebd376b223dc94cc1dbcf200c8e6da\"},\"breadcrumb\":{\"@id\":\"https:\/\/www.aridane.org\/city\/2024\/08\/13\/los-llanos-de-aridane-coordina-la-reconstruccion-agricola-con-el-gobierno-canario-y-el-cabildo\/#breadcrumb\"},\"inLanguage\":\"es\",\"potentialAction\":[{\"@type\":\"ReadAction\",\"target\":[\"https:\/\/www.aridane.org\/city\/2024\/08\/13\/los-llanos-de-aridane-coordina-la-reconstruccion-agricola-con-el-gobierno-canario-y-el-cabildo\/\"]}]},{\"@type\":\"ImageObject\",\"inLanguage\":\"es\",\"@id\":\"https:\/\/www.aridane.org\/city\/2024\/08\/13\/los-llanos-de-aridane-coordina-la-reconstruccion-agricola-con-el-gobierno-canario-y-el-cabildo\/#primaryimage\",\"url\":\"https:\/\/www.aridane.org\/city\/wp-content\/uploads\/2024\/08\/Reconstruccion-agricola-scaled.jpeg\",\"contentUrl\":\"https:\/\/www.aridane.org\/city\/wp-content\/uploads\/2024\/08\/Reconstruccion-agricola-scaled.jpeg\",\"width\":2560,\"height\":1920},{\"@type\":\"BreadcrumbList\",\"@id\":\"https:\/\/www.aridane.org\/city\/2024\/08\/13\/los-llanos-de-aridane-coordina-la-reconstruccion-agricola-con-el-gobierno-canario-y-el-cabildo\/#breadcrumb\",\"itemListElement\":[{\"@type\":\"ListItem\",\"position\":1,\"name\":\"Portada\",\"item\":\"https:\/\/www.aridane.org\/city\/\"},{\"@type\":\"ListItem\",\"position\":2,\"name\":\"Los Llanos de Aridane coordina la reconstrucci\u00f3n agr\u00edcola con el Gobierno canario y el Cabildo\"}]},{\"@type\":\"WebSite\",\"@id\":\"https:\/\/www.aridane.org\/city\/#website\",\"url\":\"https:\/\/www.aridane.org\/city\/\",\"name\":\"Ayuntamiento de Los Llanos de Aridane\",\"description\":\"\",\"potentialAction\":[{\"@type\":\"SearchAction\",\"target\":{\"@type\":\"EntryPoint\",\"urlTemplate\":\"https:\/\/www.aridane.org\/city\/?s={search_term_string}\"},\"query-input\":\"required name=search_term_string\"}],\"inLanguage\":\"es\"},{\"@type\":\"Person\",\"@id\":\"https:\/\/www.aridane.org\/city\/#\/schema\/person\/89ebd376b223dc94cc1dbcf200c8e6da\",\"name\":\"Corresponsal\",\"image\":{\"@type\":\"ImageObject\",\"inLanguage\":\"es\",\"@id\":\"https:\/\/www.aridane.org\/city\/#\/schema\/person\/image\/\",\"url\":\"https:\/\/secure.gravatar.com\/avatar\/1c476992411e4ccf153da63b2b2f5ea0bb4cb1c85f3ceab8512f04325ad5579c?s=96&d=mm&r=g\",\"contentUrl\":\"https:\/\/secure.gravatar.com\/avatar\/1c476992411e4ccf153da63b2b2f5ea0bb4cb1c85f3ceab8512f04325ad5579c?s=96&d=mm&r=g\",\"caption\":\"Corresponsal\"},\"url\":\"https:\/\/www.aridane.org\/city\/author\/corresponsal\/\"}]}<\/script>\n<!-- \/ Yoast SEO plugin. -->","yoast_head_json":{"title":"Los Llanos de Aridane coordina la reconstrucci\u00f3n agr\u00edcola con el Gobierno canario y el Cabildo - Ayuntamiento de Los Llanos de Aridane","robots":{"index":"index","follow":"follow","max-snippet":"max-snippet:-1","max-image-preview":"max-image-preview:large","max-video-preview":"max-video-preview:-1"},"canonical":"https:\/\/www.aridane.org\/city\/2024\/08\/13\/los-llanos-de-aridane-coordina-la-reconstruccion-agricola-con-el-gobierno-canario-y-el-cabildo\/","og_locale":"es_ES","og_type":"article","og_title":"Los Llanos de Aridane coordina la reconstrucci\u00f3n agr\u00edcola con el Gobierno canario y el Cabildo - Ayuntamiento de Los Llanos de Aridane","og_description":"El alcalde recuerda que el Ayuntamiento le est\u00e1 metiendo una nueva marcha a la reconstrucci\u00f3n","og_url":"https:\/\/www.aridane.org\/city\/2024\/08\/13\/los-llanos-de-aridane-coordina-la-reconstruccion-agricola-con-el-gobierno-canario-y-el-cabildo\/","og_site_name":"Ayuntamiento de Los Llanos de Aridane","article_published_time":"2024-08-13T08:15:01+00:00","og_image":[{"width":2560,"height":1920,"url":"https:\/\/www.aridane.org\/city\/wp-content\/uploads\/2024\/08\/Reconstruccion-agricola-scaled.jpeg","type":"image\/jpeg"}],"author":"Corresponsal","twitter_card":"summary_large_image","twitter_misc":{"Escrito por":"Corresponsal","Tiempo de lectura":"2 minutos"},"schema":{"@context":"https:\/\/schema.org","@graph":[{"@type":"WebPage","@id":"https:\/\/www.aridane.org\/city\/2024\/08\/13\/los-llanos-de-aridane-coordina-la-reconstruccion-agricola-con-el-gobierno-canario-y-el-cabildo\/","url":"https:\/\/www.aridane.org\/city\/2024\/08\/13\/los-llanos-de-aridane-coordina-la-reconstruccion-agricola-con-el-gobierno-canario-y-el-cabildo\/","name":"Los Llanos de Aridane coordina la reconstrucci\u00f3n agr\u00edcola con el Gobierno canario y el Cabildo - Ayuntamiento de Los Llanos de Aridane","isPartOf":{"@id":"https:\/\/www.aridane.org\/city\/#website"},"primaryImageOfPage":{"@id":"https:\/\/www.aridane.org\/city\/2024\/08\/13\/los-llanos-de-aridane-coordina-la-reconstruccion-agricola-con-el-gobierno-canario-y-el-cabildo\/#primaryimage"},"image":{"@id":"https:\/\/www.aridane.org\/city\/2024\/08\/13\/los-llanos-de-aridane-coordina-la-reconstruccion-agricola-con-el-gobierno-canario-y-el-cabildo\/#primaryimage"},"thumbnailUrl":"https:\/\/www.aridane.org\/city\/wp-content\/uploads\/2024\/08\/Reconstruccion-agricola-scaled.jpeg","datePublished":"2024-08-13T08:15:01+00:00","dateModified":"2024-08-13T08:15:01+00:00","author":{"@id":"https:\/\/www.aridane.org\/city\/#\/schema\/person\/89ebd376b223dc94cc1dbcf200c8e6da"},"breadcrumb":{"@id":"https:\/\/www.aridane.org\/city\/2024\/08\/13\/los-llanos-de-aridane-coordina-la-reconstruccion-agricola-con-el-gobierno-canario-y-el-cabildo\/#breadcrumb"},"inLanguage":"es","potentialAction":[{"@type":"ReadAction","target":["https:\/\/www.aridane.org\/city\/2024\/08\/13\/los-llanos-de-aridane-coordina-la-reconstruccion-agricola-con-el-gobierno-canario-y-el-cabildo\/"]}]},{"@type":"ImageObject","inLanguage":"es","@id":"https:\/\/www.aridane.org\/city\/2024\/08\/13\/los-llanos-de-aridane-coordina-la-reconstruccion-agricola-con-el-gobierno-canario-y-el-cabildo\/#primaryimage","url":"https:\/\/www.aridane.org\/city\/wp-content\/uploads\/2024\/08\/Reconstruccion-agricola-scaled.jpeg","contentUrl":"https:\/\/www.aridane.org\/city\/wp-content\/uploads\/2024\/08\/Reconstruccion-agricola-scaled.jpeg","width":2560,"height":1920},{"@type":"BreadcrumbList","@id":"https:\/\/www.aridane.org\/city\/2024\/08\/13\/los-llanos-de-aridane-coordina-la-reconstruccion-agricola-con-el-gobierno-canario-y-el-cabildo\/#breadcrumb","itemListElement":[{"@type":"ListItem","position":1,"name":"Portada","item":"https:\/\/www.aridane.org\/city\/"},{"@type":"ListItem","position":2,"name":"Los Llanos de Aridane coordina la reconstrucci\u00f3n agr\u00edcola con el Gobierno canario y el Cabildo"}]},{"@type":"WebSite","@id":"https:\/\/www.aridane.org\/city\/#website","url":"https:\/\/www.aridane.org\/city\/","name":"Ayuntamiento de Los Llanos de Aridane","description":"","potentialAction":[{"@type":"SearchAction","target":{"@type":"EntryPoint","urlTemplate":"https:\/\/www.aridane.org\/city\/?s={search_term_string}"},"query-input":"required name=search_term_string"}],"inLanguage":"es"},{"@type":"Person","@id":"https:\/\/www.aridane.org\/city\/#\/schema\/person\/89ebd376b223dc94cc1dbcf200c8e6da","name":"Corresponsal","image":{"@type":"ImageObject","inLanguage":"es","@id":"https:\/\/www.aridane.org\/city\/#\/schema\/person\/image\/","url":"https:\/\/secure.gravatar.com\/avatar\/1c476992411e4ccf153da63b2b2f5ea0bb4cb1c85f3ceab8512f04325ad5579c?s=96&d=mm&r=g","contentUrl":"https:\/\/secure.gravatar.com\/avatar\/1c476992411e4ccf153da63b2b2f5ea0bb4cb1c85f3ceab8512f04325ad5579c?s=96&d=mm&r=g","caption":"Corresponsal"},"url":"https:\/\/www.aridane.org\/city\/author\/corresponsal\/"}]}},"_links":{"self":[{"href":"https:\/\/www.aridane.org\/city\/wp-json\/wp\/v2\/posts\/3993","targetHints":{"allow":["GET"]}}],"collection":[{"href":"https:\/\/www.aridane.org\/city\/wp-json\/wp\/v2\/posts"}],"about":[{"href":"https:\/\/www.aridane.org\/city\/wp-json\/wp\/v2\/types\/post"}],"author":[{"embeddable":true,"href":"https:\/\/www.aridane.org\/city\/wp-json\/wp\/v2\/users\/4"}],"replies":[{"embeddable":true,"href":"https:\/\/www.aridane.org\/city\/wp-json\/wp\/v2\/comments?post=3993"}],"version-history":[{"count":1,"href":"https:\/\/www.aridane.org\/city\/wp-json\/wp\/v2\/posts\/3993\/revisions"}],"predecessor-version":[{"id":3995,"href":"https:\/\/www.aridane.org\/city\/wp-json\/wp\/v2\/posts\/3993\/revisions\/3995"}],"wp:featuredmedia":[{"embeddable":true,"href":"https:\/\/www.aridane.org\/city\/wp-json\/wp\/v2\/media\/3994"}],"wp:attachment":[{"href":"https:\/\/www.aridane.org\/city\/wp-json\/wp\/v2\/media?parent=3993"}],"wp:term":[{"taxonomy":"category","embeddable":true,"href":"https:\/\/www.aridane.org\/city\/wp-json\/wp\/v2\/categories?post=3993"},{"taxonomy":"post_tag","embeddable":true,"href":"https:\/\/www.aridane.org\/city\/wp-json\/wp\/v2\/tags?post=3993"}],"curies":[{"name":"wp","href":"https:\/\/api.w.org\/{rel}","templated":true}]}}