{"id":3996,"date":"2024-08-12T13:05:41","date_gmt":"2024-08-12T13:05:41","guid":{"rendered":"https:\/\/www.aridane.org\/city\/?p=3996"},"modified":"2024-08-13T13:51:18","modified_gmt":"2024-08-13T13:51:18","slug":"el-ayuntamiento-celebra-una-fiesta-con-musica-en-vivo-y-djs-en-puerto-naos-el-16-de-agosto","status":"publish","type":"post","link":"https:\/\/www.aridane.org\/city\/2024\/08\/12\/el-ayuntamiento-celebra-una-fiesta-con-musica-en-vivo-y-djs-en-puerto-naos-el-16-de-agosto\/","title":{"rendered":"El Ayuntamiento celebra una fiesta con m\u00fasica en vivo y DJs en Puerto Naos el 16 de agosto"},"content":{"rendered":"<p><em>Puerto Naos Summer Music contar\u00e1 con actuaciones de los DJs Indi, Jacob Alonso, Tenax, Luis L\u00f3pez y Yardi, adem\u00e1s del concierto de Kebehi<\/em><!--more--><\/p>\n<div id=\"v1forwardbody1\">\n<p>El Ayuntamiento de Los Llanos de Aridane organiza Puerto Naos Summer Music, un festival con DJs y m\u00fasica en vivo en la Avenida Mar\u00edtima de la playa. Ser\u00e1 el pr\u00f3ximo viernes, 16 de agosto, desde las 15:00 horas hasta las 21:00 horas.<\/p>\n<p>El concejal de Juventud, Eduardo P\u00e9rez, asegura que este evento est\u00e1 dirigido a todos los p\u00fablicos. \u201cDesde el Ayuntamiento, queremos aportar nuestro granito de arena para seguir dinamizando Puerto Naos y posicionarla como la playa m\u00e1s din\u00e1mica de La Palma\u201d, apunta.<\/p>\n<p>En este sentido, el concejal de Fiestas, \u00c1lvaro Pages anima a la ciudadan\u00eda a acudir al evento y a disfrutar de Puerto Naos con alegr\u00eda y responsabilidad. \u201cPasaremos una bonita tarde en nuestra querida playa\u201d, apunta.<\/p>\n<p>Por su parte, el alcalde Javier Llamas destaca la importancia de seguir reactivando Puerto Naos. \u201cLa gesti\u00f3n de los gases nos est\u00e1 permitiendo reactivar uno de los n\u00facleos de ocio m\u00e1s importantes de La Palma. Apoyaremos a los comerciantes y a los vecinos para que entre todos contribuyamos a la recuperaci\u00f3n de este importante barrio\u201d, a\u00f1ade.<\/p>\n<p>Puerto Naos Summer Music contar\u00e1 con actuaciones de los DJs Indi, Jacob Alonso, Tenax, Luis L\u00f3pez y Yardi, adem\u00e1s del concierto de Kebehi. Esta acci\u00f3n se enmarca dentro del D\u00eda Mundial de la Juventud, que se celebra este lunes, 12 de agosto.<\/p>\n<\/div>\n","protected":false},"excerpt":{"rendered":"<p>Puerto Naos Summer Music contar\u00e1 con actuaciones de los DJs Indi, Jacob Alonso, Tenax, Luis L\u00f3pez y Yardi, adem\u00e1s del concierto de Kebehi<\/p>\n","protected":false},"author":4,"featured_media":3997,"comment_status":"open","ping_status":"open","sticky":false,"template":"","format":"standard","meta":{"footnotes":""},"categories":[1],"tags":[],"class_list":["post-3996","post","type-post","status-publish","format-standard","has-post-thumbnail","hentry","category-sin-categoria"],"yoast_head":"<!-- This site is optimized with the Yoast SEO plugin v22.7 - https:\/\/yoast.com\/wordpress\/plugins\/seo\/ -->\n<title>El Ayuntamiento celebra una fiesta con m\u00fasica en vivo y DJs en Puerto Naos el 16 de agosto - Ayuntamiento de Los Llanos de Aridane<\/title>\n<meta name=\"robots\" content=\"index, follow, max-snippet:-1, max-image-preview:large, max-video-preview:-1\" \/>\n<link rel=\"canonical\" href=\"https:\/\/www.aridane.org\/city\/2024\/08\/12\/el-ayuntamiento-celebra-una-fiesta-con-musica-en-vivo-y-djs-en-puerto-naos-el-16-de-agosto\/\" \/>\n<meta property=\"og:locale\" content=\"es_ES\" \/>\n<meta property=\"og:type\" content=\"article\" \/>\n<meta property=\"og:title\" content=\"El Ayuntamiento celebra una fiesta con m\u00fasica en vivo y DJs en Puerto Naos el 16 de agosto - Ayuntamiento de Los Llanos de Aridane\" \/>\n<meta property=\"og:description\" content=\"Puerto Naos Summer Music contar\u00e1 con actuaciones de los DJs Indi, Jacob Alonso, Tenax, Luis L\u00f3pez y Yardi, adem\u00e1s del concierto de Kebehi\" \/>\n<meta property=\"og:url\" content=\"https:\/\/www.aridane.org\/city\/2024\/08\/12\/el-ayuntamiento-celebra-una-fiesta-con-musica-en-vivo-y-djs-en-puerto-naos-el-16-de-agosto\/\" \/>\n<meta property=\"og:site_name\" content=\"Ayuntamiento de Los Llanos de Aridane\" \/>\n<meta property=\"article:published_time\" content=\"2024-08-12T13:05:41+00:00\" \/>\n<meta property=\"article:modified_time\" content=\"2024-08-13T13:51:18+00:00\" \/>\n<meta property=\"og:image\" content=\"https:\/\/www.aridane.org\/city\/wp-content\/uploads\/2024\/08\/Puerto-Naos-Summer-Music.jpeg\" \/>\n\t<meta property=\"og:image:width\" content=\"1600\" \/>\n\t<meta property=\"og:image:height\" content=\"1600\" \/>\n\t<meta property=\"og:image:type\" content=\"image\/jpeg\" \/>\n<meta name=\"author\" content=\"Corresponsal\" \/>\n<meta name=\"twitter:card\" content=\"summary_large_image\" \/>\n<meta name=\"twitter:label1\" content=\"Escrito por\" \/>\n\t<meta name=\"twitter:data1\" content=\"Corresponsal\" \/>\n\t<meta name=\"twitter:label2\" content=\"Tiempo de lectura\" \/>\n\t<meta name=\"twitter:data2\" content=\"2 minutos\" \/>\n<script type=\"application\/ld+json\" class=\"yoast-schema-graph\">{\"@context\":\"https:\/\/schema.org\",\"@graph\":[{\"@type\":\"WebPage\",\"@id\":\"https:\/\/www.aridane.org\/city\/2024\/08\/12\/el-ayuntamiento-celebra-una-fiesta-con-musica-en-vivo-y-djs-en-puerto-naos-el-16-de-agosto\/\",\"url\":\"https:\/\/www.aridane.org\/city\/2024\/08\/12\/el-ayuntamiento-celebra-una-fiesta-con-musica-en-vivo-y-djs-en-puerto-naos-el-16-de-agosto\/\",\"name\":\"El Ayuntamiento celebra una fiesta con m\u00fasica en vivo y DJs en Puerto Naos el 16 de agosto - Ayuntamiento de Los Llanos de Aridane\",\"isPartOf\":{\"@id\":\"https:\/\/www.aridane.org\/city\/#website\"},\"primaryImageOfPage\":{\"@id\":\"https:\/\/www.aridane.org\/city\/2024\/08\/12\/el-ayuntamiento-celebra-una-fiesta-con-musica-en-vivo-y-djs-en-puerto-naos-el-16-de-agosto\/#primaryimage\"},\"image\":{\"@id\":\"https:\/\/www.aridane.org\/city\/2024\/08\/12\/el-ayuntamiento-celebra-una-fiesta-con-musica-en-vivo-y-djs-en-puerto-naos-el-16-de-agosto\/#primaryimage\"},\"thumbnailUrl\":\"https:\/\/www.aridane.org\/city\/wp-content\/uploads\/2024\/08\/Puerto-Naos-Summer-Music.jpeg\",\"datePublished\":\"2024-08-12T13:05:41+00:00\",\"dateModified\":\"2024-08-13T13:51:18+00:00\",\"author\":{\"@id\":\"https:\/\/www.aridane.org\/city\/#\/schema\/person\/89ebd376b223dc94cc1dbcf200c8e6da\"},\"breadcrumb\":{\"@id\":\"https:\/\/www.aridane.org\/city\/2024\/08\/12\/el-ayuntamiento-celebra-una-fiesta-con-musica-en-vivo-y-djs-en-puerto-naos-el-16-de-agosto\/#breadcrumb\"},\"inLanguage\":\"es\",\"potentialAction\":[{\"@type\":\"ReadAction\",\"target\":[\"https:\/\/www.aridane.org\/city\/2024\/08\/12\/el-ayuntamiento-celebra-una-fiesta-con-musica-en-vivo-y-djs-en-puerto-naos-el-16-de-agosto\/\"]}]},{\"@type\":\"ImageObject\",\"inLanguage\":\"es\",\"@id\":\"https:\/\/www.aridane.org\/city\/2024\/08\/12\/el-ayuntamiento-celebra-una-fiesta-con-musica-en-vivo-y-djs-en-puerto-naos-el-16-de-agosto\/#primaryimage\",\"url\":\"https:\/\/www.aridane.org\/city\/wp-content\/uploads\/2024\/08\/Puerto-Naos-Summer-Music.jpeg\",\"contentUrl\":\"https:\/\/www.aridane.org\/city\/wp-content\/uploads\/2024\/08\/Puerto-Naos-Summer-Music.jpeg\",\"width\":1600,\"height\":1600},{\"@type\":\"BreadcrumbList\",\"@id\":\"https:\/\/www.aridane.org\/city\/2024\/08\/12\/el-ayuntamiento-celebra-una-fiesta-con-musica-en-vivo-y-djs-en-puerto-naos-el-16-de-agosto\/#breadcrumb\",\"itemListElement\":[{\"@type\":\"ListItem\",\"position\":1,\"name\":\"Portada\",\"item\":\"https:\/\/www.aridane.org\/city\/\"},{\"@type\":\"ListItem\",\"position\":2,\"name\":\"El Ayuntamiento celebra una fiesta con m\u00fasica en vivo y DJs en Puerto Naos el 16 de agosto\"}]},{\"@type\":\"WebSite\",\"@id\":\"https:\/\/www.aridane.org\/city\/#website\",\"url\":\"https:\/\/www.aridane.org\/city\/\",\"name\":\"Ayuntamiento de Los Llanos de Aridane\",\"description\":\"\",\"potentialAction\":[{\"@type\":\"SearchAction\",\"target\":{\"@type\":\"EntryPoint\",\"urlTemplate\":\"https:\/\/www.aridane.org\/city\/?s={search_term_string}\"},\"query-input\":\"required name=search_term_string\"}],\"inLanguage\":\"es\"},{\"@type\":\"Person\",\"@id\":\"https:\/\/www.aridane.org\/city\/#\/schema\/person\/89ebd376b223dc94cc1dbcf200c8e6da\",\"name\":\"Corresponsal\",\"image\":{\"@type\":\"ImageObject\",\"inLanguage\":\"es\",\"@id\":\"https:\/\/www.aridane.org\/city\/#\/schema\/person\/image\/\",\"url\":\"https:\/\/secure.gravatar.com\/avatar\/1c476992411e4ccf153da63b2b2f5ea0bb4cb1c85f3ceab8512f04325ad5579c?s=96&d=mm&r=g\",\"contentUrl\":\"https:\/\/secure.gravatar.com\/avatar\/1c476992411e4ccf153da63b2b2f5ea0bb4cb1c85f3ceab8512f04325ad5579c?s=96&d=mm&r=g\",\"caption\":\"Corresponsal\"},\"url\":\"https:\/\/www.aridane.org\/city\/author\/corresponsal\/\"}]}<\/script>\n<!-- \/ Yoast SEO plugin. -->","yoast_head_json":{"title":"El Ayuntamiento celebra una fiesta con m\u00fasica en vivo y DJs en Puerto Naos el 16 de agosto - Ayuntamiento de Los Llanos de Aridane","robots":{"index":"index","follow":"follow","max-snippet":"max-snippet:-1","max-image-preview":"max-image-preview:large","max-video-preview":"max-video-preview:-1"},"canonical":"https:\/\/www.aridane.org\/city\/2024\/08\/12\/el-ayuntamiento-celebra-una-fiesta-con-musica-en-vivo-y-djs-en-puerto-naos-el-16-de-agosto\/","og_locale":"es_ES","og_type":"article","og_title":"El Ayuntamiento celebra una fiesta con m\u00fasica en vivo y DJs en Puerto Naos el 16 de agosto - Ayuntamiento de Los Llanos de Aridane","og_description":"Puerto Naos Summer Music contar\u00e1 con actuaciones de los DJs Indi, Jacob Alonso, Tenax, Luis L\u00f3pez y Yardi, adem\u00e1s del concierto de Kebehi","og_url":"https:\/\/www.aridane.org\/city\/2024\/08\/12\/el-ayuntamiento-celebra-una-fiesta-con-musica-en-vivo-y-djs-en-puerto-naos-el-16-de-agosto\/","og_site_name":"Ayuntamiento de Los Llanos de Aridane","article_published_time":"2024-08-12T13:05:41+00:00","article_modified_time":"2024-08-13T13:51:18+00:00","og_image":[{"width":1600,"height":1600,"url":"https:\/\/www.aridane.org\/city\/wp-content\/uploads\/2024\/08\/Puerto-Naos-Summer-Music.jpeg","type":"image\/jpeg"}],"author":"Corresponsal","twitter_card":"summary_large_image","twitter_misc":{"Escrito por":"Corresponsal","Tiempo de lectura":"2 minutos"},"schema":{"@context":"https:\/\/schema.org","@graph":[{"@type":"WebPage","@id":"https:\/\/www.aridane.org\/city\/2024\/08\/12\/el-ayuntamiento-celebra-una-fiesta-con-musica-en-vivo-y-djs-en-puerto-naos-el-16-de-agosto\/","url":"https:\/\/www.aridane.org\/city\/2024\/08\/12\/el-ayuntamiento-celebra-una-fiesta-con-musica-en-vivo-y-djs-en-puerto-naos-el-16-de-agosto\/","name":"El Ayuntamiento celebra una fiesta con m\u00fasica en vivo y DJs en Puerto Naos el 16 de agosto - Ayuntamiento de Los Llanos de Aridane","isPartOf":{"@id":"https:\/\/www.aridane.org\/city\/#website"},"primaryImageOfPage":{"@id":"https:\/\/www.aridane.org\/city\/2024\/08\/12\/el-ayuntamiento-celebra-una-fiesta-con-musica-en-vivo-y-djs-en-puerto-naos-el-16-de-agosto\/#primaryimage"},"image":{"@id":"https:\/\/www.aridane.org\/city\/2024\/08\/12\/el-ayuntamiento-celebra-una-fiesta-con-musica-en-vivo-y-djs-en-puerto-naos-el-16-de-agosto\/#primaryimage"},"thumbnailUrl":"https:\/\/www.aridane.org\/city\/wp-content\/uploads\/2024\/08\/Puerto-Naos-Summer-Music.jpeg","datePublished":"2024-08-12T13:05:41+00:00","dateModified":"2024-08-13T13:51:18+00:00","author":{"@id":"https:\/\/www.aridane.org\/city\/#\/schema\/person\/89ebd376b223dc94cc1dbcf200c8e6da"},"breadcrumb":{"@id":"https:\/\/www.aridane.org\/city\/2024\/08\/12\/el-ayuntamiento-celebra-una-fiesta-con-musica-en-vivo-y-djs-en-puerto-naos-el-16-de-agosto\/#breadcrumb"},"inLanguage":"es","potentialAction":[{"@type":"ReadAction","target":["https:\/\/www.aridane.org\/city\/2024\/08\/12\/el-ayuntamiento-celebra-una-fiesta-con-musica-en-vivo-y-djs-en-puerto-naos-el-16-de-agosto\/"]}]},{"@type":"ImageObject","inLanguage":"es","@id":"https:\/\/www.aridane.org\/city\/2024\/08\/12\/el-ayuntamiento-celebra-una-fiesta-con-musica-en-vivo-y-djs-en-puerto-naos-el-16-de-agosto\/#primaryimage","url":"https:\/\/www.aridane.org\/city\/wp-content\/uploads\/2024\/08\/Puerto-Naos-Summer-Music.jpeg","contentUrl":"https:\/\/www.aridane.org\/city\/wp-content\/uploads\/2024\/08\/Puerto-Naos-Summer-Music.jpeg","width":1600,"height":1600},{"@type":"BreadcrumbList","@id":"https:\/\/www.aridane.org\/city\/2024\/08\/12\/el-ayuntamiento-celebra-una-fiesta-con-musica-en-vivo-y-djs-en-puerto-naos-el-16-de-agosto\/#breadcrumb","itemListElement":[{"@type":"ListItem","position":1,"name":"Portada","item":"https:\/\/www.aridane.org\/city\/"},{"@type":"ListItem","position":2,"name":"El Ayuntamiento celebra una fiesta con m\u00fasica en vivo y DJs en Puerto Naos el 16 de agosto"}]},{"@type":"WebSite","@id":"https:\/\/www.aridane.org\/city\/#website","url":"https:\/\/www.aridane.org\/city\/","name":"Ayuntamiento de Los Llanos de Aridane","description":"","potentialAction":[{"@type":"SearchAction","target":{"@type":"EntryPoint","urlTemplate":"https:\/\/www.aridane.org\/city\/?s={search_term_string}"},"query-input":"required name=search_term_string"}],"inLanguage":"es"},{"@type":"Person","@id":"https:\/\/www.aridane.org\/city\/#\/schema\/person\/89ebd376b223dc94cc1dbcf200c8e6da","name":"Corresponsal","image":{"@type":"ImageObject","inLanguage":"es","@id":"https:\/\/www.aridane.org\/city\/#\/schema\/person\/image\/","url":"https:\/\/secure.gravatar.com\/avatar\/1c476992411e4ccf153da63b2b2f5ea0bb4cb1c85f3ceab8512f04325ad5579c?s=96&d=mm&r=g","contentUrl":"https:\/\/secure.gravatar.com\/avatar\/1c476992411e4ccf153da63b2b2f5ea0bb4cb1c85f3ceab8512f04325ad5579c?s=96&d=mm&r=g","caption":"Corresponsal"},"url":"https:\/\/www.aridane.org\/city\/author\/corresponsal\/"}]}},"_links":{"self":[{"href":"https:\/\/www.aridane.org\/city\/wp-json\/wp\/v2\/posts\/3996","targetHints":{"allow":["GET"]}}],"collection":[{"href":"https:\/\/www.aridane.org\/city\/wp-json\/wp\/v2\/posts"}],"about":[{"href":"https:\/\/www.aridane.org\/city\/wp-json\/wp\/v2\/types\/post"}],"author":[{"embeddable":true,"href":"https:\/\/www.aridane.org\/city\/wp-json\/wp\/v2\/users\/4"}],"replies":[{"embeddable":true,"href":"https:\/\/www.aridane.org\/city\/wp-json\/wp\/v2\/comments?post=3996"}],"version-history":[{"count":2,"href":"https:\/\/www.aridane.org\/city\/wp-json\/wp\/v2\/posts\/3996\/revisions"}],"predecessor-version":[{"id":3999,"href":"https:\/\/www.aridane.org\/city\/wp-json\/wp\/v2\/posts\/3996\/revisions\/3999"}],"wp:featuredmedia":[{"embeddable":true,"href":"https:\/\/www.aridane.org\/city\/wp-json\/wp\/v2\/media\/3997"}],"wp:attachment":[{"href":"https:\/\/www.aridane.org\/city\/wp-json\/wp\/v2\/media?parent=3996"}],"wp:term":[{"taxonomy":"category","embeddable":true,"href":"https:\/\/www.aridane.org\/city\/wp-json\/wp\/v2\/categories?post=3996"},{"taxonomy":"post_tag","embeddable":true,"href":"https:\/\/www.aridane.org\/city\/wp-json\/wp\/v2\/tags?post=3996"}],"curies":[{"name":"wp","href":"https:\/\/api.w.org\/{rel}","templated":true}]}}