{"id":4022,"date":"2024-08-20T08:15:15","date_gmt":"2024-08-20T08:15:15","guid":{"rendered":"https:\/\/www.aridane.org\/city\/?p=4022"},"modified":"2024-08-20T08:15:15","modified_gmt":"2024-08-20T08:15:15","slug":"la-velada-iii-vuelve-a-los-llanos-de-aridane-con-mas-acento-canario-que-nunca","status":"publish","type":"post","link":"https:\/\/www.aridane.org\/city\/2024\/08\/20\/la-velada-iii-vuelve-a-los-llanos-de-aridane-con-mas-acento-canario-que-nunca\/","title":{"rendered":"La Velada III vuelve a Los Llanos de Aridane con m\u00e1s acento canario que nunca"},"content":{"rendered":"<p><em>La apertura de puertas tendr\u00e1 lugar a las 17:00 de este s\u00e1bado<\/em><br \/>\n<!--more--><\/p>\n<div id=\"v1forwardbody1\">\n<p>El Ayuntamiento de Los Llanos de Aridane acoge la tercera edici\u00f3n de La Velada La Palma Boxing Promotion, que tendr\u00e1 lugar el s\u00e1bado, 24 de agosto. En estos a\u00f1os, el evento se ha consolidado como un imprescindible en el verano del municipio, colgando siempre el cartel de lleno y demostrando la pasi\u00f3n que existe por el boxeo.<\/p>\n<p>El concejal de Deportes, V\u00edctor Gonz\u00e1lez, asegura que un a\u00f1o m\u00e1s el Ayuntamiento apuesta por La Velada III de forma decidida.<\/p>\n<p>\u201cEs un evento que, como dijimos desde su primera edici\u00f3n, ha venido para quedarse, este a\u00f1o con mucho m\u00e1s acento canario y donde nuestros deportistas llanenses\u00a0 e insulares se enfrentar\u00e1n a p\u00fagiles de otras islas. El \u00e9xito est\u00e1 garantizado, y desde el ayuntamiento queremos felicitar al promotor, Jos\u00e9 Antonio Reis, popularmente conocido como Tato Primera, por impulsar este evento\u201d, afirma.<\/p>\n<p>La Velada III la coorganiza la promotora La Palma Boxing Promotion, el Ayuntamiento de Los Llanos de Aridane a trav\u00e9s de su Concejal\u00eda de Deportes, la Federaci\u00f3n Canaria de Boxeo y el Cabildo de La Palma.<\/p>\n<p>Desde el consistorio se invita a todas las personas a que acudan y apoyen a los deportistas. Los interesados podr\u00e1n adquirir las entradas de forma anticipada en <a href=\"https:\/\/www.tomaticket.es\/es-es\/entradas-la-palma-boxing-promocion\">Tomaticket<\/a>. La apertura de las puertas ser\u00e1 desde las 17:00 horas de este s\u00e1bado.<\/p>\n<\/div>\n","protected":false},"excerpt":{"rendered":"<p>La apertura de puertas tendr\u00e1 lugar a las 17:00 de este s\u00e1bado<\/p>\n","protected":false},"author":4,"featured_media":4023,"comment_status":"open","ping_status":"open","sticky":false,"template":"","format":"standard","meta":{"footnotes":""},"categories":[1],"tags":[],"class_list":["post-4022","post","type-post","status-publish","format-standard","has-post-thumbnail","hentry","category-sin-categoria"],"yoast_head":"<!-- This site is optimized with the Yoast SEO plugin v22.7 - https:\/\/yoast.com\/wordpress\/plugins\/seo\/ -->\n<title>La Velada III vuelve a Los Llanos de Aridane con m\u00e1s acento canario que nunca - Ayuntamiento de Los Llanos de Aridane<\/title>\n<meta name=\"robots\" content=\"index, follow, max-snippet:-1, max-image-preview:large, max-video-preview:-1\" \/>\n<link rel=\"canonical\" href=\"https:\/\/www.aridane.org\/city\/2024\/08\/20\/la-velada-iii-vuelve-a-los-llanos-de-aridane-con-mas-acento-canario-que-nunca\/\" \/>\n<meta property=\"og:locale\" content=\"es_ES\" \/>\n<meta property=\"og:type\" content=\"article\" \/>\n<meta property=\"og:title\" content=\"La Velada III vuelve a Los Llanos de Aridane con m\u00e1s acento canario que nunca - Ayuntamiento de Los Llanos de Aridane\" \/>\n<meta property=\"og:description\" content=\"La apertura de puertas tendr\u00e1 lugar a las 17:00 de este s\u00e1bado\" \/>\n<meta property=\"og:url\" content=\"https:\/\/www.aridane.org\/city\/2024\/08\/20\/la-velada-iii-vuelve-a-los-llanos-de-aridane-con-mas-acento-canario-que-nunca\/\" \/>\n<meta property=\"og:site_name\" content=\"Ayuntamiento de Los Llanos de Aridane\" \/>\n<meta property=\"article:published_time\" content=\"2024-08-20T08:15:15+00:00\" \/>\n<meta property=\"og:image\" content=\"https:\/\/www.aridane.org\/city\/wp-content\/uploads\/2024\/08\/La-Velada.jpeg\" \/>\n\t<meta property=\"og:image:width\" content=\"1199\" \/>\n\t<meta property=\"og:image:height\" content=\"800\" \/>\n\t<meta property=\"og:image:type\" content=\"image\/jpeg\" \/>\n<meta name=\"author\" content=\"Corresponsal\" \/>\n<meta name=\"twitter:card\" content=\"summary_large_image\" \/>\n<meta name=\"twitter:label1\" content=\"Escrito por\" \/>\n\t<meta name=\"twitter:data1\" content=\"Corresponsal\" \/>\n\t<meta name=\"twitter:label2\" content=\"Tiempo de lectura\" \/>\n\t<meta name=\"twitter:data2\" content=\"2 minutos\" \/>\n<script type=\"application\/ld+json\" class=\"yoast-schema-graph\">{\"@context\":\"https:\/\/schema.org\",\"@graph\":[{\"@type\":\"WebPage\",\"@id\":\"https:\/\/www.aridane.org\/city\/2024\/08\/20\/la-velada-iii-vuelve-a-los-llanos-de-aridane-con-mas-acento-canario-que-nunca\/\",\"url\":\"https:\/\/www.aridane.org\/city\/2024\/08\/20\/la-velada-iii-vuelve-a-los-llanos-de-aridane-con-mas-acento-canario-que-nunca\/\",\"name\":\"La Velada III vuelve a Los Llanos de Aridane con m\u00e1s acento canario que nunca - Ayuntamiento de Los Llanos de Aridane\",\"isPartOf\":{\"@id\":\"https:\/\/www.aridane.org\/city\/#website\"},\"primaryImageOfPage\":{\"@id\":\"https:\/\/www.aridane.org\/city\/2024\/08\/20\/la-velada-iii-vuelve-a-los-llanos-de-aridane-con-mas-acento-canario-que-nunca\/#primaryimage\"},\"image\":{\"@id\":\"https:\/\/www.aridane.org\/city\/2024\/08\/20\/la-velada-iii-vuelve-a-los-llanos-de-aridane-con-mas-acento-canario-que-nunca\/#primaryimage\"},\"thumbnailUrl\":\"https:\/\/www.aridane.org\/city\/wp-content\/uploads\/2024\/08\/La-Velada.jpeg\",\"datePublished\":\"2024-08-20T08:15:15+00:00\",\"dateModified\":\"2024-08-20T08:15:15+00:00\",\"author\":{\"@id\":\"https:\/\/www.aridane.org\/city\/#\/schema\/person\/89ebd376b223dc94cc1dbcf200c8e6da\"},\"breadcrumb\":{\"@id\":\"https:\/\/www.aridane.org\/city\/2024\/08\/20\/la-velada-iii-vuelve-a-los-llanos-de-aridane-con-mas-acento-canario-que-nunca\/#breadcrumb\"},\"inLanguage\":\"es\",\"potentialAction\":[{\"@type\":\"ReadAction\",\"target\":[\"https:\/\/www.aridane.org\/city\/2024\/08\/20\/la-velada-iii-vuelve-a-los-llanos-de-aridane-con-mas-acento-canario-que-nunca\/\"]}]},{\"@type\":\"ImageObject\",\"inLanguage\":\"es\",\"@id\":\"https:\/\/www.aridane.org\/city\/2024\/08\/20\/la-velada-iii-vuelve-a-los-llanos-de-aridane-con-mas-acento-canario-que-nunca\/#primaryimage\",\"url\":\"https:\/\/www.aridane.org\/city\/wp-content\/uploads\/2024\/08\/La-Velada.jpeg\",\"contentUrl\":\"https:\/\/www.aridane.org\/city\/wp-content\/uploads\/2024\/08\/La-Velada.jpeg\",\"width\":1199,\"height\":800},{\"@type\":\"BreadcrumbList\",\"@id\":\"https:\/\/www.aridane.org\/city\/2024\/08\/20\/la-velada-iii-vuelve-a-los-llanos-de-aridane-con-mas-acento-canario-que-nunca\/#breadcrumb\",\"itemListElement\":[{\"@type\":\"ListItem\",\"position\":1,\"name\":\"Portada\",\"item\":\"https:\/\/www.aridane.org\/city\/\"},{\"@type\":\"ListItem\",\"position\":2,\"name\":\"La Velada III vuelve a Los Llanos de Aridane con m\u00e1s acento canario que nunca\"}]},{\"@type\":\"WebSite\",\"@id\":\"https:\/\/www.aridane.org\/city\/#website\",\"url\":\"https:\/\/www.aridane.org\/city\/\",\"name\":\"Ayuntamiento de Los Llanos de Aridane\",\"description\":\"\",\"potentialAction\":[{\"@type\":\"SearchAction\",\"target\":{\"@type\":\"EntryPoint\",\"urlTemplate\":\"https:\/\/www.aridane.org\/city\/?s={search_term_string}\"},\"query-input\":\"required name=search_term_string\"}],\"inLanguage\":\"es\"},{\"@type\":\"Person\",\"@id\":\"https:\/\/www.aridane.org\/city\/#\/schema\/person\/89ebd376b223dc94cc1dbcf200c8e6da\",\"name\":\"Corresponsal\",\"image\":{\"@type\":\"ImageObject\",\"inLanguage\":\"es\",\"@id\":\"https:\/\/www.aridane.org\/city\/#\/schema\/person\/image\/\",\"url\":\"https:\/\/secure.gravatar.com\/avatar\/1c476992411e4ccf153da63b2b2f5ea0bb4cb1c85f3ceab8512f04325ad5579c?s=96&d=mm&r=g\",\"contentUrl\":\"https:\/\/secure.gravatar.com\/avatar\/1c476992411e4ccf153da63b2b2f5ea0bb4cb1c85f3ceab8512f04325ad5579c?s=96&d=mm&r=g\",\"caption\":\"Corresponsal\"},\"url\":\"https:\/\/www.aridane.org\/city\/author\/corresponsal\/\"}]}<\/script>\n<!-- \/ Yoast SEO plugin. -->","yoast_head_json":{"title":"La Velada III vuelve a Los Llanos de Aridane con m\u00e1s acento canario que nunca - Ayuntamiento de Los Llanos de Aridane","robots":{"index":"index","follow":"follow","max-snippet":"max-snippet:-1","max-image-preview":"max-image-preview:large","max-video-preview":"max-video-preview:-1"},"canonical":"https:\/\/www.aridane.org\/city\/2024\/08\/20\/la-velada-iii-vuelve-a-los-llanos-de-aridane-con-mas-acento-canario-que-nunca\/","og_locale":"es_ES","og_type":"article","og_title":"La Velada III vuelve a Los Llanos de Aridane con m\u00e1s acento canario que nunca - Ayuntamiento de Los Llanos de Aridane","og_description":"La apertura de puertas tendr\u00e1 lugar a las 17:00 de este s\u00e1bado","og_url":"https:\/\/www.aridane.org\/city\/2024\/08\/20\/la-velada-iii-vuelve-a-los-llanos-de-aridane-con-mas-acento-canario-que-nunca\/","og_site_name":"Ayuntamiento de Los Llanos de Aridane","article_published_time":"2024-08-20T08:15:15+00:00","og_image":[{"width":1199,"height":800,"url":"https:\/\/www.aridane.org\/city\/wp-content\/uploads\/2024\/08\/La-Velada.jpeg","type":"image\/jpeg"}],"author":"Corresponsal","twitter_card":"summary_large_image","twitter_misc":{"Escrito por":"Corresponsal","Tiempo de lectura":"2 minutos"},"schema":{"@context":"https:\/\/schema.org","@graph":[{"@type":"WebPage","@id":"https:\/\/www.aridane.org\/city\/2024\/08\/20\/la-velada-iii-vuelve-a-los-llanos-de-aridane-con-mas-acento-canario-que-nunca\/","url":"https:\/\/www.aridane.org\/city\/2024\/08\/20\/la-velada-iii-vuelve-a-los-llanos-de-aridane-con-mas-acento-canario-que-nunca\/","name":"La Velada III vuelve a Los Llanos de Aridane con m\u00e1s acento canario que nunca - Ayuntamiento de Los Llanos de Aridane","isPartOf":{"@id":"https:\/\/www.aridane.org\/city\/#website"},"primaryImageOfPage":{"@id":"https:\/\/www.aridane.org\/city\/2024\/08\/20\/la-velada-iii-vuelve-a-los-llanos-de-aridane-con-mas-acento-canario-que-nunca\/#primaryimage"},"image":{"@id":"https:\/\/www.aridane.org\/city\/2024\/08\/20\/la-velada-iii-vuelve-a-los-llanos-de-aridane-con-mas-acento-canario-que-nunca\/#primaryimage"},"thumbnailUrl":"https:\/\/www.aridane.org\/city\/wp-content\/uploads\/2024\/08\/La-Velada.jpeg","datePublished":"2024-08-20T08:15:15+00:00","dateModified":"2024-08-20T08:15:15+00:00","author":{"@id":"https:\/\/www.aridane.org\/city\/#\/schema\/person\/89ebd376b223dc94cc1dbcf200c8e6da"},"breadcrumb":{"@id":"https:\/\/www.aridane.org\/city\/2024\/08\/20\/la-velada-iii-vuelve-a-los-llanos-de-aridane-con-mas-acento-canario-que-nunca\/#breadcrumb"},"inLanguage":"es","potentialAction":[{"@type":"ReadAction","target":["https:\/\/www.aridane.org\/city\/2024\/08\/20\/la-velada-iii-vuelve-a-los-llanos-de-aridane-con-mas-acento-canario-que-nunca\/"]}]},{"@type":"ImageObject","inLanguage":"es","@id":"https:\/\/www.aridane.org\/city\/2024\/08\/20\/la-velada-iii-vuelve-a-los-llanos-de-aridane-con-mas-acento-canario-que-nunca\/#primaryimage","url":"https:\/\/www.aridane.org\/city\/wp-content\/uploads\/2024\/08\/La-Velada.jpeg","contentUrl":"https:\/\/www.aridane.org\/city\/wp-content\/uploads\/2024\/08\/La-Velada.jpeg","width":1199,"height":800},{"@type":"BreadcrumbList","@id":"https:\/\/www.aridane.org\/city\/2024\/08\/20\/la-velada-iii-vuelve-a-los-llanos-de-aridane-con-mas-acento-canario-que-nunca\/#breadcrumb","itemListElement":[{"@type":"ListItem","position":1,"name":"Portada","item":"https:\/\/www.aridane.org\/city\/"},{"@type":"ListItem","position":2,"name":"La Velada III vuelve a Los Llanos de Aridane con m\u00e1s acento canario que nunca"}]},{"@type":"WebSite","@id":"https:\/\/www.aridane.org\/city\/#website","url":"https:\/\/www.aridane.org\/city\/","name":"Ayuntamiento de Los Llanos de Aridane","description":"","potentialAction":[{"@type":"SearchAction","target":{"@type":"EntryPoint","urlTemplate":"https:\/\/www.aridane.org\/city\/?s={search_term_string}"},"query-input":"required name=search_term_string"}],"inLanguage":"es"},{"@type":"Person","@id":"https:\/\/www.aridane.org\/city\/#\/schema\/person\/89ebd376b223dc94cc1dbcf200c8e6da","name":"Corresponsal","image":{"@type":"ImageObject","inLanguage":"es","@id":"https:\/\/www.aridane.org\/city\/#\/schema\/person\/image\/","url":"https:\/\/secure.gravatar.com\/avatar\/1c476992411e4ccf153da63b2b2f5ea0bb4cb1c85f3ceab8512f04325ad5579c?s=96&d=mm&r=g","contentUrl":"https:\/\/secure.gravatar.com\/avatar\/1c476992411e4ccf153da63b2b2f5ea0bb4cb1c85f3ceab8512f04325ad5579c?s=96&d=mm&r=g","caption":"Corresponsal"},"url":"https:\/\/www.aridane.org\/city\/author\/corresponsal\/"}]}},"_links":{"self":[{"href":"https:\/\/www.aridane.org\/city\/wp-json\/wp\/v2\/posts\/4022","targetHints":{"allow":["GET"]}}],"collection":[{"href":"https:\/\/www.aridane.org\/city\/wp-json\/wp\/v2\/posts"}],"about":[{"href":"https:\/\/www.aridane.org\/city\/wp-json\/wp\/v2\/types\/post"}],"author":[{"embeddable":true,"href":"https:\/\/www.aridane.org\/city\/wp-json\/wp\/v2\/users\/4"}],"replies":[{"embeddable":true,"href":"https:\/\/www.aridane.org\/city\/wp-json\/wp\/v2\/comments?post=4022"}],"version-history":[{"count":1,"href":"https:\/\/www.aridane.org\/city\/wp-json\/wp\/v2\/posts\/4022\/revisions"}],"predecessor-version":[{"id":4024,"href":"https:\/\/www.aridane.org\/city\/wp-json\/wp\/v2\/posts\/4022\/revisions\/4024"}],"wp:featuredmedia":[{"embeddable":true,"href":"https:\/\/www.aridane.org\/city\/wp-json\/wp\/v2\/media\/4023"}],"wp:attachment":[{"href":"https:\/\/www.aridane.org\/city\/wp-json\/wp\/v2\/media?parent=4022"}],"wp:term":[{"taxonomy":"category","embeddable":true,"href":"https:\/\/www.aridane.org\/city\/wp-json\/wp\/v2\/categories?post=4022"},{"taxonomy":"post_tag","embeddable":true,"href":"https:\/\/www.aridane.org\/city\/wp-json\/wp\/v2\/tags?post=4022"}],"curies":[{"name":"wp","href":"https:\/\/api.w.org\/{rel}","templated":true}]}}