{"id":4026,"date":"2024-08-20T12:07:47","date_gmt":"2024-08-20T12:07:47","guid":{"rendered":"https:\/\/www.aridane.org\/city\/?p=4026"},"modified":"2024-08-20T12:07:47","modified_gmt":"2024-08-20T12:07:47","slug":"los-llanos-de-aridane-disfrutara-del-mejor-espectaculo-homenaje-a-dire-straits-este-sabado","status":"publish","type":"post","link":"https:\/\/www.aridane.org\/city\/2024\/08\/20\/los-llanos-de-aridane-disfrutara-del-mejor-espectaculo-homenaje-a-dire-straits-este-sabado\/","title":{"rendered":"Los Llanos de Aridane disfrutar\u00e1 del mejor espect\u00e1culo homenaje a Dire Straits este s\u00e1bado"},"content":{"rendered":"<p><em>Brothers in Band actuar\u00e1 en la Plaza de Espa\u00f1a del municipio desde las 22:00 horas<\/em><br \/>\n<!--more--><\/p>\n<div id=\"v1forwardbody1\">\n<p>El Ayuntamiento de Los Llanos de Aridane, en el marco del festival \u2018La Palma es un Punto\u2019 que organiza el Cabildo de La Palma, celebra este s\u00e1bado, 24 de agosto, un concierto tributo al grupo brit\u00e1nico Dire Straits protagonizado por Brothers in Band.<\/p>\n<p>Este grupo, nacido en La Coru\u00f1a en 2008, es reconocido internacionalmente como el mejor homenaje a Dire Straits. El concierto comenzar\u00e1 el s\u00e1bado a las 22:00 horas en la Plaza de Espa\u00f1a del municipio.<\/p>\n<p>La concejala de Cultura, Marlene Gonz\u00e1lez, asegura que el concierto de Brothers in Band revivir\u00e1 la magia y el legado de una de las bandas m\u00e1s influyentes de la historia del rock. \u201cEs una oportunidad excelente para disfrutar de una bonita noche de verano. Les esperamos en el coraz\u00f3n del municipio\u201d, apunta.<\/p>\n<p>En este sentido, el consejero de Cultura del Cabildo, Pablo D\u00edaz Cobiella, pone en valor la calidad de los conciertos recogidos en \u2018La Palma es un Punto\u2019. \u201cEste festival se ha consolidado desde 2006 como un referente cultural en la isla, destacando por su oferta musical diversa y accesible, especialmente en verano. Sus escenarios y la calidad de los artistas han atra\u00eddo a un amplio p\u00fablico, siendo la mayor\u00eda de sus eventos gratuitos. El tributo a Dire Stratis de Brothers in Band promete ser uno de los espect\u00e1culos del verano\u201d, a\u00f1ade.<\/p>\n<h2><strong>Sobre Brothers in Band<\/strong><\/h2>\n<p>Brothers in Band, nacido en La Coru\u00f1a en 2008, se ha destacado desde sus inicios por la fidelidad y calidad de sus interpretaciones, logrando capturar la esencia de Dire Straits con una precisi\u00f3n sorprendente. Tal ha sido su impacto, que han llegado a ser confundidos con la propia banda por Guy Fletcher, teclista de Dire Straits, y por Mark Knopfler, l\u00edder del grupo.<\/p>\n<p>Con un repertorio cuidadosamente seleccionado, Brothers in Band transporta a su audiencia a trav\u00e9s de un viaje musical que recorre los grandes \u00e9xitos de Dire Straits, evocando recuerdos y emociones que forman parte de la memoria colectiva de varias generaciones.<\/p>\n<\/div>\n","protected":false},"excerpt":{"rendered":"<p>Brothers in Band actuar\u00e1 en la Plaza de Espa\u00f1a del municipio desde las 22:00 horas<\/p>\n","protected":false},"author":4,"featured_media":4027,"comment_status":"open","ping_status":"open","sticky":false,"template":"","format":"standard","meta":{"footnotes":""},"categories":[1],"tags":[],"class_list":["post-4026","post","type-post","status-publish","format-standard","has-post-thumbnail","hentry","category-sin-categoria"],"yoast_head":"<!-- This site is optimized with the Yoast SEO plugin v22.7 - https:\/\/yoast.com\/wordpress\/plugins\/seo\/ -->\n<title>Los Llanos de Aridane disfrutar\u00e1 del mejor espect\u00e1culo homenaje a Dire Straits este s\u00e1bado - Ayuntamiento de Los Llanos de Aridane<\/title>\n<meta name=\"robots\" content=\"index, follow, max-snippet:-1, max-image-preview:large, max-video-preview:-1\" \/>\n<link rel=\"canonical\" href=\"https:\/\/www.aridane.org\/city\/2024\/08\/20\/los-llanos-de-aridane-disfrutara-del-mejor-espectaculo-homenaje-a-dire-straits-este-sabado\/\" \/>\n<meta property=\"og:locale\" content=\"es_ES\" \/>\n<meta property=\"og:type\" content=\"article\" \/>\n<meta property=\"og:title\" content=\"Los Llanos de Aridane disfrutar\u00e1 del mejor espect\u00e1culo homenaje a Dire Straits este s\u00e1bado - Ayuntamiento de Los Llanos de Aridane\" \/>\n<meta property=\"og:description\" content=\"Brothers in Band actuar\u00e1 en la Plaza de Espa\u00f1a del municipio desde las 22:00 horas\" \/>\n<meta property=\"og:url\" content=\"https:\/\/www.aridane.org\/city\/2024\/08\/20\/los-llanos-de-aridane-disfrutara-del-mejor-espectaculo-homenaje-a-dire-straits-este-sabado\/\" \/>\n<meta property=\"og:site_name\" content=\"Ayuntamiento de Los Llanos de Aridane\" \/>\n<meta property=\"article:published_time\" content=\"2024-08-20T12:07:47+00:00\" \/>\n<meta property=\"og:image\" content=\"https:\/\/www.aridane.org\/city\/wp-content\/uploads\/2024\/08\/Dire-Straits-Brothers-in-band.jpg\" \/>\n\t<meta property=\"og:image:width\" content=\"960\" \/>\n\t<meta property=\"og:image:height\" content=\"960\" \/>\n\t<meta property=\"og:image:type\" content=\"image\/jpeg\" \/>\n<meta name=\"author\" content=\"Corresponsal\" \/>\n<meta name=\"twitter:card\" content=\"summary_large_image\" \/>\n<meta name=\"twitter:label1\" content=\"Escrito por\" \/>\n\t<meta name=\"twitter:data1\" content=\"Corresponsal\" \/>\n\t<meta name=\"twitter:label2\" content=\"Tiempo de lectura\" \/>\n\t<meta name=\"twitter:data2\" content=\"2 minutos\" \/>\n<script type=\"application\/ld+json\" class=\"yoast-schema-graph\">{\"@context\":\"https:\/\/schema.org\",\"@graph\":[{\"@type\":\"WebPage\",\"@id\":\"https:\/\/www.aridane.org\/city\/2024\/08\/20\/los-llanos-de-aridane-disfrutara-del-mejor-espectaculo-homenaje-a-dire-straits-este-sabado\/\",\"url\":\"https:\/\/www.aridane.org\/city\/2024\/08\/20\/los-llanos-de-aridane-disfrutara-del-mejor-espectaculo-homenaje-a-dire-straits-este-sabado\/\",\"name\":\"Los Llanos de Aridane disfrutar\u00e1 del mejor espect\u00e1culo homenaje a Dire Straits este s\u00e1bado - Ayuntamiento de Los Llanos de Aridane\",\"isPartOf\":{\"@id\":\"https:\/\/www.aridane.org\/city\/#website\"},\"primaryImageOfPage\":{\"@id\":\"https:\/\/www.aridane.org\/city\/2024\/08\/20\/los-llanos-de-aridane-disfrutara-del-mejor-espectaculo-homenaje-a-dire-straits-este-sabado\/#primaryimage\"},\"image\":{\"@id\":\"https:\/\/www.aridane.org\/city\/2024\/08\/20\/los-llanos-de-aridane-disfrutara-del-mejor-espectaculo-homenaje-a-dire-straits-este-sabado\/#primaryimage\"},\"thumbnailUrl\":\"https:\/\/www.aridane.org\/city\/wp-content\/uploads\/2024\/08\/Dire-Straits-Brothers-in-band.jpg\",\"datePublished\":\"2024-08-20T12:07:47+00:00\",\"dateModified\":\"2024-08-20T12:07:47+00:00\",\"author\":{\"@id\":\"https:\/\/www.aridane.org\/city\/#\/schema\/person\/89ebd376b223dc94cc1dbcf200c8e6da\"},\"breadcrumb\":{\"@id\":\"https:\/\/www.aridane.org\/city\/2024\/08\/20\/los-llanos-de-aridane-disfrutara-del-mejor-espectaculo-homenaje-a-dire-straits-este-sabado\/#breadcrumb\"},\"inLanguage\":\"es\",\"potentialAction\":[{\"@type\":\"ReadAction\",\"target\":[\"https:\/\/www.aridane.org\/city\/2024\/08\/20\/los-llanos-de-aridane-disfrutara-del-mejor-espectaculo-homenaje-a-dire-straits-este-sabado\/\"]}]},{\"@type\":\"ImageObject\",\"inLanguage\":\"es\",\"@id\":\"https:\/\/www.aridane.org\/city\/2024\/08\/20\/los-llanos-de-aridane-disfrutara-del-mejor-espectaculo-homenaje-a-dire-straits-este-sabado\/#primaryimage\",\"url\":\"https:\/\/www.aridane.org\/city\/wp-content\/uploads\/2024\/08\/Dire-Straits-Brothers-in-band.jpg\",\"contentUrl\":\"https:\/\/www.aridane.org\/city\/wp-content\/uploads\/2024\/08\/Dire-Straits-Brothers-in-band.jpg\",\"width\":960,\"height\":960},{\"@type\":\"BreadcrumbList\",\"@id\":\"https:\/\/www.aridane.org\/city\/2024\/08\/20\/los-llanos-de-aridane-disfrutara-del-mejor-espectaculo-homenaje-a-dire-straits-este-sabado\/#breadcrumb\",\"itemListElement\":[{\"@type\":\"ListItem\",\"position\":1,\"name\":\"Portada\",\"item\":\"https:\/\/www.aridane.org\/city\/\"},{\"@type\":\"ListItem\",\"position\":2,\"name\":\"Los Llanos de Aridane disfrutar\u00e1 del mejor espect\u00e1culo homenaje a Dire Straits este s\u00e1bado\"}]},{\"@type\":\"WebSite\",\"@id\":\"https:\/\/www.aridane.org\/city\/#website\",\"url\":\"https:\/\/www.aridane.org\/city\/\",\"name\":\"Ayuntamiento de Los Llanos de Aridane\",\"description\":\"\",\"potentialAction\":[{\"@type\":\"SearchAction\",\"target\":{\"@type\":\"EntryPoint\",\"urlTemplate\":\"https:\/\/www.aridane.org\/city\/?s={search_term_string}\"},\"query-input\":\"required name=search_term_string\"}],\"inLanguage\":\"es\"},{\"@type\":\"Person\",\"@id\":\"https:\/\/www.aridane.org\/city\/#\/schema\/person\/89ebd376b223dc94cc1dbcf200c8e6da\",\"name\":\"Corresponsal\",\"image\":{\"@type\":\"ImageObject\",\"inLanguage\":\"es\",\"@id\":\"https:\/\/www.aridane.org\/city\/#\/schema\/person\/image\/\",\"url\":\"https:\/\/secure.gravatar.com\/avatar\/1c476992411e4ccf153da63b2b2f5ea0bb4cb1c85f3ceab8512f04325ad5579c?s=96&d=mm&r=g\",\"contentUrl\":\"https:\/\/secure.gravatar.com\/avatar\/1c476992411e4ccf153da63b2b2f5ea0bb4cb1c85f3ceab8512f04325ad5579c?s=96&d=mm&r=g\",\"caption\":\"Corresponsal\"},\"url\":\"https:\/\/www.aridane.org\/city\/author\/corresponsal\/\"}]}<\/script>\n<!-- \/ Yoast SEO plugin. -->","yoast_head_json":{"title":"Los Llanos de Aridane disfrutar\u00e1 del mejor espect\u00e1culo homenaje a Dire Straits este s\u00e1bado - Ayuntamiento de Los Llanos de Aridane","robots":{"index":"index","follow":"follow","max-snippet":"max-snippet:-1","max-image-preview":"max-image-preview:large","max-video-preview":"max-video-preview:-1"},"canonical":"https:\/\/www.aridane.org\/city\/2024\/08\/20\/los-llanos-de-aridane-disfrutara-del-mejor-espectaculo-homenaje-a-dire-straits-este-sabado\/","og_locale":"es_ES","og_type":"article","og_title":"Los Llanos de Aridane disfrutar\u00e1 del mejor espect\u00e1culo homenaje a Dire Straits este s\u00e1bado - Ayuntamiento de Los Llanos de Aridane","og_description":"Brothers in Band actuar\u00e1 en la Plaza de Espa\u00f1a del municipio desde las 22:00 horas","og_url":"https:\/\/www.aridane.org\/city\/2024\/08\/20\/los-llanos-de-aridane-disfrutara-del-mejor-espectaculo-homenaje-a-dire-straits-este-sabado\/","og_site_name":"Ayuntamiento de Los Llanos de Aridane","article_published_time":"2024-08-20T12:07:47+00:00","og_image":[{"width":960,"height":960,"url":"https:\/\/www.aridane.org\/city\/wp-content\/uploads\/2024\/08\/Dire-Straits-Brothers-in-band.jpg","type":"image\/jpeg"}],"author":"Corresponsal","twitter_card":"summary_large_image","twitter_misc":{"Escrito por":"Corresponsal","Tiempo de lectura":"2 minutos"},"schema":{"@context":"https:\/\/schema.org","@graph":[{"@type":"WebPage","@id":"https:\/\/www.aridane.org\/city\/2024\/08\/20\/los-llanos-de-aridane-disfrutara-del-mejor-espectaculo-homenaje-a-dire-straits-este-sabado\/","url":"https:\/\/www.aridane.org\/city\/2024\/08\/20\/los-llanos-de-aridane-disfrutara-del-mejor-espectaculo-homenaje-a-dire-straits-este-sabado\/","name":"Los Llanos de Aridane disfrutar\u00e1 del mejor espect\u00e1culo homenaje a Dire Straits este s\u00e1bado - Ayuntamiento de Los Llanos de Aridane","isPartOf":{"@id":"https:\/\/www.aridane.org\/city\/#website"},"primaryImageOfPage":{"@id":"https:\/\/www.aridane.org\/city\/2024\/08\/20\/los-llanos-de-aridane-disfrutara-del-mejor-espectaculo-homenaje-a-dire-straits-este-sabado\/#primaryimage"},"image":{"@id":"https:\/\/www.aridane.org\/city\/2024\/08\/20\/los-llanos-de-aridane-disfrutara-del-mejor-espectaculo-homenaje-a-dire-straits-este-sabado\/#primaryimage"},"thumbnailUrl":"https:\/\/www.aridane.org\/city\/wp-content\/uploads\/2024\/08\/Dire-Straits-Brothers-in-band.jpg","datePublished":"2024-08-20T12:07:47+00:00","dateModified":"2024-08-20T12:07:47+00:00","author":{"@id":"https:\/\/www.aridane.org\/city\/#\/schema\/person\/89ebd376b223dc94cc1dbcf200c8e6da"},"breadcrumb":{"@id":"https:\/\/www.aridane.org\/city\/2024\/08\/20\/los-llanos-de-aridane-disfrutara-del-mejor-espectaculo-homenaje-a-dire-straits-este-sabado\/#breadcrumb"},"inLanguage":"es","potentialAction":[{"@type":"ReadAction","target":["https:\/\/www.aridane.org\/city\/2024\/08\/20\/los-llanos-de-aridane-disfrutara-del-mejor-espectaculo-homenaje-a-dire-straits-este-sabado\/"]}]},{"@type":"ImageObject","inLanguage":"es","@id":"https:\/\/www.aridane.org\/city\/2024\/08\/20\/los-llanos-de-aridane-disfrutara-del-mejor-espectaculo-homenaje-a-dire-straits-este-sabado\/#primaryimage","url":"https:\/\/www.aridane.org\/city\/wp-content\/uploads\/2024\/08\/Dire-Straits-Brothers-in-band.jpg","contentUrl":"https:\/\/www.aridane.org\/city\/wp-content\/uploads\/2024\/08\/Dire-Straits-Brothers-in-band.jpg","width":960,"height":960},{"@type":"BreadcrumbList","@id":"https:\/\/www.aridane.org\/city\/2024\/08\/20\/los-llanos-de-aridane-disfrutara-del-mejor-espectaculo-homenaje-a-dire-straits-este-sabado\/#breadcrumb","itemListElement":[{"@type":"ListItem","position":1,"name":"Portada","item":"https:\/\/www.aridane.org\/city\/"},{"@type":"ListItem","position":2,"name":"Los Llanos de Aridane disfrutar\u00e1 del mejor espect\u00e1culo homenaje a Dire Straits este s\u00e1bado"}]},{"@type":"WebSite","@id":"https:\/\/www.aridane.org\/city\/#website","url":"https:\/\/www.aridane.org\/city\/","name":"Ayuntamiento de Los Llanos de Aridane","description":"","potentialAction":[{"@type":"SearchAction","target":{"@type":"EntryPoint","urlTemplate":"https:\/\/www.aridane.org\/city\/?s={search_term_string}"},"query-input":"required name=search_term_string"}],"inLanguage":"es"},{"@type":"Person","@id":"https:\/\/www.aridane.org\/city\/#\/schema\/person\/89ebd376b223dc94cc1dbcf200c8e6da","name":"Corresponsal","image":{"@type":"ImageObject","inLanguage":"es","@id":"https:\/\/www.aridane.org\/city\/#\/schema\/person\/image\/","url":"https:\/\/secure.gravatar.com\/avatar\/1c476992411e4ccf153da63b2b2f5ea0bb4cb1c85f3ceab8512f04325ad5579c?s=96&d=mm&r=g","contentUrl":"https:\/\/secure.gravatar.com\/avatar\/1c476992411e4ccf153da63b2b2f5ea0bb4cb1c85f3ceab8512f04325ad5579c?s=96&d=mm&r=g","caption":"Corresponsal"},"url":"https:\/\/www.aridane.org\/city\/author\/corresponsal\/"}]}},"_links":{"self":[{"href":"https:\/\/www.aridane.org\/city\/wp-json\/wp\/v2\/posts\/4026","targetHints":{"allow":["GET"]}}],"collection":[{"href":"https:\/\/www.aridane.org\/city\/wp-json\/wp\/v2\/posts"}],"about":[{"href":"https:\/\/www.aridane.org\/city\/wp-json\/wp\/v2\/types\/post"}],"author":[{"embeddable":true,"href":"https:\/\/www.aridane.org\/city\/wp-json\/wp\/v2\/users\/4"}],"replies":[{"embeddable":true,"href":"https:\/\/www.aridane.org\/city\/wp-json\/wp\/v2\/comments?post=4026"}],"version-history":[{"count":1,"href":"https:\/\/www.aridane.org\/city\/wp-json\/wp\/v2\/posts\/4026\/revisions"}],"predecessor-version":[{"id":4028,"href":"https:\/\/www.aridane.org\/city\/wp-json\/wp\/v2\/posts\/4026\/revisions\/4028"}],"wp:featuredmedia":[{"embeddable":true,"href":"https:\/\/www.aridane.org\/city\/wp-json\/wp\/v2\/media\/4027"}],"wp:attachment":[{"href":"https:\/\/www.aridane.org\/city\/wp-json\/wp\/v2\/media?parent=4026"}],"wp:term":[{"taxonomy":"category","embeddable":true,"href":"https:\/\/www.aridane.org\/city\/wp-json\/wp\/v2\/categories?post=4026"},{"taxonomy":"post_tag","embeddable":true,"href":"https:\/\/www.aridane.org\/city\/wp-json\/wp\/v2\/tags?post=4026"}],"curies":[{"name":"wp","href":"https:\/\/api.w.org\/{rel}","templated":true}]}}