{"id":4029,"date":"2024-08-21T09:33:07","date_gmt":"2024-08-21T09:33:07","guid":{"rendered":"https:\/\/www.aridane.org\/city\/?p=4029"},"modified":"2024-08-21T09:34:49","modified_gmt":"2024-08-21T09:34:49","slug":"los-llanos-de-aridane-optimiza-el-gasto-publico-contratando-servicios-clave-para-el-municipio","status":"publish","type":"post","link":"https:\/\/www.aridane.org\/city\/2024\/08\/21\/los-llanos-de-aridane-optimiza-el-gasto-publico-contratando-servicios-clave-para-el-municipio\/","title":{"rendered":"Los Llanos de Aridane optimiza el gasto p\u00fablico contratando servicios clave para el municipio"},"content":{"rendered":"<p><em>En los \u00faltimos meses han contratado los servicios de socorrismo para la piscina y la playa de Charco Verde, as\u00ed como asesor\u00eda para asuntos de Catastro o limpieza de calles<\/em><br \/>\n<!--more--><\/p>\n<div id=\"v1forwardbody1\">\n<p>El Ayuntamiento de Los Llanos de Aridane, en su compromiso por optimizar la eficiencia del gasto p\u00fablico, licita varios contratos que mejoran los servicios y suministros del municipio.<\/p>\n<p>Desde la aprobaci\u00f3n del Presupuesto Municipal 2024 en abril, el consistorio ha contratado los servicios de socorrismo para la piscina y la playa de Charco Verde, asesor\u00eda para temas catastrales, los trabajos de desinfecci\u00f3n de las calles y cuatro lotes del nuevo renting de coches municipales.<\/p>\n<p>El concejal de Hacienda, Pablo Almedia, explica que estos trabajos permiten mejorar la gesti\u00f3n administrativa del Ayuntamiento, al tiempo que se mejoran algunos de los servicios que se ofrecen a la ciudadan\u00eda.<\/p>\n<p>\u201cA partir de ahora, y gracias a los nuevos contratos, podremos abrir la piscina municipal al menos 10 meses durante el a\u00f1o. Tambi\u00e9n recibiremos asesor\u00eda y asistencia en la tramitaci\u00f3n de los expedientes y las licencias del Catastro, al tiempo que garantizamos el saneamiento de nuestras calles y edificios\u201d, explica el concejal.<\/p>\n<p>El alcalde Javier Llamas recuerda que la intenci\u00f3n del Ayuntamiento \u201ces alcanzar la excelencia\u201d en la gesti\u00f3n de los recursos p\u00fablicos, siguiendo criterios de transparencia, innovaci\u00f3n y rendici\u00f3n de cuentas. \u201cAdem\u00e1s, las licitaciones suponen un est\u00edmulo a la econom\u00eda local y a la creaci\u00f3n de empleo, ya que o bien las empresas cuentan con mano de obra local, o est\u00e1n instaladas en La Palma\u201d, a\u00f1ade.<\/p>\n<p>En las pr\u00f3ximas semanas, el Ayuntamiento activar\u00e1 licitaciones para los servicios de telefon\u00eda, consultor\u00eda digital para empresas y pymes del municipio, al tiempo que ya est\u00e1 en marcha una obra clave para el municipio: la modernizaci\u00f3n de los exteriores del Mercado Municipal.<\/p>\n<\/div>\n","protected":false},"excerpt":{"rendered":"<p>En los \u00faltimos meses han contratado los servicios de socorrismo para la piscina y la playa de Charco Verde, as\u00ed como asesor\u00eda para asuntos de Catastro o limpieza de calles<\/p>\n","protected":false},"author":4,"featured_media":4030,"comment_status":"open","ping_status":"open","sticky":false,"template":"","format":"standard","meta":{"footnotes":""},"categories":[1],"tags":[],"class_list":["post-4029","post","type-post","status-publish","format-standard","has-post-thumbnail","hentry","category-sin-categoria"],"yoast_head":"<!-- This site is optimized with the Yoast SEO plugin v22.7 - https:\/\/yoast.com\/wordpress\/plugins\/seo\/ -->\n<title>Los Llanos de Aridane optimiza el gasto p\u00fablico contratando servicios clave para el municipio - Ayuntamiento de Los Llanos de Aridane<\/title>\n<meta name=\"robots\" content=\"index, follow, max-snippet:-1, max-image-preview:large, max-video-preview:-1\" \/>\n<link rel=\"canonical\" href=\"https:\/\/www.aridane.org\/city\/2024\/08\/21\/los-llanos-de-aridane-optimiza-el-gasto-publico-contratando-servicios-clave-para-el-municipio\/\" \/>\n<meta property=\"og:locale\" content=\"es_ES\" \/>\n<meta property=\"og:type\" content=\"article\" \/>\n<meta property=\"og:title\" content=\"Los Llanos de Aridane optimiza el gasto p\u00fablico contratando servicios clave para el municipio - Ayuntamiento de Los Llanos de Aridane\" \/>\n<meta property=\"og:description\" content=\"En los \u00faltimos meses han contratado los servicios de socorrismo para la piscina y la playa de Charco Verde, as\u00ed como asesor\u00eda para asuntos de Catastro o limpieza de calles\" \/>\n<meta property=\"og:url\" content=\"https:\/\/www.aridane.org\/city\/2024\/08\/21\/los-llanos-de-aridane-optimiza-el-gasto-publico-contratando-servicios-clave-para-el-municipio\/\" \/>\n<meta property=\"og:site_name\" content=\"Ayuntamiento de Los Llanos de Aridane\" \/>\n<meta property=\"article:published_time\" content=\"2024-08-21T09:33:07+00:00\" \/>\n<meta property=\"article:modified_time\" content=\"2024-08-21T09:34:49+00:00\" \/>\n<meta property=\"og:image\" content=\"https:\/\/www.aridane.org\/city\/wp-content\/uploads\/2024\/08\/Pablo-Almeida-y-Javier-Llamas-scaled.jpeg\" \/>\n\t<meta property=\"og:image:width\" content=\"2560\" \/>\n\t<meta property=\"og:image:height\" content=\"1920\" \/>\n\t<meta property=\"og:image:type\" content=\"image\/jpeg\" \/>\n<meta name=\"author\" content=\"Corresponsal\" \/>\n<meta name=\"twitter:card\" content=\"summary_large_image\" \/>\n<meta name=\"twitter:label1\" content=\"Escrito por\" \/>\n\t<meta name=\"twitter:data1\" content=\"Corresponsal\" \/>\n\t<meta name=\"twitter:label2\" content=\"Tiempo de lectura\" \/>\n\t<meta name=\"twitter:data2\" content=\"2 minutos\" \/>\n<script type=\"application\/ld+json\" class=\"yoast-schema-graph\">{\"@context\":\"https:\/\/schema.org\",\"@graph\":[{\"@type\":\"WebPage\",\"@id\":\"https:\/\/www.aridane.org\/city\/2024\/08\/21\/los-llanos-de-aridane-optimiza-el-gasto-publico-contratando-servicios-clave-para-el-municipio\/\",\"url\":\"https:\/\/www.aridane.org\/city\/2024\/08\/21\/los-llanos-de-aridane-optimiza-el-gasto-publico-contratando-servicios-clave-para-el-municipio\/\",\"name\":\"Los Llanos de Aridane optimiza el gasto p\u00fablico contratando servicios clave para el municipio - Ayuntamiento de Los Llanos de Aridane\",\"isPartOf\":{\"@id\":\"https:\/\/www.aridane.org\/city\/#website\"},\"primaryImageOfPage\":{\"@id\":\"https:\/\/www.aridane.org\/city\/2024\/08\/21\/los-llanos-de-aridane-optimiza-el-gasto-publico-contratando-servicios-clave-para-el-municipio\/#primaryimage\"},\"image\":{\"@id\":\"https:\/\/www.aridane.org\/city\/2024\/08\/21\/los-llanos-de-aridane-optimiza-el-gasto-publico-contratando-servicios-clave-para-el-municipio\/#primaryimage\"},\"thumbnailUrl\":\"https:\/\/www.aridane.org\/city\/wp-content\/uploads\/2024\/08\/Pablo-Almeida-y-Javier-Llamas-scaled.jpeg\",\"datePublished\":\"2024-08-21T09:33:07+00:00\",\"dateModified\":\"2024-08-21T09:34:49+00:00\",\"author\":{\"@id\":\"https:\/\/www.aridane.org\/city\/#\/schema\/person\/89ebd376b223dc94cc1dbcf200c8e6da\"},\"breadcrumb\":{\"@id\":\"https:\/\/www.aridane.org\/city\/2024\/08\/21\/los-llanos-de-aridane-optimiza-el-gasto-publico-contratando-servicios-clave-para-el-municipio\/#breadcrumb\"},\"inLanguage\":\"es\",\"potentialAction\":[{\"@type\":\"ReadAction\",\"target\":[\"https:\/\/www.aridane.org\/city\/2024\/08\/21\/los-llanos-de-aridane-optimiza-el-gasto-publico-contratando-servicios-clave-para-el-municipio\/\"]}]},{\"@type\":\"ImageObject\",\"inLanguage\":\"es\",\"@id\":\"https:\/\/www.aridane.org\/city\/2024\/08\/21\/los-llanos-de-aridane-optimiza-el-gasto-publico-contratando-servicios-clave-para-el-municipio\/#primaryimage\",\"url\":\"https:\/\/www.aridane.org\/city\/wp-content\/uploads\/2024\/08\/Pablo-Almeida-y-Javier-Llamas-scaled.jpeg\",\"contentUrl\":\"https:\/\/www.aridane.org\/city\/wp-content\/uploads\/2024\/08\/Pablo-Almeida-y-Javier-Llamas-scaled.jpeg\",\"width\":2560,\"height\":1920},{\"@type\":\"BreadcrumbList\",\"@id\":\"https:\/\/www.aridane.org\/city\/2024\/08\/21\/los-llanos-de-aridane-optimiza-el-gasto-publico-contratando-servicios-clave-para-el-municipio\/#breadcrumb\",\"itemListElement\":[{\"@type\":\"ListItem\",\"position\":1,\"name\":\"Portada\",\"item\":\"https:\/\/www.aridane.org\/city\/\"},{\"@type\":\"ListItem\",\"position\":2,\"name\":\"Los Llanos de Aridane optimiza el gasto p\u00fablico contratando servicios clave para el municipio\"}]},{\"@type\":\"WebSite\",\"@id\":\"https:\/\/www.aridane.org\/city\/#website\",\"url\":\"https:\/\/www.aridane.org\/city\/\",\"name\":\"Ayuntamiento de Los Llanos de Aridane\",\"description\":\"\",\"potentialAction\":[{\"@type\":\"SearchAction\",\"target\":{\"@type\":\"EntryPoint\",\"urlTemplate\":\"https:\/\/www.aridane.org\/city\/?s={search_term_string}\"},\"query-input\":\"required name=search_term_string\"}],\"inLanguage\":\"es\"},{\"@type\":\"Person\",\"@id\":\"https:\/\/www.aridane.org\/city\/#\/schema\/person\/89ebd376b223dc94cc1dbcf200c8e6da\",\"name\":\"Corresponsal\",\"image\":{\"@type\":\"ImageObject\",\"inLanguage\":\"es\",\"@id\":\"https:\/\/www.aridane.org\/city\/#\/schema\/person\/image\/\",\"url\":\"https:\/\/secure.gravatar.com\/avatar\/1c476992411e4ccf153da63b2b2f5ea0bb4cb1c85f3ceab8512f04325ad5579c?s=96&d=mm&r=g\",\"contentUrl\":\"https:\/\/secure.gravatar.com\/avatar\/1c476992411e4ccf153da63b2b2f5ea0bb4cb1c85f3ceab8512f04325ad5579c?s=96&d=mm&r=g\",\"caption\":\"Corresponsal\"},\"url\":\"https:\/\/www.aridane.org\/city\/author\/corresponsal\/\"}]}<\/script>\n<!-- \/ Yoast SEO plugin. -->","yoast_head_json":{"title":"Los Llanos de Aridane optimiza el gasto p\u00fablico contratando servicios clave para el municipio - Ayuntamiento de Los Llanos de Aridane","robots":{"index":"index","follow":"follow","max-snippet":"max-snippet:-1","max-image-preview":"max-image-preview:large","max-video-preview":"max-video-preview:-1"},"canonical":"https:\/\/www.aridane.org\/city\/2024\/08\/21\/los-llanos-de-aridane-optimiza-el-gasto-publico-contratando-servicios-clave-para-el-municipio\/","og_locale":"es_ES","og_type":"article","og_title":"Los Llanos de Aridane optimiza el gasto p\u00fablico contratando servicios clave para el municipio - Ayuntamiento de Los Llanos de Aridane","og_description":"En los \u00faltimos meses han contratado los servicios de socorrismo para la piscina y la playa de Charco Verde, as\u00ed como asesor\u00eda para asuntos de Catastro o limpieza de calles","og_url":"https:\/\/www.aridane.org\/city\/2024\/08\/21\/los-llanos-de-aridane-optimiza-el-gasto-publico-contratando-servicios-clave-para-el-municipio\/","og_site_name":"Ayuntamiento de Los Llanos de Aridane","article_published_time":"2024-08-21T09:33:07+00:00","article_modified_time":"2024-08-21T09:34:49+00:00","og_image":[{"width":2560,"height":1920,"url":"https:\/\/www.aridane.org\/city\/wp-content\/uploads\/2024\/08\/Pablo-Almeida-y-Javier-Llamas-scaled.jpeg","type":"image\/jpeg"}],"author":"Corresponsal","twitter_card":"summary_large_image","twitter_misc":{"Escrito por":"Corresponsal","Tiempo de lectura":"2 minutos"},"schema":{"@context":"https:\/\/schema.org","@graph":[{"@type":"WebPage","@id":"https:\/\/www.aridane.org\/city\/2024\/08\/21\/los-llanos-de-aridane-optimiza-el-gasto-publico-contratando-servicios-clave-para-el-municipio\/","url":"https:\/\/www.aridane.org\/city\/2024\/08\/21\/los-llanos-de-aridane-optimiza-el-gasto-publico-contratando-servicios-clave-para-el-municipio\/","name":"Los Llanos de Aridane optimiza el gasto p\u00fablico contratando servicios clave para el municipio - Ayuntamiento de Los Llanos de Aridane","isPartOf":{"@id":"https:\/\/www.aridane.org\/city\/#website"},"primaryImageOfPage":{"@id":"https:\/\/www.aridane.org\/city\/2024\/08\/21\/los-llanos-de-aridane-optimiza-el-gasto-publico-contratando-servicios-clave-para-el-municipio\/#primaryimage"},"image":{"@id":"https:\/\/www.aridane.org\/city\/2024\/08\/21\/los-llanos-de-aridane-optimiza-el-gasto-publico-contratando-servicios-clave-para-el-municipio\/#primaryimage"},"thumbnailUrl":"https:\/\/www.aridane.org\/city\/wp-content\/uploads\/2024\/08\/Pablo-Almeida-y-Javier-Llamas-scaled.jpeg","datePublished":"2024-08-21T09:33:07+00:00","dateModified":"2024-08-21T09:34:49+00:00","author":{"@id":"https:\/\/www.aridane.org\/city\/#\/schema\/person\/89ebd376b223dc94cc1dbcf200c8e6da"},"breadcrumb":{"@id":"https:\/\/www.aridane.org\/city\/2024\/08\/21\/los-llanos-de-aridane-optimiza-el-gasto-publico-contratando-servicios-clave-para-el-municipio\/#breadcrumb"},"inLanguage":"es","potentialAction":[{"@type":"ReadAction","target":["https:\/\/www.aridane.org\/city\/2024\/08\/21\/los-llanos-de-aridane-optimiza-el-gasto-publico-contratando-servicios-clave-para-el-municipio\/"]}]},{"@type":"ImageObject","inLanguage":"es","@id":"https:\/\/www.aridane.org\/city\/2024\/08\/21\/los-llanos-de-aridane-optimiza-el-gasto-publico-contratando-servicios-clave-para-el-municipio\/#primaryimage","url":"https:\/\/www.aridane.org\/city\/wp-content\/uploads\/2024\/08\/Pablo-Almeida-y-Javier-Llamas-scaled.jpeg","contentUrl":"https:\/\/www.aridane.org\/city\/wp-content\/uploads\/2024\/08\/Pablo-Almeida-y-Javier-Llamas-scaled.jpeg","width":2560,"height":1920},{"@type":"BreadcrumbList","@id":"https:\/\/www.aridane.org\/city\/2024\/08\/21\/los-llanos-de-aridane-optimiza-el-gasto-publico-contratando-servicios-clave-para-el-municipio\/#breadcrumb","itemListElement":[{"@type":"ListItem","position":1,"name":"Portada","item":"https:\/\/www.aridane.org\/city\/"},{"@type":"ListItem","position":2,"name":"Los Llanos de Aridane optimiza el gasto p\u00fablico contratando servicios clave para el municipio"}]},{"@type":"WebSite","@id":"https:\/\/www.aridane.org\/city\/#website","url":"https:\/\/www.aridane.org\/city\/","name":"Ayuntamiento de Los Llanos de Aridane","description":"","potentialAction":[{"@type":"SearchAction","target":{"@type":"EntryPoint","urlTemplate":"https:\/\/www.aridane.org\/city\/?s={search_term_string}"},"query-input":"required name=search_term_string"}],"inLanguage":"es"},{"@type":"Person","@id":"https:\/\/www.aridane.org\/city\/#\/schema\/person\/89ebd376b223dc94cc1dbcf200c8e6da","name":"Corresponsal","image":{"@type":"ImageObject","inLanguage":"es","@id":"https:\/\/www.aridane.org\/city\/#\/schema\/person\/image\/","url":"https:\/\/secure.gravatar.com\/avatar\/1c476992411e4ccf153da63b2b2f5ea0bb4cb1c85f3ceab8512f04325ad5579c?s=96&d=mm&r=g","contentUrl":"https:\/\/secure.gravatar.com\/avatar\/1c476992411e4ccf153da63b2b2f5ea0bb4cb1c85f3ceab8512f04325ad5579c?s=96&d=mm&r=g","caption":"Corresponsal"},"url":"https:\/\/www.aridane.org\/city\/author\/corresponsal\/"}]}},"_links":{"self":[{"href":"https:\/\/www.aridane.org\/city\/wp-json\/wp\/v2\/posts\/4029","targetHints":{"allow":["GET"]}}],"collection":[{"href":"https:\/\/www.aridane.org\/city\/wp-json\/wp\/v2\/posts"}],"about":[{"href":"https:\/\/www.aridane.org\/city\/wp-json\/wp\/v2\/types\/post"}],"author":[{"embeddable":true,"href":"https:\/\/www.aridane.org\/city\/wp-json\/wp\/v2\/users\/4"}],"replies":[{"embeddable":true,"href":"https:\/\/www.aridane.org\/city\/wp-json\/wp\/v2\/comments?post=4029"}],"version-history":[{"count":1,"href":"https:\/\/www.aridane.org\/city\/wp-json\/wp\/v2\/posts\/4029\/revisions"}],"predecessor-version":[{"id":4031,"href":"https:\/\/www.aridane.org\/city\/wp-json\/wp\/v2\/posts\/4029\/revisions\/4031"}],"wp:featuredmedia":[{"embeddable":true,"href":"https:\/\/www.aridane.org\/city\/wp-json\/wp\/v2\/media\/4030"}],"wp:attachment":[{"href":"https:\/\/www.aridane.org\/city\/wp-json\/wp\/v2\/media?parent=4029"}],"wp:term":[{"taxonomy":"category","embeddable":true,"href":"https:\/\/www.aridane.org\/city\/wp-json\/wp\/v2\/categories?post=4029"},{"taxonomy":"post_tag","embeddable":true,"href":"https:\/\/www.aridane.org\/city\/wp-json\/wp\/v2\/tags?post=4029"}],"curies":[{"name":"wp","href":"https:\/\/api.w.org\/{rel}","templated":true}]}}