{"id":4035,"date":"2024-08-21T19:03:10","date_gmt":"2024-08-21T19:03:10","guid":{"rendered":"https:\/\/www.aridane.org\/city\/?p=4035"},"modified":"2024-08-21T19:03:10","modified_gmt":"2024-08-21T19:03:10","slug":"los-llanos-de-aridane-comienza-la-primera-fase-del-presupuesto-participativo-2024-el-25-de-agosto","status":"publish","type":"post","link":"https:\/\/www.aridane.org\/city\/2024\/08\/21\/los-llanos-de-aridane-comienza-la-primera-fase-del-presupuesto-participativo-2024-el-25-de-agosto\/","title":{"rendered":"Los Llanos de Aridane comienza la primera fase del Presupuesto Participativo 2024 el 25 de agosto"},"content":{"rendered":"<p><i><span style=\"font-weight: 400;\">El Ayuntamiento dispondr\u00e1 de 250.000 euros en el Presupuesto Municipal de 2025 para invertir en acciones de inter\u00e9s municipal<\/span><\/i><!--more--><\/p>\n<p><span style=\"font-weight: 400;\">El Ayuntamiento de Los Llanos de Aridane impulsa el Presupuesto Participativo 2024 bajo el lema \u201cY si mejoramos juntas\u201d. Las personas y asociaciones interesadas podr\u00e1n presentar sus propuestas desde el domingo, 25 de agosto, hasta el viernes, 20 de septiembre.<\/span><\/p>\n<p><span style=\"font-weight: 400;\">Las bases de esta nueva edici\u00f3n ya est\u00e1n disponibles en la plataforma habilitada por el Ayuntamiento: <\/span><a href=\"http:\/\/www.presupuestosparticipativoscanarios.es\/losllanos2024\/\"><span style=\"font-weight: 400;\">www.presupuestosparticipativoscanarios.es\/losllanos2024\/<\/span><\/a><span style=\"font-weight: 400;\">.\u00a0<\/span><\/p>\n<p><span style=\"font-weight: 400;\">La corporaci\u00f3n dispondr\u00e1 de 250.000 euros en el Presupuesto Municipal de 2025 para invertir en acciones de inter\u00e9s municipal, como la creaci\u00f3n o reposici\u00f3n de infraestructuras municipales, as\u00ed como bienes y servicios, incluyendo la adquisici\u00f3n de terrenos, edificios, mobiliario y equipamiento.<\/span><\/p>\n<h2><b>La primera fase<\/b><\/h2>\n<p><span style=\"font-weight: 400;\">La concejala de Participaci\u00f3n Ciudadana, Inmaculada Fern\u00e1ndez, explica que el Presupuesto Participativo se adentra ahora en una primera fase de presentaci\u00f3n de propuestas. \u201cA continuaci\u00f3n, y de la mano de nuestros equipos t\u00e9cnicos, pasaremos a evaluar su viabilidad, para en una \u00faltima fase prevista para finales de octubre, principios de noviembre, elegir las mejores iniciativas en una votaci\u00f3n telem\u00e1tica\u201d, apunta.<\/span><\/p>\n<p><span style=\"font-weight: 400;\">La concejala valora el inter\u00e9s de la ciudadan\u00eda para lanzar una nueva edici\u00f3n de los Presupuestos Participativos en 2024, teniendo en cuenta que en anteriores ediciones no se pudieron completar todas las fases de los presupuestos por culpa de la pandemia del COVID-19 y de la posterior crisis volc\u00e1nica.<\/span><\/p>\n<p><span style=\"font-weight: 400;\">El Ayuntamiento de Los Llanos de Aridane se compromete a llevar a cabo aquellos proyectos que cumplan con los requisitos establecidos y que cuenten con el mayor respaldo ciudadano, tal como lleva haciendo desde su primera convocatoria en 2018.<\/span><\/p>\n<h2><b>Requisitos de las propuestas<\/b><\/h2>\n<p><span style=\"font-weight: 400;\">Cabe recordar que las propuestas ciudadanas deber\u00e1n cumplir con los siguientes criterios:<\/span><\/p>\n<ul>\n<li style=\"font-weight: 400;\" aria-level=\"1\"><span style=\"font-weight: 400;\">Ser de competencia municipal.<\/span><\/li>\n<li style=\"font-weight: 400;\" aria-level=\"1\"><span style=\"font-weight: 400;\">Referirse a una inversi\u00f3n nueva o de reposici\u00f3n, a obras de mantenimiento y reparaci\u00f3n de inter\u00e9s general (cap\u00edtulo 6 del presupuesto).<\/span><\/li>\n<li style=\"font-weight: 400;\" aria-level=\"1\"><span style=\"font-weight: 400;\">No exigir una cantidad mayor al total del presupuesto asignado.<\/span><\/li>\n<li style=\"font-weight: 400;\" aria-level=\"1\"><span style=\"font-weight: 400;\">Realizarse sobre bienes, instalaciones o espacios de titularidad municipal y de uso p\u00fablico.<\/span><\/li>\n<li style=\"font-weight: 400;\" aria-level=\"1\"><span style=\"font-weight: 400;\">Tener un car\u00e1cter concreto y determinado, as\u00ed como ser cuantificables econ\u00f3micamente.<\/span><\/li>\n<li style=\"font-weight: 400;\" aria-level=\"1\"><span style=\"font-weight: 400;\">Ser presentadas dentro del plazo establecido.<\/span><\/li>\n<\/ul>\n","protected":false},"excerpt":{"rendered":"<p>El Ayuntamiento dispondr\u00e1 de 250.000 euros en el Presupuesto Municipal de 2025 para invertir en acciones de inter\u00e9s municipal<\/p>\n","protected":false},"author":4,"featured_media":4036,"comment_status":"open","ping_status":"open","sticky":false,"template":"","format":"standard","meta":{"footnotes":""},"categories":[1],"tags":[],"class_list":["post-4035","post","type-post","status-publish","format-standard","has-post-thumbnail","hentry","category-sin-categoria"],"yoast_head":"<!-- This site is optimized with the Yoast SEO plugin v22.7 - https:\/\/yoast.com\/wordpress\/plugins\/seo\/ -->\n<title>Los Llanos de Aridane comienza la primera fase del Presupuesto Participativo 2024 el 25 de agosto - Ayuntamiento de Los Llanos de Aridane<\/title>\n<meta name=\"robots\" content=\"index, follow, max-snippet:-1, max-image-preview:large, max-video-preview:-1\" \/>\n<link rel=\"canonical\" href=\"https:\/\/www.aridane.org\/city\/2024\/08\/21\/los-llanos-de-aridane-comienza-la-primera-fase-del-presupuesto-participativo-2024-el-25-de-agosto\/\" \/>\n<meta property=\"og:locale\" content=\"es_ES\" \/>\n<meta property=\"og:type\" content=\"article\" \/>\n<meta property=\"og:title\" content=\"Los Llanos de Aridane comienza la primera fase del Presupuesto Participativo 2024 el 25 de agosto - Ayuntamiento de Los Llanos de Aridane\" \/>\n<meta property=\"og:description\" content=\"El Ayuntamiento dispondr\u00e1 de 250.000 euros en el Presupuesto Municipal de 2025 para invertir en acciones de inter\u00e9s municipal\" \/>\n<meta property=\"og:url\" content=\"https:\/\/www.aridane.org\/city\/2024\/08\/21\/los-llanos-de-aridane-comienza-la-primera-fase-del-presupuesto-participativo-2024-el-25-de-agosto\/\" \/>\n<meta property=\"og:site_name\" content=\"Ayuntamiento de Los Llanos de Aridane\" \/>\n<meta property=\"article:published_time\" content=\"2024-08-21T19:03:10+00:00\" \/>\n<meta property=\"og:image\" content=\"https:\/\/www.aridane.org\/city\/wp-content\/uploads\/2024\/08\/Inmaculada-Fernandez.jpg\" \/>\n\t<meta property=\"og:image:width\" content=\"1200\" \/>\n\t<meta property=\"og:image:height\" content=\"675\" \/>\n\t<meta property=\"og:image:type\" content=\"image\/jpeg\" \/>\n<meta name=\"author\" content=\"Corresponsal\" \/>\n<meta name=\"twitter:card\" content=\"summary_large_image\" \/>\n<meta name=\"twitter:label1\" content=\"Escrito por\" \/>\n\t<meta name=\"twitter:data1\" content=\"Corresponsal\" \/>\n\t<meta name=\"twitter:label2\" content=\"Tiempo de lectura\" \/>\n\t<meta name=\"twitter:data2\" content=\"2 minutos\" \/>\n<script type=\"application\/ld+json\" class=\"yoast-schema-graph\">{\"@context\":\"https:\/\/schema.org\",\"@graph\":[{\"@type\":\"WebPage\",\"@id\":\"https:\/\/www.aridane.org\/city\/2024\/08\/21\/los-llanos-de-aridane-comienza-la-primera-fase-del-presupuesto-participativo-2024-el-25-de-agosto\/\",\"url\":\"https:\/\/www.aridane.org\/city\/2024\/08\/21\/los-llanos-de-aridane-comienza-la-primera-fase-del-presupuesto-participativo-2024-el-25-de-agosto\/\",\"name\":\"Los Llanos de Aridane comienza la primera fase del Presupuesto Participativo 2024 el 25 de agosto - Ayuntamiento de Los Llanos de Aridane\",\"isPartOf\":{\"@id\":\"https:\/\/www.aridane.org\/city\/#website\"},\"primaryImageOfPage\":{\"@id\":\"https:\/\/www.aridane.org\/city\/2024\/08\/21\/los-llanos-de-aridane-comienza-la-primera-fase-del-presupuesto-participativo-2024-el-25-de-agosto\/#primaryimage\"},\"image\":{\"@id\":\"https:\/\/www.aridane.org\/city\/2024\/08\/21\/los-llanos-de-aridane-comienza-la-primera-fase-del-presupuesto-participativo-2024-el-25-de-agosto\/#primaryimage\"},\"thumbnailUrl\":\"https:\/\/www.aridane.org\/city\/wp-content\/uploads\/2024\/08\/Inmaculada-Fernandez.jpg\",\"datePublished\":\"2024-08-21T19:03:10+00:00\",\"dateModified\":\"2024-08-21T19:03:10+00:00\",\"author\":{\"@id\":\"https:\/\/www.aridane.org\/city\/#\/schema\/person\/89ebd376b223dc94cc1dbcf200c8e6da\"},\"breadcrumb\":{\"@id\":\"https:\/\/www.aridane.org\/city\/2024\/08\/21\/los-llanos-de-aridane-comienza-la-primera-fase-del-presupuesto-participativo-2024-el-25-de-agosto\/#breadcrumb\"},\"inLanguage\":\"es\",\"potentialAction\":[{\"@type\":\"ReadAction\",\"target\":[\"https:\/\/www.aridane.org\/city\/2024\/08\/21\/los-llanos-de-aridane-comienza-la-primera-fase-del-presupuesto-participativo-2024-el-25-de-agosto\/\"]}]},{\"@type\":\"ImageObject\",\"inLanguage\":\"es\",\"@id\":\"https:\/\/www.aridane.org\/city\/2024\/08\/21\/los-llanos-de-aridane-comienza-la-primera-fase-del-presupuesto-participativo-2024-el-25-de-agosto\/#primaryimage\",\"url\":\"https:\/\/www.aridane.org\/city\/wp-content\/uploads\/2024\/08\/Inmaculada-Fernandez.jpg\",\"contentUrl\":\"https:\/\/www.aridane.org\/city\/wp-content\/uploads\/2024\/08\/Inmaculada-Fernandez.jpg\",\"width\":1200,\"height\":675},{\"@type\":\"BreadcrumbList\",\"@id\":\"https:\/\/www.aridane.org\/city\/2024\/08\/21\/los-llanos-de-aridane-comienza-la-primera-fase-del-presupuesto-participativo-2024-el-25-de-agosto\/#breadcrumb\",\"itemListElement\":[{\"@type\":\"ListItem\",\"position\":1,\"name\":\"Portada\",\"item\":\"https:\/\/www.aridane.org\/city\/\"},{\"@type\":\"ListItem\",\"position\":2,\"name\":\"Los Llanos de Aridane comienza la primera fase del Presupuesto Participativo 2024 el 25 de agosto\"}]},{\"@type\":\"WebSite\",\"@id\":\"https:\/\/www.aridane.org\/city\/#website\",\"url\":\"https:\/\/www.aridane.org\/city\/\",\"name\":\"Ayuntamiento de Los Llanos de Aridane\",\"description\":\"\",\"potentialAction\":[{\"@type\":\"SearchAction\",\"target\":{\"@type\":\"EntryPoint\",\"urlTemplate\":\"https:\/\/www.aridane.org\/city\/?s={search_term_string}\"},\"query-input\":\"required name=search_term_string\"}],\"inLanguage\":\"es\"},{\"@type\":\"Person\",\"@id\":\"https:\/\/www.aridane.org\/city\/#\/schema\/person\/89ebd376b223dc94cc1dbcf200c8e6da\",\"name\":\"Corresponsal\",\"image\":{\"@type\":\"ImageObject\",\"inLanguage\":\"es\",\"@id\":\"https:\/\/www.aridane.org\/city\/#\/schema\/person\/image\/\",\"url\":\"https:\/\/secure.gravatar.com\/avatar\/1c476992411e4ccf153da63b2b2f5ea0bb4cb1c85f3ceab8512f04325ad5579c?s=96&d=mm&r=g\",\"contentUrl\":\"https:\/\/secure.gravatar.com\/avatar\/1c476992411e4ccf153da63b2b2f5ea0bb4cb1c85f3ceab8512f04325ad5579c?s=96&d=mm&r=g\",\"caption\":\"Corresponsal\"},\"url\":\"https:\/\/www.aridane.org\/city\/author\/corresponsal\/\"}]}<\/script>\n<!-- \/ Yoast SEO plugin. -->","yoast_head_json":{"title":"Los Llanos de Aridane comienza la primera fase del Presupuesto Participativo 2024 el 25 de agosto - Ayuntamiento de Los Llanos de Aridane","robots":{"index":"index","follow":"follow","max-snippet":"max-snippet:-1","max-image-preview":"max-image-preview:large","max-video-preview":"max-video-preview:-1"},"canonical":"https:\/\/www.aridane.org\/city\/2024\/08\/21\/los-llanos-de-aridane-comienza-la-primera-fase-del-presupuesto-participativo-2024-el-25-de-agosto\/","og_locale":"es_ES","og_type":"article","og_title":"Los Llanos de Aridane comienza la primera fase del Presupuesto Participativo 2024 el 25 de agosto - Ayuntamiento de Los Llanos de Aridane","og_description":"El Ayuntamiento dispondr\u00e1 de 250.000 euros en el Presupuesto Municipal de 2025 para invertir en acciones de inter\u00e9s municipal","og_url":"https:\/\/www.aridane.org\/city\/2024\/08\/21\/los-llanos-de-aridane-comienza-la-primera-fase-del-presupuesto-participativo-2024-el-25-de-agosto\/","og_site_name":"Ayuntamiento de Los Llanos de Aridane","article_published_time":"2024-08-21T19:03:10+00:00","og_image":[{"width":1200,"height":675,"url":"https:\/\/www.aridane.org\/city\/wp-content\/uploads\/2024\/08\/Inmaculada-Fernandez.jpg","type":"image\/jpeg"}],"author":"Corresponsal","twitter_card":"summary_large_image","twitter_misc":{"Escrito por":"Corresponsal","Tiempo de lectura":"2 minutos"},"schema":{"@context":"https:\/\/schema.org","@graph":[{"@type":"WebPage","@id":"https:\/\/www.aridane.org\/city\/2024\/08\/21\/los-llanos-de-aridane-comienza-la-primera-fase-del-presupuesto-participativo-2024-el-25-de-agosto\/","url":"https:\/\/www.aridane.org\/city\/2024\/08\/21\/los-llanos-de-aridane-comienza-la-primera-fase-del-presupuesto-participativo-2024-el-25-de-agosto\/","name":"Los Llanos de Aridane comienza la primera fase del Presupuesto Participativo 2024 el 25 de agosto - Ayuntamiento de Los Llanos de Aridane","isPartOf":{"@id":"https:\/\/www.aridane.org\/city\/#website"},"primaryImageOfPage":{"@id":"https:\/\/www.aridane.org\/city\/2024\/08\/21\/los-llanos-de-aridane-comienza-la-primera-fase-del-presupuesto-participativo-2024-el-25-de-agosto\/#primaryimage"},"image":{"@id":"https:\/\/www.aridane.org\/city\/2024\/08\/21\/los-llanos-de-aridane-comienza-la-primera-fase-del-presupuesto-participativo-2024-el-25-de-agosto\/#primaryimage"},"thumbnailUrl":"https:\/\/www.aridane.org\/city\/wp-content\/uploads\/2024\/08\/Inmaculada-Fernandez.jpg","datePublished":"2024-08-21T19:03:10+00:00","dateModified":"2024-08-21T19:03:10+00:00","author":{"@id":"https:\/\/www.aridane.org\/city\/#\/schema\/person\/89ebd376b223dc94cc1dbcf200c8e6da"},"breadcrumb":{"@id":"https:\/\/www.aridane.org\/city\/2024\/08\/21\/los-llanos-de-aridane-comienza-la-primera-fase-del-presupuesto-participativo-2024-el-25-de-agosto\/#breadcrumb"},"inLanguage":"es","potentialAction":[{"@type":"ReadAction","target":["https:\/\/www.aridane.org\/city\/2024\/08\/21\/los-llanos-de-aridane-comienza-la-primera-fase-del-presupuesto-participativo-2024-el-25-de-agosto\/"]}]},{"@type":"ImageObject","inLanguage":"es","@id":"https:\/\/www.aridane.org\/city\/2024\/08\/21\/los-llanos-de-aridane-comienza-la-primera-fase-del-presupuesto-participativo-2024-el-25-de-agosto\/#primaryimage","url":"https:\/\/www.aridane.org\/city\/wp-content\/uploads\/2024\/08\/Inmaculada-Fernandez.jpg","contentUrl":"https:\/\/www.aridane.org\/city\/wp-content\/uploads\/2024\/08\/Inmaculada-Fernandez.jpg","width":1200,"height":675},{"@type":"BreadcrumbList","@id":"https:\/\/www.aridane.org\/city\/2024\/08\/21\/los-llanos-de-aridane-comienza-la-primera-fase-del-presupuesto-participativo-2024-el-25-de-agosto\/#breadcrumb","itemListElement":[{"@type":"ListItem","position":1,"name":"Portada","item":"https:\/\/www.aridane.org\/city\/"},{"@type":"ListItem","position":2,"name":"Los Llanos de Aridane comienza la primera fase del Presupuesto Participativo 2024 el 25 de agosto"}]},{"@type":"WebSite","@id":"https:\/\/www.aridane.org\/city\/#website","url":"https:\/\/www.aridane.org\/city\/","name":"Ayuntamiento de Los Llanos de Aridane","description":"","potentialAction":[{"@type":"SearchAction","target":{"@type":"EntryPoint","urlTemplate":"https:\/\/www.aridane.org\/city\/?s={search_term_string}"},"query-input":"required name=search_term_string"}],"inLanguage":"es"},{"@type":"Person","@id":"https:\/\/www.aridane.org\/city\/#\/schema\/person\/89ebd376b223dc94cc1dbcf200c8e6da","name":"Corresponsal","image":{"@type":"ImageObject","inLanguage":"es","@id":"https:\/\/www.aridane.org\/city\/#\/schema\/person\/image\/","url":"https:\/\/secure.gravatar.com\/avatar\/1c476992411e4ccf153da63b2b2f5ea0bb4cb1c85f3ceab8512f04325ad5579c?s=96&d=mm&r=g","contentUrl":"https:\/\/secure.gravatar.com\/avatar\/1c476992411e4ccf153da63b2b2f5ea0bb4cb1c85f3ceab8512f04325ad5579c?s=96&d=mm&r=g","caption":"Corresponsal"},"url":"https:\/\/www.aridane.org\/city\/author\/corresponsal\/"}]}},"_links":{"self":[{"href":"https:\/\/www.aridane.org\/city\/wp-json\/wp\/v2\/posts\/4035","targetHints":{"allow":["GET"]}}],"collection":[{"href":"https:\/\/www.aridane.org\/city\/wp-json\/wp\/v2\/posts"}],"about":[{"href":"https:\/\/www.aridane.org\/city\/wp-json\/wp\/v2\/types\/post"}],"author":[{"embeddable":true,"href":"https:\/\/www.aridane.org\/city\/wp-json\/wp\/v2\/users\/4"}],"replies":[{"embeddable":true,"href":"https:\/\/www.aridane.org\/city\/wp-json\/wp\/v2\/comments?post=4035"}],"version-history":[{"count":1,"href":"https:\/\/www.aridane.org\/city\/wp-json\/wp\/v2\/posts\/4035\/revisions"}],"predecessor-version":[{"id":4037,"href":"https:\/\/www.aridane.org\/city\/wp-json\/wp\/v2\/posts\/4035\/revisions\/4037"}],"wp:featuredmedia":[{"embeddable":true,"href":"https:\/\/www.aridane.org\/city\/wp-json\/wp\/v2\/media\/4036"}],"wp:attachment":[{"href":"https:\/\/www.aridane.org\/city\/wp-json\/wp\/v2\/media?parent=4035"}],"wp:term":[{"taxonomy":"category","embeddable":true,"href":"https:\/\/www.aridane.org\/city\/wp-json\/wp\/v2\/categories?post=4035"},{"taxonomy":"post_tag","embeddable":true,"href":"https:\/\/www.aridane.org\/city\/wp-json\/wp\/v2\/tags?post=4035"}],"curies":[{"name":"wp","href":"https:\/\/api.w.org\/{rel}","templated":true}]}}