{"id":4042,"date":"2024-08-27T13:01:01","date_gmt":"2024-08-27T13:01:01","guid":{"rendered":"https:\/\/www.aridane.org\/city\/?p=4042"},"modified":"2024-08-28T13:03:51","modified_gmt":"2024-08-28T13:03:51","slug":"el-ayuntamiento-de-los-llanos-de-aridane-impulsa-la-limpieza-y-el-cuidado-de-los-jardines","status":"publish","type":"post","link":"https:\/\/www.aridane.org\/city\/2024\/08\/27\/el-ayuntamiento-de-los-llanos-de-aridane-impulsa-la-limpieza-y-el-cuidado-de-los-jardines\/","title":{"rendered":"El Ayuntamiento de Los Llanos de Aridane impulsa la limpieza y el cuidado de los jardines\u00a0"},"content":{"rendered":"<p><em>Este mi\u00e9rcoles se actuar\u00e1 para proteger y sanear las zonas verdes de la ciudad<\/em><br \/>\n<!--more--><\/p>\n<div id=\"v1forwardbody1\">\n<p>Este mi\u00e9rcoles, 28 de agosto, a partir de las 21:00 horas, el Ayuntamiento de Los Llanos de Aridane llevar\u00e1 a cabo una acci\u00f3n de lavado intensivo de los \u00e1rboles ubicados en la Avenida Doctor Fleming. Esta intervenci\u00f3n, que se extender\u00e1 hasta medianoche, tiene como objetivo erradicar la plaga de pulg\u00f3n que afecta a los \u00e1rboles de la zona.<\/p>\n<p>La concejala de Jardines y Parques, Tamara Acosta, explica que la intervenci\u00f3n comenzar\u00e1 en el tramo comprendido entre la churrer\u00eda y El Guanche, continuando posteriormente por el resto de la avenida.<\/p>\n<p>\u201cEs fundamental actuar de manera r\u00e1pida y eficaz para proteger nuestro entorno y garantizar que nuestros \u00e1rboles, que son una parte fundamental del paisaje urbano, se mantengan en \u00f3ptimas condiciones\u201d, se\u00f1ala Acosta.<\/p>\n<p>En este sentido, el concejal de Servicios Muncipales, Rubens D\u00edaz, destaca el esfuerzo y la dedicaci\u00f3n de los trabajadores municipales en estas labores de saneamiento. \u201cEl trabajo de nuestros equipos es indispensable para mantener nuestras zonas verdes en buen estado, lo que a su vez contribuye a mejorar la calidad de vida de nuestra ciudadan\u00eda. Un entorno limpio y cuidado no solo embellece nuestra ciudad, sino que tambi\u00e9n promueve la salud y el bienestar de nuestros vecinos\u201d, afirma D\u00edaz.<\/p>\n<p>El Ayuntamiento agradece de antemano la comprensi\u00f3n de los vecinos ante las posibles molestias que estos trabajos puedan ocasionar y les anima a colaborar en el cuidado de las zonas verdes de Los Llanos de Aridane.<\/p>\n<\/div>\n","protected":false},"excerpt":{"rendered":"<p>Este mi\u00e9rcoles se actuar\u00e1 para proteger y sanear las zonas verdes de la ciudad<\/p>\n","protected":false},"author":4,"featured_media":4043,"comment_status":"open","ping_status":"open","sticky":false,"template":"","format":"standard","meta":{"footnotes":""},"categories":[1],"tags":[],"class_list":["post-4042","post","type-post","status-publish","format-standard","has-post-thumbnail","hentry","category-sin-categoria"],"yoast_head":"<!-- This site is optimized with the Yoast SEO plugin v22.7 - https:\/\/yoast.com\/wordpress\/plugins\/seo\/ -->\n<title>El Ayuntamiento de Los Llanos de Aridane impulsa la limpieza y el cuidado de los jardines\u00a0 - Ayuntamiento de Los Llanos de Aridane<\/title>\n<meta name=\"robots\" content=\"index, follow, max-snippet:-1, max-image-preview:large, max-video-preview:-1\" \/>\n<link rel=\"canonical\" href=\"https:\/\/www.aridane.org\/city\/2024\/08\/27\/el-ayuntamiento-de-los-llanos-de-aridane-impulsa-la-limpieza-y-el-cuidado-de-los-jardines\/\" \/>\n<meta property=\"og:locale\" content=\"es_ES\" \/>\n<meta property=\"og:type\" content=\"article\" \/>\n<meta property=\"og:title\" content=\"El Ayuntamiento de Los Llanos de Aridane impulsa la limpieza y el cuidado de los jardines\u00a0 - Ayuntamiento de Los Llanos de Aridane\" \/>\n<meta property=\"og:description\" content=\"Este mi\u00e9rcoles se actuar\u00e1 para proteger y sanear las zonas verdes de la ciudad\" \/>\n<meta property=\"og:url\" content=\"https:\/\/www.aridane.org\/city\/2024\/08\/27\/el-ayuntamiento-de-los-llanos-de-aridane-impulsa-la-limpieza-y-el-cuidado-de-los-jardines\/\" \/>\n<meta property=\"og:site_name\" content=\"Ayuntamiento de Los Llanos de Aridane\" \/>\n<meta property=\"article:published_time\" content=\"2024-08-27T13:01:01+00:00\" \/>\n<meta property=\"article:modified_time\" content=\"2024-08-28T13:03:51+00:00\" \/>\n<meta property=\"og:image\" content=\"https:\/\/www.aridane.org\/city\/wp-content\/uploads\/2024\/08\/Los-Llanos-de-Aridane-drone.png\" \/>\n\t<meta property=\"og:image:width\" content=\"940\" \/>\n\t<meta property=\"og:image:height\" content=\"656\" \/>\n\t<meta property=\"og:image:type\" content=\"image\/png\" \/>\n<meta name=\"author\" content=\"Corresponsal\" \/>\n<meta name=\"twitter:card\" content=\"summary_large_image\" \/>\n<meta name=\"twitter:label1\" content=\"Escrito por\" \/>\n\t<meta name=\"twitter:data1\" content=\"Corresponsal\" \/>\n\t<meta name=\"twitter:label2\" content=\"Tiempo de lectura\" \/>\n\t<meta name=\"twitter:data2\" content=\"2 minutos\" \/>\n<script type=\"application\/ld+json\" class=\"yoast-schema-graph\">{\"@context\":\"https:\/\/schema.org\",\"@graph\":[{\"@type\":\"WebPage\",\"@id\":\"https:\/\/www.aridane.org\/city\/2024\/08\/27\/el-ayuntamiento-de-los-llanos-de-aridane-impulsa-la-limpieza-y-el-cuidado-de-los-jardines\/\",\"url\":\"https:\/\/www.aridane.org\/city\/2024\/08\/27\/el-ayuntamiento-de-los-llanos-de-aridane-impulsa-la-limpieza-y-el-cuidado-de-los-jardines\/\",\"name\":\"El Ayuntamiento de Los Llanos de Aridane impulsa la limpieza y el cuidado de los jardines\u00a0 - Ayuntamiento de Los Llanos de Aridane\",\"isPartOf\":{\"@id\":\"https:\/\/www.aridane.org\/city\/#website\"},\"primaryImageOfPage\":{\"@id\":\"https:\/\/www.aridane.org\/city\/2024\/08\/27\/el-ayuntamiento-de-los-llanos-de-aridane-impulsa-la-limpieza-y-el-cuidado-de-los-jardines\/#primaryimage\"},\"image\":{\"@id\":\"https:\/\/www.aridane.org\/city\/2024\/08\/27\/el-ayuntamiento-de-los-llanos-de-aridane-impulsa-la-limpieza-y-el-cuidado-de-los-jardines\/#primaryimage\"},\"thumbnailUrl\":\"https:\/\/www.aridane.org\/city\/wp-content\/uploads\/2024\/08\/Los-Llanos-de-Aridane-drone.png\",\"datePublished\":\"2024-08-27T13:01:01+00:00\",\"dateModified\":\"2024-08-28T13:03:51+00:00\",\"author\":{\"@id\":\"https:\/\/www.aridane.org\/city\/#\/schema\/person\/89ebd376b223dc94cc1dbcf200c8e6da\"},\"breadcrumb\":{\"@id\":\"https:\/\/www.aridane.org\/city\/2024\/08\/27\/el-ayuntamiento-de-los-llanos-de-aridane-impulsa-la-limpieza-y-el-cuidado-de-los-jardines\/#breadcrumb\"},\"inLanguage\":\"es\",\"potentialAction\":[{\"@type\":\"ReadAction\",\"target\":[\"https:\/\/www.aridane.org\/city\/2024\/08\/27\/el-ayuntamiento-de-los-llanos-de-aridane-impulsa-la-limpieza-y-el-cuidado-de-los-jardines\/\"]}]},{\"@type\":\"ImageObject\",\"inLanguage\":\"es\",\"@id\":\"https:\/\/www.aridane.org\/city\/2024\/08\/27\/el-ayuntamiento-de-los-llanos-de-aridane-impulsa-la-limpieza-y-el-cuidado-de-los-jardines\/#primaryimage\",\"url\":\"https:\/\/www.aridane.org\/city\/wp-content\/uploads\/2024\/08\/Los-Llanos-de-Aridane-drone.png\",\"contentUrl\":\"https:\/\/www.aridane.org\/city\/wp-content\/uploads\/2024\/08\/Los-Llanos-de-Aridane-drone.png\",\"width\":940,\"height\":656},{\"@type\":\"BreadcrumbList\",\"@id\":\"https:\/\/www.aridane.org\/city\/2024\/08\/27\/el-ayuntamiento-de-los-llanos-de-aridane-impulsa-la-limpieza-y-el-cuidado-de-los-jardines\/#breadcrumb\",\"itemListElement\":[{\"@type\":\"ListItem\",\"position\":1,\"name\":\"Portada\",\"item\":\"https:\/\/www.aridane.org\/city\/\"},{\"@type\":\"ListItem\",\"position\":2,\"name\":\"El Ayuntamiento de Los Llanos de Aridane impulsa la limpieza y el cuidado de los jardines\u00a0\"}]},{\"@type\":\"WebSite\",\"@id\":\"https:\/\/www.aridane.org\/city\/#website\",\"url\":\"https:\/\/www.aridane.org\/city\/\",\"name\":\"Ayuntamiento de Los Llanos de Aridane\",\"description\":\"\",\"potentialAction\":[{\"@type\":\"SearchAction\",\"target\":{\"@type\":\"EntryPoint\",\"urlTemplate\":\"https:\/\/www.aridane.org\/city\/?s={search_term_string}\"},\"query-input\":\"required name=search_term_string\"}],\"inLanguage\":\"es\"},{\"@type\":\"Person\",\"@id\":\"https:\/\/www.aridane.org\/city\/#\/schema\/person\/89ebd376b223dc94cc1dbcf200c8e6da\",\"name\":\"Corresponsal\",\"image\":{\"@type\":\"ImageObject\",\"inLanguage\":\"es\",\"@id\":\"https:\/\/www.aridane.org\/city\/#\/schema\/person\/image\/\",\"url\":\"https:\/\/secure.gravatar.com\/avatar\/1c476992411e4ccf153da63b2b2f5ea0bb4cb1c85f3ceab8512f04325ad5579c?s=96&d=mm&r=g\",\"contentUrl\":\"https:\/\/secure.gravatar.com\/avatar\/1c476992411e4ccf153da63b2b2f5ea0bb4cb1c85f3ceab8512f04325ad5579c?s=96&d=mm&r=g\",\"caption\":\"Corresponsal\"},\"url\":\"https:\/\/www.aridane.org\/city\/author\/corresponsal\/\"}]}<\/script>\n<!-- \/ Yoast SEO plugin. -->","yoast_head_json":{"title":"El Ayuntamiento de Los Llanos de Aridane impulsa la limpieza y el cuidado de los jardines\u00a0 - Ayuntamiento de Los Llanos de Aridane","robots":{"index":"index","follow":"follow","max-snippet":"max-snippet:-1","max-image-preview":"max-image-preview:large","max-video-preview":"max-video-preview:-1"},"canonical":"https:\/\/www.aridane.org\/city\/2024\/08\/27\/el-ayuntamiento-de-los-llanos-de-aridane-impulsa-la-limpieza-y-el-cuidado-de-los-jardines\/","og_locale":"es_ES","og_type":"article","og_title":"El Ayuntamiento de Los Llanos de Aridane impulsa la limpieza y el cuidado de los jardines\u00a0 - Ayuntamiento de Los Llanos de Aridane","og_description":"Este mi\u00e9rcoles se actuar\u00e1 para proteger y sanear las zonas verdes de la ciudad","og_url":"https:\/\/www.aridane.org\/city\/2024\/08\/27\/el-ayuntamiento-de-los-llanos-de-aridane-impulsa-la-limpieza-y-el-cuidado-de-los-jardines\/","og_site_name":"Ayuntamiento de Los Llanos de Aridane","article_published_time":"2024-08-27T13:01:01+00:00","article_modified_time":"2024-08-28T13:03:51+00:00","og_image":[{"width":940,"height":656,"url":"https:\/\/www.aridane.org\/city\/wp-content\/uploads\/2024\/08\/Los-Llanos-de-Aridane-drone.png","type":"image\/png"}],"author":"Corresponsal","twitter_card":"summary_large_image","twitter_misc":{"Escrito por":"Corresponsal","Tiempo de lectura":"2 minutos"},"schema":{"@context":"https:\/\/schema.org","@graph":[{"@type":"WebPage","@id":"https:\/\/www.aridane.org\/city\/2024\/08\/27\/el-ayuntamiento-de-los-llanos-de-aridane-impulsa-la-limpieza-y-el-cuidado-de-los-jardines\/","url":"https:\/\/www.aridane.org\/city\/2024\/08\/27\/el-ayuntamiento-de-los-llanos-de-aridane-impulsa-la-limpieza-y-el-cuidado-de-los-jardines\/","name":"El Ayuntamiento de Los Llanos de Aridane impulsa la limpieza y el cuidado de los jardines\u00a0 - Ayuntamiento de Los Llanos de Aridane","isPartOf":{"@id":"https:\/\/www.aridane.org\/city\/#website"},"primaryImageOfPage":{"@id":"https:\/\/www.aridane.org\/city\/2024\/08\/27\/el-ayuntamiento-de-los-llanos-de-aridane-impulsa-la-limpieza-y-el-cuidado-de-los-jardines\/#primaryimage"},"image":{"@id":"https:\/\/www.aridane.org\/city\/2024\/08\/27\/el-ayuntamiento-de-los-llanos-de-aridane-impulsa-la-limpieza-y-el-cuidado-de-los-jardines\/#primaryimage"},"thumbnailUrl":"https:\/\/www.aridane.org\/city\/wp-content\/uploads\/2024\/08\/Los-Llanos-de-Aridane-drone.png","datePublished":"2024-08-27T13:01:01+00:00","dateModified":"2024-08-28T13:03:51+00:00","author":{"@id":"https:\/\/www.aridane.org\/city\/#\/schema\/person\/89ebd376b223dc94cc1dbcf200c8e6da"},"breadcrumb":{"@id":"https:\/\/www.aridane.org\/city\/2024\/08\/27\/el-ayuntamiento-de-los-llanos-de-aridane-impulsa-la-limpieza-y-el-cuidado-de-los-jardines\/#breadcrumb"},"inLanguage":"es","potentialAction":[{"@type":"ReadAction","target":["https:\/\/www.aridane.org\/city\/2024\/08\/27\/el-ayuntamiento-de-los-llanos-de-aridane-impulsa-la-limpieza-y-el-cuidado-de-los-jardines\/"]}]},{"@type":"ImageObject","inLanguage":"es","@id":"https:\/\/www.aridane.org\/city\/2024\/08\/27\/el-ayuntamiento-de-los-llanos-de-aridane-impulsa-la-limpieza-y-el-cuidado-de-los-jardines\/#primaryimage","url":"https:\/\/www.aridane.org\/city\/wp-content\/uploads\/2024\/08\/Los-Llanos-de-Aridane-drone.png","contentUrl":"https:\/\/www.aridane.org\/city\/wp-content\/uploads\/2024\/08\/Los-Llanos-de-Aridane-drone.png","width":940,"height":656},{"@type":"BreadcrumbList","@id":"https:\/\/www.aridane.org\/city\/2024\/08\/27\/el-ayuntamiento-de-los-llanos-de-aridane-impulsa-la-limpieza-y-el-cuidado-de-los-jardines\/#breadcrumb","itemListElement":[{"@type":"ListItem","position":1,"name":"Portada","item":"https:\/\/www.aridane.org\/city\/"},{"@type":"ListItem","position":2,"name":"El Ayuntamiento de Los Llanos de Aridane impulsa la limpieza y el cuidado de los jardines\u00a0"}]},{"@type":"WebSite","@id":"https:\/\/www.aridane.org\/city\/#website","url":"https:\/\/www.aridane.org\/city\/","name":"Ayuntamiento de Los Llanos de Aridane","description":"","potentialAction":[{"@type":"SearchAction","target":{"@type":"EntryPoint","urlTemplate":"https:\/\/www.aridane.org\/city\/?s={search_term_string}"},"query-input":"required name=search_term_string"}],"inLanguage":"es"},{"@type":"Person","@id":"https:\/\/www.aridane.org\/city\/#\/schema\/person\/89ebd376b223dc94cc1dbcf200c8e6da","name":"Corresponsal","image":{"@type":"ImageObject","inLanguage":"es","@id":"https:\/\/www.aridane.org\/city\/#\/schema\/person\/image\/","url":"https:\/\/secure.gravatar.com\/avatar\/1c476992411e4ccf153da63b2b2f5ea0bb4cb1c85f3ceab8512f04325ad5579c?s=96&d=mm&r=g","contentUrl":"https:\/\/secure.gravatar.com\/avatar\/1c476992411e4ccf153da63b2b2f5ea0bb4cb1c85f3ceab8512f04325ad5579c?s=96&d=mm&r=g","caption":"Corresponsal"},"url":"https:\/\/www.aridane.org\/city\/author\/corresponsal\/"}]}},"_links":{"self":[{"href":"https:\/\/www.aridane.org\/city\/wp-json\/wp\/v2\/posts\/4042","targetHints":{"allow":["GET"]}}],"collection":[{"href":"https:\/\/www.aridane.org\/city\/wp-json\/wp\/v2\/posts"}],"about":[{"href":"https:\/\/www.aridane.org\/city\/wp-json\/wp\/v2\/types\/post"}],"author":[{"embeddable":true,"href":"https:\/\/www.aridane.org\/city\/wp-json\/wp\/v2\/users\/4"}],"replies":[{"embeddable":true,"href":"https:\/\/www.aridane.org\/city\/wp-json\/wp\/v2\/comments?post=4042"}],"version-history":[{"count":1,"href":"https:\/\/www.aridane.org\/city\/wp-json\/wp\/v2\/posts\/4042\/revisions"}],"predecessor-version":[{"id":4044,"href":"https:\/\/www.aridane.org\/city\/wp-json\/wp\/v2\/posts\/4042\/revisions\/4044"}],"wp:featuredmedia":[{"embeddable":true,"href":"https:\/\/www.aridane.org\/city\/wp-json\/wp\/v2\/media\/4043"}],"wp:attachment":[{"href":"https:\/\/www.aridane.org\/city\/wp-json\/wp\/v2\/media?parent=4042"}],"wp:term":[{"taxonomy":"category","embeddable":true,"href":"https:\/\/www.aridane.org\/city\/wp-json\/wp\/v2\/categories?post=4042"},{"taxonomy":"post_tag","embeddable":true,"href":"https:\/\/www.aridane.org\/city\/wp-json\/wp\/v2\/tags?post=4042"}],"curies":[{"name":"wp","href":"https:\/\/api.w.org\/{rel}","templated":true}]}}