{"id":4045,"date":"2024-08-28T13:16:45","date_gmt":"2024-08-28T13:16:45","guid":{"rendered":"https:\/\/www.aridane.org\/city\/?p=4045"},"modified":"2024-08-29T07:42:32","modified_gmt":"2024-08-29T07:42:32","slug":"los-llanos-de-aridane-colabora-con-la-vuelta-al-cole-el-proximo-31-de-agosto","status":"publish","type":"post","link":"https:\/\/www.aridane.org\/city\/2024\/08\/28\/los-llanos-de-aridane-colabora-con-la-vuelta-al-cole-el-proximo-31-de-agosto\/","title":{"rendered":"Los Llanos de Aridane colabora con la Vuelta al Cole el pr\u00f3ximo 31 de agosto"},"content":{"rendered":"<p><em>La iniciativa, organizada por ACZA, dinamizar\u00e1 la Calle Real con m\u00fasica y juegos<\/em><br \/>\n<!--more--><\/p>\n<div id=\"v1forwardbody1\">\n<p>El Ayuntamiento de Los Llanos de Aridane colabora con \u2018La Vuelta al Cole\u2019, una iniciativa de la Asociaci\u00f3n Comercial Zona Abierta (ACZA) prevista para el s\u00e1bado, 31 de agosto. Por las compras o servicios realizados ese d\u00eda en las empresas asociadas a ACZA, las personas, presentando su ticket de compra, podr\u00e1n probar suerte en la ruleta de la fortuna que estar\u00e1 en la Calle Real.<\/p>\n<p>La concejala de Comercio, Ver\u00f3nica Gonz\u00e1lez, valora este tipo de iniciativas para estimular el comercio local en un periodo marcado por las compras previas al regreso de las clases.<\/p>\n<p>\u201c\u2018La Vuelta al Cole\u2019 es una gran oportunidad para apoyar a las empresas del municipio, al tiempo de que se disfruta de actividades en familia. Apoyamos todas aquellas actividades que permitan dinamizar nuestro comercio y dinamicen las zonas comerciales\u201d, apunta.<\/p>\n<p>Las personas que participen en \u2018La Vuelta al Cole\u2019 tendr\u00e1n la oportunidad de ganar premios en directo y bonos de consumo en la ruleta de la fortuna de la Calle Real. En esa zona, tambi\u00e9n disfrutar\u00e1n de m\u00fasica en vivo con Xavi DJ, podr\u00e1n maquillarse en el stand de Glitter Yara y participar en diversos talleres para los m\u00e1s peque\u00f1os con la ludoteca Jungla Park.<\/p>\n<p>Para participar en la ruleta de la fortuna, las personas tendr\u00e1n que hacer compras superiores a 10 euros en comercios y restaurantes, o que superen los cinco euros en bares y cafeter\u00edas.<\/p>\n<\/div>\n","protected":false},"excerpt":{"rendered":"<p>La iniciativa, organizada por ACZA, dinamizar\u00e1 la Calle Real con m\u00fasica y juegos<\/p>\n","protected":false},"author":4,"featured_media":4046,"comment_status":"open","ping_status":"open","sticky":false,"template":"","format":"standard","meta":{"footnotes":""},"categories":[1],"tags":[],"class_list":["post-4045","post","type-post","status-publish","format-standard","has-post-thumbnail","hentry","category-sin-categoria"],"yoast_head":"<!-- This site is optimized with the Yoast SEO plugin v22.7 - https:\/\/yoast.com\/wordpress\/plugins\/seo\/ -->\n<title>Los Llanos de Aridane colabora con la Vuelta al Cole el pr\u00f3ximo 31 de agosto - Ayuntamiento de Los Llanos de Aridane<\/title>\n<meta name=\"robots\" content=\"index, follow, max-snippet:-1, max-image-preview:large, max-video-preview:-1\" \/>\n<link rel=\"canonical\" href=\"https:\/\/www.aridane.org\/city\/2024\/08\/28\/los-llanos-de-aridane-colabora-con-la-vuelta-al-cole-el-proximo-31-de-agosto\/\" \/>\n<meta property=\"og:locale\" content=\"es_ES\" \/>\n<meta property=\"og:type\" content=\"article\" \/>\n<meta property=\"og:title\" content=\"Los Llanos de Aridane colabora con la Vuelta al Cole el pr\u00f3ximo 31 de agosto - Ayuntamiento de Los Llanos de Aridane\" \/>\n<meta property=\"og:description\" content=\"La iniciativa, organizada por ACZA, dinamizar\u00e1 la Calle Real con m\u00fasica y juegos\" \/>\n<meta property=\"og:url\" content=\"https:\/\/www.aridane.org\/city\/2024\/08\/28\/los-llanos-de-aridane-colabora-con-la-vuelta-al-cole-el-proximo-31-de-agosto\/\" \/>\n<meta property=\"og:site_name\" content=\"Ayuntamiento de Los Llanos de Aridane\" \/>\n<meta property=\"article:published_time\" content=\"2024-08-28T13:16:45+00:00\" \/>\n<meta property=\"article:modified_time\" content=\"2024-08-29T07:42:32+00:00\" \/>\n<meta property=\"og:image\" content=\"https:\/\/www.aridane.org\/city\/wp-content\/uploads\/2024\/08\/Vuelta-al-Cole-scaled.jpeg\" \/>\n\t<meta property=\"og:image:width\" content=\"2560\" \/>\n\t<meta property=\"og:image:height\" content=\"1920\" \/>\n\t<meta property=\"og:image:type\" content=\"image\/jpeg\" \/>\n<meta name=\"author\" content=\"Corresponsal\" \/>\n<meta name=\"twitter:card\" content=\"summary_large_image\" \/>\n<meta name=\"twitter:label1\" content=\"Escrito por\" \/>\n\t<meta name=\"twitter:data1\" content=\"Corresponsal\" \/>\n\t<meta name=\"twitter:label2\" content=\"Tiempo de lectura\" \/>\n\t<meta name=\"twitter:data2\" content=\"2 minutos\" \/>\n<script type=\"application\/ld+json\" class=\"yoast-schema-graph\">{\"@context\":\"https:\/\/schema.org\",\"@graph\":[{\"@type\":\"WebPage\",\"@id\":\"https:\/\/www.aridane.org\/city\/2024\/08\/28\/los-llanos-de-aridane-colabora-con-la-vuelta-al-cole-el-proximo-31-de-agosto\/\",\"url\":\"https:\/\/www.aridane.org\/city\/2024\/08\/28\/los-llanos-de-aridane-colabora-con-la-vuelta-al-cole-el-proximo-31-de-agosto\/\",\"name\":\"Los Llanos de Aridane colabora con la Vuelta al Cole el pr\u00f3ximo 31 de agosto - Ayuntamiento de Los Llanos de Aridane\",\"isPartOf\":{\"@id\":\"https:\/\/www.aridane.org\/city\/#website\"},\"primaryImageOfPage\":{\"@id\":\"https:\/\/www.aridane.org\/city\/2024\/08\/28\/los-llanos-de-aridane-colabora-con-la-vuelta-al-cole-el-proximo-31-de-agosto\/#primaryimage\"},\"image\":{\"@id\":\"https:\/\/www.aridane.org\/city\/2024\/08\/28\/los-llanos-de-aridane-colabora-con-la-vuelta-al-cole-el-proximo-31-de-agosto\/#primaryimage\"},\"thumbnailUrl\":\"https:\/\/www.aridane.org\/city\/wp-content\/uploads\/2024\/08\/Vuelta-al-Cole-scaled.jpeg\",\"datePublished\":\"2024-08-28T13:16:45+00:00\",\"dateModified\":\"2024-08-29T07:42:32+00:00\",\"author\":{\"@id\":\"https:\/\/www.aridane.org\/city\/#\/schema\/person\/89ebd376b223dc94cc1dbcf200c8e6da\"},\"breadcrumb\":{\"@id\":\"https:\/\/www.aridane.org\/city\/2024\/08\/28\/los-llanos-de-aridane-colabora-con-la-vuelta-al-cole-el-proximo-31-de-agosto\/#breadcrumb\"},\"inLanguage\":\"es\",\"potentialAction\":[{\"@type\":\"ReadAction\",\"target\":[\"https:\/\/www.aridane.org\/city\/2024\/08\/28\/los-llanos-de-aridane-colabora-con-la-vuelta-al-cole-el-proximo-31-de-agosto\/\"]}]},{\"@type\":\"ImageObject\",\"inLanguage\":\"es\",\"@id\":\"https:\/\/www.aridane.org\/city\/2024\/08\/28\/los-llanos-de-aridane-colabora-con-la-vuelta-al-cole-el-proximo-31-de-agosto\/#primaryimage\",\"url\":\"https:\/\/www.aridane.org\/city\/wp-content\/uploads\/2024\/08\/Vuelta-al-Cole-scaled.jpeg\",\"contentUrl\":\"https:\/\/www.aridane.org\/city\/wp-content\/uploads\/2024\/08\/Vuelta-al-Cole-scaled.jpeg\",\"width\":2560,\"height\":1920},{\"@type\":\"BreadcrumbList\",\"@id\":\"https:\/\/www.aridane.org\/city\/2024\/08\/28\/los-llanos-de-aridane-colabora-con-la-vuelta-al-cole-el-proximo-31-de-agosto\/#breadcrumb\",\"itemListElement\":[{\"@type\":\"ListItem\",\"position\":1,\"name\":\"Portada\",\"item\":\"https:\/\/www.aridane.org\/city\/\"},{\"@type\":\"ListItem\",\"position\":2,\"name\":\"Los Llanos de Aridane colabora con la Vuelta al Cole el pr\u00f3ximo 31 de agosto\"}]},{\"@type\":\"WebSite\",\"@id\":\"https:\/\/www.aridane.org\/city\/#website\",\"url\":\"https:\/\/www.aridane.org\/city\/\",\"name\":\"Ayuntamiento de Los Llanos de Aridane\",\"description\":\"\",\"potentialAction\":[{\"@type\":\"SearchAction\",\"target\":{\"@type\":\"EntryPoint\",\"urlTemplate\":\"https:\/\/www.aridane.org\/city\/?s={search_term_string}\"},\"query-input\":\"required name=search_term_string\"}],\"inLanguage\":\"es\"},{\"@type\":\"Person\",\"@id\":\"https:\/\/www.aridane.org\/city\/#\/schema\/person\/89ebd376b223dc94cc1dbcf200c8e6da\",\"name\":\"Corresponsal\",\"image\":{\"@type\":\"ImageObject\",\"inLanguage\":\"es\",\"@id\":\"https:\/\/www.aridane.org\/city\/#\/schema\/person\/image\/\",\"url\":\"https:\/\/secure.gravatar.com\/avatar\/1c476992411e4ccf153da63b2b2f5ea0bb4cb1c85f3ceab8512f04325ad5579c?s=96&d=mm&r=g\",\"contentUrl\":\"https:\/\/secure.gravatar.com\/avatar\/1c476992411e4ccf153da63b2b2f5ea0bb4cb1c85f3ceab8512f04325ad5579c?s=96&d=mm&r=g\",\"caption\":\"Corresponsal\"},\"url\":\"https:\/\/www.aridane.org\/city\/author\/corresponsal\/\"}]}<\/script>\n<!-- \/ Yoast SEO plugin. -->","yoast_head_json":{"title":"Los Llanos de Aridane colabora con la Vuelta al Cole el pr\u00f3ximo 31 de agosto - Ayuntamiento de Los Llanos de Aridane","robots":{"index":"index","follow":"follow","max-snippet":"max-snippet:-1","max-image-preview":"max-image-preview:large","max-video-preview":"max-video-preview:-1"},"canonical":"https:\/\/www.aridane.org\/city\/2024\/08\/28\/los-llanos-de-aridane-colabora-con-la-vuelta-al-cole-el-proximo-31-de-agosto\/","og_locale":"es_ES","og_type":"article","og_title":"Los Llanos de Aridane colabora con la Vuelta al Cole el pr\u00f3ximo 31 de agosto - Ayuntamiento de Los Llanos de Aridane","og_description":"La iniciativa, organizada por ACZA, dinamizar\u00e1 la Calle Real con m\u00fasica y juegos","og_url":"https:\/\/www.aridane.org\/city\/2024\/08\/28\/los-llanos-de-aridane-colabora-con-la-vuelta-al-cole-el-proximo-31-de-agosto\/","og_site_name":"Ayuntamiento de Los Llanos de Aridane","article_published_time":"2024-08-28T13:16:45+00:00","article_modified_time":"2024-08-29T07:42:32+00:00","og_image":[{"width":2560,"height":1920,"url":"https:\/\/www.aridane.org\/city\/wp-content\/uploads\/2024\/08\/Vuelta-al-Cole-scaled.jpeg","type":"image\/jpeg"}],"author":"Corresponsal","twitter_card":"summary_large_image","twitter_misc":{"Escrito por":"Corresponsal","Tiempo de lectura":"2 minutos"},"schema":{"@context":"https:\/\/schema.org","@graph":[{"@type":"WebPage","@id":"https:\/\/www.aridane.org\/city\/2024\/08\/28\/los-llanos-de-aridane-colabora-con-la-vuelta-al-cole-el-proximo-31-de-agosto\/","url":"https:\/\/www.aridane.org\/city\/2024\/08\/28\/los-llanos-de-aridane-colabora-con-la-vuelta-al-cole-el-proximo-31-de-agosto\/","name":"Los Llanos de Aridane colabora con la Vuelta al Cole el pr\u00f3ximo 31 de agosto - Ayuntamiento de Los Llanos de Aridane","isPartOf":{"@id":"https:\/\/www.aridane.org\/city\/#website"},"primaryImageOfPage":{"@id":"https:\/\/www.aridane.org\/city\/2024\/08\/28\/los-llanos-de-aridane-colabora-con-la-vuelta-al-cole-el-proximo-31-de-agosto\/#primaryimage"},"image":{"@id":"https:\/\/www.aridane.org\/city\/2024\/08\/28\/los-llanos-de-aridane-colabora-con-la-vuelta-al-cole-el-proximo-31-de-agosto\/#primaryimage"},"thumbnailUrl":"https:\/\/www.aridane.org\/city\/wp-content\/uploads\/2024\/08\/Vuelta-al-Cole-scaled.jpeg","datePublished":"2024-08-28T13:16:45+00:00","dateModified":"2024-08-29T07:42:32+00:00","author":{"@id":"https:\/\/www.aridane.org\/city\/#\/schema\/person\/89ebd376b223dc94cc1dbcf200c8e6da"},"breadcrumb":{"@id":"https:\/\/www.aridane.org\/city\/2024\/08\/28\/los-llanos-de-aridane-colabora-con-la-vuelta-al-cole-el-proximo-31-de-agosto\/#breadcrumb"},"inLanguage":"es","potentialAction":[{"@type":"ReadAction","target":["https:\/\/www.aridane.org\/city\/2024\/08\/28\/los-llanos-de-aridane-colabora-con-la-vuelta-al-cole-el-proximo-31-de-agosto\/"]}]},{"@type":"ImageObject","inLanguage":"es","@id":"https:\/\/www.aridane.org\/city\/2024\/08\/28\/los-llanos-de-aridane-colabora-con-la-vuelta-al-cole-el-proximo-31-de-agosto\/#primaryimage","url":"https:\/\/www.aridane.org\/city\/wp-content\/uploads\/2024\/08\/Vuelta-al-Cole-scaled.jpeg","contentUrl":"https:\/\/www.aridane.org\/city\/wp-content\/uploads\/2024\/08\/Vuelta-al-Cole-scaled.jpeg","width":2560,"height":1920},{"@type":"BreadcrumbList","@id":"https:\/\/www.aridane.org\/city\/2024\/08\/28\/los-llanos-de-aridane-colabora-con-la-vuelta-al-cole-el-proximo-31-de-agosto\/#breadcrumb","itemListElement":[{"@type":"ListItem","position":1,"name":"Portada","item":"https:\/\/www.aridane.org\/city\/"},{"@type":"ListItem","position":2,"name":"Los Llanos de Aridane colabora con la Vuelta al Cole el pr\u00f3ximo 31 de agosto"}]},{"@type":"WebSite","@id":"https:\/\/www.aridane.org\/city\/#website","url":"https:\/\/www.aridane.org\/city\/","name":"Ayuntamiento de Los Llanos de Aridane","description":"","potentialAction":[{"@type":"SearchAction","target":{"@type":"EntryPoint","urlTemplate":"https:\/\/www.aridane.org\/city\/?s={search_term_string}"},"query-input":"required name=search_term_string"}],"inLanguage":"es"},{"@type":"Person","@id":"https:\/\/www.aridane.org\/city\/#\/schema\/person\/89ebd376b223dc94cc1dbcf200c8e6da","name":"Corresponsal","image":{"@type":"ImageObject","inLanguage":"es","@id":"https:\/\/www.aridane.org\/city\/#\/schema\/person\/image\/","url":"https:\/\/secure.gravatar.com\/avatar\/1c476992411e4ccf153da63b2b2f5ea0bb4cb1c85f3ceab8512f04325ad5579c?s=96&d=mm&r=g","contentUrl":"https:\/\/secure.gravatar.com\/avatar\/1c476992411e4ccf153da63b2b2f5ea0bb4cb1c85f3ceab8512f04325ad5579c?s=96&d=mm&r=g","caption":"Corresponsal"},"url":"https:\/\/www.aridane.org\/city\/author\/corresponsal\/"}]}},"_links":{"self":[{"href":"https:\/\/www.aridane.org\/city\/wp-json\/wp\/v2\/posts\/4045","targetHints":{"allow":["GET"]}}],"collection":[{"href":"https:\/\/www.aridane.org\/city\/wp-json\/wp\/v2\/posts"}],"about":[{"href":"https:\/\/www.aridane.org\/city\/wp-json\/wp\/v2\/types\/post"}],"author":[{"embeddable":true,"href":"https:\/\/www.aridane.org\/city\/wp-json\/wp\/v2\/users\/4"}],"replies":[{"embeddable":true,"href":"https:\/\/www.aridane.org\/city\/wp-json\/wp\/v2\/comments?post=4045"}],"version-history":[{"count":1,"href":"https:\/\/www.aridane.org\/city\/wp-json\/wp\/v2\/posts\/4045\/revisions"}],"predecessor-version":[{"id":4047,"href":"https:\/\/www.aridane.org\/city\/wp-json\/wp\/v2\/posts\/4045\/revisions\/4047"}],"wp:featuredmedia":[{"embeddable":true,"href":"https:\/\/www.aridane.org\/city\/wp-json\/wp\/v2\/media\/4046"}],"wp:attachment":[{"href":"https:\/\/www.aridane.org\/city\/wp-json\/wp\/v2\/media?parent=4045"}],"wp:term":[{"taxonomy":"category","embeddable":true,"href":"https:\/\/www.aridane.org\/city\/wp-json\/wp\/v2\/categories?post=4045"},{"taxonomy":"post_tag","embeddable":true,"href":"https:\/\/www.aridane.org\/city\/wp-json\/wp\/v2\/tags?post=4045"}],"curies":[{"name":"wp","href":"https:\/\/api.w.org\/{rel}","templated":true}]}}