{"id":4051,"date":"2024-08-29T08:49:04","date_gmt":"2024-08-29T08:49:04","guid":{"rendered":"https:\/\/www.aridane.org\/city\/?p=4051"},"modified":"2024-08-29T08:59:41","modified_gmt":"2024-08-29T08:59:41","slug":"las-manchas-celebra-la-exhibicion-de-4x4-el-gato-este-domingo","status":"publish","type":"post","link":"https:\/\/www.aridane.org\/city\/2024\/08\/29\/las-manchas-celebra-la-exhibicion-de-4x4-el-gato-este-domingo\/","title":{"rendered":"Las Manchas celebra la exhibici\u00f3n de 4X4 \u2018El Gato\u2019 este s\u00e1bado"},"content":{"rendered":"<p><i><span style=\"font-weight: 400;\">Los ayuntamientos de Los Llanos de Aridane y de El Paso trabajan de forma coordinada para la organizaci\u00f3n del evento<\/span><\/i><!--more--><\/p>\n<p><span style=\"font-weight: 400;\">Los ayuntamientos de Los Llanos de Aridane y de El Paso organizan la exhibici\u00f3n de 4&#215;4 \u2018El Gato\u2019. Tendr\u00e1 lugar el s\u00e1bado, 31 de agosto, a partir de las 10:00 horas, en el barrio de Las Manchas, con motivo de las fiestas de San Nicol\u00e1s de Bari 2024.<\/span><\/p>\n<p><span style=\"font-weight: 400;\">En la prueba participar\u00e1n 40 equipos de La Palma y de otras islas vecinas, que se enfrentar\u00e1n a diversos desaf\u00edos, mostrando sus habilidades y destreza en la conducci\u00f3n de veh\u00edculos todoterreno.<\/span><\/p>\n<p><span style=\"font-weight: 400;\">Los concejales de Deportes de Los Llanos de Aridane y de El Paso, V\u00edctor Gonz\u00e1lez y Omar Hern\u00e1ndez, respectivamente, aseguran que \u2018El Gato\u2019 es una competencia que va m\u00e1s all\u00e1 del deporte de motor, ya que en espect\u00e1culos as\u00ed se pone en valor la camarader\u00eda y el compa\u00f1erismo.<\/span><\/p>\n<p><span style=\"font-weight: 400;\">\u201c\u2018El Gato\u2019 ser\u00e1 un evento lleno de maniobras impresionantes, desde ascensos hasta obst\u00e1culos que desaf\u00edan las leyes de la f\u00edsica. Animamos a la ciudadan\u00eda a disfrutar del espect\u00e1culo, del buen ambiente y del barrio de Las Manchas\u201d, asegura V\u00edctor Gonz\u00e1lez.<\/span><\/p>\n<p><span style=\"font-weight: 400;\">\u201cEventos como este ofrecen una oportunidad \u00fanica para vivir de cerca la emoci\u00f3n del motor en un entorno inmejorable, donde se respira buen ambiente y muchas dosis de adrenalina\u201d, sostiene Omar Hern\u00e1ndez.<\/span><\/p>\n<p><span style=\"font-weight: 400;\">Los ayuntamientos de Los Llanos de Aridane y de El Paso trabajan de forma coordinada con los Cuerpos y Fuerzas de Seguridad del Estado, Protecci\u00f3n Civil, as\u00ed como con los organizadores de la prueba y los vecinos de Las Manchas, para que el evento transcurra con normalidad.<\/span><\/p>\n<p>&nbsp;<\/p>\n","protected":false},"excerpt":{"rendered":"<p>Los ayuntamientos de Los Llanos de Aridane y de El Paso trabajan de forma coordinada para la organizaci\u00f3n del evento<\/p>\n","protected":false},"author":4,"featured_media":4052,"comment_status":"open","ping_status":"open","sticky":false,"template":"","format":"standard","meta":{"footnotes":""},"categories":[1],"tags":[],"class_list":["post-4051","post","type-post","status-publish","format-standard","has-post-thumbnail","hentry","category-sin-categoria"],"yoast_head":"<!-- This site is optimized with the Yoast SEO plugin v22.7 - https:\/\/yoast.com\/wordpress\/plugins\/seo\/ -->\n<title>Las Manchas celebra la exhibici\u00f3n de 4X4 \u2018El Gato\u2019 este s\u00e1bado - Ayuntamiento de Los Llanos de Aridane<\/title>\n<meta name=\"robots\" content=\"index, follow, max-snippet:-1, max-image-preview:large, max-video-preview:-1\" \/>\n<link rel=\"canonical\" href=\"https:\/\/www.aridane.org\/city\/2024\/08\/29\/las-manchas-celebra-la-exhibicion-de-4x4-el-gato-este-domingo\/\" \/>\n<meta property=\"og:locale\" content=\"es_ES\" \/>\n<meta property=\"og:type\" content=\"article\" \/>\n<meta property=\"og:title\" content=\"Las Manchas celebra la exhibici\u00f3n de 4X4 \u2018El Gato\u2019 este s\u00e1bado - Ayuntamiento de Los Llanos de Aridane\" \/>\n<meta property=\"og:description\" content=\"Los ayuntamientos de Los Llanos de Aridane y de El Paso trabajan de forma coordinada para la organizaci\u00f3n del evento\" \/>\n<meta property=\"og:url\" content=\"https:\/\/www.aridane.org\/city\/2024\/08\/29\/las-manchas-celebra-la-exhibicion-de-4x4-el-gato-este-domingo\/\" \/>\n<meta property=\"og:site_name\" content=\"Ayuntamiento de Los Llanos de Aridane\" \/>\n<meta property=\"article:published_time\" content=\"2024-08-29T08:49:04+00:00\" \/>\n<meta property=\"article:modified_time\" content=\"2024-08-29T08:59:41+00:00\" \/>\n<meta property=\"og:image\" content=\"https:\/\/www.aridane.org\/city\/wp-content\/uploads\/2024\/08\/El-Gato-4x4-1-scaled.jpeg\" \/>\n\t<meta property=\"og:image:width\" content=\"2560\" \/>\n\t<meta property=\"og:image:height\" content=\"1920\" \/>\n\t<meta property=\"og:image:type\" content=\"image\/jpeg\" \/>\n<meta name=\"author\" content=\"Corresponsal\" \/>\n<meta name=\"twitter:card\" content=\"summary_large_image\" \/>\n<meta name=\"twitter:label1\" content=\"Escrito por\" \/>\n\t<meta name=\"twitter:data1\" content=\"Corresponsal\" \/>\n\t<meta name=\"twitter:label2\" content=\"Tiempo de lectura\" \/>\n\t<meta name=\"twitter:data2\" content=\"2 minutos\" \/>\n<script type=\"application\/ld+json\" class=\"yoast-schema-graph\">{\"@context\":\"https:\/\/schema.org\",\"@graph\":[{\"@type\":\"WebPage\",\"@id\":\"https:\/\/www.aridane.org\/city\/2024\/08\/29\/las-manchas-celebra-la-exhibicion-de-4x4-el-gato-este-domingo\/\",\"url\":\"https:\/\/www.aridane.org\/city\/2024\/08\/29\/las-manchas-celebra-la-exhibicion-de-4x4-el-gato-este-domingo\/\",\"name\":\"Las Manchas celebra la exhibici\u00f3n de 4X4 \u2018El Gato\u2019 este s\u00e1bado - Ayuntamiento de Los Llanos de Aridane\",\"isPartOf\":{\"@id\":\"https:\/\/www.aridane.org\/city\/#website\"},\"primaryImageOfPage\":{\"@id\":\"https:\/\/www.aridane.org\/city\/2024\/08\/29\/las-manchas-celebra-la-exhibicion-de-4x4-el-gato-este-domingo\/#primaryimage\"},\"image\":{\"@id\":\"https:\/\/www.aridane.org\/city\/2024\/08\/29\/las-manchas-celebra-la-exhibicion-de-4x4-el-gato-este-domingo\/#primaryimage\"},\"thumbnailUrl\":\"https:\/\/www.aridane.org\/city\/wp-content\/uploads\/2024\/08\/El-Gato-4x4-1-scaled.jpeg\",\"datePublished\":\"2024-08-29T08:49:04+00:00\",\"dateModified\":\"2024-08-29T08:59:41+00:00\",\"author\":{\"@id\":\"https:\/\/www.aridane.org\/city\/#\/schema\/person\/89ebd376b223dc94cc1dbcf200c8e6da\"},\"breadcrumb\":{\"@id\":\"https:\/\/www.aridane.org\/city\/2024\/08\/29\/las-manchas-celebra-la-exhibicion-de-4x4-el-gato-este-domingo\/#breadcrumb\"},\"inLanguage\":\"es\",\"potentialAction\":[{\"@type\":\"ReadAction\",\"target\":[\"https:\/\/www.aridane.org\/city\/2024\/08\/29\/las-manchas-celebra-la-exhibicion-de-4x4-el-gato-este-domingo\/\"]}]},{\"@type\":\"ImageObject\",\"inLanguage\":\"es\",\"@id\":\"https:\/\/www.aridane.org\/city\/2024\/08\/29\/las-manchas-celebra-la-exhibicion-de-4x4-el-gato-este-domingo\/#primaryimage\",\"url\":\"https:\/\/www.aridane.org\/city\/wp-content\/uploads\/2024\/08\/El-Gato-4x4-1-scaled.jpeg\",\"contentUrl\":\"https:\/\/www.aridane.org\/city\/wp-content\/uploads\/2024\/08\/El-Gato-4x4-1-scaled.jpeg\",\"width\":2560,\"height\":1920},{\"@type\":\"BreadcrumbList\",\"@id\":\"https:\/\/www.aridane.org\/city\/2024\/08\/29\/las-manchas-celebra-la-exhibicion-de-4x4-el-gato-este-domingo\/#breadcrumb\",\"itemListElement\":[{\"@type\":\"ListItem\",\"position\":1,\"name\":\"Portada\",\"item\":\"https:\/\/www.aridane.org\/city\/\"},{\"@type\":\"ListItem\",\"position\":2,\"name\":\"Las Manchas celebra la exhibici\u00f3n de 4X4 \u2018El Gato\u2019 este s\u00e1bado\"}]},{\"@type\":\"WebSite\",\"@id\":\"https:\/\/www.aridane.org\/city\/#website\",\"url\":\"https:\/\/www.aridane.org\/city\/\",\"name\":\"Ayuntamiento de Los Llanos de Aridane\",\"description\":\"\",\"potentialAction\":[{\"@type\":\"SearchAction\",\"target\":{\"@type\":\"EntryPoint\",\"urlTemplate\":\"https:\/\/www.aridane.org\/city\/?s={search_term_string}\"},\"query-input\":\"required name=search_term_string\"}],\"inLanguage\":\"es\"},{\"@type\":\"Person\",\"@id\":\"https:\/\/www.aridane.org\/city\/#\/schema\/person\/89ebd376b223dc94cc1dbcf200c8e6da\",\"name\":\"Corresponsal\",\"image\":{\"@type\":\"ImageObject\",\"inLanguage\":\"es\",\"@id\":\"https:\/\/www.aridane.org\/city\/#\/schema\/person\/image\/\",\"url\":\"https:\/\/secure.gravatar.com\/avatar\/1c476992411e4ccf153da63b2b2f5ea0bb4cb1c85f3ceab8512f04325ad5579c?s=96&d=mm&r=g\",\"contentUrl\":\"https:\/\/secure.gravatar.com\/avatar\/1c476992411e4ccf153da63b2b2f5ea0bb4cb1c85f3ceab8512f04325ad5579c?s=96&d=mm&r=g\",\"caption\":\"Corresponsal\"},\"url\":\"https:\/\/www.aridane.org\/city\/author\/corresponsal\/\"}]}<\/script>\n<!-- \/ Yoast SEO plugin. -->","yoast_head_json":{"title":"Las Manchas celebra la exhibici\u00f3n de 4X4 \u2018El Gato\u2019 este s\u00e1bado - Ayuntamiento de Los Llanos de Aridane","robots":{"index":"index","follow":"follow","max-snippet":"max-snippet:-1","max-image-preview":"max-image-preview:large","max-video-preview":"max-video-preview:-1"},"canonical":"https:\/\/www.aridane.org\/city\/2024\/08\/29\/las-manchas-celebra-la-exhibicion-de-4x4-el-gato-este-domingo\/","og_locale":"es_ES","og_type":"article","og_title":"Las Manchas celebra la exhibici\u00f3n de 4X4 \u2018El Gato\u2019 este s\u00e1bado - Ayuntamiento de Los Llanos de Aridane","og_description":"Los ayuntamientos de Los Llanos de Aridane y de El Paso trabajan de forma coordinada para la organizaci\u00f3n del evento","og_url":"https:\/\/www.aridane.org\/city\/2024\/08\/29\/las-manchas-celebra-la-exhibicion-de-4x4-el-gato-este-domingo\/","og_site_name":"Ayuntamiento de Los Llanos de Aridane","article_published_time":"2024-08-29T08:49:04+00:00","article_modified_time":"2024-08-29T08:59:41+00:00","og_image":[{"width":2560,"height":1920,"url":"https:\/\/www.aridane.org\/city\/wp-content\/uploads\/2024\/08\/El-Gato-4x4-1-scaled.jpeg","type":"image\/jpeg"}],"author":"Corresponsal","twitter_card":"summary_large_image","twitter_misc":{"Escrito por":"Corresponsal","Tiempo de lectura":"2 minutos"},"schema":{"@context":"https:\/\/schema.org","@graph":[{"@type":"WebPage","@id":"https:\/\/www.aridane.org\/city\/2024\/08\/29\/las-manchas-celebra-la-exhibicion-de-4x4-el-gato-este-domingo\/","url":"https:\/\/www.aridane.org\/city\/2024\/08\/29\/las-manchas-celebra-la-exhibicion-de-4x4-el-gato-este-domingo\/","name":"Las Manchas celebra la exhibici\u00f3n de 4X4 \u2018El Gato\u2019 este s\u00e1bado - Ayuntamiento de Los Llanos de Aridane","isPartOf":{"@id":"https:\/\/www.aridane.org\/city\/#website"},"primaryImageOfPage":{"@id":"https:\/\/www.aridane.org\/city\/2024\/08\/29\/las-manchas-celebra-la-exhibicion-de-4x4-el-gato-este-domingo\/#primaryimage"},"image":{"@id":"https:\/\/www.aridane.org\/city\/2024\/08\/29\/las-manchas-celebra-la-exhibicion-de-4x4-el-gato-este-domingo\/#primaryimage"},"thumbnailUrl":"https:\/\/www.aridane.org\/city\/wp-content\/uploads\/2024\/08\/El-Gato-4x4-1-scaled.jpeg","datePublished":"2024-08-29T08:49:04+00:00","dateModified":"2024-08-29T08:59:41+00:00","author":{"@id":"https:\/\/www.aridane.org\/city\/#\/schema\/person\/89ebd376b223dc94cc1dbcf200c8e6da"},"breadcrumb":{"@id":"https:\/\/www.aridane.org\/city\/2024\/08\/29\/las-manchas-celebra-la-exhibicion-de-4x4-el-gato-este-domingo\/#breadcrumb"},"inLanguage":"es","potentialAction":[{"@type":"ReadAction","target":["https:\/\/www.aridane.org\/city\/2024\/08\/29\/las-manchas-celebra-la-exhibicion-de-4x4-el-gato-este-domingo\/"]}]},{"@type":"ImageObject","inLanguage":"es","@id":"https:\/\/www.aridane.org\/city\/2024\/08\/29\/las-manchas-celebra-la-exhibicion-de-4x4-el-gato-este-domingo\/#primaryimage","url":"https:\/\/www.aridane.org\/city\/wp-content\/uploads\/2024\/08\/El-Gato-4x4-1-scaled.jpeg","contentUrl":"https:\/\/www.aridane.org\/city\/wp-content\/uploads\/2024\/08\/El-Gato-4x4-1-scaled.jpeg","width":2560,"height":1920},{"@type":"BreadcrumbList","@id":"https:\/\/www.aridane.org\/city\/2024\/08\/29\/las-manchas-celebra-la-exhibicion-de-4x4-el-gato-este-domingo\/#breadcrumb","itemListElement":[{"@type":"ListItem","position":1,"name":"Portada","item":"https:\/\/www.aridane.org\/city\/"},{"@type":"ListItem","position":2,"name":"Las Manchas celebra la exhibici\u00f3n de 4X4 \u2018El Gato\u2019 este s\u00e1bado"}]},{"@type":"WebSite","@id":"https:\/\/www.aridane.org\/city\/#website","url":"https:\/\/www.aridane.org\/city\/","name":"Ayuntamiento de Los Llanos de Aridane","description":"","potentialAction":[{"@type":"SearchAction","target":{"@type":"EntryPoint","urlTemplate":"https:\/\/www.aridane.org\/city\/?s={search_term_string}"},"query-input":"required name=search_term_string"}],"inLanguage":"es"},{"@type":"Person","@id":"https:\/\/www.aridane.org\/city\/#\/schema\/person\/89ebd376b223dc94cc1dbcf200c8e6da","name":"Corresponsal","image":{"@type":"ImageObject","inLanguage":"es","@id":"https:\/\/www.aridane.org\/city\/#\/schema\/person\/image\/","url":"https:\/\/secure.gravatar.com\/avatar\/1c476992411e4ccf153da63b2b2f5ea0bb4cb1c85f3ceab8512f04325ad5579c?s=96&d=mm&r=g","contentUrl":"https:\/\/secure.gravatar.com\/avatar\/1c476992411e4ccf153da63b2b2f5ea0bb4cb1c85f3ceab8512f04325ad5579c?s=96&d=mm&r=g","caption":"Corresponsal"},"url":"https:\/\/www.aridane.org\/city\/author\/corresponsal\/"}]}},"_links":{"self":[{"href":"https:\/\/www.aridane.org\/city\/wp-json\/wp\/v2\/posts\/4051","targetHints":{"allow":["GET"]}}],"collection":[{"href":"https:\/\/www.aridane.org\/city\/wp-json\/wp\/v2\/posts"}],"about":[{"href":"https:\/\/www.aridane.org\/city\/wp-json\/wp\/v2\/types\/post"}],"author":[{"embeddable":true,"href":"https:\/\/www.aridane.org\/city\/wp-json\/wp\/v2\/users\/4"}],"replies":[{"embeddable":true,"href":"https:\/\/www.aridane.org\/city\/wp-json\/wp\/v2\/comments?post=4051"}],"version-history":[{"count":2,"href":"https:\/\/www.aridane.org\/city\/wp-json\/wp\/v2\/posts\/4051\/revisions"}],"predecessor-version":[{"id":4054,"href":"https:\/\/www.aridane.org\/city\/wp-json\/wp\/v2\/posts\/4051\/revisions\/4054"}],"wp:featuredmedia":[{"embeddable":true,"href":"https:\/\/www.aridane.org\/city\/wp-json\/wp\/v2\/media\/4052"}],"wp:attachment":[{"href":"https:\/\/www.aridane.org\/city\/wp-json\/wp\/v2\/media?parent=4051"}],"wp:term":[{"taxonomy":"category","embeddable":true,"href":"https:\/\/www.aridane.org\/city\/wp-json\/wp\/v2\/categories?post=4051"},{"taxonomy":"post_tag","embeddable":true,"href":"https:\/\/www.aridane.org\/city\/wp-json\/wp\/v2\/tags?post=4051"}],"curies":[{"name":"wp","href":"https:\/\/api.w.org\/{rel}","templated":true}]}}