{"id":4074,"date":"2024-09-04T12:53:06","date_gmt":"2024-09-04T12:53:06","guid":{"rendered":"https:\/\/www.aridane.org\/city\/?p=4074"},"modified":"2024-09-04T12:53:06","modified_gmt":"2024-09-04T12:53:06","slug":"aridane-market-promociona-el-comercio-y-la-artesania-de-la-palma-en-el-proximo-contigo-almediodia","status":"publish","type":"post","link":"https:\/\/www.aridane.org\/city\/2024\/09\/04\/aridane-market-promociona-el-comercio-y-la-artesania-de-la-palma-en-el-proximo-contigo-almediodia\/","title":{"rendered":"Aridane Market promociona el comercio y la artesan\u00eda de La Palma en el pr\u00f3ximo  Contigo Almediod\u00eda"},"content":{"rendered":"<p><em>Aridane Market es un escaparate para que artesanos, emprendedores y peque\u00f1os comercios de La Palma y de Canarias den a conocer su producto<\/em><!--more--><\/p>\n<p>El Ayuntamiento de Los Llanos de Aridane organiza el Aridane Market para promocionar el comercio y la artesan\u00eda de La Palma. El evento tendr\u00e1 lugar en la calle D\u00edaz Pimienta, de 11:00 a 21:00 horas, el s\u00e1bado 21 de septiembre. Adem\u00e1s, con el objetivo de dinamizar el consumo, el mercado coincidir\u00e1 con el XVIII aniversario del Contigo Almediod\u00eda, que tambi\u00e9n se celebrar\u00e1 ese mismo d\u00eda.<\/p>\n<p>El Aridane Market se situar\u00e1 en la calle aleda\u00f1a a la plaza del concierto, ofreciendo un escaparate perfecto para artesanos, emprendedores y peque\u00f1os comercios. Las personas y empresas interesadas en participar en el mercado pueden presentar su solicitud rellenando el siguiente formulario<br \/>\n<a href=\"https:\/\/docs.google.com\/forms\/d\/e\/1FAIpQLSep49em0Aej95ghSM9mxkpgmsRmtRR1FJFAOXcRlS73OFYKAw\/viewform\">https:\/\/docs.google.com\/forms\/d\/e\/1FAIpQLSep49em0Aej95ghSM9mxkpgmsRmtRR1FJFAOXcRlS73OFYKAw\/viewform<\/a><\/p>\n<p>Las inscripciones estar\u00e1n abiertas hasta el 14 de septiembre o hasta completar el cupo. El n\u00famero de plazas es limitado.<\/p>\n<p><strong>Impulsar la econom\u00eda local<\/strong><\/p>\n<p>La concejala de Comercio, Ver\u00f3nica Gonz\u00e1lez, explica que el Aridane Market surge como una herramienta para impulsar la econom\u00eda local, aprovechando la creciente relevancia del turismo y la apreciaci\u00f3n por los productos artesanales de alta calidad. \u201cPor ello, el Ayuntamiento, adapt\u00e1ndose a los cambios econ\u00f3micos, diversifica su oferta y fomenta el desarrollo de nuevas iniciativas comerciales\u201d, apunta.<\/p>\n<p>Asimismo, la concejala reconoce que este mercado promocionar\u00e1 los mejores productos de Los Llanos de Aridane y de La Palma, permitiendo a los visitantes comprar mientras viven una experiencia enriquecedora.<\/p>\n<p>Ver\u00f3nica Gonz\u00e1lez tambi\u00e9n recuerda que el evento, que cuenta con el patrocinio de Spar y Avantis Clinics, tambi\u00e9n permitir\u00e1 el aparcamiento gratuito durante el viernes 20 y el s\u00e1bado 21 de septiembre en la zona azul. \u201cEsto ser\u00e1 \u00fanicamente utilizando la app Telpark, gracias a la gentileza de esta empresa. Agradecemos a todos las empresas y colaboradores su apoyo\u201d, a\u00f1ade.<\/p>\n<p><strong>Aridane Market y Contigo Almediod\u00eda<\/strong><\/p>\n<p>Aridane Market no solo se centrar\u00e1 en la venta de productos, sino que tambi\u00e9n ofrecer\u00e1 talleres interactivos y una variada oferta gastron\u00f3mica, permitiendo a los visitantes sumergirse en la cultura local mientras disfrutan de buena m\u00fasica. Adem\u00e1s, en l\u00ednea con el compromiso del Ayuntamiento de apoyar a los emprendedores y artistas del municipio, se les brindar\u00e1 un espacio destacado para que puedan participar activamente y dar a conocer su obra.<\/p>\n<p>Cabe recordar que el s\u00e1bado 21, el Contigo Almediod\u00eda vivir\u00e1 una edici\u00f3n especial con m\u00fasica desde las 13:00 horas hasta la noche. El espect\u00e1cul comenzar\u00e1 con un concierto tributo a Bruce Springsteen de la mano de Manuel Fuentes &amp;amp; The Spring\u2019s Team, seguido de la actuaci\u00f3n de los DJs de GrajaSound y la actuaci\u00f3n final de la banda Seguridad Social a partir de las 19:00 horas.<\/p>\n","protected":false},"excerpt":{"rendered":"<p>Aridane Market es un escaparate para que artesanos, emprendedores y peque\u00f1os comercios de La Palma y de Canarias den a conocer su producto<\/p>\n","protected":false},"author":4,"featured_media":4075,"comment_status":"open","ping_status":"open","sticky":false,"template":"","format":"standard","meta":{"footnotes":""},"categories":[1],"tags":[],"class_list":["post-4074","post","type-post","status-publish","format-standard","has-post-thumbnail","hentry","category-sin-categoria"],"yoast_head":"<!-- This site is optimized with the Yoast SEO plugin v22.7 - https:\/\/yoast.com\/wordpress\/plugins\/seo\/ -->\n<title>Aridane Market promociona el comercio y la artesan\u00eda de La Palma en el pr\u00f3ximo Contigo Almediod\u00eda - Ayuntamiento de Los Llanos de Aridane<\/title>\n<meta name=\"robots\" content=\"index, follow, max-snippet:-1, max-image-preview:large, max-video-preview:-1\" \/>\n<link rel=\"canonical\" href=\"https:\/\/www.aridane.org\/city\/2024\/09\/04\/aridane-market-promociona-el-comercio-y-la-artesania-de-la-palma-en-el-proximo-contigo-almediodia\/\" \/>\n<meta property=\"og:locale\" content=\"es_ES\" \/>\n<meta property=\"og:type\" content=\"article\" \/>\n<meta property=\"og:title\" content=\"Aridane Market promociona el comercio y la artesan\u00eda de La Palma en el pr\u00f3ximo Contigo Almediod\u00eda - Ayuntamiento de Los Llanos de Aridane\" \/>\n<meta property=\"og:description\" content=\"Aridane Market es un escaparate para que artesanos, emprendedores y peque\u00f1os comercios de La Palma y de Canarias den a conocer su producto\" \/>\n<meta property=\"og:url\" content=\"https:\/\/www.aridane.org\/city\/2024\/09\/04\/aridane-market-promociona-el-comercio-y-la-artesania-de-la-palma-en-el-proximo-contigo-almediodia\/\" \/>\n<meta property=\"og:site_name\" content=\"Ayuntamiento de Los Llanos de Aridane\" \/>\n<meta property=\"article:published_time\" content=\"2024-09-04T12:53:06+00:00\" \/>\n<meta property=\"og:image\" content=\"https:\/\/www.aridane.org\/city\/wp-content\/uploads\/2024\/09\/Aridane-market-2024-1.jpeg\" \/>\n\t<meta property=\"og:image:width\" content=\"1290\" \/>\n\t<meta property=\"og:image:height\" content=\"930\" \/>\n\t<meta property=\"og:image:type\" content=\"image\/jpeg\" \/>\n<meta name=\"author\" content=\"Corresponsal\" \/>\n<meta name=\"twitter:card\" content=\"summary_large_image\" \/>\n<meta name=\"twitter:label1\" content=\"Escrito por\" \/>\n\t<meta name=\"twitter:data1\" content=\"Corresponsal\" \/>\n\t<meta name=\"twitter:label2\" content=\"Tiempo de lectura\" \/>\n\t<meta name=\"twitter:data2\" content=\"3 minutos\" \/>\n<script type=\"application\/ld+json\" class=\"yoast-schema-graph\">{\"@context\":\"https:\/\/schema.org\",\"@graph\":[{\"@type\":\"WebPage\",\"@id\":\"https:\/\/www.aridane.org\/city\/2024\/09\/04\/aridane-market-promociona-el-comercio-y-la-artesania-de-la-palma-en-el-proximo-contigo-almediodia\/\",\"url\":\"https:\/\/www.aridane.org\/city\/2024\/09\/04\/aridane-market-promociona-el-comercio-y-la-artesania-de-la-palma-en-el-proximo-contigo-almediodia\/\",\"name\":\"Aridane Market promociona el comercio y la artesan\u00eda de La Palma en el pr\u00f3ximo Contigo Almediod\u00eda - Ayuntamiento de Los Llanos de Aridane\",\"isPartOf\":{\"@id\":\"https:\/\/www.aridane.org\/city\/#website\"},\"primaryImageOfPage\":{\"@id\":\"https:\/\/www.aridane.org\/city\/2024\/09\/04\/aridane-market-promociona-el-comercio-y-la-artesania-de-la-palma-en-el-proximo-contigo-almediodia\/#primaryimage\"},\"image\":{\"@id\":\"https:\/\/www.aridane.org\/city\/2024\/09\/04\/aridane-market-promociona-el-comercio-y-la-artesania-de-la-palma-en-el-proximo-contigo-almediodia\/#primaryimage\"},\"thumbnailUrl\":\"https:\/\/www.aridane.org\/city\/wp-content\/uploads\/2024\/09\/Aridane-market-2024-1.jpeg\",\"datePublished\":\"2024-09-04T12:53:06+00:00\",\"dateModified\":\"2024-09-04T12:53:06+00:00\",\"author\":{\"@id\":\"https:\/\/www.aridane.org\/city\/#\/schema\/person\/89ebd376b223dc94cc1dbcf200c8e6da\"},\"breadcrumb\":{\"@id\":\"https:\/\/www.aridane.org\/city\/2024\/09\/04\/aridane-market-promociona-el-comercio-y-la-artesania-de-la-palma-en-el-proximo-contigo-almediodia\/#breadcrumb\"},\"inLanguage\":\"es\",\"potentialAction\":[{\"@type\":\"ReadAction\",\"target\":[\"https:\/\/www.aridane.org\/city\/2024\/09\/04\/aridane-market-promociona-el-comercio-y-la-artesania-de-la-palma-en-el-proximo-contigo-almediodia\/\"]}]},{\"@type\":\"ImageObject\",\"inLanguage\":\"es\",\"@id\":\"https:\/\/www.aridane.org\/city\/2024\/09\/04\/aridane-market-promociona-el-comercio-y-la-artesania-de-la-palma-en-el-proximo-contigo-almediodia\/#primaryimage\",\"url\":\"https:\/\/www.aridane.org\/city\/wp-content\/uploads\/2024\/09\/Aridane-market-2024-1.jpeg\",\"contentUrl\":\"https:\/\/www.aridane.org\/city\/wp-content\/uploads\/2024\/09\/Aridane-market-2024-1.jpeg\",\"width\":1290,\"height\":930},{\"@type\":\"BreadcrumbList\",\"@id\":\"https:\/\/www.aridane.org\/city\/2024\/09\/04\/aridane-market-promociona-el-comercio-y-la-artesania-de-la-palma-en-el-proximo-contigo-almediodia\/#breadcrumb\",\"itemListElement\":[{\"@type\":\"ListItem\",\"position\":1,\"name\":\"Portada\",\"item\":\"https:\/\/www.aridane.org\/city\/\"},{\"@type\":\"ListItem\",\"position\":2,\"name\":\"Aridane Market promociona el comercio y la artesan\u00eda de La Palma en el pr\u00f3ximo Contigo Almediod\u00eda\"}]},{\"@type\":\"WebSite\",\"@id\":\"https:\/\/www.aridane.org\/city\/#website\",\"url\":\"https:\/\/www.aridane.org\/city\/\",\"name\":\"Ayuntamiento de Los Llanos de Aridane\",\"description\":\"\",\"potentialAction\":[{\"@type\":\"SearchAction\",\"target\":{\"@type\":\"EntryPoint\",\"urlTemplate\":\"https:\/\/www.aridane.org\/city\/?s={search_term_string}\"},\"query-input\":\"required name=search_term_string\"}],\"inLanguage\":\"es\"},{\"@type\":\"Person\",\"@id\":\"https:\/\/www.aridane.org\/city\/#\/schema\/person\/89ebd376b223dc94cc1dbcf200c8e6da\",\"name\":\"Corresponsal\",\"image\":{\"@type\":\"ImageObject\",\"inLanguage\":\"es\",\"@id\":\"https:\/\/www.aridane.org\/city\/#\/schema\/person\/image\/\",\"url\":\"https:\/\/secure.gravatar.com\/avatar\/1c476992411e4ccf153da63b2b2f5ea0bb4cb1c85f3ceab8512f04325ad5579c?s=96&d=mm&r=g\",\"contentUrl\":\"https:\/\/secure.gravatar.com\/avatar\/1c476992411e4ccf153da63b2b2f5ea0bb4cb1c85f3ceab8512f04325ad5579c?s=96&d=mm&r=g\",\"caption\":\"Corresponsal\"},\"url\":\"https:\/\/www.aridane.org\/city\/author\/corresponsal\/\"}]}<\/script>\n<!-- \/ Yoast SEO plugin. -->","yoast_head_json":{"title":"Aridane Market promociona el comercio y la artesan\u00eda de La Palma en el pr\u00f3ximo Contigo Almediod\u00eda - Ayuntamiento de Los Llanos de Aridane","robots":{"index":"index","follow":"follow","max-snippet":"max-snippet:-1","max-image-preview":"max-image-preview:large","max-video-preview":"max-video-preview:-1"},"canonical":"https:\/\/www.aridane.org\/city\/2024\/09\/04\/aridane-market-promociona-el-comercio-y-la-artesania-de-la-palma-en-el-proximo-contigo-almediodia\/","og_locale":"es_ES","og_type":"article","og_title":"Aridane Market promociona el comercio y la artesan\u00eda de La Palma en el pr\u00f3ximo Contigo Almediod\u00eda - Ayuntamiento de Los Llanos de Aridane","og_description":"Aridane Market es un escaparate para que artesanos, emprendedores y peque\u00f1os comercios de La Palma y de Canarias den a conocer su producto","og_url":"https:\/\/www.aridane.org\/city\/2024\/09\/04\/aridane-market-promociona-el-comercio-y-la-artesania-de-la-palma-en-el-proximo-contigo-almediodia\/","og_site_name":"Ayuntamiento de Los Llanos de Aridane","article_published_time":"2024-09-04T12:53:06+00:00","og_image":[{"width":1290,"height":930,"url":"https:\/\/www.aridane.org\/city\/wp-content\/uploads\/2024\/09\/Aridane-market-2024-1.jpeg","type":"image\/jpeg"}],"author":"Corresponsal","twitter_card":"summary_large_image","twitter_misc":{"Escrito por":"Corresponsal","Tiempo de lectura":"3 minutos"},"schema":{"@context":"https:\/\/schema.org","@graph":[{"@type":"WebPage","@id":"https:\/\/www.aridane.org\/city\/2024\/09\/04\/aridane-market-promociona-el-comercio-y-la-artesania-de-la-palma-en-el-proximo-contigo-almediodia\/","url":"https:\/\/www.aridane.org\/city\/2024\/09\/04\/aridane-market-promociona-el-comercio-y-la-artesania-de-la-palma-en-el-proximo-contigo-almediodia\/","name":"Aridane Market promociona el comercio y la artesan\u00eda de La Palma en el pr\u00f3ximo Contigo Almediod\u00eda - Ayuntamiento de Los Llanos de Aridane","isPartOf":{"@id":"https:\/\/www.aridane.org\/city\/#website"},"primaryImageOfPage":{"@id":"https:\/\/www.aridane.org\/city\/2024\/09\/04\/aridane-market-promociona-el-comercio-y-la-artesania-de-la-palma-en-el-proximo-contigo-almediodia\/#primaryimage"},"image":{"@id":"https:\/\/www.aridane.org\/city\/2024\/09\/04\/aridane-market-promociona-el-comercio-y-la-artesania-de-la-palma-en-el-proximo-contigo-almediodia\/#primaryimage"},"thumbnailUrl":"https:\/\/www.aridane.org\/city\/wp-content\/uploads\/2024\/09\/Aridane-market-2024-1.jpeg","datePublished":"2024-09-04T12:53:06+00:00","dateModified":"2024-09-04T12:53:06+00:00","author":{"@id":"https:\/\/www.aridane.org\/city\/#\/schema\/person\/89ebd376b223dc94cc1dbcf200c8e6da"},"breadcrumb":{"@id":"https:\/\/www.aridane.org\/city\/2024\/09\/04\/aridane-market-promociona-el-comercio-y-la-artesania-de-la-palma-en-el-proximo-contigo-almediodia\/#breadcrumb"},"inLanguage":"es","potentialAction":[{"@type":"ReadAction","target":["https:\/\/www.aridane.org\/city\/2024\/09\/04\/aridane-market-promociona-el-comercio-y-la-artesania-de-la-palma-en-el-proximo-contigo-almediodia\/"]}]},{"@type":"ImageObject","inLanguage":"es","@id":"https:\/\/www.aridane.org\/city\/2024\/09\/04\/aridane-market-promociona-el-comercio-y-la-artesania-de-la-palma-en-el-proximo-contigo-almediodia\/#primaryimage","url":"https:\/\/www.aridane.org\/city\/wp-content\/uploads\/2024\/09\/Aridane-market-2024-1.jpeg","contentUrl":"https:\/\/www.aridane.org\/city\/wp-content\/uploads\/2024\/09\/Aridane-market-2024-1.jpeg","width":1290,"height":930},{"@type":"BreadcrumbList","@id":"https:\/\/www.aridane.org\/city\/2024\/09\/04\/aridane-market-promociona-el-comercio-y-la-artesania-de-la-palma-en-el-proximo-contigo-almediodia\/#breadcrumb","itemListElement":[{"@type":"ListItem","position":1,"name":"Portada","item":"https:\/\/www.aridane.org\/city\/"},{"@type":"ListItem","position":2,"name":"Aridane Market promociona el comercio y la artesan\u00eda de La Palma en el pr\u00f3ximo Contigo Almediod\u00eda"}]},{"@type":"WebSite","@id":"https:\/\/www.aridane.org\/city\/#website","url":"https:\/\/www.aridane.org\/city\/","name":"Ayuntamiento de Los Llanos de Aridane","description":"","potentialAction":[{"@type":"SearchAction","target":{"@type":"EntryPoint","urlTemplate":"https:\/\/www.aridane.org\/city\/?s={search_term_string}"},"query-input":"required name=search_term_string"}],"inLanguage":"es"},{"@type":"Person","@id":"https:\/\/www.aridane.org\/city\/#\/schema\/person\/89ebd376b223dc94cc1dbcf200c8e6da","name":"Corresponsal","image":{"@type":"ImageObject","inLanguage":"es","@id":"https:\/\/www.aridane.org\/city\/#\/schema\/person\/image\/","url":"https:\/\/secure.gravatar.com\/avatar\/1c476992411e4ccf153da63b2b2f5ea0bb4cb1c85f3ceab8512f04325ad5579c?s=96&d=mm&r=g","contentUrl":"https:\/\/secure.gravatar.com\/avatar\/1c476992411e4ccf153da63b2b2f5ea0bb4cb1c85f3ceab8512f04325ad5579c?s=96&d=mm&r=g","caption":"Corresponsal"},"url":"https:\/\/www.aridane.org\/city\/author\/corresponsal\/"}]}},"_links":{"self":[{"href":"https:\/\/www.aridane.org\/city\/wp-json\/wp\/v2\/posts\/4074","targetHints":{"allow":["GET"]}}],"collection":[{"href":"https:\/\/www.aridane.org\/city\/wp-json\/wp\/v2\/posts"}],"about":[{"href":"https:\/\/www.aridane.org\/city\/wp-json\/wp\/v2\/types\/post"}],"author":[{"embeddable":true,"href":"https:\/\/www.aridane.org\/city\/wp-json\/wp\/v2\/users\/4"}],"replies":[{"embeddable":true,"href":"https:\/\/www.aridane.org\/city\/wp-json\/wp\/v2\/comments?post=4074"}],"version-history":[{"count":1,"href":"https:\/\/www.aridane.org\/city\/wp-json\/wp\/v2\/posts\/4074\/revisions"}],"predecessor-version":[{"id":4076,"href":"https:\/\/www.aridane.org\/city\/wp-json\/wp\/v2\/posts\/4074\/revisions\/4076"}],"wp:featuredmedia":[{"embeddable":true,"href":"https:\/\/www.aridane.org\/city\/wp-json\/wp\/v2\/media\/4075"}],"wp:attachment":[{"href":"https:\/\/www.aridane.org\/city\/wp-json\/wp\/v2\/media?parent=4074"}],"wp:term":[{"taxonomy":"category","embeddable":true,"href":"https:\/\/www.aridane.org\/city\/wp-json\/wp\/v2\/categories?post=4074"},{"taxonomy":"post_tag","embeddable":true,"href":"https:\/\/www.aridane.org\/city\/wp-json\/wp\/v2\/tags?post=4074"}],"curies":[{"name":"wp","href":"https:\/\/api.w.org\/{rel}","templated":true}]}}