{"id":4077,"date":"2024-09-10T11:28:19","date_gmt":"2024-09-10T11:28:19","guid":{"rendered":"https:\/\/www.aridane.org\/city\/?p=4077"},"modified":"2024-09-10T11:28:19","modified_gmt":"2024-09-10T11:28:19","slug":"el-ayuntamiento-de-los-llanos-de-aridane-destina-80-000-euros-a-respaldar-actividades-del-tercer-sector","status":"publish","type":"post","link":"https:\/\/www.aridane.org\/city\/2024\/09\/10\/el-ayuntamiento-de-los-llanos-de-aridane-destina-80-000-euros-a-respaldar-actividades-del-tercer-sector\/","title":{"rendered":"El Ayuntamiento de Los Llanos de Aridane destina 80.000 euros a respaldar actividades del tercer sector"},"content":{"rendered":"<p><em>La subvenci\u00f3n va dirigida a fomentar el asociacionismo y participaci\u00f3n ciudadana, contribuyendo as\u00ed al fortalecimiento del tejido social y la promoci\u00f3n de la calidad de vida y del bienestar de la ciudadan\u00eda<\/em><!--more--><\/p>\n<p>&nbsp;<\/p>\n<p>El Ayuntamiento de Los Llanos de Aridane destina 80.000 euros a una subvenci\u00f3n dirigida a las asociaciones sin \u00e1nimo de lucro del municipio que realicen actividades de car\u00e1cter social para la realizaci\u00f3n de actividades propias de su naturaleza durante el ejercicio 2024.<\/p>\n<p>&nbsp;<\/p>\n<p>El alcalde Javier Llamas pone de relieve el compromiso de la Corporaci\u00f3n local con el tercer sector, \u201cque lleva a cabo una labor esencial para mejorar la calidad de vida de las personas de Los Llanos de Aridane\u201d.<\/p>\n<p>&nbsp;<\/p>\n<p>En este sentido, la concejala de Acci\u00f3n Social, Idaira P\u00e9rez, explica que esta convocatoria de ayudas est\u00e1 dirigida a fomentar el asociacionismo y participaci\u00f3n ciudadana, contribuyendo as\u00ed al fortalecimiento del tejido social y la promoci\u00f3n de la calidad de vida y del bienestar de la ciudadan\u00eda.<\/p>\n<p>&nbsp;<\/p>\n<p>Las subvenciones est\u00e1n destinadas a entidades sin \u00e1nimo de lucro, constituidas formalmente, que realicen actividades en materia de servicios sociales, que presenten proyectos de car\u00e1cter social espec\u00edficos y concretos a ejecutar en el a\u00f1o de la convocatoria en el municipio de Los Llanos de Aridane, siempre que los referidos proyectos tengan como objetivo la intervenci\u00f3n, entre otros, en la infancia, adolescencia y familia o bien en colectivos en situaci\u00f3n de exclusi\u00f3n o aislamiento social.<\/p>\n<p>&nbsp;<\/p>\n<p>Podr\u00e1n obtener la condici\u00f3n de beneficiario las personas o entidades que se encuentren en la situaci\u00f3n que fundamenta la concesi\u00f3n de la subvenci\u00f3n o en las que concurran las circunstancias previstas en las bases reguladoras y en la convocatoria.<\/p>\n<p>&nbsp;<\/p>\n<p>Requisitos y plazo de presentaci\u00f3n de solicitudes<\/p>\n<p>&nbsp;<\/p>\n<p>Son requisitos obligatorios del proyecto aportado por el solicitante, que este se ejecute \u00edntegramente en Los Llanos de Aridane; que la entidad no podr\u00e1 tener asignada subvenci\u00f3n nominativa y\/o convenio de colaboraci\u00f3n con este Ayuntamiento, y que la iniciativa subvencionada deber\u00e1 ejecutarse dentro del a\u00f1o natural de la correspondiente convocatoria, pudi\u00e9ndose desarrollar entre el 1 de enero y el 15 de octubre, con independencia de la fecha de dicha convocatoria. El plazo m\u00e1ximo de duraci\u00f3n, por lo tanto, ser\u00e1 de 9 meses y 15 d\u00edas, sin perjuicio de la continuidad y sostenibilidad del proyecto en el tiempo.<\/p>\n<p>&nbsp;<\/p>\n<p>Ser\u00e1 subvencionable un solo proyecto por entidad. Cada entidad solicitante solo podr\u00e1 presentar un \u00fanico proyecto en cada convocatoria.<\/p>\n<p>&nbsp;<\/p>\n<p>El plazo de presentaci\u00f3n de las solicitudes ser\u00e1 del 10 de septiembre al 7 de octubre, ambos inclusive, y el plazo para la justificaci\u00f3n de la subvenci\u00f3n deber\u00e1 realizarse antes del 31 de marzo del ejercicio siguiente al de su convocatoria.<\/p>\n<p>&nbsp;<\/p>\n<p>Las entidades interesadas pueden consultar toda la informaci\u00f3n en el Bolet\u00edn Oficial de la Provincia de Santa Cruz de Tenerife del 9 de septiembre de 2024 o en la Sede Electr\u00f3nica del Ayuntamiento de Los Llanos de Aridane.<\/p>\n","protected":false},"excerpt":{"rendered":"<p>La subvenci\u00f3n va dirigida a fomentar el asociacionismo y participaci\u00f3n ciudadana, contribuyendo as\u00ed al fortalecimiento del tejido social y la promoci\u00f3n de la calidad de vida y del bienestar de la ciudadan\u00eda<\/p>\n","protected":false},"author":4,"featured_media":3747,"comment_status":"open","ping_status":"open","sticky":false,"template":"","format":"standard","meta":{"footnotes":""},"categories":[1],"tags":[],"class_list":["post-4077","post","type-post","status-publish","format-standard","has-post-thumbnail","hentry","category-sin-categoria"],"yoast_head":"<!-- This site is optimized with the Yoast SEO plugin v22.7 - https:\/\/yoast.com\/wordpress\/plugins\/seo\/ -->\n<title>El Ayuntamiento de Los Llanos de Aridane destina 80.000 euros a respaldar actividades del tercer sector - Ayuntamiento de Los Llanos de Aridane<\/title>\n<meta name=\"robots\" content=\"index, follow, max-snippet:-1, max-image-preview:large, max-video-preview:-1\" \/>\n<link rel=\"canonical\" href=\"https:\/\/www.aridane.org\/city\/2024\/09\/10\/el-ayuntamiento-de-los-llanos-de-aridane-destina-80-000-euros-a-respaldar-actividades-del-tercer-sector\/\" \/>\n<meta property=\"og:locale\" content=\"es_ES\" \/>\n<meta property=\"og:type\" content=\"article\" \/>\n<meta property=\"og:title\" content=\"El Ayuntamiento de Los Llanos de Aridane destina 80.000 euros a respaldar actividades del tercer sector - Ayuntamiento de Los Llanos de Aridane\" \/>\n<meta property=\"og:description\" content=\"La subvenci\u00f3n va dirigida a fomentar el asociacionismo y participaci\u00f3n ciudadana, contribuyendo as\u00ed al fortalecimiento del tejido social y la promoci\u00f3n de la calidad de vida y del bienestar de la ciudadan\u00eda\" \/>\n<meta property=\"og:url\" content=\"https:\/\/www.aridane.org\/city\/2024\/09\/10\/el-ayuntamiento-de-los-llanos-de-aridane-destina-80-000-euros-a-respaldar-actividades-del-tercer-sector\/\" \/>\n<meta property=\"og:site_name\" content=\"Ayuntamiento de Los Llanos de Aridane\" \/>\n<meta property=\"article:published_time\" content=\"2024-09-10T11:28:19+00:00\" \/>\n<meta property=\"og:image\" content=\"https:\/\/www.aridane.org\/city\/wp-content\/uploads\/2024\/05\/Ayuntamiento-de-Los-Llanos-de-Aridane-1.jpg\" \/>\n\t<meta property=\"og:image:width\" content=\"1200\" \/>\n\t<meta property=\"og:image:height\" content=\"675\" \/>\n\t<meta property=\"og:image:type\" content=\"image\/jpeg\" \/>\n<meta name=\"author\" content=\"Corresponsal\" \/>\n<meta name=\"twitter:card\" content=\"summary_large_image\" \/>\n<meta name=\"twitter:label1\" content=\"Escrito por\" \/>\n\t<meta name=\"twitter:data1\" content=\"Corresponsal\" \/>\n\t<meta name=\"twitter:label2\" content=\"Tiempo de lectura\" \/>\n\t<meta name=\"twitter:data2\" content=\"3 minutos\" \/>\n<script type=\"application\/ld+json\" class=\"yoast-schema-graph\">{\"@context\":\"https:\/\/schema.org\",\"@graph\":[{\"@type\":\"WebPage\",\"@id\":\"https:\/\/www.aridane.org\/city\/2024\/09\/10\/el-ayuntamiento-de-los-llanos-de-aridane-destina-80-000-euros-a-respaldar-actividades-del-tercer-sector\/\",\"url\":\"https:\/\/www.aridane.org\/city\/2024\/09\/10\/el-ayuntamiento-de-los-llanos-de-aridane-destina-80-000-euros-a-respaldar-actividades-del-tercer-sector\/\",\"name\":\"El Ayuntamiento de Los Llanos de Aridane destina 80.000 euros a respaldar actividades del tercer sector - Ayuntamiento de Los Llanos de Aridane\",\"isPartOf\":{\"@id\":\"https:\/\/www.aridane.org\/city\/#website\"},\"primaryImageOfPage\":{\"@id\":\"https:\/\/www.aridane.org\/city\/2024\/09\/10\/el-ayuntamiento-de-los-llanos-de-aridane-destina-80-000-euros-a-respaldar-actividades-del-tercer-sector\/#primaryimage\"},\"image\":{\"@id\":\"https:\/\/www.aridane.org\/city\/2024\/09\/10\/el-ayuntamiento-de-los-llanos-de-aridane-destina-80-000-euros-a-respaldar-actividades-del-tercer-sector\/#primaryimage\"},\"thumbnailUrl\":\"https:\/\/www.aridane.org\/city\/wp-content\/uploads\/2024\/05\/Ayuntamiento-de-Los-Llanos-de-Aridane-1.jpg\",\"datePublished\":\"2024-09-10T11:28:19+00:00\",\"dateModified\":\"2024-09-10T11:28:19+00:00\",\"author\":{\"@id\":\"https:\/\/www.aridane.org\/city\/#\/schema\/person\/89ebd376b223dc94cc1dbcf200c8e6da\"},\"breadcrumb\":{\"@id\":\"https:\/\/www.aridane.org\/city\/2024\/09\/10\/el-ayuntamiento-de-los-llanos-de-aridane-destina-80-000-euros-a-respaldar-actividades-del-tercer-sector\/#breadcrumb\"},\"inLanguage\":\"es\",\"potentialAction\":[{\"@type\":\"ReadAction\",\"target\":[\"https:\/\/www.aridane.org\/city\/2024\/09\/10\/el-ayuntamiento-de-los-llanos-de-aridane-destina-80-000-euros-a-respaldar-actividades-del-tercer-sector\/\"]}]},{\"@type\":\"ImageObject\",\"inLanguage\":\"es\",\"@id\":\"https:\/\/www.aridane.org\/city\/2024\/09\/10\/el-ayuntamiento-de-los-llanos-de-aridane-destina-80-000-euros-a-respaldar-actividades-del-tercer-sector\/#primaryimage\",\"url\":\"https:\/\/www.aridane.org\/city\/wp-content\/uploads\/2024\/05\/Ayuntamiento-de-Los-Llanos-de-Aridane-1.jpg\",\"contentUrl\":\"https:\/\/www.aridane.org\/city\/wp-content\/uploads\/2024\/05\/Ayuntamiento-de-Los-Llanos-de-Aridane-1.jpg\",\"width\":1200,\"height\":675},{\"@type\":\"BreadcrumbList\",\"@id\":\"https:\/\/www.aridane.org\/city\/2024\/09\/10\/el-ayuntamiento-de-los-llanos-de-aridane-destina-80-000-euros-a-respaldar-actividades-del-tercer-sector\/#breadcrumb\",\"itemListElement\":[{\"@type\":\"ListItem\",\"position\":1,\"name\":\"Portada\",\"item\":\"https:\/\/www.aridane.org\/city\/\"},{\"@type\":\"ListItem\",\"position\":2,\"name\":\"El Ayuntamiento de Los Llanos de Aridane destina 80.000 euros a respaldar actividades del tercer sector\"}]},{\"@type\":\"WebSite\",\"@id\":\"https:\/\/www.aridane.org\/city\/#website\",\"url\":\"https:\/\/www.aridane.org\/city\/\",\"name\":\"Ayuntamiento de Los Llanos de Aridane\",\"description\":\"\",\"potentialAction\":[{\"@type\":\"SearchAction\",\"target\":{\"@type\":\"EntryPoint\",\"urlTemplate\":\"https:\/\/www.aridane.org\/city\/?s={search_term_string}\"},\"query-input\":\"required name=search_term_string\"}],\"inLanguage\":\"es\"},{\"@type\":\"Person\",\"@id\":\"https:\/\/www.aridane.org\/city\/#\/schema\/person\/89ebd376b223dc94cc1dbcf200c8e6da\",\"name\":\"Corresponsal\",\"image\":{\"@type\":\"ImageObject\",\"inLanguage\":\"es\",\"@id\":\"https:\/\/www.aridane.org\/city\/#\/schema\/person\/image\/\",\"url\":\"https:\/\/secure.gravatar.com\/avatar\/1c476992411e4ccf153da63b2b2f5ea0bb4cb1c85f3ceab8512f04325ad5579c?s=96&d=mm&r=g\",\"contentUrl\":\"https:\/\/secure.gravatar.com\/avatar\/1c476992411e4ccf153da63b2b2f5ea0bb4cb1c85f3ceab8512f04325ad5579c?s=96&d=mm&r=g\",\"caption\":\"Corresponsal\"},\"url\":\"https:\/\/www.aridane.org\/city\/author\/corresponsal\/\"}]}<\/script>\n<!-- \/ Yoast SEO plugin. -->","yoast_head_json":{"title":"El Ayuntamiento de Los Llanos de Aridane destina 80.000 euros a respaldar actividades del tercer sector - Ayuntamiento de Los Llanos de Aridane","robots":{"index":"index","follow":"follow","max-snippet":"max-snippet:-1","max-image-preview":"max-image-preview:large","max-video-preview":"max-video-preview:-1"},"canonical":"https:\/\/www.aridane.org\/city\/2024\/09\/10\/el-ayuntamiento-de-los-llanos-de-aridane-destina-80-000-euros-a-respaldar-actividades-del-tercer-sector\/","og_locale":"es_ES","og_type":"article","og_title":"El Ayuntamiento de Los Llanos de Aridane destina 80.000 euros a respaldar actividades del tercer sector - Ayuntamiento de Los Llanos de Aridane","og_description":"La subvenci\u00f3n va dirigida a fomentar el asociacionismo y participaci\u00f3n ciudadana, contribuyendo as\u00ed al fortalecimiento del tejido social y la promoci\u00f3n de la calidad de vida y del bienestar de la ciudadan\u00eda","og_url":"https:\/\/www.aridane.org\/city\/2024\/09\/10\/el-ayuntamiento-de-los-llanos-de-aridane-destina-80-000-euros-a-respaldar-actividades-del-tercer-sector\/","og_site_name":"Ayuntamiento de Los Llanos de Aridane","article_published_time":"2024-09-10T11:28:19+00:00","og_image":[{"width":1200,"height":675,"url":"https:\/\/www.aridane.org\/city\/wp-content\/uploads\/2024\/05\/Ayuntamiento-de-Los-Llanos-de-Aridane-1.jpg","type":"image\/jpeg"}],"author":"Corresponsal","twitter_card":"summary_large_image","twitter_misc":{"Escrito por":"Corresponsal","Tiempo de lectura":"3 minutos"},"schema":{"@context":"https:\/\/schema.org","@graph":[{"@type":"WebPage","@id":"https:\/\/www.aridane.org\/city\/2024\/09\/10\/el-ayuntamiento-de-los-llanos-de-aridane-destina-80-000-euros-a-respaldar-actividades-del-tercer-sector\/","url":"https:\/\/www.aridane.org\/city\/2024\/09\/10\/el-ayuntamiento-de-los-llanos-de-aridane-destina-80-000-euros-a-respaldar-actividades-del-tercer-sector\/","name":"El Ayuntamiento de Los Llanos de Aridane destina 80.000 euros a respaldar actividades del tercer sector - Ayuntamiento de Los Llanos de Aridane","isPartOf":{"@id":"https:\/\/www.aridane.org\/city\/#website"},"primaryImageOfPage":{"@id":"https:\/\/www.aridane.org\/city\/2024\/09\/10\/el-ayuntamiento-de-los-llanos-de-aridane-destina-80-000-euros-a-respaldar-actividades-del-tercer-sector\/#primaryimage"},"image":{"@id":"https:\/\/www.aridane.org\/city\/2024\/09\/10\/el-ayuntamiento-de-los-llanos-de-aridane-destina-80-000-euros-a-respaldar-actividades-del-tercer-sector\/#primaryimage"},"thumbnailUrl":"https:\/\/www.aridane.org\/city\/wp-content\/uploads\/2024\/05\/Ayuntamiento-de-Los-Llanos-de-Aridane-1.jpg","datePublished":"2024-09-10T11:28:19+00:00","dateModified":"2024-09-10T11:28:19+00:00","author":{"@id":"https:\/\/www.aridane.org\/city\/#\/schema\/person\/89ebd376b223dc94cc1dbcf200c8e6da"},"breadcrumb":{"@id":"https:\/\/www.aridane.org\/city\/2024\/09\/10\/el-ayuntamiento-de-los-llanos-de-aridane-destina-80-000-euros-a-respaldar-actividades-del-tercer-sector\/#breadcrumb"},"inLanguage":"es","potentialAction":[{"@type":"ReadAction","target":["https:\/\/www.aridane.org\/city\/2024\/09\/10\/el-ayuntamiento-de-los-llanos-de-aridane-destina-80-000-euros-a-respaldar-actividades-del-tercer-sector\/"]}]},{"@type":"ImageObject","inLanguage":"es","@id":"https:\/\/www.aridane.org\/city\/2024\/09\/10\/el-ayuntamiento-de-los-llanos-de-aridane-destina-80-000-euros-a-respaldar-actividades-del-tercer-sector\/#primaryimage","url":"https:\/\/www.aridane.org\/city\/wp-content\/uploads\/2024\/05\/Ayuntamiento-de-Los-Llanos-de-Aridane-1.jpg","contentUrl":"https:\/\/www.aridane.org\/city\/wp-content\/uploads\/2024\/05\/Ayuntamiento-de-Los-Llanos-de-Aridane-1.jpg","width":1200,"height":675},{"@type":"BreadcrumbList","@id":"https:\/\/www.aridane.org\/city\/2024\/09\/10\/el-ayuntamiento-de-los-llanos-de-aridane-destina-80-000-euros-a-respaldar-actividades-del-tercer-sector\/#breadcrumb","itemListElement":[{"@type":"ListItem","position":1,"name":"Portada","item":"https:\/\/www.aridane.org\/city\/"},{"@type":"ListItem","position":2,"name":"El Ayuntamiento de Los Llanos de Aridane destina 80.000 euros a respaldar actividades del tercer sector"}]},{"@type":"WebSite","@id":"https:\/\/www.aridane.org\/city\/#website","url":"https:\/\/www.aridane.org\/city\/","name":"Ayuntamiento de Los Llanos de Aridane","description":"","potentialAction":[{"@type":"SearchAction","target":{"@type":"EntryPoint","urlTemplate":"https:\/\/www.aridane.org\/city\/?s={search_term_string}"},"query-input":"required name=search_term_string"}],"inLanguage":"es"},{"@type":"Person","@id":"https:\/\/www.aridane.org\/city\/#\/schema\/person\/89ebd376b223dc94cc1dbcf200c8e6da","name":"Corresponsal","image":{"@type":"ImageObject","inLanguage":"es","@id":"https:\/\/www.aridane.org\/city\/#\/schema\/person\/image\/","url":"https:\/\/secure.gravatar.com\/avatar\/1c476992411e4ccf153da63b2b2f5ea0bb4cb1c85f3ceab8512f04325ad5579c?s=96&d=mm&r=g","contentUrl":"https:\/\/secure.gravatar.com\/avatar\/1c476992411e4ccf153da63b2b2f5ea0bb4cb1c85f3ceab8512f04325ad5579c?s=96&d=mm&r=g","caption":"Corresponsal"},"url":"https:\/\/www.aridane.org\/city\/author\/corresponsal\/"}]}},"_links":{"self":[{"href":"https:\/\/www.aridane.org\/city\/wp-json\/wp\/v2\/posts\/4077","targetHints":{"allow":["GET"]}}],"collection":[{"href":"https:\/\/www.aridane.org\/city\/wp-json\/wp\/v2\/posts"}],"about":[{"href":"https:\/\/www.aridane.org\/city\/wp-json\/wp\/v2\/types\/post"}],"author":[{"embeddable":true,"href":"https:\/\/www.aridane.org\/city\/wp-json\/wp\/v2\/users\/4"}],"replies":[{"embeddable":true,"href":"https:\/\/www.aridane.org\/city\/wp-json\/wp\/v2\/comments?post=4077"}],"version-history":[{"count":1,"href":"https:\/\/www.aridane.org\/city\/wp-json\/wp\/v2\/posts\/4077\/revisions"}],"predecessor-version":[{"id":4078,"href":"https:\/\/www.aridane.org\/city\/wp-json\/wp\/v2\/posts\/4077\/revisions\/4078"}],"wp:featuredmedia":[{"embeddable":true,"href":"https:\/\/www.aridane.org\/city\/wp-json\/wp\/v2\/media\/3747"}],"wp:attachment":[{"href":"https:\/\/www.aridane.org\/city\/wp-json\/wp\/v2\/media?parent=4077"}],"wp:term":[{"taxonomy":"category","embeddable":true,"href":"https:\/\/www.aridane.org\/city\/wp-json\/wp\/v2\/categories?post=4077"},{"taxonomy":"post_tag","embeddable":true,"href":"https:\/\/www.aridane.org\/city\/wp-json\/wp\/v2\/tags?post=4077"}],"curies":[{"name":"wp","href":"https:\/\/api.w.org\/{rel}","templated":true}]}}