{"id":4083,"date":"2024-09-12T12:57:53","date_gmt":"2024-09-12T12:57:53","guid":{"rendered":"https:\/\/www.aridane.org\/city\/?p=4083"},"modified":"2024-09-12T12:57:53","modified_gmt":"2024-09-12T12:57:53","slug":"el-ayuntamiento-abre-las-inscripciones-para-la-primera-milla-urbana-de-los-llanos-de-aridane-san-silvestre","status":"publish","type":"post","link":"https:\/\/www.aridane.org\/city\/2024\/09\/12\/el-ayuntamiento-abre-las-inscripciones-para-la-primera-milla-urbana-de-los-llanos-de-aridane-san-silvestre\/","title":{"rendered":"El Ayuntamiento abre las inscripciones para la primera Milla Urbana de Los Llanos de Aridane San Silvestre"},"content":{"rendered":"<p><em>El Ayuntamiento abre las inscripciones para la primera Milla Urbana de Los Llanos de Aridane San Silvestre<\/em><!--more--><\/p>\n<p>&nbsp;<\/p>\n<p>Las personas interesadas en participar podr\u00e1n inscribirse hasta el 26 de septiembre<\/p>\n<p>&nbsp;<\/p>\n<p>El Ayuntamiento de Los Llanos de Aridane abre las inscripciones para la primera edici\u00f3n de la Milla Urbana de Los Llanos de Aridane San Silvestre, que tendr\u00e1 lugar el s\u00e1bado, 28 de septiembre.<\/p>\n<p>&nbsp;<\/p>\n<p>El primer teniente de alcalde y concejal de Deportes, V\u00edctor Gonz\u00e1lez, explica que la carrera se realiza en colaboraci\u00f3n con la Federaci\u00f3n Insular de Atletismo de La Palma. \u201cAgradecemos a la federaci\u00f3n insular de Atletismo que se haya fijada en nuestro municipio para albergar el cierre del Campeonato Insular de Millas\u201d, se\u00f1ala.<\/p>\n<p>&nbsp;<\/p>\n<p><strong>C\u00f3mo hacer las inscripciones<\/strong><\/p>\n<p>&nbsp;<\/p>\n<p>La inscripci\u00f3n ser\u00e1 de tres euros por dorsal para las categor\u00edas Sub16 hasta los m\u00e1ster, mientras que la carrera kids ser\u00e1 gratuita. Las personas interesadas pueden apuntarse en la web <a href=\"http:\/\/www.aridane.org\">www.aridane.org<\/a> o en <a href=\"https:\/\/inscripciones.islabonitatiming.com\/inscripcion\/i-milla-urbana-los-llanos-de-aridane\/\">https:\/\/inscripciones.islabonitatiming.com\/inscripcion\/i-milla-urbana-los-llanos-de-aridane\/<\/a>\u00a0 hasta el d\u00eda 26 de septiembre.<\/p>\n<p>&nbsp;<\/p>\n<p>La participaci\u00f3n est\u00e1 abierta, tanto a atletas federados, como a amantes del deporte y corredores populares.<\/p>\n<p>&nbsp;<\/p>\n<p>Los dorsales se podr\u00e1n recoger el s\u00e1bado, 28 de septiembre, de 12:00 a 16:00 horas, en el stand que se habilitar\u00e1 en la Avenida Enrique Mederos de Los Llanos de Aridane.<\/p>\n<p>&nbsp;<\/p>\n<p>Por \u00faltimo, desde el Ayuntamiento de Los Llanos de Aridane, a trav\u00e9s de su p\u00e1gina Concejal\u00eda de Deportes, se sigue apostando por la organizaci\u00f3n de eventos deportivos, animando as\u00ed a todos los amantes del deportes a disfrutar de una tarde atl\u00e9tica en Los Llanos de Aridane.<\/p>\n","protected":false},"excerpt":{"rendered":"<p>El Ayuntamiento abre las inscripciones para la primera Milla Urbana de Los Llanos de Aridane San Silvestre<\/p>\n","protected":false},"author":4,"featured_media":4084,"comment_status":"open","ping_status":"open","sticky":false,"template":"","format":"standard","meta":{"footnotes":""},"categories":[1],"tags":[],"class_list":["post-4083","post","type-post","status-publish","format-standard","has-post-thumbnail","hentry","category-sin-categoria"],"yoast_head":"<!-- This site is optimized with the Yoast SEO plugin v22.7 - https:\/\/yoast.com\/wordpress\/plugins\/seo\/ -->\n<title>El Ayuntamiento abre las inscripciones para la primera Milla Urbana de Los Llanos de Aridane San Silvestre - Ayuntamiento de Los Llanos de Aridane<\/title>\n<meta name=\"robots\" content=\"index, follow, max-snippet:-1, max-image-preview:large, max-video-preview:-1\" \/>\n<link rel=\"canonical\" href=\"https:\/\/www.aridane.org\/city\/2024\/09\/12\/el-ayuntamiento-abre-las-inscripciones-para-la-primera-milla-urbana-de-los-llanos-de-aridane-san-silvestre\/\" \/>\n<meta property=\"og:locale\" content=\"es_ES\" \/>\n<meta property=\"og:type\" content=\"article\" \/>\n<meta property=\"og:title\" content=\"El Ayuntamiento abre las inscripciones para la primera Milla Urbana de Los Llanos de Aridane San Silvestre - Ayuntamiento de Los Llanos de Aridane\" \/>\n<meta property=\"og:description\" content=\"El Ayuntamiento abre las inscripciones para la primera Milla Urbana de Los Llanos de Aridane San Silvestre\" \/>\n<meta property=\"og:url\" content=\"https:\/\/www.aridane.org\/city\/2024\/09\/12\/el-ayuntamiento-abre-las-inscripciones-para-la-primera-milla-urbana-de-los-llanos-de-aridane-san-silvestre\/\" \/>\n<meta property=\"og:site_name\" content=\"Ayuntamiento de Los Llanos de Aridane\" \/>\n<meta property=\"article:published_time\" content=\"2024-09-12T12:57:53+00:00\" \/>\n<meta property=\"og:image\" content=\"https:\/\/www.aridane.org\/city\/wp-content\/uploads\/2024\/09\/Milla-Urbana-San-Silvestre.jpeg\" \/>\n\t<meta property=\"og:image:width\" content=\"912\" \/>\n\t<meta property=\"og:image:height\" content=\"1280\" \/>\n\t<meta property=\"og:image:type\" content=\"image\/jpeg\" \/>\n<meta name=\"author\" content=\"Corresponsal\" \/>\n<meta name=\"twitter:card\" content=\"summary_large_image\" \/>\n<meta name=\"twitter:label1\" content=\"Escrito por\" \/>\n\t<meta name=\"twitter:data1\" content=\"Corresponsal\" \/>\n\t<meta name=\"twitter:label2\" content=\"Tiempo de lectura\" \/>\n\t<meta name=\"twitter:data2\" content=\"2 minutos\" \/>\n<script type=\"application\/ld+json\" class=\"yoast-schema-graph\">{\"@context\":\"https:\/\/schema.org\",\"@graph\":[{\"@type\":\"WebPage\",\"@id\":\"https:\/\/www.aridane.org\/city\/2024\/09\/12\/el-ayuntamiento-abre-las-inscripciones-para-la-primera-milla-urbana-de-los-llanos-de-aridane-san-silvestre\/\",\"url\":\"https:\/\/www.aridane.org\/city\/2024\/09\/12\/el-ayuntamiento-abre-las-inscripciones-para-la-primera-milla-urbana-de-los-llanos-de-aridane-san-silvestre\/\",\"name\":\"El Ayuntamiento abre las inscripciones para la primera Milla Urbana de Los Llanos de Aridane San Silvestre - Ayuntamiento de Los Llanos de Aridane\",\"isPartOf\":{\"@id\":\"https:\/\/www.aridane.org\/city\/#website\"},\"primaryImageOfPage\":{\"@id\":\"https:\/\/www.aridane.org\/city\/2024\/09\/12\/el-ayuntamiento-abre-las-inscripciones-para-la-primera-milla-urbana-de-los-llanos-de-aridane-san-silvestre\/#primaryimage\"},\"image\":{\"@id\":\"https:\/\/www.aridane.org\/city\/2024\/09\/12\/el-ayuntamiento-abre-las-inscripciones-para-la-primera-milla-urbana-de-los-llanos-de-aridane-san-silvestre\/#primaryimage\"},\"thumbnailUrl\":\"https:\/\/www.aridane.org\/city\/wp-content\/uploads\/2024\/09\/Milla-Urbana-San-Silvestre.jpeg\",\"datePublished\":\"2024-09-12T12:57:53+00:00\",\"dateModified\":\"2024-09-12T12:57:53+00:00\",\"author\":{\"@id\":\"https:\/\/www.aridane.org\/city\/#\/schema\/person\/89ebd376b223dc94cc1dbcf200c8e6da\"},\"breadcrumb\":{\"@id\":\"https:\/\/www.aridane.org\/city\/2024\/09\/12\/el-ayuntamiento-abre-las-inscripciones-para-la-primera-milla-urbana-de-los-llanos-de-aridane-san-silvestre\/#breadcrumb\"},\"inLanguage\":\"es\",\"potentialAction\":[{\"@type\":\"ReadAction\",\"target\":[\"https:\/\/www.aridane.org\/city\/2024\/09\/12\/el-ayuntamiento-abre-las-inscripciones-para-la-primera-milla-urbana-de-los-llanos-de-aridane-san-silvestre\/\"]}]},{\"@type\":\"ImageObject\",\"inLanguage\":\"es\",\"@id\":\"https:\/\/www.aridane.org\/city\/2024\/09\/12\/el-ayuntamiento-abre-las-inscripciones-para-la-primera-milla-urbana-de-los-llanos-de-aridane-san-silvestre\/#primaryimage\",\"url\":\"https:\/\/www.aridane.org\/city\/wp-content\/uploads\/2024\/09\/Milla-Urbana-San-Silvestre.jpeg\",\"contentUrl\":\"https:\/\/www.aridane.org\/city\/wp-content\/uploads\/2024\/09\/Milla-Urbana-San-Silvestre.jpeg\",\"width\":912,\"height\":1280},{\"@type\":\"BreadcrumbList\",\"@id\":\"https:\/\/www.aridane.org\/city\/2024\/09\/12\/el-ayuntamiento-abre-las-inscripciones-para-la-primera-milla-urbana-de-los-llanos-de-aridane-san-silvestre\/#breadcrumb\",\"itemListElement\":[{\"@type\":\"ListItem\",\"position\":1,\"name\":\"Portada\",\"item\":\"https:\/\/www.aridane.org\/city\/\"},{\"@type\":\"ListItem\",\"position\":2,\"name\":\"El Ayuntamiento abre las inscripciones para la primera Milla Urbana de Los Llanos de Aridane San Silvestre\"}]},{\"@type\":\"WebSite\",\"@id\":\"https:\/\/www.aridane.org\/city\/#website\",\"url\":\"https:\/\/www.aridane.org\/city\/\",\"name\":\"Ayuntamiento de Los Llanos de Aridane\",\"description\":\"\",\"potentialAction\":[{\"@type\":\"SearchAction\",\"target\":{\"@type\":\"EntryPoint\",\"urlTemplate\":\"https:\/\/www.aridane.org\/city\/?s={search_term_string}\"},\"query-input\":\"required name=search_term_string\"}],\"inLanguage\":\"es\"},{\"@type\":\"Person\",\"@id\":\"https:\/\/www.aridane.org\/city\/#\/schema\/person\/89ebd376b223dc94cc1dbcf200c8e6da\",\"name\":\"Corresponsal\",\"image\":{\"@type\":\"ImageObject\",\"inLanguage\":\"es\",\"@id\":\"https:\/\/www.aridane.org\/city\/#\/schema\/person\/image\/\",\"url\":\"https:\/\/secure.gravatar.com\/avatar\/1c476992411e4ccf153da63b2b2f5ea0bb4cb1c85f3ceab8512f04325ad5579c?s=96&d=mm&r=g\",\"contentUrl\":\"https:\/\/secure.gravatar.com\/avatar\/1c476992411e4ccf153da63b2b2f5ea0bb4cb1c85f3ceab8512f04325ad5579c?s=96&d=mm&r=g\",\"caption\":\"Corresponsal\"},\"url\":\"https:\/\/www.aridane.org\/city\/author\/corresponsal\/\"}]}<\/script>\n<!-- \/ Yoast SEO plugin. -->","yoast_head_json":{"title":"El Ayuntamiento abre las inscripciones para la primera Milla Urbana de Los Llanos de Aridane San Silvestre - Ayuntamiento de Los Llanos de Aridane","robots":{"index":"index","follow":"follow","max-snippet":"max-snippet:-1","max-image-preview":"max-image-preview:large","max-video-preview":"max-video-preview:-1"},"canonical":"https:\/\/www.aridane.org\/city\/2024\/09\/12\/el-ayuntamiento-abre-las-inscripciones-para-la-primera-milla-urbana-de-los-llanos-de-aridane-san-silvestre\/","og_locale":"es_ES","og_type":"article","og_title":"El Ayuntamiento abre las inscripciones para la primera Milla Urbana de Los Llanos de Aridane San Silvestre - Ayuntamiento de Los Llanos de Aridane","og_description":"El Ayuntamiento abre las inscripciones para la primera Milla Urbana de Los Llanos de Aridane San Silvestre","og_url":"https:\/\/www.aridane.org\/city\/2024\/09\/12\/el-ayuntamiento-abre-las-inscripciones-para-la-primera-milla-urbana-de-los-llanos-de-aridane-san-silvestre\/","og_site_name":"Ayuntamiento de Los Llanos de Aridane","article_published_time":"2024-09-12T12:57:53+00:00","og_image":[{"width":912,"height":1280,"url":"https:\/\/www.aridane.org\/city\/wp-content\/uploads\/2024\/09\/Milla-Urbana-San-Silvestre.jpeg","type":"image\/jpeg"}],"author":"Corresponsal","twitter_card":"summary_large_image","twitter_misc":{"Escrito por":"Corresponsal","Tiempo de lectura":"2 minutos"},"schema":{"@context":"https:\/\/schema.org","@graph":[{"@type":"WebPage","@id":"https:\/\/www.aridane.org\/city\/2024\/09\/12\/el-ayuntamiento-abre-las-inscripciones-para-la-primera-milla-urbana-de-los-llanos-de-aridane-san-silvestre\/","url":"https:\/\/www.aridane.org\/city\/2024\/09\/12\/el-ayuntamiento-abre-las-inscripciones-para-la-primera-milla-urbana-de-los-llanos-de-aridane-san-silvestre\/","name":"El Ayuntamiento abre las inscripciones para la primera Milla Urbana de Los Llanos de Aridane San Silvestre - Ayuntamiento de Los Llanos de Aridane","isPartOf":{"@id":"https:\/\/www.aridane.org\/city\/#website"},"primaryImageOfPage":{"@id":"https:\/\/www.aridane.org\/city\/2024\/09\/12\/el-ayuntamiento-abre-las-inscripciones-para-la-primera-milla-urbana-de-los-llanos-de-aridane-san-silvestre\/#primaryimage"},"image":{"@id":"https:\/\/www.aridane.org\/city\/2024\/09\/12\/el-ayuntamiento-abre-las-inscripciones-para-la-primera-milla-urbana-de-los-llanos-de-aridane-san-silvestre\/#primaryimage"},"thumbnailUrl":"https:\/\/www.aridane.org\/city\/wp-content\/uploads\/2024\/09\/Milla-Urbana-San-Silvestre.jpeg","datePublished":"2024-09-12T12:57:53+00:00","dateModified":"2024-09-12T12:57:53+00:00","author":{"@id":"https:\/\/www.aridane.org\/city\/#\/schema\/person\/89ebd376b223dc94cc1dbcf200c8e6da"},"breadcrumb":{"@id":"https:\/\/www.aridane.org\/city\/2024\/09\/12\/el-ayuntamiento-abre-las-inscripciones-para-la-primera-milla-urbana-de-los-llanos-de-aridane-san-silvestre\/#breadcrumb"},"inLanguage":"es","potentialAction":[{"@type":"ReadAction","target":["https:\/\/www.aridane.org\/city\/2024\/09\/12\/el-ayuntamiento-abre-las-inscripciones-para-la-primera-milla-urbana-de-los-llanos-de-aridane-san-silvestre\/"]}]},{"@type":"ImageObject","inLanguage":"es","@id":"https:\/\/www.aridane.org\/city\/2024\/09\/12\/el-ayuntamiento-abre-las-inscripciones-para-la-primera-milla-urbana-de-los-llanos-de-aridane-san-silvestre\/#primaryimage","url":"https:\/\/www.aridane.org\/city\/wp-content\/uploads\/2024\/09\/Milla-Urbana-San-Silvestre.jpeg","contentUrl":"https:\/\/www.aridane.org\/city\/wp-content\/uploads\/2024\/09\/Milla-Urbana-San-Silvestre.jpeg","width":912,"height":1280},{"@type":"BreadcrumbList","@id":"https:\/\/www.aridane.org\/city\/2024\/09\/12\/el-ayuntamiento-abre-las-inscripciones-para-la-primera-milla-urbana-de-los-llanos-de-aridane-san-silvestre\/#breadcrumb","itemListElement":[{"@type":"ListItem","position":1,"name":"Portada","item":"https:\/\/www.aridane.org\/city\/"},{"@type":"ListItem","position":2,"name":"El Ayuntamiento abre las inscripciones para la primera Milla Urbana de Los Llanos de Aridane San Silvestre"}]},{"@type":"WebSite","@id":"https:\/\/www.aridane.org\/city\/#website","url":"https:\/\/www.aridane.org\/city\/","name":"Ayuntamiento de Los Llanos de Aridane","description":"","potentialAction":[{"@type":"SearchAction","target":{"@type":"EntryPoint","urlTemplate":"https:\/\/www.aridane.org\/city\/?s={search_term_string}"},"query-input":"required name=search_term_string"}],"inLanguage":"es"},{"@type":"Person","@id":"https:\/\/www.aridane.org\/city\/#\/schema\/person\/89ebd376b223dc94cc1dbcf200c8e6da","name":"Corresponsal","image":{"@type":"ImageObject","inLanguage":"es","@id":"https:\/\/www.aridane.org\/city\/#\/schema\/person\/image\/","url":"https:\/\/secure.gravatar.com\/avatar\/1c476992411e4ccf153da63b2b2f5ea0bb4cb1c85f3ceab8512f04325ad5579c?s=96&d=mm&r=g","contentUrl":"https:\/\/secure.gravatar.com\/avatar\/1c476992411e4ccf153da63b2b2f5ea0bb4cb1c85f3ceab8512f04325ad5579c?s=96&d=mm&r=g","caption":"Corresponsal"},"url":"https:\/\/www.aridane.org\/city\/author\/corresponsal\/"}]}},"_links":{"self":[{"href":"https:\/\/www.aridane.org\/city\/wp-json\/wp\/v2\/posts\/4083","targetHints":{"allow":["GET"]}}],"collection":[{"href":"https:\/\/www.aridane.org\/city\/wp-json\/wp\/v2\/posts"}],"about":[{"href":"https:\/\/www.aridane.org\/city\/wp-json\/wp\/v2\/types\/post"}],"author":[{"embeddable":true,"href":"https:\/\/www.aridane.org\/city\/wp-json\/wp\/v2\/users\/4"}],"replies":[{"embeddable":true,"href":"https:\/\/www.aridane.org\/city\/wp-json\/wp\/v2\/comments?post=4083"}],"version-history":[{"count":1,"href":"https:\/\/www.aridane.org\/city\/wp-json\/wp\/v2\/posts\/4083\/revisions"}],"predecessor-version":[{"id":4085,"href":"https:\/\/www.aridane.org\/city\/wp-json\/wp\/v2\/posts\/4083\/revisions\/4085"}],"wp:featuredmedia":[{"embeddable":true,"href":"https:\/\/www.aridane.org\/city\/wp-json\/wp\/v2\/media\/4084"}],"wp:attachment":[{"href":"https:\/\/www.aridane.org\/city\/wp-json\/wp\/v2\/media?parent=4083"}],"wp:term":[{"taxonomy":"category","embeddable":true,"href":"https:\/\/www.aridane.org\/city\/wp-json\/wp\/v2\/categories?post=4083"},{"taxonomy":"post_tag","embeddable":true,"href":"https:\/\/www.aridane.org\/city\/wp-json\/wp\/v2\/tags?post=4083"}],"curies":[{"name":"wp","href":"https:\/\/api.w.org\/{rel}","templated":true}]}}