{"id":4089,"date":"2024-09-14T11:38:56","date_gmt":"2024-09-14T11:38:56","guid":{"rendered":"https:\/\/www.aridane.org\/city\/?p=4089"},"modified":"2024-09-14T11:38:56","modified_gmt":"2024-09-14T11:38:56","slug":"los-llanos-de-aridane-trabaja-para-posibilitar-viviendas-permanentes-para-los-afectados-del-volcan","status":"publish","type":"post","link":"https:\/\/www.aridane.org\/city\/2024\/09\/14\/los-llanos-de-aridane-trabaja-para-posibilitar-viviendas-permanentes-para-los-afectados-del-volcan\/","title":{"rendered":"Los Llanos de Aridane trabaja para posibilitar viviendas permanentes para  los afectados del volc\u00e1n"},"content":{"rendered":"<p><em>El alcalde Javier Llamas destaca la cesi\u00f3n de tres parcelas que el Ayuntamiento ha hecho al ICAVI para poder desarrollar proyectos de viviendas para quienes todav\u00eda no tienen un hogar estable<\/em><\/p>\n<p><!--more--><br \/>\nEl Ayuntamiento de Los Llanos de Aridane trabaja de la mano del Instituto Canario de la Vivienda (ICAVI) para posibilitar que las personas afectadas por el volc\u00e1n que permanecen en las viviendas habilitadas por la emergencia puedan disponer de viviendas definitivas.<\/p>\n<p>El alcalde Javier Llamas, junto a otros representantes del equipo de gobierno, ha mantenido un encuentro con las personas que todav\u00eda residen en la viviendas contenedor del Camino de Los Choriceros para explicarles las acciones que se est\u00e1n llevando a cabo para sacarlos de ese lugar y permitirles tener acceso a una vivienda permanente, as\u00ed como atender a sus principales necesidades.<\/p>\n<p>\u201cTres a\u00f1os despu\u00e9s hay personas que contin\u00faan viviendo en las casas contenedor y, desde el minuto uno que entramos en este equipo de gobierno, nuestro objetivo ha sido sacarles de ah\u00ed y dar respuesta a la demanda habitacional que existe, para lo que hemos cedido tres parcelas al ICAVI, que ya est\u00e1n en sus manos y que permitir\u00e1 licitar proyectos y la construcci\u00f3n de viviendas para las personas afectadas por el volc\u00e1n\u201d, explic\u00f3 Javier Llamas.<\/p>\n<p>En este sentido, el alcalde tambi\u00e9n expuso que actualmente existe un acuerdo entre el Ayuntamiento y el ICAVI a trav\u00e9s del cual se han desarrollado distintos trabajos de mantenimiento y mejora de las casas contenedor, tales como reparaciones en suelos, techos, ba\u00f1os, puertas y ventanas, para garantizar que estas viviendas se encuentran en unas condiciones \u00f3ptimas durante el tiempo que las personas tengan que permanecer en ellas.<\/p>\n<p>\u201cTrabajamos de la mano para que las personas que siguen viviendo en las casas contenedor porque no han tenido otra alternativa, puedan residir aqu\u00ed de una manera digna y en viviendas en buenas condiciones\u201d, explic\u00f3 el alcalde.<\/p>\n<p>El responsable municipal y el equipo de gobierno tambi\u00e9n atendieron a las principales demandas que trasladaron los vecinos de la zona, entre las que se encuentra la petici\u00f3n de que Transportes Insular de La Palma pueda ubicar una parada de guaguas m\u00e1s cerca de las viviendas modulares para facilitar a las personas residentes en la zona el acceso al transporte p\u00fablico terrestre.<\/p>\n","protected":false},"excerpt":{"rendered":"<p>El alcalde Javier Llamas destaca la cesi\u00f3n de tres parcelas que el Ayuntamiento ha hecho al ICAVI para poder desarrollar proyectos de viviendas para quienes todav\u00eda no tienen un hogar estable<\/p>\n","protected":false},"author":4,"featured_media":4090,"comment_status":"open","ping_status":"open","sticky":false,"template":"","format":"standard","meta":{"footnotes":""},"categories":[1],"tags":[],"class_list":["post-4089","post","type-post","status-publish","format-standard","has-post-thumbnail","hentry","category-sin-categoria"],"yoast_head":"<!-- This site is optimized with the Yoast SEO plugin v22.7 - https:\/\/yoast.com\/wordpress\/plugins\/seo\/ -->\n<title>Los Llanos de Aridane trabaja para posibilitar viviendas permanentes para los afectados del volc\u00e1n - Ayuntamiento de Los Llanos de Aridane<\/title>\n<meta name=\"robots\" content=\"index, follow, max-snippet:-1, max-image-preview:large, max-video-preview:-1\" \/>\n<link rel=\"canonical\" href=\"https:\/\/www.aridane.org\/city\/2024\/09\/14\/los-llanos-de-aridane-trabaja-para-posibilitar-viviendas-permanentes-para-los-afectados-del-volcan\/\" \/>\n<meta property=\"og:locale\" content=\"es_ES\" \/>\n<meta property=\"og:type\" content=\"article\" \/>\n<meta property=\"og:title\" content=\"Los Llanos de Aridane trabaja para posibilitar viviendas permanentes para los afectados del volc\u00e1n - Ayuntamiento de Los Llanos de Aridane\" \/>\n<meta property=\"og:description\" content=\"El alcalde Javier Llamas destaca la cesi\u00f3n de tres parcelas que el Ayuntamiento ha hecho al ICAVI para poder desarrollar proyectos de viviendas para quienes todav\u00eda no tienen un hogar estable\" \/>\n<meta property=\"og:url\" content=\"https:\/\/www.aridane.org\/city\/2024\/09\/14\/los-llanos-de-aridane-trabaja-para-posibilitar-viviendas-permanentes-para-los-afectados-del-volcan\/\" \/>\n<meta property=\"og:site_name\" content=\"Ayuntamiento de Los Llanos de Aridane\" \/>\n<meta property=\"article:published_time\" content=\"2024-09-14T11:38:56+00:00\" \/>\n<meta property=\"og:image\" content=\"https:\/\/www.aridane.org\/city\/wp-content\/uploads\/2024\/09\/Viviendas-afectados-3.jpeg\" \/>\n\t<meta property=\"og:image:width\" content=\"1620\" \/>\n\t<meta property=\"og:image:height\" content=\"1080\" \/>\n\t<meta property=\"og:image:type\" content=\"image\/jpeg\" \/>\n<meta name=\"author\" content=\"Corresponsal\" \/>\n<meta name=\"twitter:card\" content=\"summary_large_image\" \/>\n<meta name=\"twitter:label1\" content=\"Escrito por\" \/>\n\t<meta name=\"twitter:data1\" content=\"Corresponsal\" \/>\n\t<meta name=\"twitter:label2\" content=\"Tiempo de lectura\" \/>\n\t<meta name=\"twitter:data2\" content=\"2 minutos\" \/>\n<script type=\"application\/ld+json\" class=\"yoast-schema-graph\">{\"@context\":\"https:\/\/schema.org\",\"@graph\":[{\"@type\":\"WebPage\",\"@id\":\"https:\/\/www.aridane.org\/city\/2024\/09\/14\/los-llanos-de-aridane-trabaja-para-posibilitar-viviendas-permanentes-para-los-afectados-del-volcan\/\",\"url\":\"https:\/\/www.aridane.org\/city\/2024\/09\/14\/los-llanos-de-aridane-trabaja-para-posibilitar-viviendas-permanentes-para-los-afectados-del-volcan\/\",\"name\":\"Los Llanos de Aridane trabaja para posibilitar viviendas permanentes para los afectados del volc\u00e1n - Ayuntamiento de Los Llanos de Aridane\",\"isPartOf\":{\"@id\":\"https:\/\/www.aridane.org\/city\/#website\"},\"primaryImageOfPage\":{\"@id\":\"https:\/\/www.aridane.org\/city\/2024\/09\/14\/los-llanos-de-aridane-trabaja-para-posibilitar-viviendas-permanentes-para-los-afectados-del-volcan\/#primaryimage\"},\"image\":{\"@id\":\"https:\/\/www.aridane.org\/city\/2024\/09\/14\/los-llanos-de-aridane-trabaja-para-posibilitar-viviendas-permanentes-para-los-afectados-del-volcan\/#primaryimage\"},\"thumbnailUrl\":\"https:\/\/www.aridane.org\/city\/wp-content\/uploads\/2024\/09\/Viviendas-afectados-3.jpeg\",\"datePublished\":\"2024-09-14T11:38:56+00:00\",\"dateModified\":\"2024-09-14T11:38:56+00:00\",\"author\":{\"@id\":\"https:\/\/www.aridane.org\/city\/#\/schema\/person\/89ebd376b223dc94cc1dbcf200c8e6da\"},\"breadcrumb\":{\"@id\":\"https:\/\/www.aridane.org\/city\/2024\/09\/14\/los-llanos-de-aridane-trabaja-para-posibilitar-viviendas-permanentes-para-los-afectados-del-volcan\/#breadcrumb\"},\"inLanguage\":\"es\",\"potentialAction\":[{\"@type\":\"ReadAction\",\"target\":[\"https:\/\/www.aridane.org\/city\/2024\/09\/14\/los-llanos-de-aridane-trabaja-para-posibilitar-viviendas-permanentes-para-los-afectados-del-volcan\/\"]}]},{\"@type\":\"ImageObject\",\"inLanguage\":\"es\",\"@id\":\"https:\/\/www.aridane.org\/city\/2024\/09\/14\/los-llanos-de-aridane-trabaja-para-posibilitar-viviendas-permanentes-para-los-afectados-del-volcan\/#primaryimage\",\"url\":\"https:\/\/www.aridane.org\/city\/wp-content\/uploads\/2024\/09\/Viviendas-afectados-3.jpeg\",\"contentUrl\":\"https:\/\/www.aridane.org\/city\/wp-content\/uploads\/2024\/09\/Viviendas-afectados-3.jpeg\",\"width\":1620,\"height\":1080},{\"@type\":\"BreadcrumbList\",\"@id\":\"https:\/\/www.aridane.org\/city\/2024\/09\/14\/los-llanos-de-aridane-trabaja-para-posibilitar-viviendas-permanentes-para-los-afectados-del-volcan\/#breadcrumb\",\"itemListElement\":[{\"@type\":\"ListItem\",\"position\":1,\"name\":\"Portada\",\"item\":\"https:\/\/www.aridane.org\/city\/\"},{\"@type\":\"ListItem\",\"position\":2,\"name\":\"Los Llanos de Aridane trabaja para posibilitar viviendas permanentes para los afectados del volc\u00e1n\"}]},{\"@type\":\"WebSite\",\"@id\":\"https:\/\/www.aridane.org\/city\/#website\",\"url\":\"https:\/\/www.aridane.org\/city\/\",\"name\":\"Ayuntamiento de Los Llanos de Aridane\",\"description\":\"\",\"potentialAction\":[{\"@type\":\"SearchAction\",\"target\":{\"@type\":\"EntryPoint\",\"urlTemplate\":\"https:\/\/www.aridane.org\/city\/?s={search_term_string}\"},\"query-input\":\"required name=search_term_string\"}],\"inLanguage\":\"es\"},{\"@type\":\"Person\",\"@id\":\"https:\/\/www.aridane.org\/city\/#\/schema\/person\/89ebd376b223dc94cc1dbcf200c8e6da\",\"name\":\"Corresponsal\",\"image\":{\"@type\":\"ImageObject\",\"inLanguage\":\"es\",\"@id\":\"https:\/\/www.aridane.org\/city\/#\/schema\/person\/image\/\",\"url\":\"https:\/\/secure.gravatar.com\/avatar\/1c476992411e4ccf153da63b2b2f5ea0bb4cb1c85f3ceab8512f04325ad5579c?s=96&d=mm&r=g\",\"contentUrl\":\"https:\/\/secure.gravatar.com\/avatar\/1c476992411e4ccf153da63b2b2f5ea0bb4cb1c85f3ceab8512f04325ad5579c?s=96&d=mm&r=g\",\"caption\":\"Corresponsal\"},\"url\":\"https:\/\/www.aridane.org\/city\/author\/corresponsal\/\"}]}<\/script>\n<!-- \/ Yoast SEO plugin. -->","yoast_head_json":{"title":"Los Llanos de Aridane trabaja para posibilitar viviendas permanentes para los afectados del volc\u00e1n - Ayuntamiento de Los Llanos de Aridane","robots":{"index":"index","follow":"follow","max-snippet":"max-snippet:-1","max-image-preview":"max-image-preview:large","max-video-preview":"max-video-preview:-1"},"canonical":"https:\/\/www.aridane.org\/city\/2024\/09\/14\/los-llanos-de-aridane-trabaja-para-posibilitar-viviendas-permanentes-para-los-afectados-del-volcan\/","og_locale":"es_ES","og_type":"article","og_title":"Los Llanos de Aridane trabaja para posibilitar viviendas permanentes para los afectados del volc\u00e1n - Ayuntamiento de Los Llanos de Aridane","og_description":"El alcalde Javier Llamas destaca la cesi\u00f3n de tres parcelas que el Ayuntamiento ha hecho al ICAVI para poder desarrollar proyectos de viviendas para quienes todav\u00eda no tienen un hogar estable","og_url":"https:\/\/www.aridane.org\/city\/2024\/09\/14\/los-llanos-de-aridane-trabaja-para-posibilitar-viviendas-permanentes-para-los-afectados-del-volcan\/","og_site_name":"Ayuntamiento de Los Llanos de Aridane","article_published_time":"2024-09-14T11:38:56+00:00","og_image":[{"width":1620,"height":1080,"url":"https:\/\/www.aridane.org\/city\/wp-content\/uploads\/2024\/09\/Viviendas-afectados-3.jpeg","type":"image\/jpeg"}],"author":"Corresponsal","twitter_card":"summary_large_image","twitter_misc":{"Escrito por":"Corresponsal","Tiempo de lectura":"2 minutos"},"schema":{"@context":"https:\/\/schema.org","@graph":[{"@type":"WebPage","@id":"https:\/\/www.aridane.org\/city\/2024\/09\/14\/los-llanos-de-aridane-trabaja-para-posibilitar-viviendas-permanentes-para-los-afectados-del-volcan\/","url":"https:\/\/www.aridane.org\/city\/2024\/09\/14\/los-llanos-de-aridane-trabaja-para-posibilitar-viviendas-permanentes-para-los-afectados-del-volcan\/","name":"Los Llanos de Aridane trabaja para posibilitar viviendas permanentes para los afectados del volc\u00e1n - Ayuntamiento de Los Llanos de Aridane","isPartOf":{"@id":"https:\/\/www.aridane.org\/city\/#website"},"primaryImageOfPage":{"@id":"https:\/\/www.aridane.org\/city\/2024\/09\/14\/los-llanos-de-aridane-trabaja-para-posibilitar-viviendas-permanentes-para-los-afectados-del-volcan\/#primaryimage"},"image":{"@id":"https:\/\/www.aridane.org\/city\/2024\/09\/14\/los-llanos-de-aridane-trabaja-para-posibilitar-viviendas-permanentes-para-los-afectados-del-volcan\/#primaryimage"},"thumbnailUrl":"https:\/\/www.aridane.org\/city\/wp-content\/uploads\/2024\/09\/Viviendas-afectados-3.jpeg","datePublished":"2024-09-14T11:38:56+00:00","dateModified":"2024-09-14T11:38:56+00:00","author":{"@id":"https:\/\/www.aridane.org\/city\/#\/schema\/person\/89ebd376b223dc94cc1dbcf200c8e6da"},"breadcrumb":{"@id":"https:\/\/www.aridane.org\/city\/2024\/09\/14\/los-llanos-de-aridane-trabaja-para-posibilitar-viviendas-permanentes-para-los-afectados-del-volcan\/#breadcrumb"},"inLanguage":"es","potentialAction":[{"@type":"ReadAction","target":["https:\/\/www.aridane.org\/city\/2024\/09\/14\/los-llanos-de-aridane-trabaja-para-posibilitar-viviendas-permanentes-para-los-afectados-del-volcan\/"]}]},{"@type":"ImageObject","inLanguage":"es","@id":"https:\/\/www.aridane.org\/city\/2024\/09\/14\/los-llanos-de-aridane-trabaja-para-posibilitar-viviendas-permanentes-para-los-afectados-del-volcan\/#primaryimage","url":"https:\/\/www.aridane.org\/city\/wp-content\/uploads\/2024\/09\/Viviendas-afectados-3.jpeg","contentUrl":"https:\/\/www.aridane.org\/city\/wp-content\/uploads\/2024\/09\/Viviendas-afectados-3.jpeg","width":1620,"height":1080},{"@type":"BreadcrumbList","@id":"https:\/\/www.aridane.org\/city\/2024\/09\/14\/los-llanos-de-aridane-trabaja-para-posibilitar-viviendas-permanentes-para-los-afectados-del-volcan\/#breadcrumb","itemListElement":[{"@type":"ListItem","position":1,"name":"Portada","item":"https:\/\/www.aridane.org\/city\/"},{"@type":"ListItem","position":2,"name":"Los Llanos de Aridane trabaja para posibilitar viviendas permanentes para los afectados del volc\u00e1n"}]},{"@type":"WebSite","@id":"https:\/\/www.aridane.org\/city\/#website","url":"https:\/\/www.aridane.org\/city\/","name":"Ayuntamiento de Los Llanos de Aridane","description":"","potentialAction":[{"@type":"SearchAction","target":{"@type":"EntryPoint","urlTemplate":"https:\/\/www.aridane.org\/city\/?s={search_term_string}"},"query-input":"required name=search_term_string"}],"inLanguage":"es"},{"@type":"Person","@id":"https:\/\/www.aridane.org\/city\/#\/schema\/person\/89ebd376b223dc94cc1dbcf200c8e6da","name":"Corresponsal","image":{"@type":"ImageObject","inLanguage":"es","@id":"https:\/\/www.aridane.org\/city\/#\/schema\/person\/image\/","url":"https:\/\/secure.gravatar.com\/avatar\/1c476992411e4ccf153da63b2b2f5ea0bb4cb1c85f3ceab8512f04325ad5579c?s=96&d=mm&r=g","contentUrl":"https:\/\/secure.gravatar.com\/avatar\/1c476992411e4ccf153da63b2b2f5ea0bb4cb1c85f3ceab8512f04325ad5579c?s=96&d=mm&r=g","caption":"Corresponsal"},"url":"https:\/\/www.aridane.org\/city\/author\/corresponsal\/"}]}},"_links":{"self":[{"href":"https:\/\/www.aridane.org\/city\/wp-json\/wp\/v2\/posts\/4089","targetHints":{"allow":["GET"]}}],"collection":[{"href":"https:\/\/www.aridane.org\/city\/wp-json\/wp\/v2\/posts"}],"about":[{"href":"https:\/\/www.aridane.org\/city\/wp-json\/wp\/v2\/types\/post"}],"author":[{"embeddable":true,"href":"https:\/\/www.aridane.org\/city\/wp-json\/wp\/v2\/users\/4"}],"replies":[{"embeddable":true,"href":"https:\/\/www.aridane.org\/city\/wp-json\/wp\/v2\/comments?post=4089"}],"version-history":[{"count":1,"href":"https:\/\/www.aridane.org\/city\/wp-json\/wp\/v2\/posts\/4089\/revisions"}],"predecessor-version":[{"id":4091,"href":"https:\/\/www.aridane.org\/city\/wp-json\/wp\/v2\/posts\/4089\/revisions\/4091"}],"wp:featuredmedia":[{"embeddable":true,"href":"https:\/\/www.aridane.org\/city\/wp-json\/wp\/v2\/media\/4090"}],"wp:attachment":[{"href":"https:\/\/www.aridane.org\/city\/wp-json\/wp\/v2\/media?parent=4089"}],"wp:term":[{"taxonomy":"category","embeddable":true,"href":"https:\/\/www.aridane.org\/city\/wp-json\/wp\/v2\/categories?post=4089"},{"taxonomy":"post_tag","embeddable":true,"href":"https:\/\/www.aridane.org\/city\/wp-json\/wp\/v2\/tags?post=4089"}],"curies":[{"name":"wp","href":"https:\/\/api.w.org\/{rel}","templated":true}]}}