{"id":4093,"date":"2024-09-18T11:48:10","date_gmt":"2024-09-18T11:48:10","guid":{"rendered":"https:\/\/www.aridane.org\/city\/?p=4093"},"modified":"2024-09-18T11:48:10","modified_gmt":"2024-09-18T11:48:10","slug":"el-concurso-de-carteles-del-carnaval-2025-de-los-llanos-de-aridane-estara-abierto-hasta-el-28-de-septiembre","status":"publish","type":"post","link":"https:\/\/www.aridane.org\/city\/2024\/09\/18\/el-concurso-de-carteles-del-carnaval-2025-de-los-llanos-de-aridane-estara-abierto-hasta-el-28-de-septiembre\/","title":{"rendered":"El concurso de carteles del Carnaval 2025 de Los Llanos de Aridane estar\u00e1 abierto hasta el 28 de septiembre"},"content":{"rendered":"<p><i><span style=\"font-weight: 400;\">La Atl\u00e1ntida ser\u00e1 la tem\u00e1tica del pr\u00f3ximo Carnaval<\/span><\/i><!--more--><\/p>\n<p><span style=\"font-weight: 400;\">El Ayuntamiento de Los Llanos de Aridane informa que el plazo para la presentaci\u00f3n de los carteles del Carnaval 2025 est\u00e1 abierto el s\u00e1bado, 28 de septiembre. Dise\u00f1adores, artistas y aficionados tienen hasta la citada fecha para presentar sus propuestas, las cuales se basar\u00e1n en el tema elegido para el pr\u00f3ximo a\u00f1o: La Atl\u00e1ntida.<\/span><\/p>\n<p><span style=\"font-weight: 400;\">Para consultar m\u00e1s informaci\u00f3n y acceder a las bases del concurso, los interesados pueden acceder a la sede electr\u00f3nica del Ayuntamiento a trav\u00e9s del enlace:<\/span><a href=\"https:\/\/eadmin.aridane.org\/publico\/edictos\/2024000178\"><span style=\"font-weight: 400;\">https:\/\/eadmin.aridane.org\/publico\/edictos\/2024000178<\/span><\/a><span style=\"font-weight: 400;\">\u00a0<\/span><\/p>\n<p><span style=\"font-weight: 400;\">El concejal de Fiestas, \u00c1lvaro Pages, aclara que los carteles deber\u00e1n representar el motivo central del tema del Carnaval 2025. \u201cCon esta convocatoria, el Ayuntamiento busca seguir fomentando la participaci\u00f3n ciudadana en el proceso creativo de una de las celebraciones m\u00e1s esperadas del municipio\u201d, apunta.\u00a0<\/span><\/p>\n<p><span style=\"font-weight: 400;\">En este sentido, sostiene que \u201cLa Atl\u00e1ntida se presenta como una fuente de inspiraci\u00f3n para creaciones llenas de color e imaginaci\u00f3n, fusionando la magia del Carnaval con la leyenda de esta antigua civilizaci\u00f3n submarina\u201d.<\/span><\/p>\n<p><span style=\"font-weight: 400;\">El Ayuntamiento tambi\u00e9n informa que los preparativos para el Carnaval 2025 ya est\u00e1n en marcha, garantizando unas festividades inolvidables para todos los aridanenses y visitantes. Se prev\u00e9 un evento cargado de diversi\u00f3n, tradici\u00f3n y fantas\u00eda.<\/span><\/p>\n","protected":false},"excerpt":{"rendered":"<p>La Atl\u00e1ntida ser\u00e1 la tem\u00e1tica del pr\u00f3ximo Carnaval<\/p>\n","protected":false},"author":4,"featured_media":4094,"comment_status":"open","ping_status":"open","sticky":false,"template":"","format":"standard","meta":{"footnotes":""},"categories":[1],"tags":[],"class_list":["post-4093","post","type-post","status-publish","format-standard","has-post-thumbnail","hentry","category-sin-categoria"],"yoast_head":"<!-- This site is optimized with the Yoast SEO plugin v22.7 - https:\/\/yoast.com\/wordpress\/plugins\/seo\/ -->\n<title>El concurso de carteles del Carnaval 2025 de Los Llanos de Aridane estar\u00e1 abierto hasta el 28 de septiembre - Ayuntamiento de Los Llanos de Aridane<\/title>\n<meta name=\"robots\" content=\"index, follow, max-snippet:-1, max-image-preview:large, max-video-preview:-1\" \/>\n<link rel=\"canonical\" href=\"https:\/\/www.aridane.org\/city\/2024\/09\/18\/el-concurso-de-carteles-del-carnaval-2025-de-los-llanos-de-aridane-estara-abierto-hasta-el-28-de-septiembre\/\" \/>\n<meta property=\"og:locale\" content=\"es_ES\" \/>\n<meta property=\"og:type\" content=\"article\" \/>\n<meta property=\"og:title\" content=\"El concurso de carteles del Carnaval 2025 de Los Llanos de Aridane estar\u00e1 abierto hasta el 28 de septiembre - Ayuntamiento de Los Llanos de Aridane\" \/>\n<meta property=\"og:description\" content=\"La Atl\u00e1ntida ser\u00e1 la tem\u00e1tica del pr\u00f3ximo Carnaval\" \/>\n<meta property=\"og:url\" content=\"https:\/\/www.aridane.org\/city\/2024\/09\/18\/el-concurso-de-carteles-del-carnaval-2025-de-los-llanos-de-aridane-estara-abierto-hasta-el-28-de-septiembre\/\" \/>\n<meta property=\"og:site_name\" content=\"Ayuntamiento de Los Llanos de Aridane\" \/>\n<meta property=\"article:published_time\" content=\"2024-09-18T11:48:10+00:00\" \/>\n<meta property=\"og:image\" content=\"https:\/\/www.aridane.org\/city\/wp-content\/uploads\/2024\/09\/Polvacera2024.jpeg\" \/>\n\t<meta property=\"og:image:width\" content=\"1421\" \/>\n\t<meta property=\"og:image:height\" content=\"828\" \/>\n\t<meta property=\"og:image:type\" content=\"image\/jpeg\" \/>\n<meta name=\"author\" content=\"Corresponsal\" \/>\n<meta name=\"twitter:card\" content=\"summary_large_image\" \/>\n<meta name=\"twitter:label1\" content=\"Escrito por\" \/>\n\t<meta name=\"twitter:data1\" content=\"Corresponsal\" \/>\n\t<meta name=\"twitter:label2\" content=\"Tiempo de lectura\" \/>\n\t<meta name=\"twitter:data2\" content=\"2 minutos\" \/>\n<script type=\"application\/ld+json\" class=\"yoast-schema-graph\">{\"@context\":\"https:\/\/schema.org\",\"@graph\":[{\"@type\":\"WebPage\",\"@id\":\"https:\/\/www.aridane.org\/city\/2024\/09\/18\/el-concurso-de-carteles-del-carnaval-2025-de-los-llanos-de-aridane-estara-abierto-hasta-el-28-de-septiembre\/\",\"url\":\"https:\/\/www.aridane.org\/city\/2024\/09\/18\/el-concurso-de-carteles-del-carnaval-2025-de-los-llanos-de-aridane-estara-abierto-hasta-el-28-de-septiembre\/\",\"name\":\"El concurso de carteles del Carnaval 2025 de Los Llanos de Aridane estar\u00e1 abierto hasta el 28 de septiembre - Ayuntamiento de Los Llanos de Aridane\",\"isPartOf\":{\"@id\":\"https:\/\/www.aridane.org\/city\/#website\"},\"primaryImageOfPage\":{\"@id\":\"https:\/\/www.aridane.org\/city\/2024\/09\/18\/el-concurso-de-carteles-del-carnaval-2025-de-los-llanos-de-aridane-estara-abierto-hasta-el-28-de-septiembre\/#primaryimage\"},\"image\":{\"@id\":\"https:\/\/www.aridane.org\/city\/2024\/09\/18\/el-concurso-de-carteles-del-carnaval-2025-de-los-llanos-de-aridane-estara-abierto-hasta-el-28-de-septiembre\/#primaryimage\"},\"thumbnailUrl\":\"https:\/\/www.aridane.org\/city\/wp-content\/uploads\/2024\/09\/Polvacera2024.jpeg\",\"datePublished\":\"2024-09-18T11:48:10+00:00\",\"dateModified\":\"2024-09-18T11:48:10+00:00\",\"author\":{\"@id\":\"https:\/\/www.aridane.org\/city\/#\/schema\/person\/89ebd376b223dc94cc1dbcf200c8e6da\"},\"breadcrumb\":{\"@id\":\"https:\/\/www.aridane.org\/city\/2024\/09\/18\/el-concurso-de-carteles-del-carnaval-2025-de-los-llanos-de-aridane-estara-abierto-hasta-el-28-de-septiembre\/#breadcrumb\"},\"inLanguage\":\"es\",\"potentialAction\":[{\"@type\":\"ReadAction\",\"target\":[\"https:\/\/www.aridane.org\/city\/2024\/09\/18\/el-concurso-de-carteles-del-carnaval-2025-de-los-llanos-de-aridane-estara-abierto-hasta-el-28-de-septiembre\/\"]}]},{\"@type\":\"ImageObject\",\"inLanguage\":\"es\",\"@id\":\"https:\/\/www.aridane.org\/city\/2024\/09\/18\/el-concurso-de-carteles-del-carnaval-2025-de-los-llanos-de-aridane-estara-abierto-hasta-el-28-de-septiembre\/#primaryimage\",\"url\":\"https:\/\/www.aridane.org\/city\/wp-content\/uploads\/2024\/09\/Polvacera2024.jpeg\",\"contentUrl\":\"https:\/\/www.aridane.org\/city\/wp-content\/uploads\/2024\/09\/Polvacera2024.jpeg\",\"width\":1421,\"height\":828},{\"@type\":\"BreadcrumbList\",\"@id\":\"https:\/\/www.aridane.org\/city\/2024\/09\/18\/el-concurso-de-carteles-del-carnaval-2025-de-los-llanos-de-aridane-estara-abierto-hasta-el-28-de-septiembre\/#breadcrumb\",\"itemListElement\":[{\"@type\":\"ListItem\",\"position\":1,\"name\":\"Portada\",\"item\":\"https:\/\/www.aridane.org\/city\/\"},{\"@type\":\"ListItem\",\"position\":2,\"name\":\"El concurso de carteles del Carnaval 2025 de Los Llanos de Aridane estar\u00e1 abierto hasta el 28 de septiembre\"}]},{\"@type\":\"WebSite\",\"@id\":\"https:\/\/www.aridane.org\/city\/#website\",\"url\":\"https:\/\/www.aridane.org\/city\/\",\"name\":\"Ayuntamiento de Los Llanos de Aridane\",\"description\":\"\",\"potentialAction\":[{\"@type\":\"SearchAction\",\"target\":{\"@type\":\"EntryPoint\",\"urlTemplate\":\"https:\/\/www.aridane.org\/city\/?s={search_term_string}\"},\"query-input\":\"required name=search_term_string\"}],\"inLanguage\":\"es\"},{\"@type\":\"Person\",\"@id\":\"https:\/\/www.aridane.org\/city\/#\/schema\/person\/89ebd376b223dc94cc1dbcf200c8e6da\",\"name\":\"Corresponsal\",\"image\":{\"@type\":\"ImageObject\",\"inLanguage\":\"es\",\"@id\":\"https:\/\/www.aridane.org\/city\/#\/schema\/person\/image\/\",\"url\":\"https:\/\/secure.gravatar.com\/avatar\/1c476992411e4ccf153da63b2b2f5ea0bb4cb1c85f3ceab8512f04325ad5579c?s=96&d=mm&r=g\",\"contentUrl\":\"https:\/\/secure.gravatar.com\/avatar\/1c476992411e4ccf153da63b2b2f5ea0bb4cb1c85f3ceab8512f04325ad5579c?s=96&d=mm&r=g\",\"caption\":\"Corresponsal\"},\"url\":\"https:\/\/www.aridane.org\/city\/author\/corresponsal\/\"}]}<\/script>\n<!-- \/ Yoast SEO plugin. -->","yoast_head_json":{"title":"El concurso de carteles del Carnaval 2025 de Los Llanos de Aridane estar\u00e1 abierto hasta el 28 de septiembre - Ayuntamiento de Los Llanos de Aridane","robots":{"index":"index","follow":"follow","max-snippet":"max-snippet:-1","max-image-preview":"max-image-preview:large","max-video-preview":"max-video-preview:-1"},"canonical":"https:\/\/www.aridane.org\/city\/2024\/09\/18\/el-concurso-de-carteles-del-carnaval-2025-de-los-llanos-de-aridane-estara-abierto-hasta-el-28-de-septiembre\/","og_locale":"es_ES","og_type":"article","og_title":"El concurso de carteles del Carnaval 2025 de Los Llanos de Aridane estar\u00e1 abierto hasta el 28 de septiembre - Ayuntamiento de Los Llanos de Aridane","og_description":"La Atl\u00e1ntida ser\u00e1 la tem\u00e1tica del pr\u00f3ximo Carnaval","og_url":"https:\/\/www.aridane.org\/city\/2024\/09\/18\/el-concurso-de-carteles-del-carnaval-2025-de-los-llanos-de-aridane-estara-abierto-hasta-el-28-de-septiembre\/","og_site_name":"Ayuntamiento de Los Llanos de Aridane","article_published_time":"2024-09-18T11:48:10+00:00","og_image":[{"width":1421,"height":828,"url":"https:\/\/www.aridane.org\/city\/wp-content\/uploads\/2024\/09\/Polvacera2024.jpeg","type":"image\/jpeg"}],"author":"Corresponsal","twitter_card":"summary_large_image","twitter_misc":{"Escrito por":"Corresponsal","Tiempo de lectura":"2 minutos"},"schema":{"@context":"https:\/\/schema.org","@graph":[{"@type":"WebPage","@id":"https:\/\/www.aridane.org\/city\/2024\/09\/18\/el-concurso-de-carteles-del-carnaval-2025-de-los-llanos-de-aridane-estara-abierto-hasta-el-28-de-septiembre\/","url":"https:\/\/www.aridane.org\/city\/2024\/09\/18\/el-concurso-de-carteles-del-carnaval-2025-de-los-llanos-de-aridane-estara-abierto-hasta-el-28-de-septiembre\/","name":"El concurso de carteles del Carnaval 2025 de Los Llanos de Aridane estar\u00e1 abierto hasta el 28 de septiembre - Ayuntamiento de Los Llanos de Aridane","isPartOf":{"@id":"https:\/\/www.aridane.org\/city\/#website"},"primaryImageOfPage":{"@id":"https:\/\/www.aridane.org\/city\/2024\/09\/18\/el-concurso-de-carteles-del-carnaval-2025-de-los-llanos-de-aridane-estara-abierto-hasta-el-28-de-septiembre\/#primaryimage"},"image":{"@id":"https:\/\/www.aridane.org\/city\/2024\/09\/18\/el-concurso-de-carteles-del-carnaval-2025-de-los-llanos-de-aridane-estara-abierto-hasta-el-28-de-septiembre\/#primaryimage"},"thumbnailUrl":"https:\/\/www.aridane.org\/city\/wp-content\/uploads\/2024\/09\/Polvacera2024.jpeg","datePublished":"2024-09-18T11:48:10+00:00","dateModified":"2024-09-18T11:48:10+00:00","author":{"@id":"https:\/\/www.aridane.org\/city\/#\/schema\/person\/89ebd376b223dc94cc1dbcf200c8e6da"},"breadcrumb":{"@id":"https:\/\/www.aridane.org\/city\/2024\/09\/18\/el-concurso-de-carteles-del-carnaval-2025-de-los-llanos-de-aridane-estara-abierto-hasta-el-28-de-septiembre\/#breadcrumb"},"inLanguage":"es","potentialAction":[{"@type":"ReadAction","target":["https:\/\/www.aridane.org\/city\/2024\/09\/18\/el-concurso-de-carteles-del-carnaval-2025-de-los-llanos-de-aridane-estara-abierto-hasta-el-28-de-septiembre\/"]}]},{"@type":"ImageObject","inLanguage":"es","@id":"https:\/\/www.aridane.org\/city\/2024\/09\/18\/el-concurso-de-carteles-del-carnaval-2025-de-los-llanos-de-aridane-estara-abierto-hasta-el-28-de-septiembre\/#primaryimage","url":"https:\/\/www.aridane.org\/city\/wp-content\/uploads\/2024\/09\/Polvacera2024.jpeg","contentUrl":"https:\/\/www.aridane.org\/city\/wp-content\/uploads\/2024\/09\/Polvacera2024.jpeg","width":1421,"height":828},{"@type":"BreadcrumbList","@id":"https:\/\/www.aridane.org\/city\/2024\/09\/18\/el-concurso-de-carteles-del-carnaval-2025-de-los-llanos-de-aridane-estara-abierto-hasta-el-28-de-septiembre\/#breadcrumb","itemListElement":[{"@type":"ListItem","position":1,"name":"Portada","item":"https:\/\/www.aridane.org\/city\/"},{"@type":"ListItem","position":2,"name":"El concurso de carteles del Carnaval 2025 de Los Llanos de Aridane estar\u00e1 abierto hasta el 28 de septiembre"}]},{"@type":"WebSite","@id":"https:\/\/www.aridane.org\/city\/#website","url":"https:\/\/www.aridane.org\/city\/","name":"Ayuntamiento de Los Llanos de Aridane","description":"","potentialAction":[{"@type":"SearchAction","target":{"@type":"EntryPoint","urlTemplate":"https:\/\/www.aridane.org\/city\/?s={search_term_string}"},"query-input":"required name=search_term_string"}],"inLanguage":"es"},{"@type":"Person","@id":"https:\/\/www.aridane.org\/city\/#\/schema\/person\/89ebd376b223dc94cc1dbcf200c8e6da","name":"Corresponsal","image":{"@type":"ImageObject","inLanguage":"es","@id":"https:\/\/www.aridane.org\/city\/#\/schema\/person\/image\/","url":"https:\/\/secure.gravatar.com\/avatar\/1c476992411e4ccf153da63b2b2f5ea0bb4cb1c85f3ceab8512f04325ad5579c?s=96&d=mm&r=g","contentUrl":"https:\/\/secure.gravatar.com\/avatar\/1c476992411e4ccf153da63b2b2f5ea0bb4cb1c85f3ceab8512f04325ad5579c?s=96&d=mm&r=g","caption":"Corresponsal"},"url":"https:\/\/www.aridane.org\/city\/author\/corresponsal\/"}]}},"_links":{"self":[{"href":"https:\/\/www.aridane.org\/city\/wp-json\/wp\/v2\/posts\/4093","targetHints":{"allow":["GET"]}}],"collection":[{"href":"https:\/\/www.aridane.org\/city\/wp-json\/wp\/v2\/posts"}],"about":[{"href":"https:\/\/www.aridane.org\/city\/wp-json\/wp\/v2\/types\/post"}],"author":[{"embeddable":true,"href":"https:\/\/www.aridane.org\/city\/wp-json\/wp\/v2\/users\/4"}],"replies":[{"embeddable":true,"href":"https:\/\/www.aridane.org\/city\/wp-json\/wp\/v2\/comments?post=4093"}],"version-history":[{"count":1,"href":"https:\/\/www.aridane.org\/city\/wp-json\/wp\/v2\/posts\/4093\/revisions"}],"predecessor-version":[{"id":4095,"href":"https:\/\/www.aridane.org\/city\/wp-json\/wp\/v2\/posts\/4093\/revisions\/4095"}],"wp:featuredmedia":[{"embeddable":true,"href":"https:\/\/www.aridane.org\/city\/wp-json\/wp\/v2\/media\/4094"}],"wp:attachment":[{"href":"https:\/\/www.aridane.org\/city\/wp-json\/wp\/v2\/media?parent=4093"}],"wp:term":[{"taxonomy":"category","embeddable":true,"href":"https:\/\/www.aridane.org\/city\/wp-json\/wp\/v2\/categories?post=4093"},{"taxonomy":"post_tag","embeddable":true,"href":"https:\/\/www.aridane.org\/city\/wp-json\/wp\/v2\/tags?post=4093"}],"curies":[{"name":"wp","href":"https:\/\/api.w.org\/{rel}","templated":true}]}}