{"id":4096,"date":"2024-09-20T08:05:23","date_gmt":"2024-09-20T08:05:23","guid":{"rendered":"https:\/\/www.aridane.org\/city\/?p=4096"},"modified":"2024-09-20T08:28:27","modified_gmt":"2024-09-20T08:28:27","slug":"un-especial-de-contigo-almediodia-y-aridane-market-animan-los-llanos-de-aridane-este-sabado","status":"publish","type":"post","link":"https:\/\/www.aridane.org\/city\/2024\/09\/20\/un-especial-de-contigo-almediodia-y-aridane-market-animan-los-llanos-de-aridane-este-sabado\/","title":{"rendered":"Un especial de Contigo Almediod\u00eda y Aridane Market animan Los Llanos de Aridane este s\u00e1bado"},"content":{"rendered":"<p><em>Este s\u00e1bado, 21 de septiembre, Los Llanos de Aridane se convertir\u00e1 en el epicentro del ocio en La Palma\u00a0<\/em><!--more--><\/p>\n<p>El Ayuntamiento de Los Llanos de Aridane conjuga la mejor m\u00fasica con el emprendimiento este s\u00e1bado, 21 de septiembre, en el centro de la ciudad. La Plaza de Espa\u00f1a acoger\u00e1 un especial de Contigo Almediod\u00eda, mientras que en la calle aleda\u00f1a, la D\u00edaz Pimienta, se celebrar\u00e1 el Aridane Market.<\/p>\n<p>El especial de Contigo Almediod\u00eda comenzar\u00e1 a las 13:00 horas con un tributo a Bruce Springsteen a cargo de Manuel Fuentes &amp; The Spring\u2019s Team, seguido a las 19:00 horas por el concierto de Seguridad Social.<\/p>\n<p>El Aridane Market tendr\u00e1 lugar desde las 11:00 horas hasta las 21:00 horas. En este espacio, emprendedores de las islas visibilizar\u00e1n sus productos y dar\u00e1n vida al municipio. Tambi\u00e9n se habilitar\u00e1 una zona de guardacompras en el Casino Aridane para, de forma gratuita, de 12:00 a 22:00 horas, las personas puedan depositar los productos adquiridos sin dejar de disfrutar del Contigo Almediod\u00eda.<\/p>\n<p>Cane recordar que, en medio de ambos conciertos, los DJs de GrajaSound animar\u00e1n las calles centrales de Los Llanos de Aridane con su m\u00fasica.<\/p>\n<h2><strong>Un est\u00edmulo para el municipio<\/strong><\/h2>\n<p>La concejala de Cultura, Marlene Gonz\u00e1lez, y la concejala de Comercio, Ver\u00f3nica Gonz\u00e1lez, aseguran que jornadas as\u00ed, repletas de actividades, suponen \u201cun gran est\u00edmulo\u201d para el municipio.<\/p>\n<p>\u201cAnimamos a toda la ciudadan\u00eda a disfrutar de un s\u00e1bado repleto de ocio y buena m\u00fasica\u201d, se\u00f1ala Marlene Gonz\u00e1lez.<\/p>\n<p>\u201cSeguiremos impulsando actividades para dinamizar las zonas comerciales, y, de paso, visibilizar nuevos productos de La Palma y de Canarias\u201d, agrega Ver\u00f3nica Gonz\u00e1lez.<\/p>\n<h2><strong>Aparcamiento gratuito en la zona azul<\/strong><\/h2>\n<p>Por otro lado, se permitir\u00e1 el aparcamiento gratuito durante el viernes 20 y el s\u00e1bado 21 de septiembre en la zona azul siempre que se utilice la app Telpark.<\/p>\n","protected":false},"excerpt":{"rendered":"<p>Este s\u00e1bado, 21 de septiembre, Los Llanos de Aridane se convertir\u00e1 en el epicentro del ocio en La Palma\u00a0<\/p>\n","protected":false},"author":4,"featured_media":4097,"comment_status":"open","ping_status":"open","sticky":false,"template":"","format":"standard","meta":{"footnotes":""},"categories":[1],"tags":[],"class_list":["post-4096","post","type-post","status-publish","format-standard","has-post-thumbnail","hentry","category-sin-categoria"],"yoast_head":"<!-- This site is optimized with the Yoast SEO plugin v22.7 - https:\/\/yoast.com\/wordpress\/plugins\/seo\/ -->\n<title>Un especial de Contigo Almediod\u00eda y Aridane Market animan Los Llanos de Aridane este s\u00e1bado - Ayuntamiento de Los Llanos de Aridane<\/title>\n<meta name=\"robots\" content=\"index, follow, max-snippet:-1, max-image-preview:large, max-video-preview:-1\" \/>\n<link rel=\"canonical\" href=\"https:\/\/www.aridane.org\/city\/2024\/09\/20\/un-especial-de-contigo-almediodia-y-aridane-market-animan-los-llanos-de-aridane-este-sabado\/\" \/>\n<meta property=\"og:locale\" content=\"es_ES\" \/>\n<meta property=\"og:type\" content=\"article\" \/>\n<meta property=\"og:title\" content=\"Un especial de Contigo Almediod\u00eda y Aridane Market animan Los Llanos de Aridane este s\u00e1bado - Ayuntamiento de Los Llanos de Aridane\" \/>\n<meta property=\"og:description\" content=\"Este s\u00e1bado, 21 de septiembre, Los Llanos de Aridane se convertir\u00e1 en el epicentro del ocio en La Palma\u00a0\" \/>\n<meta property=\"og:url\" content=\"https:\/\/www.aridane.org\/city\/2024\/09\/20\/un-especial-de-contigo-almediodia-y-aridane-market-animan-los-llanos-de-aridane-este-sabado\/\" \/>\n<meta property=\"og:site_name\" content=\"Ayuntamiento de Los Llanos de Aridane\" \/>\n<meta property=\"article:published_time\" content=\"2024-09-20T08:05:23+00:00\" \/>\n<meta property=\"article:modified_time\" content=\"2024-09-20T08:28:27+00:00\" \/>\n<meta property=\"og:image\" content=\"https:\/\/www.aridane.org\/city\/wp-content\/uploads\/2024\/09\/ContigoAlmediodia_1822.jpg\" \/>\n\t<meta property=\"og:image:width\" content=\"960\" \/>\n\t<meta property=\"og:image:height\" content=\"640\" \/>\n\t<meta property=\"og:image:type\" content=\"image\/jpeg\" \/>\n<meta name=\"author\" content=\"Corresponsal\" \/>\n<meta name=\"twitter:card\" content=\"summary_large_image\" \/>\n<meta name=\"twitter:label1\" content=\"Escrito por\" \/>\n\t<meta name=\"twitter:data1\" content=\"Corresponsal\" \/>\n\t<meta name=\"twitter:label2\" content=\"Tiempo de lectura\" \/>\n\t<meta name=\"twitter:data2\" content=\"2 minutos\" \/>\n<script type=\"application\/ld+json\" class=\"yoast-schema-graph\">{\"@context\":\"https:\/\/schema.org\",\"@graph\":[{\"@type\":\"WebPage\",\"@id\":\"https:\/\/www.aridane.org\/city\/2024\/09\/20\/un-especial-de-contigo-almediodia-y-aridane-market-animan-los-llanos-de-aridane-este-sabado\/\",\"url\":\"https:\/\/www.aridane.org\/city\/2024\/09\/20\/un-especial-de-contigo-almediodia-y-aridane-market-animan-los-llanos-de-aridane-este-sabado\/\",\"name\":\"Un especial de Contigo Almediod\u00eda y Aridane Market animan Los Llanos de Aridane este s\u00e1bado - Ayuntamiento de Los Llanos de Aridane\",\"isPartOf\":{\"@id\":\"https:\/\/www.aridane.org\/city\/#website\"},\"primaryImageOfPage\":{\"@id\":\"https:\/\/www.aridane.org\/city\/2024\/09\/20\/un-especial-de-contigo-almediodia-y-aridane-market-animan-los-llanos-de-aridane-este-sabado\/#primaryimage\"},\"image\":{\"@id\":\"https:\/\/www.aridane.org\/city\/2024\/09\/20\/un-especial-de-contigo-almediodia-y-aridane-market-animan-los-llanos-de-aridane-este-sabado\/#primaryimage\"},\"thumbnailUrl\":\"https:\/\/www.aridane.org\/city\/wp-content\/uploads\/2024\/09\/ContigoAlmediodia_1822.jpg\",\"datePublished\":\"2024-09-20T08:05:23+00:00\",\"dateModified\":\"2024-09-20T08:28:27+00:00\",\"author\":{\"@id\":\"https:\/\/www.aridane.org\/city\/#\/schema\/person\/89ebd376b223dc94cc1dbcf200c8e6da\"},\"breadcrumb\":{\"@id\":\"https:\/\/www.aridane.org\/city\/2024\/09\/20\/un-especial-de-contigo-almediodia-y-aridane-market-animan-los-llanos-de-aridane-este-sabado\/#breadcrumb\"},\"inLanguage\":\"es\",\"potentialAction\":[{\"@type\":\"ReadAction\",\"target\":[\"https:\/\/www.aridane.org\/city\/2024\/09\/20\/un-especial-de-contigo-almediodia-y-aridane-market-animan-los-llanos-de-aridane-este-sabado\/\"]}]},{\"@type\":\"ImageObject\",\"inLanguage\":\"es\",\"@id\":\"https:\/\/www.aridane.org\/city\/2024\/09\/20\/un-especial-de-contigo-almediodia-y-aridane-market-animan-los-llanos-de-aridane-este-sabado\/#primaryimage\",\"url\":\"https:\/\/www.aridane.org\/city\/wp-content\/uploads\/2024\/09\/ContigoAlmediodia_1822.jpg\",\"contentUrl\":\"https:\/\/www.aridane.org\/city\/wp-content\/uploads\/2024\/09\/ContigoAlmediodia_1822.jpg\",\"width\":960,\"height\":640},{\"@type\":\"BreadcrumbList\",\"@id\":\"https:\/\/www.aridane.org\/city\/2024\/09\/20\/un-especial-de-contigo-almediodia-y-aridane-market-animan-los-llanos-de-aridane-este-sabado\/#breadcrumb\",\"itemListElement\":[{\"@type\":\"ListItem\",\"position\":1,\"name\":\"Portada\",\"item\":\"https:\/\/www.aridane.org\/city\/\"},{\"@type\":\"ListItem\",\"position\":2,\"name\":\"Un especial de Contigo Almediod\u00eda y Aridane Market animan Los Llanos de Aridane este s\u00e1bado\"}]},{\"@type\":\"WebSite\",\"@id\":\"https:\/\/www.aridane.org\/city\/#website\",\"url\":\"https:\/\/www.aridane.org\/city\/\",\"name\":\"Ayuntamiento de Los Llanos de Aridane\",\"description\":\"\",\"potentialAction\":[{\"@type\":\"SearchAction\",\"target\":{\"@type\":\"EntryPoint\",\"urlTemplate\":\"https:\/\/www.aridane.org\/city\/?s={search_term_string}\"},\"query-input\":\"required name=search_term_string\"}],\"inLanguage\":\"es\"},{\"@type\":\"Person\",\"@id\":\"https:\/\/www.aridane.org\/city\/#\/schema\/person\/89ebd376b223dc94cc1dbcf200c8e6da\",\"name\":\"Corresponsal\",\"image\":{\"@type\":\"ImageObject\",\"inLanguage\":\"es\",\"@id\":\"https:\/\/www.aridane.org\/city\/#\/schema\/person\/image\/\",\"url\":\"https:\/\/secure.gravatar.com\/avatar\/1c476992411e4ccf153da63b2b2f5ea0bb4cb1c85f3ceab8512f04325ad5579c?s=96&d=mm&r=g\",\"contentUrl\":\"https:\/\/secure.gravatar.com\/avatar\/1c476992411e4ccf153da63b2b2f5ea0bb4cb1c85f3ceab8512f04325ad5579c?s=96&d=mm&r=g\",\"caption\":\"Corresponsal\"},\"url\":\"https:\/\/www.aridane.org\/city\/author\/corresponsal\/\"}]}<\/script>\n<!-- \/ Yoast SEO plugin. -->","yoast_head_json":{"title":"Un especial de Contigo Almediod\u00eda y Aridane Market animan Los Llanos de Aridane este s\u00e1bado - Ayuntamiento de Los Llanos de Aridane","robots":{"index":"index","follow":"follow","max-snippet":"max-snippet:-1","max-image-preview":"max-image-preview:large","max-video-preview":"max-video-preview:-1"},"canonical":"https:\/\/www.aridane.org\/city\/2024\/09\/20\/un-especial-de-contigo-almediodia-y-aridane-market-animan-los-llanos-de-aridane-este-sabado\/","og_locale":"es_ES","og_type":"article","og_title":"Un especial de Contigo Almediod\u00eda y Aridane Market animan Los Llanos de Aridane este s\u00e1bado - Ayuntamiento de Los Llanos de Aridane","og_description":"Este s\u00e1bado, 21 de septiembre, Los Llanos de Aridane se convertir\u00e1 en el epicentro del ocio en La Palma\u00a0","og_url":"https:\/\/www.aridane.org\/city\/2024\/09\/20\/un-especial-de-contigo-almediodia-y-aridane-market-animan-los-llanos-de-aridane-este-sabado\/","og_site_name":"Ayuntamiento de Los Llanos de Aridane","article_published_time":"2024-09-20T08:05:23+00:00","article_modified_time":"2024-09-20T08:28:27+00:00","og_image":[{"width":960,"height":640,"url":"https:\/\/www.aridane.org\/city\/wp-content\/uploads\/2024\/09\/ContigoAlmediodia_1822.jpg","type":"image\/jpeg"}],"author":"Corresponsal","twitter_card":"summary_large_image","twitter_misc":{"Escrito por":"Corresponsal","Tiempo de lectura":"2 minutos"},"schema":{"@context":"https:\/\/schema.org","@graph":[{"@type":"WebPage","@id":"https:\/\/www.aridane.org\/city\/2024\/09\/20\/un-especial-de-contigo-almediodia-y-aridane-market-animan-los-llanos-de-aridane-este-sabado\/","url":"https:\/\/www.aridane.org\/city\/2024\/09\/20\/un-especial-de-contigo-almediodia-y-aridane-market-animan-los-llanos-de-aridane-este-sabado\/","name":"Un especial de Contigo Almediod\u00eda y Aridane Market animan Los Llanos de Aridane este s\u00e1bado - Ayuntamiento de Los Llanos de Aridane","isPartOf":{"@id":"https:\/\/www.aridane.org\/city\/#website"},"primaryImageOfPage":{"@id":"https:\/\/www.aridane.org\/city\/2024\/09\/20\/un-especial-de-contigo-almediodia-y-aridane-market-animan-los-llanos-de-aridane-este-sabado\/#primaryimage"},"image":{"@id":"https:\/\/www.aridane.org\/city\/2024\/09\/20\/un-especial-de-contigo-almediodia-y-aridane-market-animan-los-llanos-de-aridane-este-sabado\/#primaryimage"},"thumbnailUrl":"https:\/\/www.aridane.org\/city\/wp-content\/uploads\/2024\/09\/ContigoAlmediodia_1822.jpg","datePublished":"2024-09-20T08:05:23+00:00","dateModified":"2024-09-20T08:28:27+00:00","author":{"@id":"https:\/\/www.aridane.org\/city\/#\/schema\/person\/89ebd376b223dc94cc1dbcf200c8e6da"},"breadcrumb":{"@id":"https:\/\/www.aridane.org\/city\/2024\/09\/20\/un-especial-de-contigo-almediodia-y-aridane-market-animan-los-llanos-de-aridane-este-sabado\/#breadcrumb"},"inLanguage":"es","potentialAction":[{"@type":"ReadAction","target":["https:\/\/www.aridane.org\/city\/2024\/09\/20\/un-especial-de-contigo-almediodia-y-aridane-market-animan-los-llanos-de-aridane-este-sabado\/"]}]},{"@type":"ImageObject","inLanguage":"es","@id":"https:\/\/www.aridane.org\/city\/2024\/09\/20\/un-especial-de-contigo-almediodia-y-aridane-market-animan-los-llanos-de-aridane-este-sabado\/#primaryimage","url":"https:\/\/www.aridane.org\/city\/wp-content\/uploads\/2024\/09\/ContigoAlmediodia_1822.jpg","contentUrl":"https:\/\/www.aridane.org\/city\/wp-content\/uploads\/2024\/09\/ContigoAlmediodia_1822.jpg","width":960,"height":640},{"@type":"BreadcrumbList","@id":"https:\/\/www.aridane.org\/city\/2024\/09\/20\/un-especial-de-contigo-almediodia-y-aridane-market-animan-los-llanos-de-aridane-este-sabado\/#breadcrumb","itemListElement":[{"@type":"ListItem","position":1,"name":"Portada","item":"https:\/\/www.aridane.org\/city\/"},{"@type":"ListItem","position":2,"name":"Un especial de Contigo Almediod\u00eda y Aridane Market animan Los Llanos de Aridane este s\u00e1bado"}]},{"@type":"WebSite","@id":"https:\/\/www.aridane.org\/city\/#website","url":"https:\/\/www.aridane.org\/city\/","name":"Ayuntamiento de Los Llanos de Aridane","description":"","potentialAction":[{"@type":"SearchAction","target":{"@type":"EntryPoint","urlTemplate":"https:\/\/www.aridane.org\/city\/?s={search_term_string}"},"query-input":"required name=search_term_string"}],"inLanguage":"es"},{"@type":"Person","@id":"https:\/\/www.aridane.org\/city\/#\/schema\/person\/89ebd376b223dc94cc1dbcf200c8e6da","name":"Corresponsal","image":{"@type":"ImageObject","inLanguage":"es","@id":"https:\/\/www.aridane.org\/city\/#\/schema\/person\/image\/","url":"https:\/\/secure.gravatar.com\/avatar\/1c476992411e4ccf153da63b2b2f5ea0bb4cb1c85f3ceab8512f04325ad5579c?s=96&d=mm&r=g","contentUrl":"https:\/\/secure.gravatar.com\/avatar\/1c476992411e4ccf153da63b2b2f5ea0bb4cb1c85f3ceab8512f04325ad5579c?s=96&d=mm&r=g","caption":"Corresponsal"},"url":"https:\/\/www.aridane.org\/city\/author\/corresponsal\/"}]}},"_links":{"self":[{"href":"https:\/\/www.aridane.org\/city\/wp-json\/wp\/v2\/posts\/4096","targetHints":{"allow":["GET"]}}],"collection":[{"href":"https:\/\/www.aridane.org\/city\/wp-json\/wp\/v2\/posts"}],"about":[{"href":"https:\/\/www.aridane.org\/city\/wp-json\/wp\/v2\/types\/post"}],"author":[{"embeddable":true,"href":"https:\/\/www.aridane.org\/city\/wp-json\/wp\/v2\/users\/4"}],"replies":[{"embeddable":true,"href":"https:\/\/www.aridane.org\/city\/wp-json\/wp\/v2\/comments?post=4096"}],"version-history":[{"count":1,"href":"https:\/\/www.aridane.org\/city\/wp-json\/wp\/v2\/posts\/4096\/revisions"}],"predecessor-version":[{"id":4098,"href":"https:\/\/www.aridane.org\/city\/wp-json\/wp\/v2\/posts\/4096\/revisions\/4098"}],"wp:featuredmedia":[{"embeddable":true,"href":"https:\/\/www.aridane.org\/city\/wp-json\/wp\/v2\/media\/4097"}],"wp:attachment":[{"href":"https:\/\/www.aridane.org\/city\/wp-json\/wp\/v2\/media?parent=4096"}],"wp:term":[{"taxonomy":"category","embeddable":true,"href":"https:\/\/www.aridane.org\/city\/wp-json\/wp\/v2\/categories?post=4096"},{"taxonomy":"post_tag","embeddable":true,"href":"https:\/\/www.aridane.org\/city\/wp-json\/wp\/v2\/tags?post=4096"}],"curies":[{"name":"wp","href":"https:\/\/api.w.org\/{rel}","templated":true}]}}