{"id":4100,"date":"2024-09-20T13:21:34","date_gmt":"2024-09-20T13:21:34","guid":{"rendered":"https:\/\/www.aridane.org\/city\/?p=4100"},"modified":"2024-09-20T13:21:34","modified_gmt":"2024-09-20T13:21:34","slug":"los-llanos-de-aridane-lanza-una-linea-de-ayudas-para-reactivar-el-sector-del-taxi","status":"publish","type":"post","link":"https:\/\/www.aridane.org\/city\/2024\/09\/20\/los-llanos-de-aridane-lanza-una-linea-de-ayudas-para-reactivar-el-sector-del-taxi\/","title":{"rendered":"Los Llanos de Aridane lanza una l\u00ednea de ayudas para reactivar el sector del taxi"},"content":{"rendered":"<p><i><span style=\"font-weight: 400;\">El concejal de Servicios Municipales, Rubens D\u00edaz, asegura que esta subvenci\u00f3n busca proporcionar liquidez a los taxistas para cubrir los gastos estructurales de su actividad<\/span><\/i><!--more--><\/p>\n<p><span style=\"font-weight: 400;\">El Ayuntamiento de Los Llanos de Aridane apoya al sector del taxi con una l\u00ednea de ayudas de 20.000 euros, publicada este viernes, 20 de septiembre, en el Bolet\u00edn Oficial de la Provincia de Santa Cruz de Tenerife. El objetivo es reactivar el sector y mejorar la competitividad en un contexto de crisis energ\u00e9tica, lo cual ha derivado en un aumento de costos operativos para los taxistas.<\/span><\/p>\n<p><span style=\"font-weight: 400;\">En este sentido, el concejal de Servicios Municipales, Rubens D\u00edaz, apunta que con esta l\u00ednea de ayudas se busca proporcionar liquidez a los taxistas para cubrir los gastos estructurales de su actividad. \u201cQueremos estimular un sector que lo viene pasando mal desde el volc\u00e1n\u201d, insiste.<\/span><\/p>\n<p><span style=\"font-weight: 400;\">La convocatoria de la subvenci\u00f3n est\u00e1 dirigida a los profesionales del taxi en el municipio de Los Llanos de Aridane. La modalidad de concesi\u00f3n se realizar\u00e1 bajo el r\u00e9gimen de concurrencia competitiva, lo que significa que las solicitudes ser\u00e1n evaluadas y priorizadas en funci\u00f3n de criterios objetivos hasta que se agote el cr\u00e9dito disponible.\u00a0<\/span><\/p>\n<p><span style=\"font-weight: 400;\">La subvenci\u00f3n est\u00e1 espec\u00edficamente destinada a compensar los efectos econ\u00f3micos de la erupci\u00f3n volc\u00e1nica y el aumento de costos derivados de la crisis energ\u00e9tica.<\/span><\/p>\n<h2><b>Beneficiarios<\/b><\/h2>\n<p><span style=\"font-weight: 400;\">Podr\u00e1n beneficiarse los titulares de licencias municipales de taxi en Los Llanos de Aridane que cumplan los requisitos de estar dados de alta en el r\u00e9gimen especial de la Seguridad Social como aut\u00f3nomos, estar al corriente de sus obligaciones tributarias con la Agencia Tributaria, Hacienda Canaria y la Seguridad Social, y no tener deudas pendientes por reintegro de subvenciones.\u00a0<\/span><\/p>\n<p><span style=\"font-weight: 400;\">El importe m\u00e1ximo de ayuda por solicitud ser\u00e1 de 645,16 euros, y se conceder\u00e1 en funci\u00f3n de los gastos justificados por el beneficiario.\u00a0<\/span><\/p>\n<p><span style=\"font-weight: 400;\">Las solicitudes deber\u00e1n presentarse mediante un modelo oficial, acompa\u00f1adas de la documentaci\u00f3n requerida, en un plazo de 15 d\u00edas h\u00e1biles desde la publicaci\u00f3n de la convocatoria en el Bolet\u00edn Oficial de la Provincia de Santa Cruz de Tenerife. Entre los documentos a presentar, se incluyen el DNI o NIE, certificados que acrediten estar al corriente en las obligaciones tributarias, y facturas que justifiquen los gastos subvencionables.<\/span><\/p>\n<p><span style=\"font-weight: 400;\">La resoluci\u00f3n de las solicitudes se realizar\u00e1 de acuerdo con un criterio de prelaci\u00f3n, dando prioridad a aquellas que justifiquen mayor gasto en la mejora del servicio entre el 1 de enero de 2024 y la fecha de cierre de la convocatoria. Una vez emitida la resoluci\u00f3n definitiva por la Alcald\u00eda-Presidencia, se publicar\u00e1 en la web municipal, y los beneficiarios recibir\u00e1n el abono de la subvenci\u00f3n tras la debida justificaci\u00f3n de los requisitos establecidos.<\/span><\/p>\n","protected":false},"excerpt":{"rendered":"<p>El concejal de Servicios Municipales, Rubens D\u00edaz, asegura que esta subvenci\u00f3n busca proporcionar liquidez a los taxistas para cubrir los gastos estructurales de su actividad<\/p>\n","protected":false},"author":4,"featured_media":4101,"comment_status":"open","ping_status":"open","sticky":false,"template":"","format":"standard","meta":{"footnotes":""},"categories":[1],"tags":[],"class_list":["post-4100","post","type-post","status-publish","format-standard","has-post-thumbnail","hentry","category-sin-categoria"],"yoast_head":"<!-- This site is optimized with the Yoast SEO plugin v22.7 - https:\/\/yoast.com\/wordpress\/plugins\/seo\/ -->\n<title>Los Llanos de Aridane lanza una l\u00ednea de ayudas para reactivar el sector del taxi - Ayuntamiento de Los Llanos de Aridane<\/title>\n<meta name=\"robots\" content=\"index, follow, max-snippet:-1, max-image-preview:large, max-video-preview:-1\" \/>\n<link rel=\"canonical\" href=\"https:\/\/www.aridane.org\/city\/2024\/09\/20\/los-llanos-de-aridane-lanza-una-linea-de-ayudas-para-reactivar-el-sector-del-taxi\/\" \/>\n<meta property=\"og:locale\" content=\"es_ES\" \/>\n<meta property=\"og:type\" content=\"article\" \/>\n<meta property=\"og:title\" content=\"Los Llanos de Aridane lanza una l\u00ednea de ayudas para reactivar el sector del taxi - Ayuntamiento de Los Llanos de Aridane\" \/>\n<meta property=\"og:description\" content=\"El concejal de Servicios Municipales, Rubens D\u00edaz, asegura que esta subvenci\u00f3n busca proporcionar liquidez a los taxistas para cubrir los gastos estructurales de su actividad\" \/>\n<meta property=\"og:url\" content=\"https:\/\/www.aridane.org\/city\/2024\/09\/20\/los-llanos-de-aridane-lanza-una-linea-de-ayudas-para-reactivar-el-sector-del-taxi\/\" \/>\n<meta property=\"og:site_name\" content=\"Ayuntamiento de Los Llanos de Aridane\" \/>\n<meta property=\"article:published_time\" content=\"2024-09-20T13:21:34+00:00\" \/>\n<meta property=\"og:image\" content=\"https:\/\/www.aridane.org\/city\/wp-content\/uploads\/2024\/09\/Rubens-Diaz.jpg\" \/>\n\t<meta property=\"og:image:width\" content=\"810\" \/>\n\t<meta property=\"og:image:height\" content=\"540\" \/>\n\t<meta property=\"og:image:type\" content=\"image\/jpeg\" \/>\n<meta name=\"author\" content=\"Corresponsal\" \/>\n<meta name=\"twitter:card\" content=\"summary_large_image\" \/>\n<meta name=\"twitter:label1\" content=\"Escrito por\" \/>\n\t<meta name=\"twitter:data1\" content=\"Corresponsal\" \/>\n\t<meta name=\"twitter:label2\" content=\"Tiempo de lectura\" \/>\n\t<meta name=\"twitter:data2\" content=\"3 minutos\" \/>\n<script type=\"application\/ld+json\" class=\"yoast-schema-graph\">{\"@context\":\"https:\/\/schema.org\",\"@graph\":[{\"@type\":\"WebPage\",\"@id\":\"https:\/\/www.aridane.org\/city\/2024\/09\/20\/los-llanos-de-aridane-lanza-una-linea-de-ayudas-para-reactivar-el-sector-del-taxi\/\",\"url\":\"https:\/\/www.aridane.org\/city\/2024\/09\/20\/los-llanos-de-aridane-lanza-una-linea-de-ayudas-para-reactivar-el-sector-del-taxi\/\",\"name\":\"Los Llanos de Aridane lanza una l\u00ednea de ayudas para reactivar el sector del taxi - Ayuntamiento de Los Llanos de Aridane\",\"isPartOf\":{\"@id\":\"https:\/\/www.aridane.org\/city\/#website\"},\"primaryImageOfPage\":{\"@id\":\"https:\/\/www.aridane.org\/city\/2024\/09\/20\/los-llanos-de-aridane-lanza-una-linea-de-ayudas-para-reactivar-el-sector-del-taxi\/#primaryimage\"},\"image\":{\"@id\":\"https:\/\/www.aridane.org\/city\/2024\/09\/20\/los-llanos-de-aridane-lanza-una-linea-de-ayudas-para-reactivar-el-sector-del-taxi\/#primaryimage\"},\"thumbnailUrl\":\"https:\/\/www.aridane.org\/city\/wp-content\/uploads\/2024\/09\/Rubens-Diaz.jpg\",\"datePublished\":\"2024-09-20T13:21:34+00:00\",\"dateModified\":\"2024-09-20T13:21:34+00:00\",\"author\":{\"@id\":\"https:\/\/www.aridane.org\/city\/#\/schema\/person\/89ebd376b223dc94cc1dbcf200c8e6da\"},\"breadcrumb\":{\"@id\":\"https:\/\/www.aridane.org\/city\/2024\/09\/20\/los-llanos-de-aridane-lanza-una-linea-de-ayudas-para-reactivar-el-sector-del-taxi\/#breadcrumb\"},\"inLanguage\":\"es\",\"potentialAction\":[{\"@type\":\"ReadAction\",\"target\":[\"https:\/\/www.aridane.org\/city\/2024\/09\/20\/los-llanos-de-aridane-lanza-una-linea-de-ayudas-para-reactivar-el-sector-del-taxi\/\"]}]},{\"@type\":\"ImageObject\",\"inLanguage\":\"es\",\"@id\":\"https:\/\/www.aridane.org\/city\/2024\/09\/20\/los-llanos-de-aridane-lanza-una-linea-de-ayudas-para-reactivar-el-sector-del-taxi\/#primaryimage\",\"url\":\"https:\/\/www.aridane.org\/city\/wp-content\/uploads\/2024\/09\/Rubens-Diaz.jpg\",\"contentUrl\":\"https:\/\/www.aridane.org\/city\/wp-content\/uploads\/2024\/09\/Rubens-Diaz.jpg\",\"width\":810,\"height\":540},{\"@type\":\"BreadcrumbList\",\"@id\":\"https:\/\/www.aridane.org\/city\/2024\/09\/20\/los-llanos-de-aridane-lanza-una-linea-de-ayudas-para-reactivar-el-sector-del-taxi\/#breadcrumb\",\"itemListElement\":[{\"@type\":\"ListItem\",\"position\":1,\"name\":\"Portada\",\"item\":\"https:\/\/www.aridane.org\/city\/\"},{\"@type\":\"ListItem\",\"position\":2,\"name\":\"Los Llanos de Aridane lanza una l\u00ednea de ayudas para reactivar el sector del taxi\"}]},{\"@type\":\"WebSite\",\"@id\":\"https:\/\/www.aridane.org\/city\/#website\",\"url\":\"https:\/\/www.aridane.org\/city\/\",\"name\":\"Ayuntamiento de Los Llanos de Aridane\",\"description\":\"\",\"potentialAction\":[{\"@type\":\"SearchAction\",\"target\":{\"@type\":\"EntryPoint\",\"urlTemplate\":\"https:\/\/www.aridane.org\/city\/?s={search_term_string}\"},\"query-input\":\"required name=search_term_string\"}],\"inLanguage\":\"es\"},{\"@type\":\"Person\",\"@id\":\"https:\/\/www.aridane.org\/city\/#\/schema\/person\/89ebd376b223dc94cc1dbcf200c8e6da\",\"name\":\"Corresponsal\",\"image\":{\"@type\":\"ImageObject\",\"inLanguage\":\"es\",\"@id\":\"https:\/\/www.aridane.org\/city\/#\/schema\/person\/image\/\",\"url\":\"https:\/\/secure.gravatar.com\/avatar\/1c476992411e4ccf153da63b2b2f5ea0bb4cb1c85f3ceab8512f04325ad5579c?s=96&d=mm&r=g\",\"contentUrl\":\"https:\/\/secure.gravatar.com\/avatar\/1c476992411e4ccf153da63b2b2f5ea0bb4cb1c85f3ceab8512f04325ad5579c?s=96&d=mm&r=g\",\"caption\":\"Corresponsal\"},\"url\":\"https:\/\/www.aridane.org\/city\/author\/corresponsal\/\"}]}<\/script>\n<!-- \/ Yoast SEO plugin. -->","yoast_head_json":{"title":"Los Llanos de Aridane lanza una l\u00ednea de ayudas para reactivar el sector del taxi - Ayuntamiento de Los Llanos de Aridane","robots":{"index":"index","follow":"follow","max-snippet":"max-snippet:-1","max-image-preview":"max-image-preview:large","max-video-preview":"max-video-preview:-1"},"canonical":"https:\/\/www.aridane.org\/city\/2024\/09\/20\/los-llanos-de-aridane-lanza-una-linea-de-ayudas-para-reactivar-el-sector-del-taxi\/","og_locale":"es_ES","og_type":"article","og_title":"Los Llanos de Aridane lanza una l\u00ednea de ayudas para reactivar el sector del taxi - Ayuntamiento de Los Llanos de Aridane","og_description":"El concejal de Servicios Municipales, Rubens D\u00edaz, asegura que esta subvenci\u00f3n busca proporcionar liquidez a los taxistas para cubrir los gastos estructurales de su actividad","og_url":"https:\/\/www.aridane.org\/city\/2024\/09\/20\/los-llanos-de-aridane-lanza-una-linea-de-ayudas-para-reactivar-el-sector-del-taxi\/","og_site_name":"Ayuntamiento de Los Llanos de Aridane","article_published_time":"2024-09-20T13:21:34+00:00","og_image":[{"width":810,"height":540,"url":"https:\/\/www.aridane.org\/city\/wp-content\/uploads\/2024\/09\/Rubens-Diaz.jpg","type":"image\/jpeg"}],"author":"Corresponsal","twitter_card":"summary_large_image","twitter_misc":{"Escrito por":"Corresponsal","Tiempo de lectura":"3 minutos"},"schema":{"@context":"https:\/\/schema.org","@graph":[{"@type":"WebPage","@id":"https:\/\/www.aridane.org\/city\/2024\/09\/20\/los-llanos-de-aridane-lanza-una-linea-de-ayudas-para-reactivar-el-sector-del-taxi\/","url":"https:\/\/www.aridane.org\/city\/2024\/09\/20\/los-llanos-de-aridane-lanza-una-linea-de-ayudas-para-reactivar-el-sector-del-taxi\/","name":"Los Llanos de Aridane lanza una l\u00ednea de ayudas para reactivar el sector del taxi - Ayuntamiento de Los Llanos de Aridane","isPartOf":{"@id":"https:\/\/www.aridane.org\/city\/#website"},"primaryImageOfPage":{"@id":"https:\/\/www.aridane.org\/city\/2024\/09\/20\/los-llanos-de-aridane-lanza-una-linea-de-ayudas-para-reactivar-el-sector-del-taxi\/#primaryimage"},"image":{"@id":"https:\/\/www.aridane.org\/city\/2024\/09\/20\/los-llanos-de-aridane-lanza-una-linea-de-ayudas-para-reactivar-el-sector-del-taxi\/#primaryimage"},"thumbnailUrl":"https:\/\/www.aridane.org\/city\/wp-content\/uploads\/2024\/09\/Rubens-Diaz.jpg","datePublished":"2024-09-20T13:21:34+00:00","dateModified":"2024-09-20T13:21:34+00:00","author":{"@id":"https:\/\/www.aridane.org\/city\/#\/schema\/person\/89ebd376b223dc94cc1dbcf200c8e6da"},"breadcrumb":{"@id":"https:\/\/www.aridane.org\/city\/2024\/09\/20\/los-llanos-de-aridane-lanza-una-linea-de-ayudas-para-reactivar-el-sector-del-taxi\/#breadcrumb"},"inLanguage":"es","potentialAction":[{"@type":"ReadAction","target":["https:\/\/www.aridane.org\/city\/2024\/09\/20\/los-llanos-de-aridane-lanza-una-linea-de-ayudas-para-reactivar-el-sector-del-taxi\/"]}]},{"@type":"ImageObject","inLanguage":"es","@id":"https:\/\/www.aridane.org\/city\/2024\/09\/20\/los-llanos-de-aridane-lanza-una-linea-de-ayudas-para-reactivar-el-sector-del-taxi\/#primaryimage","url":"https:\/\/www.aridane.org\/city\/wp-content\/uploads\/2024\/09\/Rubens-Diaz.jpg","contentUrl":"https:\/\/www.aridane.org\/city\/wp-content\/uploads\/2024\/09\/Rubens-Diaz.jpg","width":810,"height":540},{"@type":"BreadcrumbList","@id":"https:\/\/www.aridane.org\/city\/2024\/09\/20\/los-llanos-de-aridane-lanza-una-linea-de-ayudas-para-reactivar-el-sector-del-taxi\/#breadcrumb","itemListElement":[{"@type":"ListItem","position":1,"name":"Portada","item":"https:\/\/www.aridane.org\/city\/"},{"@type":"ListItem","position":2,"name":"Los Llanos de Aridane lanza una l\u00ednea de ayudas para reactivar el sector del taxi"}]},{"@type":"WebSite","@id":"https:\/\/www.aridane.org\/city\/#website","url":"https:\/\/www.aridane.org\/city\/","name":"Ayuntamiento de Los Llanos de Aridane","description":"","potentialAction":[{"@type":"SearchAction","target":{"@type":"EntryPoint","urlTemplate":"https:\/\/www.aridane.org\/city\/?s={search_term_string}"},"query-input":"required name=search_term_string"}],"inLanguage":"es"},{"@type":"Person","@id":"https:\/\/www.aridane.org\/city\/#\/schema\/person\/89ebd376b223dc94cc1dbcf200c8e6da","name":"Corresponsal","image":{"@type":"ImageObject","inLanguage":"es","@id":"https:\/\/www.aridane.org\/city\/#\/schema\/person\/image\/","url":"https:\/\/secure.gravatar.com\/avatar\/1c476992411e4ccf153da63b2b2f5ea0bb4cb1c85f3ceab8512f04325ad5579c?s=96&d=mm&r=g","contentUrl":"https:\/\/secure.gravatar.com\/avatar\/1c476992411e4ccf153da63b2b2f5ea0bb4cb1c85f3ceab8512f04325ad5579c?s=96&d=mm&r=g","caption":"Corresponsal"},"url":"https:\/\/www.aridane.org\/city\/author\/corresponsal\/"}]}},"_links":{"self":[{"href":"https:\/\/www.aridane.org\/city\/wp-json\/wp\/v2\/posts\/4100","targetHints":{"allow":["GET"]}}],"collection":[{"href":"https:\/\/www.aridane.org\/city\/wp-json\/wp\/v2\/posts"}],"about":[{"href":"https:\/\/www.aridane.org\/city\/wp-json\/wp\/v2\/types\/post"}],"author":[{"embeddable":true,"href":"https:\/\/www.aridane.org\/city\/wp-json\/wp\/v2\/users\/4"}],"replies":[{"embeddable":true,"href":"https:\/\/www.aridane.org\/city\/wp-json\/wp\/v2\/comments?post=4100"}],"version-history":[{"count":1,"href":"https:\/\/www.aridane.org\/city\/wp-json\/wp\/v2\/posts\/4100\/revisions"}],"predecessor-version":[{"id":4102,"href":"https:\/\/www.aridane.org\/city\/wp-json\/wp\/v2\/posts\/4100\/revisions\/4102"}],"wp:featuredmedia":[{"embeddable":true,"href":"https:\/\/www.aridane.org\/city\/wp-json\/wp\/v2\/media\/4101"}],"wp:attachment":[{"href":"https:\/\/www.aridane.org\/city\/wp-json\/wp\/v2\/media?parent=4100"}],"wp:term":[{"taxonomy":"category","embeddable":true,"href":"https:\/\/www.aridane.org\/city\/wp-json\/wp\/v2\/categories?post=4100"},{"taxonomy":"post_tag","embeddable":true,"href":"https:\/\/www.aridane.org\/city\/wp-json\/wp\/v2\/tags?post=4100"}],"curies":[{"name":"wp","href":"https:\/\/api.w.org\/{rel}","templated":true}]}}