{"id":4103,"date":"2024-09-20T13:23:52","date_gmt":"2024-09-20T13:23:52","guid":{"rendered":"https:\/\/www.aridane.org\/city\/?p=4103"},"modified":"2024-09-20T13:23:52","modified_gmt":"2024-09-20T13:23:52","slug":"el-cec-isla-bonita-organiza-un-concierto-infantil-de-maldita-nerea-en-los-llanos-de-aridane","status":"publish","type":"post","link":"https:\/\/www.aridane.org\/city\/2024\/09\/20\/el-cec-isla-bonita-organiza-un-concierto-infantil-de-maldita-nerea-en-los-llanos-de-aridane\/","title":{"rendered":"El CEC Isla Bonita organiza un Concierto Infantil de Maldita Nerea en Los Llanos de Aridane"},"content":{"rendered":"<p><em>De la mano del Ayuntamiento de Los Llanos de Aridane, dirigido a todos los escolares de Educaci\u00f3n Primaria de La Isla Bonita, adem\u00e1s el encuentro contar\u00e1 con el escritor <\/em><em>Eloy Moreno<\/em><br \/>\n<!--more--><\/p>\n<div id=\"v1forwardbody1\">\n<p>El 22 de noviembre da comienzo el I CEC Isla Bonita, con un pistoletazo de salida dif\u00edcilmente mejorable. El I gran concierto infantil que la agrupaci\u00f3n musical Maldita Nerea ofrecer\u00e1 a ni\u00f1os y ni\u00f1as de Educaci\u00f3n Primaria de La Palma. La sede, la ciudad de Los Llanos de Aridane.<\/p>\n<p>Esta fiesta infantil, de la mano de Maldita Nerea, llega gracias a la colaboraci\u00f3n y el trabajo incansable del Ayuntamiento de Los Llanos de Aridane que, junto al Cabildo Insular de La Palma, organizador del Congreso y El Gobierno de Canarias como colaborador principal del mismo, hacen posible que suceda en La Palma algo casi in\u00e9dito, un macro concierto dirigido exclusivamente al alumnado de entre 6 y 12 a\u00f1os y a sus docentes.<\/p>\n<p>Para Jorge Ruiz, vocalista del grupo musical, este encuentro resulta \u201calgo muy especial que nos hace mucha ilusi\u00f3n poder participar. Una idea genial\u201d. Y es que Maldita Nerea a trav\u00e9s de su proyecto \u201cCanciones que Educan\u201d, se ha volcado para dar un impulso a la educaci\u00f3n a trav\u00e9s de la m\u00fasica.<\/p>\n<p>Adem\u00e1s del concierto, el alumnado de La Palma y sus \u201cprofes\u201d van a poder disfrutar de un di\u00e1logo compartido con el escritor Eloy Moreno, quien ser\u00e1 uno de los ponentes principales del CEC Isla Bonita, y participar\u00e1 como pre\u00e1mbulo al concierto en lo que promete ser un momento muy divertido para todos.<\/p>\n<p>Por su parte, el alcalde de Los Llanos de Aridane Javier Llamas, destaca la importancia del proyecto y su impacto en los ni\u00f1os. \u201cEn la infancia se coleccionan recuerdos y momentos inolvidables que ayudan a forjar nuestra personalidad. Es un orgullo que Maldita Nerea venga a nuestro municipio y emprenda un proyecto tan especial\u201d, se\u00f1ala.<\/p>\n<p>Desde la Direcci\u00f3n del CEC se destaca \u201cla ilusi\u00f3n y el cari\u00f1o que todas las instituciones est\u00e1n poniendo en este inolvidable momento que celebrar\u00e1 la comunidad educativa palmera\u201d, adem\u00e1s de \u201cvalorar la magn\u00edfica respuesta y el trabajo que los docentes est\u00e1n realizando\u201d para que un gran n\u00famero de alumnos y alumnas puedan participar de este encuentro infantil, que adem\u00e1s, aseguran, \u201cvendr\u00e1 cargado de otras muchas sorpresas que se ir\u00e1n conociendo durante el desarrollo del concierto\u201d.<\/p>\n<p>El concierto tendr\u00e1 lugar en el Complejo Deportivo de Llano Tesa, el d\u00eda 22 de noviembre a partir de las 10.30, y estar\u00e1 dirigido exclusivamente a alumnos y alumnas de los centros de educaci\u00f3n primaria de la Isla de La Palma y a sus docentes.<\/p>\n<\/div>\n","protected":false},"excerpt":{"rendered":"<p>De la mano del Ayuntamiento de Los Llanos de Aridane, dirigido a todos los escolares de Educaci\u00f3n Primaria de La Isla Bonita, adem\u00e1s el encuentro contar\u00e1 con el escritor Eloy Moreno<\/p>\n","protected":false},"author":4,"featured_media":4104,"comment_status":"open","ping_status":"open","sticky":false,"template":"","format":"standard","meta":{"footnotes":""},"categories":[1],"tags":[],"class_list":["post-4103","post","type-post","status-publish","format-standard","has-post-thumbnail","hentry","category-sin-categoria"],"yoast_head":"<!-- This site is optimized with the Yoast SEO plugin v22.7 - https:\/\/yoast.com\/wordpress\/plugins\/seo\/ -->\n<title>El CEC Isla Bonita organiza un Concierto Infantil de Maldita Nerea en Los Llanos de Aridane - Ayuntamiento de Los Llanos de Aridane<\/title>\n<meta name=\"robots\" content=\"index, follow, max-snippet:-1, max-image-preview:large, max-video-preview:-1\" \/>\n<link rel=\"canonical\" href=\"https:\/\/www.aridane.org\/city\/2024\/09\/20\/el-cec-isla-bonita-organiza-un-concierto-infantil-de-maldita-nerea-en-los-llanos-de-aridane\/\" \/>\n<meta property=\"og:locale\" content=\"es_ES\" \/>\n<meta property=\"og:type\" content=\"article\" \/>\n<meta property=\"og:title\" content=\"El CEC Isla Bonita organiza un Concierto Infantil de Maldita Nerea en Los Llanos de Aridane - Ayuntamiento de Los Llanos de Aridane\" \/>\n<meta property=\"og:description\" content=\"De la mano del Ayuntamiento de Los Llanos de Aridane, dirigido a todos los escolares de Educaci\u00f3n Primaria de La Isla Bonita, adem\u00e1s el encuentro contar\u00e1 con el escritor Eloy Moreno\" \/>\n<meta property=\"og:url\" content=\"https:\/\/www.aridane.org\/city\/2024\/09\/20\/el-cec-isla-bonita-organiza-un-concierto-infantil-de-maldita-nerea-en-los-llanos-de-aridane\/\" \/>\n<meta property=\"og:site_name\" content=\"Ayuntamiento de Los Llanos de Aridane\" \/>\n<meta property=\"article:published_time\" content=\"2024-09-20T13:23:52+00:00\" \/>\n<meta property=\"og:image\" content=\"https:\/\/www.aridane.org\/city\/wp-content\/uploads\/2024\/09\/Maldita-Nerea-Concierto-infantil.jpeg\" \/>\n\t<meta property=\"og:image:width\" content=\"866\" \/>\n\t<meta property=\"og:image:height\" content=\"893\" \/>\n\t<meta property=\"og:image:type\" content=\"image\/jpeg\" \/>\n<meta name=\"author\" content=\"Corresponsal\" \/>\n<meta name=\"twitter:card\" content=\"summary_large_image\" \/>\n<meta name=\"twitter:label1\" content=\"Escrito por\" \/>\n\t<meta name=\"twitter:data1\" content=\"Corresponsal\" \/>\n\t<meta name=\"twitter:label2\" content=\"Tiempo de lectura\" \/>\n\t<meta name=\"twitter:data2\" content=\"3 minutos\" \/>\n<script type=\"application\/ld+json\" class=\"yoast-schema-graph\">{\"@context\":\"https:\/\/schema.org\",\"@graph\":[{\"@type\":\"WebPage\",\"@id\":\"https:\/\/www.aridane.org\/city\/2024\/09\/20\/el-cec-isla-bonita-organiza-un-concierto-infantil-de-maldita-nerea-en-los-llanos-de-aridane\/\",\"url\":\"https:\/\/www.aridane.org\/city\/2024\/09\/20\/el-cec-isla-bonita-organiza-un-concierto-infantil-de-maldita-nerea-en-los-llanos-de-aridane\/\",\"name\":\"El CEC Isla Bonita organiza un Concierto Infantil de Maldita Nerea en Los Llanos de Aridane - Ayuntamiento de Los Llanos de Aridane\",\"isPartOf\":{\"@id\":\"https:\/\/www.aridane.org\/city\/#website\"},\"primaryImageOfPage\":{\"@id\":\"https:\/\/www.aridane.org\/city\/2024\/09\/20\/el-cec-isla-bonita-organiza-un-concierto-infantil-de-maldita-nerea-en-los-llanos-de-aridane\/#primaryimage\"},\"image\":{\"@id\":\"https:\/\/www.aridane.org\/city\/2024\/09\/20\/el-cec-isla-bonita-organiza-un-concierto-infantil-de-maldita-nerea-en-los-llanos-de-aridane\/#primaryimage\"},\"thumbnailUrl\":\"https:\/\/www.aridane.org\/city\/wp-content\/uploads\/2024\/09\/Maldita-Nerea-Concierto-infantil.jpeg\",\"datePublished\":\"2024-09-20T13:23:52+00:00\",\"dateModified\":\"2024-09-20T13:23:52+00:00\",\"author\":{\"@id\":\"https:\/\/www.aridane.org\/city\/#\/schema\/person\/89ebd376b223dc94cc1dbcf200c8e6da\"},\"breadcrumb\":{\"@id\":\"https:\/\/www.aridane.org\/city\/2024\/09\/20\/el-cec-isla-bonita-organiza-un-concierto-infantil-de-maldita-nerea-en-los-llanos-de-aridane\/#breadcrumb\"},\"inLanguage\":\"es\",\"potentialAction\":[{\"@type\":\"ReadAction\",\"target\":[\"https:\/\/www.aridane.org\/city\/2024\/09\/20\/el-cec-isla-bonita-organiza-un-concierto-infantil-de-maldita-nerea-en-los-llanos-de-aridane\/\"]}]},{\"@type\":\"ImageObject\",\"inLanguage\":\"es\",\"@id\":\"https:\/\/www.aridane.org\/city\/2024\/09\/20\/el-cec-isla-bonita-organiza-un-concierto-infantil-de-maldita-nerea-en-los-llanos-de-aridane\/#primaryimage\",\"url\":\"https:\/\/www.aridane.org\/city\/wp-content\/uploads\/2024\/09\/Maldita-Nerea-Concierto-infantil.jpeg\",\"contentUrl\":\"https:\/\/www.aridane.org\/city\/wp-content\/uploads\/2024\/09\/Maldita-Nerea-Concierto-infantil.jpeg\",\"width\":866,\"height\":893},{\"@type\":\"BreadcrumbList\",\"@id\":\"https:\/\/www.aridane.org\/city\/2024\/09\/20\/el-cec-isla-bonita-organiza-un-concierto-infantil-de-maldita-nerea-en-los-llanos-de-aridane\/#breadcrumb\",\"itemListElement\":[{\"@type\":\"ListItem\",\"position\":1,\"name\":\"Portada\",\"item\":\"https:\/\/www.aridane.org\/city\/\"},{\"@type\":\"ListItem\",\"position\":2,\"name\":\"El CEC Isla Bonita organiza un Concierto Infantil de Maldita Nerea en Los Llanos de Aridane\"}]},{\"@type\":\"WebSite\",\"@id\":\"https:\/\/www.aridane.org\/city\/#website\",\"url\":\"https:\/\/www.aridane.org\/city\/\",\"name\":\"Ayuntamiento de Los Llanos de Aridane\",\"description\":\"\",\"potentialAction\":[{\"@type\":\"SearchAction\",\"target\":{\"@type\":\"EntryPoint\",\"urlTemplate\":\"https:\/\/www.aridane.org\/city\/?s={search_term_string}\"},\"query-input\":\"required name=search_term_string\"}],\"inLanguage\":\"es\"},{\"@type\":\"Person\",\"@id\":\"https:\/\/www.aridane.org\/city\/#\/schema\/person\/89ebd376b223dc94cc1dbcf200c8e6da\",\"name\":\"Corresponsal\",\"image\":{\"@type\":\"ImageObject\",\"inLanguage\":\"es\",\"@id\":\"https:\/\/www.aridane.org\/city\/#\/schema\/person\/image\/\",\"url\":\"https:\/\/secure.gravatar.com\/avatar\/1c476992411e4ccf153da63b2b2f5ea0bb4cb1c85f3ceab8512f04325ad5579c?s=96&d=mm&r=g\",\"contentUrl\":\"https:\/\/secure.gravatar.com\/avatar\/1c476992411e4ccf153da63b2b2f5ea0bb4cb1c85f3ceab8512f04325ad5579c?s=96&d=mm&r=g\",\"caption\":\"Corresponsal\"},\"url\":\"https:\/\/www.aridane.org\/city\/author\/corresponsal\/\"}]}<\/script>\n<!-- \/ Yoast SEO plugin. -->","yoast_head_json":{"title":"El CEC Isla Bonita organiza un Concierto Infantil de Maldita Nerea en Los Llanos de Aridane - Ayuntamiento de Los Llanos de Aridane","robots":{"index":"index","follow":"follow","max-snippet":"max-snippet:-1","max-image-preview":"max-image-preview:large","max-video-preview":"max-video-preview:-1"},"canonical":"https:\/\/www.aridane.org\/city\/2024\/09\/20\/el-cec-isla-bonita-organiza-un-concierto-infantil-de-maldita-nerea-en-los-llanos-de-aridane\/","og_locale":"es_ES","og_type":"article","og_title":"El CEC Isla Bonita organiza un Concierto Infantil de Maldita Nerea en Los Llanos de Aridane - Ayuntamiento de Los Llanos de Aridane","og_description":"De la mano del Ayuntamiento de Los Llanos de Aridane, dirigido a todos los escolares de Educaci\u00f3n Primaria de La Isla Bonita, adem\u00e1s el encuentro contar\u00e1 con el escritor Eloy Moreno","og_url":"https:\/\/www.aridane.org\/city\/2024\/09\/20\/el-cec-isla-bonita-organiza-un-concierto-infantil-de-maldita-nerea-en-los-llanos-de-aridane\/","og_site_name":"Ayuntamiento de Los Llanos de Aridane","article_published_time":"2024-09-20T13:23:52+00:00","og_image":[{"width":866,"height":893,"url":"https:\/\/www.aridane.org\/city\/wp-content\/uploads\/2024\/09\/Maldita-Nerea-Concierto-infantil.jpeg","type":"image\/jpeg"}],"author":"Corresponsal","twitter_card":"summary_large_image","twitter_misc":{"Escrito por":"Corresponsal","Tiempo de lectura":"3 minutos"},"schema":{"@context":"https:\/\/schema.org","@graph":[{"@type":"WebPage","@id":"https:\/\/www.aridane.org\/city\/2024\/09\/20\/el-cec-isla-bonita-organiza-un-concierto-infantil-de-maldita-nerea-en-los-llanos-de-aridane\/","url":"https:\/\/www.aridane.org\/city\/2024\/09\/20\/el-cec-isla-bonita-organiza-un-concierto-infantil-de-maldita-nerea-en-los-llanos-de-aridane\/","name":"El CEC Isla Bonita organiza un Concierto Infantil de Maldita Nerea en Los Llanos de Aridane - Ayuntamiento de Los Llanos de Aridane","isPartOf":{"@id":"https:\/\/www.aridane.org\/city\/#website"},"primaryImageOfPage":{"@id":"https:\/\/www.aridane.org\/city\/2024\/09\/20\/el-cec-isla-bonita-organiza-un-concierto-infantil-de-maldita-nerea-en-los-llanos-de-aridane\/#primaryimage"},"image":{"@id":"https:\/\/www.aridane.org\/city\/2024\/09\/20\/el-cec-isla-bonita-organiza-un-concierto-infantil-de-maldita-nerea-en-los-llanos-de-aridane\/#primaryimage"},"thumbnailUrl":"https:\/\/www.aridane.org\/city\/wp-content\/uploads\/2024\/09\/Maldita-Nerea-Concierto-infantil.jpeg","datePublished":"2024-09-20T13:23:52+00:00","dateModified":"2024-09-20T13:23:52+00:00","author":{"@id":"https:\/\/www.aridane.org\/city\/#\/schema\/person\/89ebd376b223dc94cc1dbcf200c8e6da"},"breadcrumb":{"@id":"https:\/\/www.aridane.org\/city\/2024\/09\/20\/el-cec-isla-bonita-organiza-un-concierto-infantil-de-maldita-nerea-en-los-llanos-de-aridane\/#breadcrumb"},"inLanguage":"es","potentialAction":[{"@type":"ReadAction","target":["https:\/\/www.aridane.org\/city\/2024\/09\/20\/el-cec-isla-bonita-organiza-un-concierto-infantil-de-maldita-nerea-en-los-llanos-de-aridane\/"]}]},{"@type":"ImageObject","inLanguage":"es","@id":"https:\/\/www.aridane.org\/city\/2024\/09\/20\/el-cec-isla-bonita-organiza-un-concierto-infantil-de-maldita-nerea-en-los-llanos-de-aridane\/#primaryimage","url":"https:\/\/www.aridane.org\/city\/wp-content\/uploads\/2024\/09\/Maldita-Nerea-Concierto-infantil.jpeg","contentUrl":"https:\/\/www.aridane.org\/city\/wp-content\/uploads\/2024\/09\/Maldita-Nerea-Concierto-infantil.jpeg","width":866,"height":893},{"@type":"BreadcrumbList","@id":"https:\/\/www.aridane.org\/city\/2024\/09\/20\/el-cec-isla-bonita-organiza-un-concierto-infantil-de-maldita-nerea-en-los-llanos-de-aridane\/#breadcrumb","itemListElement":[{"@type":"ListItem","position":1,"name":"Portada","item":"https:\/\/www.aridane.org\/city\/"},{"@type":"ListItem","position":2,"name":"El CEC Isla Bonita organiza un Concierto Infantil de Maldita Nerea en Los Llanos de Aridane"}]},{"@type":"WebSite","@id":"https:\/\/www.aridane.org\/city\/#website","url":"https:\/\/www.aridane.org\/city\/","name":"Ayuntamiento de Los Llanos de Aridane","description":"","potentialAction":[{"@type":"SearchAction","target":{"@type":"EntryPoint","urlTemplate":"https:\/\/www.aridane.org\/city\/?s={search_term_string}"},"query-input":"required name=search_term_string"}],"inLanguage":"es"},{"@type":"Person","@id":"https:\/\/www.aridane.org\/city\/#\/schema\/person\/89ebd376b223dc94cc1dbcf200c8e6da","name":"Corresponsal","image":{"@type":"ImageObject","inLanguage":"es","@id":"https:\/\/www.aridane.org\/city\/#\/schema\/person\/image\/","url":"https:\/\/secure.gravatar.com\/avatar\/1c476992411e4ccf153da63b2b2f5ea0bb4cb1c85f3ceab8512f04325ad5579c?s=96&d=mm&r=g","contentUrl":"https:\/\/secure.gravatar.com\/avatar\/1c476992411e4ccf153da63b2b2f5ea0bb4cb1c85f3ceab8512f04325ad5579c?s=96&d=mm&r=g","caption":"Corresponsal"},"url":"https:\/\/www.aridane.org\/city\/author\/corresponsal\/"}]}},"_links":{"self":[{"href":"https:\/\/www.aridane.org\/city\/wp-json\/wp\/v2\/posts\/4103","targetHints":{"allow":["GET"]}}],"collection":[{"href":"https:\/\/www.aridane.org\/city\/wp-json\/wp\/v2\/posts"}],"about":[{"href":"https:\/\/www.aridane.org\/city\/wp-json\/wp\/v2\/types\/post"}],"author":[{"embeddable":true,"href":"https:\/\/www.aridane.org\/city\/wp-json\/wp\/v2\/users\/4"}],"replies":[{"embeddable":true,"href":"https:\/\/www.aridane.org\/city\/wp-json\/wp\/v2\/comments?post=4103"}],"version-history":[{"count":1,"href":"https:\/\/www.aridane.org\/city\/wp-json\/wp\/v2\/posts\/4103\/revisions"}],"predecessor-version":[{"id":4105,"href":"https:\/\/www.aridane.org\/city\/wp-json\/wp\/v2\/posts\/4103\/revisions\/4105"}],"wp:featuredmedia":[{"embeddable":true,"href":"https:\/\/www.aridane.org\/city\/wp-json\/wp\/v2\/media\/4104"}],"wp:attachment":[{"href":"https:\/\/www.aridane.org\/city\/wp-json\/wp\/v2\/media?parent=4103"}],"wp:term":[{"taxonomy":"category","embeddable":true,"href":"https:\/\/www.aridane.org\/city\/wp-json\/wp\/v2\/categories?post=4103"},{"taxonomy":"post_tag","embeddable":true,"href":"https:\/\/www.aridane.org\/city\/wp-json\/wp\/v2\/tags?post=4103"}],"curies":[{"name":"wp","href":"https:\/\/api.w.org\/{rel}","templated":true}]}}