{"id":4106,"date":"2024-09-20T13:26:21","date_gmt":"2024-09-20T13:26:21","guid":{"rendered":"https:\/\/www.aridane.org\/city\/?p=4106"},"modified":"2024-09-20T13:26:21","modified_gmt":"2024-09-20T13:26:21","slug":"el-ayuntamiento-organiza-el-curso-contar-el-volcan-que-puede-aportar-la-comunicacion-interpretativa-al-desarrollo-sostenible-de-los-llanos-de-aridane","status":"publish","type":"post","link":"https:\/\/www.aridane.org\/city\/2024\/09\/20\/el-ayuntamiento-organiza-el-curso-contar-el-volcan-que-puede-aportar-la-comunicacion-interpretativa-al-desarrollo-sostenible-de-los-llanos-de-aridane\/","title":{"rendered":"El Ayuntamiento organiza el curso \u2018Contar el volc\u00e1n: qu\u00e9 puede aportar la comunicaci\u00f3n interpretativa al desarrollo sostenible de Los Llanos de Aridane\u2019"},"content":{"rendered":"<p><span style=\"font-weight: 400;\">El periodo de inscripci\u00f3n ser\u00e1 del 19 de septiembre al 3 de octubre<\/span><!--more--><\/p>\n<p><span style=\"font-weight: 400;\">El Ayuntamiento de Los Llanos de Aridane organiza el curso \u2018Contar el volc\u00e1n: qu\u00e9 puede aportar la comunicaci\u00f3n interpretativa al desarrollo sostenible de Los Llanos de Aridane\u2019. Una actividad que, como explica la concejala de Turismo, Inmaculada Fern\u00e1ndez, se erige como \u201cuna herramienta efectiva y estrat\u00e9gica en el turismo sostenible y para conocer la nueva realidad tras el volc\u00e1n, saber interpretarla y utilizarla como recurso para conservar y promocionar el municipio\u201d.<\/span><\/p>\n<p><span style=\"font-weight: 400;\">El curso es gratuito en formato presencial y online para un total de 25 plazas. El periodo de inscripci\u00f3n ser\u00e1 del 19 de septiembre al 3 de octubre, para dar comienzo con la inauguraci\u00f3n en la Casa del La Cultura de Los Llanos de Aridane el s\u00e1bado 5 de octubre. Para inscripci\u00f3n y m\u00e1s informaci\u00f3n: <\/span><a href=\"https:\/\/forms.gle\/vpM2QuKQkhbzNS7D9\"><span style=\"font-weight: 400;\">https:\/\/forms.gle\/vpM2QuKQkhbzNS7D9<\/span><\/a><\/p>\n<p><span style=\"font-weight: 400;\">Dicho curso se encuentra dentro Plan de Sostenibilidad Tur\u00edstica en Destino de Los Llanos de Aridane: En Los Llanos de Aridane, la Vida Renace, cofinanciado por el Ministerio de Industria y Turismo, la Consejer\u00eda de Turismo y Empleo del Gobierno de Canarias y el Ayuntamiento de Los Llanos de Aridane. Esta iniciativa pretende la mejora de la competitividad del destino, siendo uno de los cuatro ejes del proyecto, a trav\u00e9s de la actuaci\u00f3n <\/span><i><span style=\"font-weight: 400;\">Educaci\u00f3n Ambiental Transversal<\/span><\/i><span style=\"font-weight: 400;\">, cuyo principal objetivo es la celebraci\u00f3n de actos de divulgaci\u00f3n para la mejora de la experiencia tur\u00edstica y fomentar una ciudadan\u00eda m\u00e1s responsable.\u00a0<\/span><\/p>\n<h2><b>\u201cUna herramienta \u00fatil para el desarrollo sostenible\u201d<\/b><\/h2>\n<p><span style=\"font-weight: 400;\">En este sentido, la concejala explica que la interpretaci\u00f3n del patrimonio es una metodolog\u00eda eficaz para comunicar los significados de los valores patrimoniales y establecer v\u00ednculos entre las personas y su entorno, m\u00e1s all\u00e1 de la mera transmisi\u00f3n de conocimientos. \u201cSe trata, por tanto, de una herramienta \u00fatil de cara al desarrollo sostenible en convivencia con el volc\u00e1n\u201d, a\u00f1ade.\u00a0\u00a0<\/span><\/p>\n<p><span style=\"font-weight: 400;\">A medida que se enfr\u00edan las coladas y se van sanando las heridas y asumiendo las p\u00e9rdidas que nos dej\u00f3 el volc\u00e1n, comienza a surgir la necesidad de buscar alternativas laborales o plantear una adaptaci\u00f3n de nuestro arraigo en el que tambi\u00e9n tenga cabida la colada volc\u00e1nica y su historia. Ante la realidad, se genera una responsabilidad colectiva en el Valle de Aridane: las nuevas miradas a las coladas no pueden sepultar la historia humana tras el volc\u00e1n ni tampoco menospreciar el valor patrimonial del volc\u00e1n.<\/span><\/p>\n<p><span style=\"font-weight: 400;\">Este nuevo espacio debe ser presentado, contado e interpretado por \u201cpropios del lugar\u201d, j\u00f3venes o mayores que descubran una nueva profesi\u00f3n a trav\u00e9s de las herramientas que ofrece la disciplina de la Interpretaci\u00f3n del Patrimonio o profesionales (gu\u00edas tur\u00edsticos o de otras profesiones) que puedan integrar la comunicaci\u00f3n interpretativa en su quehacer profesional. En definitiva, realizar un acercamiento al \u00e1rea de afectaci\u00f3n del volc\u00e1n con la implicaci\u00f3n y respeto que se merece el espacio y la poblaci\u00f3n del Valle.<\/span><\/p>\n<p><span style=\"font-weight: 400;\">El curso coordinado por la empresa Asteyma de Asesoramiento Medioambiental para la Sostenibilidad, estar\u00e1 desarrollado y dirigido por M\u00e1ria Mengual, docente con amplia experiencia en Interpretaci\u00f3n del Patrimonio, con la colaboraci\u00f3n de otros reconocidos profesionales de la Interpretaci\u00f3n del Patrimonio y el Geoturismo, contando adem\u00e1s con el aval de la Asociaci\u00f3n para la Interpretaci\u00f3n del Patrimonio (referente de la IP internacional en lengua castellana).<\/span><\/p>\n<p><span style=\"font-weight: 400;\">Esta formaci\u00f3n se destina a j\u00f3venes de \u00faltimo curso de Bachillerato o FP2, principalmente del municipio, o a gu\u00edas tur\u00edsticos y de naturaleza que quieran ampliar conocimientos y aplicar t\u00e9cnicas de Interpretaci\u00f3n del Patrimonio en sus rutas guiadas por la zona del volc\u00e1n Tajogaite.\u00a0<\/span><\/p>\n","protected":false},"excerpt":{"rendered":"<p>El periodo de inscripci\u00f3n ser\u00e1 del 19 de septiembre al 3 de octubre<\/p>\n","protected":false},"author":4,"featured_media":4036,"comment_status":"open","ping_status":"open","sticky":false,"template":"","format":"standard","meta":{"footnotes":""},"categories":[1],"tags":[],"class_list":["post-4106","post","type-post","status-publish","format-standard","has-post-thumbnail","hentry","category-sin-categoria"],"yoast_head":"<!-- This site is optimized with the Yoast SEO plugin v22.7 - https:\/\/yoast.com\/wordpress\/plugins\/seo\/ -->\n<title>El Ayuntamiento organiza el curso \u2018Contar el volc\u00e1n: qu\u00e9 puede aportar la comunicaci\u00f3n interpretativa al desarrollo sostenible de Los Llanos de Aridane\u2019 - Ayuntamiento de Los Llanos de Aridane<\/title>\n<meta name=\"robots\" content=\"index, follow, max-snippet:-1, max-image-preview:large, max-video-preview:-1\" \/>\n<link rel=\"canonical\" href=\"https:\/\/www.aridane.org\/city\/2024\/09\/20\/el-ayuntamiento-organiza-el-curso-contar-el-volcan-que-puede-aportar-la-comunicacion-interpretativa-al-desarrollo-sostenible-de-los-llanos-de-aridane\/\" \/>\n<meta property=\"og:locale\" content=\"es_ES\" \/>\n<meta property=\"og:type\" content=\"article\" \/>\n<meta property=\"og:title\" content=\"El Ayuntamiento organiza el curso \u2018Contar el volc\u00e1n: qu\u00e9 puede aportar la comunicaci\u00f3n interpretativa al desarrollo sostenible de Los Llanos de Aridane\u2019 - Ayuntamiento de Los Llanos de Aridane\" \/>\n<meta property=\"og:description\" content=\"El periodo de inscripci\u00f3n ser\u00e1 del 19 de septiembre al 3 de octubre\" \/>\n<meta property=\"og:url\" content=\"https:\/\/www.aridane.org\/city\/2024\/09\/20\/el-ayuntamiento-organiza-el-curso-contar-el-volcan-que-puede-aportar-la-comunicacion-interpretativa-al-desarrollo-sostenible-de-los-llanos-de-aridane\/\" \/>\n<meta property=\"og:site_name\" content=\"Ayuntamiento de Los Llanos de Aridane\" \/>\n<meta property=\"article:published_time\" content=\"2024-09-20T13:26:21+00:00\" \/>\n<meta property=\"og:image\" content=\"https:\/\/www.aridane.org\/city\/wp-content\/uploads\/2024\/08\/Inmaculada-Fernandez.jpg\" \/>\n\t<meta property=\"og:image:width\" content=\"1200\" \/>\n\t<meta property=\"og:image:height\" content=\"675\" \/>\n\t<meta property=\"og:image:type\" content=\"image\/jpeg\" \/>\n<meta name=\"author\" content=\"Corresponsal\" \/>\n<meta name=\"twitter:card\" content=\"summary_large_image\" \/>\n<meta name=\"twitter:label1\" content=\"Escrito por\" \/>\n\t<meta name=\"twitter:data1\" content=\"Corresponsal\" \/>\n\t<meta name=\"twitter:label2\" content=\"Tiempo de lectura\" \/>\n\t<meta name=\"twitter:data2\" content=\"3 minutos\" \/>\n<script type=\"application\/ld+json\" class=\"yoast-schema-graph\">{\"@context\":\"https:\/\/schema.org\",\"@graph\":[{\"@type\":\"WebPage\",\"@id\":\"https:\/\/www.aridane.org\/city\/2024\/09\/20\/el-ayuntamiento-organiza-el-curso-contar-el-volcan-que-puede-aportar-la-comunicacion-interpretativa-al-desarrollo-sostenible-de-los-llanos-de-aridane\/\",\"url\":\"https:\/\/www.aridane.org\/city\/2024\/09\/20\/el-ayuntamiento-organiza-el-curso-contar-el-volcan-que-puede-aportar-la-comunicacion-interpretativa-al-desarrollo-sostenible-de-los-llanos-de-aridane\/\",\"name\":\"El Ayuntamiento organiza el curso \u2018Contar el volc\u00e1n: qu\u00e9 puede aportar la comunicaci\u00f3n interpretativa al desarrollo sostenible de Los Llanos de Aridane\u2019 - Ayuntamiento de Los Llanos de Aridane\",\"isPartOf\":{\"@id\":\"https:\/\/www.aridane.org\/city\/#website\"},\"primaryImageOfPage\":{\"@id\":\"https:\/\/www.aridane.org\/city\/2024\/09\/20\/el-ayuntamiento-organiza-el-curso-contar-el-volcan-que-puede-aportar-la-comunicacion-interpretativa-al-desarrollo-sostenible-de-los-llanos-de-aridane\/#primaryimage\"},\"image\":{\"@id\":\"https:\/\/www.aridane.org\/city\/2024\/09\/20\/el-ayuntamiento-organiza-el-curso-contar-el-volcan-que-puede-aportar-la-comunicacion-interpretativa-al-desarrollo-sostenible-de-los-llanos-de-aridane\/#primaryimage\"},\"thumbnailUrl\":\"https:\/\/www.aridane.org\/city\/wp-content\/uploads\/2024\/08\/Inmaculada-Fernandez.jpg\",\"datePublished\":\"2024-09-20T13:26:21+00:00\",\"dateModified\":\"2024-09-20T13:26:21+00:00\",\"author\":{\"@id\":\"https:\/\/www.aridane.org\/city\/#\/schema\/person\/89ebd376b223dc94cc1dbcf200c8e6da\"},\"breadcrumb\":{\"@id\":\"https:\/\/www.aridane.org\/city\/2024\/09\/20\/el-ayuntamiento-organiza-el-curso-contar-el-volcan-que-puede-aportar-la-comunicacion-interpretativa-al-desarrollo-sostenible-de-los-llanos-de-aridane\/#breadcrumb\"},\"inLanguage\":\"es\",\"potentialAction\":[{\"@type\":\"ReadAction\",\"target\":[\"https:\/\/www.aridane.org\/city\/2024\/09\/20\/el-ayuntamiento-organiza-el-curso-contar-el-volcan-que-puede-aportar-la-comunicacion-interpretativa-al-desarrollo-sostenible-de-los-llanos-de-aridane\/\"]}]},{\"@type\":\"ImageObject\",\"inLanguage\":\"es\",\"@id\":\"https:\/\/www.aridane.org\/city\/2024\/09\/20\/el-ayuntamiento-organiza-el-curso-contar-el-volcan-que-puede-aportar-la-comunicacion-interpretativa-al-desarrollo-sostenible-de-los-llanos-de-aridane\/#primaryimage\",\"url\":\"https:\/\/www.aridane.org\/city\/wp-content\/uploads\/2024\/08\/Inmaculada-Fernandez.jpg\",\"contentUrl\":\"https:\/\/www.aridane.org\/city\/wp-content\/uploads\/2024\/08\/Inmaculada-Fernandez.jpg\",\"width\":1200,\"height\":675},{\"@type\":\"BreadcrumbList\",\"@id\":\"https:\/\/www.aridane.org\/city\/2024\/09\/20\/el-ayuntamiento-organiza-el-curso-contar-el-volcan-que-puede-aportar-la-comunicacion-interpretativa-al-desarrollo-sostenible-de-los-llanos-de-aridane\/#breadcrumb\",\"itemListElement\":[{\"@type\":\"ListItem\",\"position\":1,\"name\":\"Portada\",\"item\":\"https:\/\/www.aridane.org\/city\/\"},{\"@type\":\"ListItem\",\"position\":2,\"name\":\"El Ayuntamiento organiza el curso \u2018Contar el volc\u00e1n: qu\u00e9 puede aportar la comunicaci\u00f3n interpretativa al desarrollo sostenible de Los Llanos de Aridane\u2019\"}]},{\"@type\":\"WebSite\",\"@id\":\"https:\/\/www.aridane.org\/city\/#website\",\"url\":\"https:\/\/www.aridane.org\/city\/\",\"name\":\"Ayuntamiento de Los Llanos de Aridane\",\"description\":\"\",\"potentialAction\":[{\"@type\":\"SearchAction\",\"target\":{\"@type\":\"EntryPoint\",\"urlTemplate\":\"https:\/\/www.aridane.org\/city\/?s={search_term_string}\"},\"query-input\":\"required name=search_term_string\"}],\"inLanguage\":\"es\"},{\"@type\":\"Person\",\"@id\":\"https:\/\/www.aridane.org\/city\/#\/schema\/person\/89ebd376b223dc94cc1dbcf200c8e6da\",\"name\":\"Corresponsal\",\"image\":{\"@type\":\"ImageObject\",\"inLanguage\":\"es\",\"@id\":\"https:\/\/www.aridane.org\/city\/#\/schema\/person\/image\/\",\"url\":\"https:\/\/secure.gravatar.com\/avatar\/1c476992411e4ccf153da63b2b2f5ea0bb4cb1c85f3ceab8512f04325ad5579c?s=96&d=mm&r=g\",\"contentUrl\":\"https:\/\/secure.gravatar.com\/avatar\/1c476992411e4ccf153da63b2b2f5ea0bb4cb1c85f3ceab8512f04325ad5579c?s=96&d=mm&r=g\",\"caption\":\"Corresponsal\"},\"url\":\"https:\/\/www.aridane.org\/city\/author\/corresponsal\/\"}]}<\/script>\n<!-- \/ Yoast SEO plugin. -->","yoast_head_json":{"title":"El Ayuntamiento organiza el curso \u2018Contar el volc\u00e1n: qu\u00e9 puede aportar la comunicaci\u00f3n interpretativa al desarrollo sostenible de Los Llanos de Aridane\u2019 - Ayuntamiento de Los Llanos de Aridane","robots":{"index":"index","follow":"follow","max-snippet":"max-snippet:-1","max-image-preview":"max-image-preview:large","max-video-preview":"max-video-preview:-1"},"canonical":"https:\/\/www.aridane.org\/city\/2024\/09\/20\/el-ayuntamiento-organiza-el-curso-contar-el-volcan-que-puede-aportar-la-comunicacion-interpretativa-al-desarrollo-sostenible-de-los-llanos-de-aridane\/","og_locale":"es_ES","og_type":"article","og_title":"El Ayuntamiento organiza el curso \u2018Contar el volc\u00e1n: qu\u00e9 puede aportar la comunicaci\u00f3n interpretativa al desarrollo sostenible de Los Llanos de Aridane\u2019 - Ayuntamiento de Los Llanos de Aridane","og_description":"El periodo de inscripci\u00f3n ser\u00e1 del 19 de septiembre al 3 de octubre","og_url":"https:\/\/www.aridane.org\/city\/2024\/09\/20\/el-ayuntamiento-organiza-el-curso-contar-el-volcan-que-puede-aportar-la-comunicacion-interpretativa-al-desarrollo-sostenible-de-los-llanos-de-aridane\/","og_site_name":"Ayuntamiento de Los Llanos de Aridane","article_published_time":"2024-09-20T13:26:21+00:00","og_image":[{"width":1200,"height":675,"url":"https:\/\/www.aridane.org\/city\/wp-content\/uploads\/2024\/08\/Inmaculada-Fernandez.jpg","type":"image\/jpeg"}],"author":"Corresponsal","twitter_card":"summary_large_image","twitter_misc":{"Escrito por":"Corresponsal","Tiempo de lectura":"3 minutos"},"schema":{"@context":"https:\/\/schema.org","@graph":[{"@type":"WebPage","@id":"https:\/\/www.aridane.org\/city\/2024\/09\/20\/el-ayuntamiento-organiza-el-curso-contar-el-volcan-que-puede-aportar-la-comunicacion-interpretativa-al-desarrollo-sostenible-de-los-llanos-de-aridane\/","url":"https:\/\/www.aridane.org\/city\/2024\/09\/20\/el-ayuntamiento-organiza-el-curso-contar-el-volcan-que-puede-aportar-la-comunicacion-interpretativa-al-desarrollo-sostenible-de-los-llanos-de-aridane\/","name":"El Ayuntamiento organiza el curso \u2018Contar el volc\u00e1n: qu\u00e9 puede aportar la comunicaci\u00f3n interpretativa al desarrollo sostenible de Los Llanos de Aridane\u2019 - Ayuntamiento de Los Llanos de Aridane","isPartOf":{"@id":"https:\/\/www.aridane.org\/city\/#website"},"primaryImageOfPage":{"@id":"https:\/\/www.aridane.org\/city\/2024\/09\/20\/el-ayuntamiento-organiza-el-curso-contar-el-volcan-que-puede-aportar-la-comunicacion-interpretativa-al-desarrollo-sostenible-de-los-llanos-de-aridane\/#primaryimage"},"image":{"@id":"https:\/\/www.aridane.org\/city\/2024\/09\/20\/el-ayuntamiento-organiza-el-curso-contar-el-volcan-que-puede-aportar-la-comunicacion-interpretativa-al-desarrollo-sostenible-de-los-llanos-de-aridane\/#primaryimage"},"thumbnailUrl":"https:\/\/www.aridane.org\/city\/wp-content\/uploads\/2024\/08\/Inmaculada-Fernandez.jpg","datePublished":"2024-09-20T13:26:21+00:00","dateModified":"2024-09-20T13:26:21+00:00","author":{"@id":"https:\/\/www.aridane.org\/city\/#\/schema\/person\/89ebd376b223dc94cc1dbcf200c8e6da"},"breadcrumb":{"@id":"https:\/\/www.aridane.org\/city\/2024\/09\/20\/el-ayuntamiento-organiza-el-curso-contar-el-volcan-que-puede-aportar-la-comunicacion-interpretativa-al-desarrollo-sostenible-de-los-llanos-de-aridane\/#breadcrumb"},"inLanguage":"es","potentialAction":[{"@type":"ReadAction","target":["https:\/\/www.aridane.org\/city\/2024\/09\/20\/el-ayuntamiento-organiza-el-curso-contar-el-volcan-que-puede-aportar-la-comunicacion-interpretativa-al-desarrollo-sostenible-de-los-llanos-de-aridane\/"]}]},{"@type":"ImageObject","inLanguage":"es","@id":"https:\/\/www.aridane.org\/city\/2024\/09\/20\/el-ayuntamiento-organiza-el-curso-contar-el-volcan-que-puede-aportar-la-comunicacion-interpretativa-al-desarrollo-sostenible-de-los-llanos-de-aridane\/#primaryimage","url":"https:\/\/www.aridane.org\/city\/wp-content\/uploads\/2024\/08\/Inmaculada-Fernandez.jpg","contentUrl":"https:\/\/www.aridane.org\/city\/wp-content\/uploads\/2024\/08\/Inmaculada-Fernandez.jpg","width":1200,"height":675},{"@type":"BreadcrumbList","@id":"https:\/\/www.aridane.org\/city\/2024\/09\/20\/el-ayuntamiento-organiza-el-curso-contar-el-volcan-que-puede-aportar-la-comunicacion-interpretativa-al-desarrollo-sostenible-de-los-llanos-de-aridane\/#breadcrumb","itemListElement":[{"@type":"ListItem","position":1,"name":"Portada","item":"https:\/\/www.aridane.org\/city\/"},{"@type":"ListItem","position":2,"name":"El Ayuntamiento organiza el curso \u2018Contar el volc\u00e1n: qu\u00e9 puede aportar la comunicaci\u00f3n interpretativa al desarrollo sostenible de Los Llanos de Aridane\u2019"}]},{"@type":"WebSite","@id":"https:\/\/www.aridane.org\/city\/#website","url":"https:\/\/www.aridane.org\/city\/","name":"Ayuntamiento de Los Llanos de Aridane","description":"","potentialAction":[{"@type":"SearchAction","target":{"@type":"EntryPoint","urlTemplate":"https:\/\/www.aridane.org\/city\/?s={search_term_string}"},"query-input":"required name=search_term_string"}],"inLanguage":"es"},{"@type":"Person","@id":"https:\/\/www.aridane.org\/city\/#\/schema\/person\/89ebd376b223dc94cc1dbcf200c8e6da","name":"Corresponsal","image":{"@type":"ImageObject","inLanguage":"es","@id":"https:\/\/www.aridane.org\/city\/#\/schema\/person\/image\/","url":"https:\/\/secure.gravatar.com\/avatar\/1c476992411e4ccf153da63b2b2f5ea0bb4cb1c85f3ceab8512f04325ad5579c?s=96&d=mm&r=g","contentUrl":"https:\/\/secure.gravatar.com\/avatar\/1c476992411e4ccf153da63b2b2f5ea0bb4cb1c85f3ceab8512f04325ad5579c?s=96&d=mm&r=g","caption":"Corresponsal"},"url":"https:\/\/www.aridane.org\/city\/author\/corresponsal\/"}]}},"_links":{"self":[{"href":"https:\/\/www.aridane.org\/city\/wp-json\/wp\/v2\/posts\/4106","targetHints":{"allow":["GET"]}}],"collection":[{"href":"https:\/\/www.aridane.org\/city\/wp-json\/wp\/v2\/posts"}],"about":[{"href":"https:\/\/www.aridane.org\/city\/wp-json\/wp\/v2\/types\/post"}],"author":[{"embeddable":true,"href":"https:\/\/www.aridane.org\/city\/wp-json\/wp\/v2\/users\/4"}],"replies":[{"embeddable":true,"href":"https:\/\/www.aridane.org\/city\/wp-json\/wp\/v2\/comments?post=4106"}],"version-history":[{"count":1,"href":"https:\/\/www.aridane.org\/city\/wp-json\/wp\/v2\/posts\/4106\/revisions"}],"predecessor-version":[{"id":4107,"href":"https:\/\/www.aridane.org\/city\/wp-json\/wp\/v2\/posts\/4106\/revisions\/4107"}],"wp:featuredmedia":[{"embeddable":true,"href":"https:\/\/www.aridane.org\/city\/wp-json\/wp\/v2\/media\/4036"}],"wp:attachment":[{"href":"https:\/\/www.aridane.org\/city\/wp-json\/wp\/v2\/media?parent=4106"}],"wp:term":[{"taxonomy":"category","embeddable":true,"href":"https:\/\/www.aridane.org\/city\/wp-json\/wp\/v2\/categories?post=4106"},{"taxonomy":"post_tag","embeddable":true,"href":"https:\/\/www.aridane.org\/city\/wp-json\/wp\/v2\/tags?post=4106"}],"curies":[{"name":"wp","href":"https:\/\/api.w.org\/{rel}","templated":true}]}}