{"id":4122,"date":"2024-11-27T13:40:04","date_gmt":"2024-11-27T13:40:04","guid":{"rendered":"https:\/\/www.aridane.org\/city\/?p=4122"},"modified":"2024-11-27T13:40:04","modified_gmt":"2024-11-27T13:40:04","slug":"los-llanos-de-aridane-sera-la-capital-de-la-literatura-negra-y-criminal-de-canarias-en-enero-de-2025","status":"publish","type":"post","link":"https:\/\/www.aridane.org\/city\/2024\/11\/27\/los-llanos-de-aridane-sera-la-capital-de-la-literatura-negra-y-criminal-de-canarias-en-enero-de-2025\/","title":{"rendered":"Los Llanos de Aridane ser\u00e1 la capital de la literatura negra y criminal de Canarias en enero de 2025"},"content":{"rendered":"<p><i><span style=\"font-weight: 400;\">La V edici\u00f3n de Aridane Criminal reunir\u00e1 a escritores, cineastas, guionistas e ilustradores en un homenaje especial a su fundador, Alexis Ravelo<\/span><\/i><!--more--><\/p>\n<p><span style=\"font-weight: 400;\">Los Llanos de Aridane acoger\u00e1 del 22 al 26 de enero de 2025 la quinta edici\u00f3n de Aridane Criminal, un festival que celebra la literatura negra y polic\u00edaca con la participaci\u00f3n de 16 autores, entre escritores, cineastas, guionistas e ilustradores.\u00a0<\/span><\/p>\n<p><span style=\"font-weight: 400;\">La concejala de Cultura del Ayuntamiento, Marlene Gonz\u00e1lez, asegura que a\u00f1o tras a\u00f1o, Aridane Criminal reafirma su compromiso con la cultura y el homenaje a los grandes nombres de la literatura negra y criminal. \u201cPara nosotros es todo un orgullo convertirnos en la capital de la literatura negra y criminal de Canarias. Somos un municipio inquieto y repleto de talento. Iniciativas de este tipo son un gran est\u00edmulo para todas esas personas que quieren hacer de la literatura su modo de vida\u201d, apunta.<\/span><\/p>\n<p><span style=\"font-weight: 400;\">Adem\u00e1s, habr\u00e1 actividades dirigidas al p\u00fablico joven y un cierre musical a cargo de Gin\u00e9s Cedr\u00e9s, en un evento que ya se ha consolidado como un referente cultural en el municipio. La mayor\u00eda de las actividades tendr\u00e1n lugar en la Casa de la Cultura y en la plaza de Espa\u00f1a.<\/span><\/p>\n<p><span style=\"font-weight: 400;\">El evento se inaugurar\u00e1 el mi\u00e9rcoles 22 de enero con una conversaci\u00f3n con V\u00edctor del \u00c1rbol, una de las voces m\u00e1s destacadas del g\u00e9nero, quien presentar\u00e1 su \u00faltima novela, <\/span><i><span style=\"font-weight: 400;\">El tiempo de las fieras<\/span><\/i><span style=\"font-weight: 400;\">. Ese mismo d\u00eda se proyectar\u00e1 <\/span><i><span style=\"font-weight: 400;\">Al rojo vivo<\/span><\/i><span style=\"font-weight: 400;\"> (Raoul Walsh, 1949), cl\u00e1sico del cine negro protagonizado por James Cagney, cuya imagen ilustra el cartel de esta edici\u00f3n.<\/span><\/p>\n<p><span style=\"font-weight: 400;\">El jueves 23 estar\u00e1 dedicado al panorama isle\u00f1o del g\u00e9nero negro con autores como Bibiana Reyes, Luis Carlos Casta\u00f1eda, Jos\u00e9 Luis Correa y David Cabrera, que presentar\u00e1n sus \u00faltimas obras. Asimismo, Cristina Higueras y Jon Arretxe aportar\u00e1n su visi\u00f3n al evento. Este \u00faltimo encabezar\u00e1 la secci\u00f3n <\/span><i><span style=\"font-weight: 400;\">Recordando al comisario Ravelo<\/span><\/i><span style=\"font-weight: 400;\">, en homenaje al creador de <\/span><i><span style=\"font-weight: 400;\">La estrategia del pequin\u00e9s<\/span><\/i><span style=\"font-weight: 400;\">.<\/span><\/p>\n<p><span style=\"font-weight: 400;\">El viernes 24 ser\u00e1 el turno de escritoras como Elsa Plaza, con <\/span><i><span style=\"font-weight: 400;\">Un tango para Emy Langer<\/span><\/i><span style=\"font-weight: 400;\">, y Victoria Gonz\u00e1lez Torralba, quien presentar\u00e1 su premiada novela <\/span><i><span style=\"font-weight: 400;\">Buenos tiempos<\/span><\/i><span style=\"font-weight: 400;\">. Adem\u00e1s, el cineasta Juan Carlos Fresnadillo participar\u00e1 en la proyecci\u00f3n de su mediometraje <\/span><i><span style=\"font-weight: 400;\">Esposados<\/span><\/i><span style=\"font-weight: 400;\"> junto al actor Pedro Mar\u00eda S\u00e1nchez.<\/span><\/p>\n<p><span style=\"font-weight: 400;\">El s\u00e1bado 25 destacar\u00e1 la presentaci\u00f3n de la novela gr\u00e1fica <\/span><i><span style=\"font-weight: 400;\">Soy una asesina<\/span><\/i><span style=\"font-weight: 400;\">, de Pedro Arjona, y la participaci\u00f3n del escritor Nii Ayikwi Parkes, en colaboraci\u00f3n con Casa \u00c1frica.<\/span><\/p>\n<p><span style=\"font-weight: 400;\">El broche final llegar\u00e1 el domingo con el concierto <\/span><i><span style=\"font-weight: 400;\">Alexis, letrista de canciones<\/span><\/i><span style=\"font-weight: 400;\">, de Gin\u00e9s Cedr\u00e9s, quien interpretar\u00e1 un tema especial dedicado a la memoria de Alexis Ravelo, complementado con material audiovisual.<\/span><\/p>\n<p>&nbsp;<\/p>\n","protected":false},"excerpt":{"rendered":"<p>La V edici\u00f3n de Aridane Criminal reunir\u00e1 a escritores, cineastas, guionistas e ilustradores en un homenaje especial a su fundador, Alexis Ravelo<\/p>\n","protected":false},"author":4,"featured_media":4123,"comment_status":"open","ping_status":"open","sticky":false,"template":"","format":"standard","meta":{"footnotes":""},"categories":[1],"tags":[],"class_list":["post-4122","post","type-post","status-publish","format-standard","has-post-thumbnail","hentry","category-sin-categoria"],"yoast_head":"<!-- This site is optimized with the Yoast SEO plugin v22.7 - https:\/\/yoast.com\/wordpress\/plugins\/seo\/ -->\n<title>Los Llanos de Aridane ser\u00e1 la capital de la literatura negra y criminal de Canarias en enero de 2025 - Ayuntamiento de Los Llanos de Aridane<\/title>\n<meta name=\"robots\" content=\"index, follow, max-snippet:-1, max-image-preview:large, max-video-preview:-1\" \/>\n<link rel=\"canonical\" href=\"https:\/\/www.aridane.org\/city\/2024\/11\/27\/los-llanos-de-aridane-sera-la-capital-de-la-literatura-negra-y-criminal-de-canarias-en-enero-de-2025\/\" \/>\n<meta property=\"og:locale\" content=\"es_ES\" \/>\n<meta property=\"og:type\" content=\"article\" \/>\n<meta property=\"og:title\" content=\"Los Llanos de Aridane ser\u00e1 la capital de la literatura negra y criminal de Canarias en enero de 2025 - Ayuntamiento de Los Llanos de Aridane\" \/>\n<meta property=\"og:description\" content=\"La V edici\u00f3n de Aridane Criminal reunir\u00e1 a escritores, cineastas, guionistas e ilustradores en un homenaje especial a su fundador, Alexis Ravelo\" \/>\n<meta property=\"og:url\" content=\"https:\/\/www.aridane.org\/city\/2024\/11\/27\/los-llanos-de-aridane-sera-la-capital-de-la-literatura-negra-y-criminal-de-canarias-en-enero-de-2025\/\" \/>\n<meta property=\"og:site_name\" content=\"Ayuntamiento de Los Llanos de Aridane\" \/>\n<meta property=\"article:published_time\" content=\"2024-11-27T13:40:04+00:00\" \/>\n<meta property=\"og:image\" content=\"https:\/\/www.aridane.org\/city\/wp-content\/uploads\/2024\/11\/Aridane-Criminal-V.jpeg\" \/>\n\t<meta property=\"og:image:width\" content=\"1400\" \/>\n\t<meta property=\"og:image:height\" content=\"1600\" \/>\n\t<meta property=\"og:image:type\" content=\"image\/jpeg\" \/>\n<meta name=\"author\" content=\"Corresponsal\" \/>\n<meta name=\"twitter:card\" content=\"summary_large_image\" \/>\n<meta name=\"twitter:label1\" content=\"Escrito por\" \/>\n\t<meta name=\"twitter:data1\" content=\"Corresponsal\" \/>\n\t<meta name=\"twitter:label2\" content=\"Tiempo de lectura\" \/>\n\t<meta name=\"twitter:data2\" content=\"3 minutos\" \/>\n<script type=\"application\/ld+json\" class=\"yoast-schema-graph\">{\"@context\":\"https:\/\/schema.org\",\"@graph\":[{\"@type\":\"WebPage\",\"@id\":\"https:\/\/www.aridane.org\/city\/2024\/11\/27\/los-llanos-de-aridane-sera-la-capital-de-la-literatura-negra-y-criminal-de-canarias-en-enero-de-2025\/\",\"url\":\"https:\/\/www.aridane.org\/city\/2024\/11\/27\/los-llanos-de-aridane-sera-la-capital-de-la-literatura-negra-y-criminal-de-canarias-en-enero-de-2025\/\",\"name\":\"Los Llanos de Aridane ser\u00e1 la capital de la literatura negra y criminal de Canarias en enero de 2025 - Ayuntamiento de Los Llanos de Aridane\",\"isPartOf\":{\"@id\":\"https:\/\/www.aridane.org\/city\/#website\"},\"primaryImageOfPage\":{\"@id\":\"https:\/\/www.aridane.org\/city\/2024\/11\/27\/los-llanos-de-aridane-sera-la-capital-de-la-literatura-negra-y-criminal-de-canarias-en-enero-de-2025\/#primaryimage\"},\"image\":{\"@id\":\"https:\/\/www.aridane.org\/city\/2024\/11\/27\/los-llanos-de-aridane-sera-la-capital-de-la-literatura-negra-y-criminal-de-canarias-en-enero-de-2025\/#primaryimage\"},\"thumbnailUrl\":\"https:\/\/www.aridane.org\/city\/wp-content\/uploads\/2024\/11\/Aridane-Criminal-V.jpeg\",\"datePublished\":\"2024-11-27T13:40:04+00:00\",\"dateModified\":\"2024-11-27T13:40:04+00:00\",\"author\":{\"@id\":\"https:\/\/www.aridane.org\/city\/#\/schema\/person\/89ebd376b223dc94cc1dbcf200c8e6da\"},\"breadcrumb\":{\"@id\":\"https:\/\/www.aridane.org\/city\/2024\/11\/27\/los-llanos-de-aridane-sera-la-capital-de-la-literatura-negra-y-criminal-de-canarias-en-enero-de-2025\/#breadcrumb\"},\"inLanguage\":\"es\",\"potentialAction\":[{\"@type\":\"ReadAction\",\"target\":[\"https:\/\/www.aridane.org\/city\/2024\/11\/27\/los-llanos-de-aridane-sera-la-capital-de-la-literatura-negra-y-criminal-de-canarias-en-enero-de-2025\/\"]}]},{\"@type\":\"ImageObject\",\"inLanguage\":\"es\",\"@id\":\"https:\/\/www.aridane.org\/city\/2024\/11\/27\/los-llanos-de-aridane-sera-la-capital-de-la-literatura-negra-y-criminal-de-canarias-en-enero-de-2025\/#primaryimage\",\"url\":\"https:\/\/www.aridane.org\/city\/wp-content\/uploads\/2024\/11\/Aridane-Criminal-V.jpeg\",\"contentUrl\":\"https:\/\/www.aridane.org\/city\/wp-content\/uploads\/2024\/11\/Aridane-Criminal-V.jpeg\",\"width\":1400,\"height\":1600},{\"@type\":\"BreadcrumbList\",\"@id\":\"https:\/\/www.aridane.org\/city\/2024\/11\/27\/los-llanos-de-aridane-sera-la-capital-de-la-literatura-negra-y-criminal-de-canarias-en-enero-de-2025\/#breadcrumb\",\"itemListElement\":[{\"@type\":\"ListItem\",\"position\":1,\"name\":\"Portada\",\"item\":\"https:\/\/www.aridane.org\/city\/\"},{\"@type\":\"ListItem\",\"position\":2,\"name\":\"Los Llanos de Aridane ser\u00e1 la capital de la literatura negra y criminal de Canarias en enero de 2025\"}]},{\"@type\":\"WebSite\",\"@id\":\"https:\/\/www.aridane.org\/city\/#website\",\"url\":\"https:\/\/www.aridane.org\/city\/\",\"name\":\"Ayuntamiento de Los Llanos de Aridane\",\"description\":\"\",\"potentialAction\":[{\"@type\":\"SearchAction\",\"target\":{\"@type\":\"EntryPoint\",\"urlTemplate\":\"https:\/\/www.aridane.org\/city\/?s={search_term_string}\"},\"query-input\":\"required name=search_term_string\"}],\"inLanguage\":\"es\"},{\"@type\":\"Person\",\"@id\":\"https:\/\/www.aridane.org\/city\/#\/schema\/person\/89ebd376b223dc94cc1dbcf200c8e6da\",\"name\":\"Corresponsal\",\"image\":{\"@type\":\"ImageObject\",\"inLanguage\":\"es\",\"@id\":\"https:\/\/www.aridane.org\/city\/#\/schema\/person\/image\/\",\"url\":\"https:\/\/secure.gravatar.com\/avatar\/1c476992411e4ccf153da63b2b2f5ea0bb4cb1c85f3ceab8512f04325ad5579c?s=96&d=mm&r=g\",\"contentUrl\":\"https:\/\/secure.gravatar.com\/avatar\/1c476992411e4ccf153da63b2b2f5ea0bb4cb1c85f3ceab8512f04325ad5579c?s=96&d=mm&r=g\",\"caption\":\"Corresponsal\"},\"url\":\"https:\/\/www.aridane.org\/city\/author\/corresponsal\/\"}]}<\/script>\n<!-- \/ Yoast SEO plugin. -->","yoast_head_json":{"title":"Los Llanos de Aridane ser\u00e1 la capital de la literatura negra y criminal de Canarias en enero de 2025 - Ayuntamiento de Los Llanos de Aridane","robots":{"index":"index","follow":"follow","max-snippet":"max-snippet:-1","max-image-preview":"max-image-preview:large","max-video-preview":"max-video-preview:-1"},"canonical":"https:\/\/www.aridane.org\/city\/2024\/11\/27\/los-llanos-de-aridane-sera-la-capital-de-la-literatura-negra-y-criminal-de-canarias-en-enero-de-2025\/","og_locale":"es_ES","og_type":"article","og_title":"Los Llanos de Aridane ser\u00e1 la capital de la literatura negra y criminal de Canarias en enero de 2025 - Ayuntamiento de Los Llanos de Aridane","og_description":"La V edici\u00f3n de Aridane Criminal reunir\u00e1 a escritores, cineastas, guionistas e ilustradores en un homenaje especial a su fundador, Alexis Ravelo","og_url":"https:\/\/www.aridane.org\/city\/2024\/11\/27\/los-llanos-de-aridane-sera-la-capital-de-la-literatura-negra-y-criminal-de-canarias-en-enero-de-2025\/","og_site_name":"Ayuntamiento de Los Llanos de Aridane","article_published_time":"2024-11-27T13:40:04+00:00","og_image":[{"width":1400,"height":1600,"url":"https:\/\/www.aridane.org\/city\/wp-content\/uploads\/2024\/11\/Aridane-Criminal-V.jpeg","type":"image\/jpeg"}],"author":"Corresponsal","twitter_card":"summary_large_image","twitter_misc":{"Escrito por":"Corresponsal","Tiempo de lectura":"3 minutos"},"schema":{"@context":"https:\/\/schema.org","@graph":[{"@type":"WebPage","@id":"https:\/\/www.aridane.org\/city\/2024\/11\/27\/los-llanos-de-aridane-sera-la-capital-de-la-literatura-negra-y-criminal-de-canarias-en-enero-de-2025\/","url":"https:\/\/www.aridane.org\/city\/2024\/11\/27\/los-llanos-de-aridane-sera-la-capital-de-la-literatura-negra-y-criminal-de-canarias-en-enero-de-2025\/","name":"Los Llanos de Aridane ser\u00e1 la capital de la literatura negra y criminal de Canarias en enero de 2025 - Ayuntamiento de Los Llanos de Aridane","isPartOf":{"@id":"https:\/\/www.aridane.org\/city\/#website"},"primaryImageOfPage":{"@id":"https:\/\/www.aridane.org\/city\/2024\/11\/27\/los-llanos-de-aridane-sera-la-capital-de-la-literatura-negra-y-criminal-de-canarias-en-enero-de-2025\/#primaryimage"},"image":{"@id":"https:\/\/www.aridane.org\/city\/2024\/11\/27\/los-llanos-de-aridane-sera-la-capital-de-la-literatura-negra-y-criminal-de-canarias-en-enero-de-2025\/#primaryimage"},"thumbnailUrl":"https:\/\/www.aridane.org\/city\/wp-content\/uploads\/2024\/11\/Aridane-Criminal-V.jpeg","datePublished":"2024-11-27T13:40:04+00:00","dateModified":"2024-11-27T13:40:04+00:00","author":{"@id":"https:\/\/www.aridane.org\/city\/#\/schema\/person\/89ebd376b223dc94cc1dbcf200c8e6da"},"breadcrumb":{"@id":"https:\/\/www.aridane.org\/city\/2024\/11\/27\/los-llanos-de-aridane-sera-la-capital-de-la-literatura-negra-y-criminal-de-canarias-en-enero-de-2025\/#breadcrumb"},"inLanguage":"es","potentialAction":[{"@type":"ReadAction","target":["https:\/\/www.aridane.org\/city\/2024\/11\/27\/los-llanos-de-aridane-sera-la-capital-de-la-literatura-negra-y-criminal-de-canarias-en-enero-de-2025\/"]}]},{"@type":"ImageObject","inLanguage":"es","@id":"https:\/\/www.aridane.org\/city\/2024\/11\/27\/los-llanos-de-aridane-sera-la-capital-de-la-literatura-negra-y-criminal-de-canarias-en-enero-de-2025\/#primaryimage","url":"https:\/\/www.aridane.org\/city\/wp-content\/uploads\/2024\/11\/Aridane-Criminal-V.jpeg","contentUrl":"https:\/\/www.aridane.org\/city\/wp-content\/uploads\/2024\/11\/Aridane-Criminal-V.jpeg","width":1400,"height":1600},{"@type":"BreadcrumbList","@id":"https:\/\/www.aridane.org\/city\/2024\/11\/27\/los-llanos-de-aridane-sera-la-capital-de-la-literatura-negra-y-criminal-de-canarias-en-enero-de-2025\/#breadcrumb","itemListElement":[{"@type":"ListItem","position":1,"name":"Portada","item":"https:\/\/www.aridane.org\/city\/"},{"@type":"ListItem","position":2,"name":"Los Llanos de Aridane ser\u00e1 la capital de la literatura negra y criminal de Canarias en enero de 2025"}]},{"@type":"WebSite","@id":"https:\/\/www.aridane.org\/city\/#website","url":"https:\/\/www.aridane.org\/city\/","name":"Ayuntamiento de Los Llanos de Aridane","description":"","potentialAction":[{"@type":"SearchAction","target":{"@type":"EntryPoint","urlTemplate":"https:\/\/www.aridane.org\/city\/?s={search_term_string}"},"query-input":"required name=search_term_string"}],"inLanguage":"es"},{"@type":"Person","@id":"https:\/\/www.aridane.org\/city\/#\/schema\/person\/89ebd376b223dc94cc1dbcf200c8e6da","name":"Corresponsal","image":{"@type":"ImageObject","inLanguage":"es","@id":"https:\/\/www.aridane.org\/city\/#\/schema\/person\/image\/","url":"https:\/\/secure.gravatar.com\/avatar\/1c476992411e4ccf153da63b2b2f5ea0bb4cb1c85f3ceab8512f04325ad5579c?s=96&d=mm&r=g","contentUrl":"https:\/\/secure.gravatar.com\/avatar\/1c476992411e4ccf153da63b2b2f5ea0bb4cb1c85f3ceab8512f04325ad5579c?s=96&d=mm&r=g","caption":"Corresponsal"},"url":"https:\/\/www.aridane.org\/city\/author\/corresponsal\/"}]}},"_links":{"self":[{"href":"https:\/\/www.aridane.org\/city\/wp-json\/wp\/v2\/posts\/4122","targetHints":{"allow":["GET"]}}],"collection":[{"href":"https:\/\/www.aridane.org\/city\/wp-json\/wp\/v2\/posts"}],"about":[{"href":"https:\/\/www.aridane.org\/city\/wp-json\/wp\/v2\/types\/post"}],"author":[{"embeddable":true,"href":"https:\/\/www.aridane.org\/city\/wp-json\/wp\/v2\/users\/4"}],"replies":[{"embeddable":true,"href":"https:\/\/www.aridane.org\/city\/wp-json\/wp\/v2\/comments?post=4122"}],"version-history":[{"count":1,"href":"https:\/\/www.aridane.org\/city\/wp-json\/wp\/v2\/posts\/4122\/revisions"}],"predecessor-version":[{"id":4124,"href":"https:\/\/www.aridane.org\/city\/wp-json\/wp\/v2\/posts\/4122\/revisions\/4124"}],"wp:featuredmedia":[{"embeddable":true,"href":"https:\/\/www.aridane.org\/city\/wp-json\/wp\/v2\/media\/4123"}],"wp:attachment":[{"href":"https:\/\/www.aridane.org\/city\/wp-json\/wp\/v2\/media?parent=4122"}],"wp:term":[{"taxonomy":"category","embeddable":true,"href":"https:\/\/www.aridane.org\/city\/wp-json\/wp\/v2\/categories?post=4122"},{"taxonomy":"post_tag","embeddable":true,"href":"https:\/\/www.aridane.org\/city\/wp-json\/wp\/v2\/tags?post=4122"}],"curies":[{"name":"wp","href":"https:\/\/api.w.org\/{rel}","templated":true}]}}