{"id":4125,"date":"2024-11-28T08:47:01","date_gmt":"2024-11-28T08:47:01","guid":{"rendered":"https:\/\/www.aridane.org\/city\/?p=4125"},"modified":"2024-11-28T08:47:01","modified_gmt":"2024-11-28T08:47:01","slug":"los-llanos-de-aridane-facilita-el-aparcamiento-en-la-zona-azul-para-el-dia-blanco","status":"publish","type":"post","link":"https:\/\/www.aridane.org\/city\/2024\/11\/28\/los-llanos-de-aridane-facilita-el-aparcamiento-en-la-zona-azul-para-el-dia-blanco\/","title":{"rendered":"Los Llanos de Aridane facilita el aparcamiento en la zona azul para el D\u00eda Blanco"},"content":{"rendered":"<p><i><span style=\"font-weight: 400;\">Quienes utilicen la aplicaci\u00f3n Telpark para iniciar el estacionamiento en la zona azul podr\u00e1n disfrutar de aparcamiento gratuito<\/span><\/i><!--more--><\/p>\n<p><span style=\"font-weight: 400;\">El Ayuntamiento de Los Llanos de Aridane lanza una iniciativa para facilitar el acceso al centro del municipio durante el D\u00eda Blanco, que se celebra el pr\u00f3ximo viernes, 29 de noviembre. Ese d\u00eda, quienes utilicen la aplicaci\u00f3n Telpark para iniciar el estacionamiento en la zona azul podr\u00e1n disfrutar de aparcamiento gratuito.\u00a0<\/span><\/p>\n<p><span style=\"font-weight: 400;\">La concejala de Comercio y Desarrollo Local, Ver\u00f3nica Gonz\u00e1lez, explica que esta promoci\u00f3n busca incentivar las compras navide\u00f1as y fomentar la actividad comercial en el municipio.<\/span><\/p>\n<p><span style=\"font-weight: 400;\">\u201cEsta colaboraci\u00f3n con Telpark es una acci\u00f3n m\u00e1s para hacer de nuestra ciudad un lugar c\u00f3modo, accesible y lleno de vida\u201d, se\u00f1ala.<\/span><\/p>\n<p><span style=\"font-weight: 400;\">El D\u00eda Blanco en Los Llanos de Aridane, organizado por el Ayuntamiento junto a Zona Comercial Abierta (ZCA) y Asociaci\u00f3n de Comerciantes Zona Abierta (ACZA), ofrecer\u00e1 una jornada repleta de actividades para todas las edades.\u00a0<\/span><\/p>\n<p><span style=\"font-weight: 400;\">Habr\u00e1 desde talleres de yoga infantil, globoflexia y juegos, hasta espect\u00e1culos musicales con saxofonistas, violinistas y DJs, adem\u00e1s de <\/span><i><span style=\"font-weight: 400;\">flashmobs<\/span><\/i><span style=\"font-weight: 400;\">, personajes tem\u00e1ticos y fotomatones.<\/span><\/p>\n<p><span style=\"font-weight: 400;\">El objetivo del consistorio es dinamizar las calles del municipio desde la ma\u00f1ana hasta la noche, creando un ambiente \u00fanico para disfrutar en familia y apoyar al comercio local.<\/span><\/p>\n<p><span style=\"font-weight: 400;\">Desde el Ayuntamiento se anima a vecinos y visitantes a aprovechar el D\u00eda Blanco para disfrutar de las actividades programadas, apoyar el comercio local y vivir la previa del encendido de Navidad en Los Llanos de Aridane, previsto para el s\u00e1bado, 30 de noviembre.<\/span><\/p>\n","protected":false},"excerpt":{"rendered":"<p>Quienes utilicen la aplicaci\u00f3n Telpark para iniciar el estacionamiento en la zona azul podr\u00e1n disfrutar de aparcamiento gratuito<\/p>\n","protected":false},"author":4,"featured_media":4043,"comment_status":"open","ping_status":"open","sticky":false,"template":"","format":"standard","meta":{"footnotes":""},"categories":[1],"tags":[],"class_list":["post-4125","post","type-post","status-publish","format-standard","has-post-thumbnail","hentry","category-sin-categoria"],"yoast_head":"<!-- This site is optimized with the Yoast SEO plugin v22.7 - https:\/\/yoast.com\/wordpress\/plugins\/seo\/ -->\n<title>Los Llanos de Aridane facilita el aparcamiento en la zona azul para el D\u00eda Blanco - Ayuntamiento de Los Llanos de Aridane<\/title>\n<meta name=\"robots\" content=\"index, follow, max-snippet:-1, max-image-preview:large, max-video-preview:-1\" \/>\n<link rel=\"canonical\" href=\"https:\/\/www.aridane.org\/city\/2024\/11\/28\/los-llanos-de-aridane-facilita-el-aparcamiento-en-la-zona-azul-para-el-dia-blanco\/\" \/>\n<meta property=\"og:locale\" content=\"es_ES\" \/>\n<meta property=\"og:type\" content=\"article\" \/>\n<meta property=\"og:title\" content=\"Los Llanos de Aridane facilita el aparcamiento en la zona azul para el D\u00eda Blanco - Ayuntamiento de Los Llanos de Aridane\" \/>\n<meta property=\"og:description\" content=\"Quienes utilicen la aplicaci\u00f3n Telpark para iniciar el estacionamiento en la zona azul podr\u00e1n disfrutar de aparcamiento gratuito\" \/>\n<meta property=\"og:url\" content=\"https:\/\/www.aridane.org\/city\/2024\/11\/28\/los-llanos-de-aridane-facilita-el-aparcamiento-en-la-zona-azul-para-el-dia-blanco\/\" \/>\n<meta property=\"og:site_name\" content=\"Ayuntamiento de Los Llanos de Aridane\" \/>\n<meta property=\"article:published_time\" content=\"2024-11-28T08:47:01+00:00\" \/>\n<meta property=\"og:image\" content=\"https:\/\/www.aridane.org\/city\/wp-content\/uploads\/2024\/08\/Los-Llanos-de-Aridane-drone.png\" \/>\n\t<meta property=\"og:image:width\" content=\"940\" \/>\n\t<meta property=\"og:image:height\" content=\"656\" \/>\n\t<meta property=\"og:image:type\" content=\"image\/png\" \/>\n<meta name=\"author\" content=\"Corresponsal\" \/>\n<meta name=\"twitter:card\" content=\"summary_large_image\" \/>\n<meta name=\"twitter:label1\" content=\"Escrito por\" \/>\n\t<meta name=\"twitter:data1\" content=\"Corresponsal\" \/>\n\t<meta name=\"twitter:label2\" content=\"Tiempo de lectura\" \/>\n\t<meta name=\"twitter:data2\" content=\"2 minutos\" \/>\n<script type=\"application\/ld+json\" class=\"yoast-schema-graph\">{\"@context\":\"https:\/\/schema.org\",\"@graph\":[{\"@type\":\"WebPage\",\"@id\":\"https:\/\/www.aridane.org\/city\/2024\/11\/28\/los-llanos-de-aridane-facilita-el-aparcamiento-en-la-zona-azul-para-el-dia-blanco\/\",\"url\":\"https:\/\/www.aridane.org\/city\/2024\/11\/28\/los-llanos-de-aridane-facilita-el-aparcamiento-en-la-zona-azul-para-el-dia-blanco\/\",\"name\":\"Los Llanos de Aridane facilita el aparcamiento en la zona azul para el D\u00eda Blanco - Ayuntamiento de Los Llanos de Aridane\",\"isPartOf\":{\"@id\":\"https:\/\/www.aridane.org\/city\/#website\"},\"primaryImageOfPage\":{\"@id\":\"https:\/\/www.aridane.org\/city\/2024\/11\/28\/los-llanos-de-aridane-facilita-el-aparcamiento-en-la-zona-azul-para-el-dia-blanco\/#primaryimage\"},\"image\":{\"@id\":\"https:\/\/www.aridane.org\/city\/2024\/11\/28\/los-llanos-de-aridane-facilita-el-aparcamiento-en-la-zona-azul-para-el-dia-blanco\/#primaryimage\"},\"thumbnailUrl\":\"https:\/\/www.aridane.org\/city\/wp-content\/uploads\/2024\/08\/Los-Llanos-de-Aridane-drone.png\",\"datePublished\":\"2024-11-28T08:47:01+00:00\",\"dateModified\":\"2024-11-28T08:47:01+00:00\",\"author\":{\"@id\":\"https:\/\/www.aridane.org\/city\/#\/schema\/person\/89ebd376b223dc94cc1dbcf200c8e6da\"},\"breadcrumb\":{\"@id\":\"https:\/\/www.aridane.org\/city\/2024\/11\/28\/los-llanos-de-aridane-facilita-el-aparcamiento-en-la-zona-azul-para-el-dia-blanco\/#breadcrumb\"},\"inLanguage\":\"es\",\"potentialAction\":[{\"@type\":\"ReadAction\",\"target\":[\"https:\/\/www.aridane.org\/city\/2024\/11\/28\/los-llanos-de-aridane-facilita-el-aparcamiento-en-la-zona-azul-para-el-dia-blanco\/\"]}]},{\"@type\":\"ImageObject\",\"inLanguage\":\"es\",\"@id\":\"https:\/\/www.aridane.org\/city\/2024\/11\/28\/los-llanos-de-aridane-facilita-el-aparcamiento-en-la-zona-azul-para-el-dia-blanco\/#primaryimage\",\"url\":\"https:\/\/www.aridane.org\/city\/wp-content\/uploads\/2024\/08\/Los-Llanos-de-Aridane-drone.png\",\"contentUrl\":\"https:\/\/www.aridane.org\/city\/wp-content\/uploads\/2024\/08\/Los-Llanos-de-Aridane-drone.png\",\"width\":940,\"height\":656},{\"@type\":\"BreadcrumbList\",\"@id\":\"https:\/\/www.aridane.org\/city\/2024\/11\/28\/los-llanos-de-aridane-facilita-el-aparcamiento-en-la-zona-azul-para-el-dia-blanco\/#breadcrumb\",\"itemListElement\":[{\"@type\":\"ListItem\",\"position\":1,\"name\":\"Portada\",\"item\":\"https:\/\/www.aridane.org\/city\/\"},{\"@type\":\"ListItem\",\"position\":2,\"name\":\"Los Llanos de Aridane facilita el aparcamiento en la zona azul para el D\u00eda Blanco\"}]},{\"@type\":\"WebSite\",\"@id\":\"https:\/\/www.aridane.org\/city\/#website\",\"url\":\"https:\/\/www.aridane.org\/city\/\",\"name\":\"Ayuntamiento de Los Llanos de Aridane\",\"description\":\"\",\"potentialAction\":[{\"@type\":\"SearchAction\",\"target\":{\"@type\":\"EntryPoint\",\"urlTemplate\":\"https:\/\/www.aridane.org\/city\/?s={search_term_string}\"},\"query-input\":\"required name=search_term_string\"}],\"inLanguage\":\"es\"},{\"@type\":\"Person\",\"@id\":\"https:\/\/www.aridane.org\/city\/#\/schema\/person\/89ebd376b223dc94cc1dbcf200c8e6da\",\"name\":\"Corresponsal\",\"image\":{\"@type\":\"ImageObject\",\"inLanguage\":\"es\",\"@id\":\"https:\/\/www.aridane.org\/city\/#\/schema\/person\/image\/\",\"url\":\"https:\/\/secure.gravatar.com\/avatar\/1c476992411e4ccf153da63b2b2f5ea0bb4cb1c85f3ceab8512f04325ad5579c?s=96&d=mm&r=g\",\"contentUrl\":\"https:\/\/secure.gravatar.com\/avatar\/1c476992411e4ccf153da63b2b2f5ea0bb4cb1c85f3ceab8512f04325ad5579c?s=96&d=mm&r=g\",\"caption\":\"Corresponsal\"},\"url\":\"https:\/\/www.aridane.org\/city\/author\/corresponsal\/\"}]}<\/script>\n<!-- \/ Yoast SEO plugin. -->","yoast_head_json":{"title":"Los Llanos de Aridane facilita el aparcamiento en la zona azul para el D\u00eda Blanco - Ayuntamiento de Los Llanos de Aridane","robots":{"index":"index","follow":"follow","max-snippet":"max-snippet:-1","max-image-preview":"max-image-preview:large","max-video-preview":"max-video-preview:-1"},"canonical":"https:\/\/www.aridane.org\/city\/2024\/11\/28\/los-llanos-de-aridane-facilita-el-aparcamiento-en-la-zona-azul-para-el-dia-blanco\/","og_locale":"es_ES","og_type":"article","og_title":"Los Llanos de Aridane facilita el aparcamiento en la zona azul para el D\u00eda Blanco - Ayuntamiento de Los Llanos de Aridane","og_description":"Quienes utilicen la aplicaci\u00f3n Telpark para iniciar el estacionamiento en la zona azul podr\u00e1n disfrutar de aparcamiento gratuito","og_url":"https:\/\/www.aridane.org\/city\/2024\/11\/28\/los-llanos-de-aridane-facilita-el-aparcamiento-en-la-zona-azul-para-el-dia-blanco\/","og_site_name":"Ayuntamiento de Los Llanos de Aridane","article_published_time":"2024-11-28T08:47:01+00:00","og_image":[{"width":940,"height":656,"url":"https:\/\/www.aridane.org\/city\/wp-content\/uploads\/2024\/08\/Los-Llanos-de-Aridane-drone.png","type":"image\/png"}],"author":"Corresponsal","twitter_card":"summary_large_image","twitter_misc":{"Escrito por":"Corresponsal","Tiempo de lectura":"2 minutos"},"schema":{"@context":"https:\/\/schema.org","@graph":[{"@type":"WebPage","@id":"https:\/\/www.aridane.org\/city\/2024\/11\/28\/los-llanos-de-aridane-facilita-el-aparcamiento-en-la-zona-azul-para-el-dia-blanco\/","url":"https:\/\/www.aridane.org\/city\/2024\/11\/28\/los-llanos-de-aridane-facilita-el-aparcamiento-en-la-zona-azul-para-el-dia-blanco\/","name":"Los Llanos de Aridane facilita el aparcamiento en la zona azul para el D\u00eda Blanco - Ayuntamiento de Los Llanos de Aridane","isPartOf":{"@id":"https:\/\/www.aridane.org\/city\/#website"},"primaryImageOfPage":{"@id":"https:\/\/www.aridane.org\/city\/2024\/11\/28\/los-llanos-de-aridane-facilita-el-aparcamiento-en-la-zona-azul-para-el-dia-blanco\/#primaryimage"},"image":{"@id":"https:\/\/www.aridane.org\/city\/2024\/11\/28\/los-llanos-de-aridane-facilita-el-aparcamiento-en-la-zona-azul-para-el-dia-blanco\/#primaryimage"},"thumbnailUrl":"https:\/\/www.aridane.org\/city\/wp-content\/uploads\/2024\/08\/Los-Llanos-de-Aridane-drone.png","datePublished":"2024-11-28T08:47:01+00:00","dateModified":"2024-11-28T08:47:01+00:00","author":{"@id":"https:\/\/www.aridane.org\/city\/#\/schema\/person\/89ebd376b223dc94cc1dbcf200c8e6da"},"breadcrumb":{"@id":"https:\/\/www.aridane.org\/city\/2024\/11\/28\/los-llanos-de-aridane-facilita-el-aparcamiento-en-la-zona-azul-para-el-dia-blanco\/#breadcrumb"},"inLanguage":"es","potentialAction":[{"@type":"ReadAction","target":["https:\/\/www.aridane.org\/city\/2024\/11\/28\/los-llanos-de-aridane-facilita-el-aparcamiento-en-la-zona-azul-para-el-dia-blanco\/"]}]},{"@type":"ImageObject","inLanguage":"es","@id":"https:\/\/www.aridane.org\/city\/2024\/11\/28\/los-llanos-de-aridane-facilita-el-aparcamiento-en-la-zona-azul-para-el-dia-blanco\/#primaryimage","url":"https:\/\/www.aridane.org\/city\/wp-content\/uploads\/2024\/08\/Los-Llanos-de-Aridane-drone.png","contentUrl":"https:\/\/www.aridane.org\/city\/wp-content\/uploads\/2024\/08\/Los-Llanos-de-Aridane-drone.png","width":940,"height":656},{"@type":"BreadcrumbList","@id":"https:\/\/www.aridane.org\/city\/2024\/11\/28\/los-llanos-de-aridane-facilita-el-aparcamiento-en-la-zona-azul-para-el-dia-blanco\/#breadcrumb","itemListElement":[{"@type":"ListItem","position":1,"name":"Portada","item":"https:\/\/www.aridane.org\/city\/"},{"@type":"ListItem","position":2,"name":"Los Llanos de Aridane facilita el aparcamiento en la zona azul para el D\u00eda Blanco"}]},{"@type":"WebSite","@id":"https:\/\/www.aridane.org\/city\/#website","url":"https:\/\/www.aridane.org\/city\/","name":"Ayuntamiento de Los Llanos de Aridane","description":"","potentialAction":[{"@type":"SearchAction","target":{"@type":"EntryPoint","urlTemplate":"https:\/\/www.aridane.org\/city\/?s={search_term_string}"},"query-input":"required name=search_term_string"}],"inLanguage":"es"},{"@type":"Person","@id":"https:\/\/www.aridane.org\/city\/#\/schema\/person\/89ebd376b223dc94cc1dbcf200c8e6da","name":"Corresponsal","image":{"@type":"ImageObject","inLanguage":"es","@id":"https:\/\/www.aridane.org\/city\/#\/schema\/person\/image\/","url":"https:\/\/secure.gravatar.com\/avatar\/1c476992411e4ccf153da63b2b2f5ea0bb4cb1c85f3ceab8512f04325ad5579c?s=96&d=mm&r=g","contentUrl":"https:\/\/secure.gravatar.com\/avatar\/1c476992411e4ccf153da63b2b2f5ea0bb4cb1c85f3ceab8512f04325ad5579c?s=96&d=mm&r=g","caption":"Corresponsal"},"url":"https:\/\/www.aridane.org\/city\/author\/corresponsal\/"}]}},"_links":{"self":[{"href":"https:\/\/www.aridane.org\/city\/wp-json\/wp\/v2\/posts\/4125","targetHints":{"allow":["GET"]}}],"collection":[{"href":"https:\/\/www.aridane.org\/city\/wp-json\/wp\/v2\/posts"}],"about":[{"href":"https:\/\/www.aridane.org\/city\/wp-json\/wp\/v2\/types\/post"}],"author":[{"embeddable":true,"href":"https:\/\/www.aridane.org\/city\/wp-json\/wp\/v2\/users\/4"}],"replies":[{"embeddable":true,"href":"https:\/\/www.aridane.org\/city\/wp-json\/wp\/v2\/comments?post=4125"}],"version-history":[{"count":1,"href":"https:\/\/www.aridane.org\/city\/wp-json\/wp\/v2\/posts\/4125\/revisions"}],"predecessor-version":[{"id":4126,"href":"https:\/\/www.aridane.org\/city\/wp-json\/wp\/v2\/posts\/4125\/revisions\/4126"}],"wp:featuredmedia":[{"embeddable":true,"href":"https:\/\/www.aridane.org\/city\/wp-json\/wp\/v2\/media\/4043"}],"wp:attachment":[{"href":"https:\/\/www.aridane.org\/city\/wp-json\/wp\/v2\/media?parent=4125"}],"wp:term":[{"taxonomy":"category","embeddable":true,"href":"https:\/\/www.aridane.org\/city\/wp-json\/wp\/v2\/categories?post=4125"},{"taxonomy":"post_tag","embeddable":true,"href":"https:\/\/www.aridane.org\/city\/wp-json\/wp\/v2\/tags?post=4125"}],"curies":[{"name":"wp","href":"https:\/\/api.w.org\/{rel}","templated":true}]}}