{"id":4127,"date":"2024-11-26T08:49:29","date_gmt":"2024-11-26T08:49:29","guid":{"rendered":"https:\/\/www.aridane.org\/city\/?p=4127"},"modified":"2024-11-28T08:50:30","modified_gmt":"2024-11-28T08:50:30","slug":"los-llanos-de-aridane-da-la-bienvenida-a-la-navidad-este-sabado-con-su-tradicional-encendido","status":"publish","type":"post","link":"https:\/\/www.aridane.org\/city\/2024\/11\/26\/los-llanos-de-aridane-da-la-bienvenida-a-la-navidad-este-sabado-con-su-tradicional-encendido\/","title":{"rendered":"Los Llanos de Aridane da la bienvenida a la Navidad este s\u00e1bado con su tradicional encendido"},"content":{"rendered":"<p><em>Otro de los puntos fuertes del d\u00eda ser\u00e1 la inauguraci\u00f3n del Nacimiento en los bajos de la Casa de la Cultura<\/em><!--more--><\/p>\n<p>El Ayuntamiento de Los Llanos de Aridane da la bienvenida a la Navidad con una jornada llena de actividades para toda la familia, que tendr\u00e1n como escenario principal la Plaza de Espa\u00f1a y sus aleda\u00f1os. El tradicional encendido de las luces navide\u00f1as ser\u00e1 el punto de partida de una serie de eventos culturales que celebrar\u00e1n la llegada de las fiestas.<\/p>\n<p>El concejal de Fiestas, \u00c1lvaro Pages, agradece a los artesanos y artesanas municipales su dedicaci\u00f3n y esfuerzo en la creaci\u00f3n de la decoraci\u00f3n navide\u00f1a que adornar\u00e1 las calles del municipio.<\/p>\n<p>\u201cEl trabajo de todas estas personas es fundamental para dar vida y color a nuestra Navidad\u00bb, apunta el concejal, destacando la labor del director creativo del Ayuntamiento, Freddy Mendoza, quien ha supervisado la creaci\u00f3n de los elementos decorativos que embellecen el municipio en esta temporada navide\u00f1a. Asimismo, tambi\u00e9n agradece a Marcelino Hernandez el trabajo que ha realizado junto a su equipo para el Nacimiento, el cual estar\u00e1 inspirado en el agua.<\/p>\n<p>En este sentido, el alcalde Javier Llamas valora el nutrido programa de actos para las fiestas navide\u00f1as, al tiempo que destaca que \u201cLos Llanos de Aridane ser\u00e1 el epicentro de la Navidad en La Palma, con el D\u00eda Blanco el d\u00eda 29 y el encendido el 30\u201d. \u201cAnimamos a toda la ciudadan\u00eda a disfrutar del municipio por estas fiestas. Les invitamos a vivir una de las \u00e9pocas m\u00e1s especiales del a\u00f1o en Los Llanos de Aridane\u201d, se\u00f1ala.<\/p>\n<h2><strong>Programa del encendido<\/strong><\/h2>\n<p>El programa del encendido comenzar\u00e1 a las 18:00 horas con la actuaci\u00f3n de la Escuela Municipal de Danza en la Avenida D\u00edaz Pimienta, seguida a las 19:00 horas por una actuaci\u00f3n del Aula Municipal de G\u00f3spel.<\/p>\n<p>A las 19:30 horas, se inaugurar\u00e1 el tradicional Nacimiento en los bajos de la Casa de la Cultura, con la participaci\u00f3n especial de la Agrupaci\u00f3n Folcl\u00f3rica Los Arrieros, que aportar\u00e1 su toque musical a esta tradici\u00f3n.<\/p>\n<p>El momento culminante de la jornada ser\u00e1 a las 20:00 horas con el esperado encendido navide\u00f1o, que estar\u00e1 acompa\u00f1ado por una actuaci\u00f3n de la cantante Imna Leal. Finalmente, a las 20:30 horas, el p\u00fablico podr\u00e1 disfrutar del concierto<em>\u00a0Luces de Navidad<\/em>, que presentar\u00e1 el espect\u00e1culo \u2018Sue\u00f1os\u2019 a cargo de Andrea Rodr\u00edguez y Argel Campos.<\/p>\n","protected":false},"excerpt":{"rendered":"<p>Otro de los puntos fuertes del d\u00eda ser\u00e1 la inauguraci\u00f3n del Nacimiento en los bajos de la Casa de la Cultura<\/p>\n","protected":false},"author":4,"featured_media":0,"comment_status":"open","ping_status":"open","sticky":false,"template":"","format":"standard","meta":{"footnotes":""},"categories":[1],"tags":[],"class_list":["post-4127","post","type-post","status-publish","format-standard","hentry","category-sin-categoria"],"yoast_head":"<!-- This site is optimized with the Yoast SEO plugin v22.7 - https:\/\/yoast.com\/wordpress\/plugins\/seo\/ -->\n<title>Los Llanos de Aridane da la bienvenida a la Navidad este s\u00e1bado con su tradicional encendido - Ayuntamiento de Los Llanos de Aridane<\/title>\n<meta name=\"robots\" content=\"index, follow, max-snippet:-1, max-image-preview:large, max-video-preview:-1\" \/>\n<link rel=\"canonical\" href=\"https:\/\/www.aridane.org\/city\/2024\/11\/26\/los-llanos-de-aridane-da-la-bienvenida-a-la-navidad-este-sabado-con-su-tradicional-encendido\/\" \/>\n<meta property=\"og:locale\" content=\"es_ES\" \/>\n<meta property=\"og:type\" content=\"article\" \/>\n<meta property=\"og:title\" content=\"Los Llanos de Aridane da la bienvenida a la Navidad este s\u00e1bado con su tradicional encendido - Ayuntamiento de Los Llanos de Aridane\" \/>\n<meta property=\"og:description\" content=\"Otro de los puntos fuertes del d\u00eda ser\u00e1 la inauguraci\u00f3n del Nacimiento en los bajos de la Casa de la Cultura\" \/>\n<meta property=\"og:url\" content=\"https:\/\/www.aridane.org\/city\/2024\/11\/26\/los-llanos-de-aridane-da-la-bienvenida-a-la-navidad-este-sabado-con-su-tradicional-encendido\/\" \/>\n<meta property=\"og:site_name\" content=\"Ayuntamiento de Los Llanos de Aridane\" \/>\n<meta property=\"article:published_time\" content=\"2024-11-26T08:49:29+00:00\" \/>\n<meta property=\"article:modified_time\" content=\"2024-11-28T08:50:30+00:00\" \/>\n<meta name=\"author\" content=\"Corresponsal\" \/>\n<meta name=\"twitter:card\" content=\"summary_large_image\" \/>\n<meta name=\"twitter:label1\" content=\"Escrito por\" \/>\n\t<meta name=\"twitter:data1\" content=\"Corresponsal\" \/>\n\t<meta name=\"twitter:label2\" content=\"Tiempo de lectura\" \/>\n\t<meta name=\"twitter:data2\" content=\"2 minutos\" \/>\n<script type=\"application\/ld+json\" class=\"yoast-schema-graph\">{\"@context\":\"https:\/\/schema.org\",\"@graph\":[{\"@type\":\"WebPage\",\"@id\":\"https:\/\/www.aridane.org\/city\/2024\/11\/26\/los-llanos-de-aridane-da-la-bienvenida-a-la-navidad-este-sabado-con-su-tradicional-encendido\/\",\"url\":\"https:\/\/www.aridane.org\/city\/2024\/11\/26\/los-llanos-de-aridane-da-la-bienvenida-a-la-navidad-este-sabado-con-su-tradicional-encendido\/\",\"name\":\"Los Llanos de Aridane da la bienvenida a la Navidad este s\u00e1bado con su tradicional encendido - Ayuntamiento de Los Llanos de Aridane\",\"isPartOf\":{\"@id\":\"https:\/\/www.aridane.org\/city\/#website\"},\"datePublished\":\"2024-11-26T08:49:29+00:00\",\"dateModified\":\"2024-11-28T08:50:30+00:00\",\"author\":{\"@id\":\"https:\/\/www.aridane.org\/city\/#\/schema\/person\/89ebd376b223dc94cc1dbcf200c8e6da\"},\"breadcrumb\":{\"@id\":\"https:\/\/www.aridane.org\/city\/2024\/11\/26\/los-llanos-de-aridane-da-la-bienvenida-a-la-navidad-este-sabado-con-su-tradicional-encendido\/#breadcrumb\"},\"inLanguage\":\"es\",\"potentialAction\":[{\"@type\":\"ReadAction\",\"target\":[\"https:\/\/www.aridane.org\/city\/2024\/11\/26\/los-llanos-de-aridane-da-la-bienvenida-a-la-navidad-este-sabado-con-su-tradicional-encendido\/\"]}]},{\"@type\":\"BreadcrumbList\",\"@id\":\"https:\/\/www.aridane.org\/city\/2024\/11\/26\/los-llanos-de-aridane-da-la-bienvenida-a-la-navidad-este-sabado-con-su-tradicional-encendido\/#breadcrumb\",\"itemListElement\":[{\"@type\":\"ListItem\",\"position\":1,\"name\":\"Portada\",\"item\":\"https:\/\/www.aridane.org\/city\/\"},{\"@type\":\"ListItem\",\"position\":2,\"name\":\"Los Llanos de Aridane da la bienvenida a la Navidad este s\u00e1bado con su tradicional encendido\"}]},{\"@type\":\"WebSite\",\"@id\":\"https:\/\/www.aridane.org\/city\/#website\",\"url\":\"https:\/\/www.aridane.org\/city\/\",\"name\":\"Ayuntamiento de Los Llanos de Aridane\",\"description\":\"\",\"potentialAction\":[{\"@type\":\"SearchAction\",\"target\":{\"@type\":\"EntryPoint\",\"urlTemplate\":\"https:\/\/www.aridane.org\/city\/?s={search_term_string}\"},\"query-input\":\"required name=search_term_string\"}],\"inLanguage\":\"es\"},{\"@type\":\"Person\",\"@id\":\"https:\/\/www.aridane.org\/city\/#\/schema\/person\/89ebd376b223dc94cc1dbcf200c8e6da\",\"name\":\"Corresponsal\",\"image\":{\"@type\":\"ImageObject\",\"inLanguage\":\"es\",\"@id\":\"https:\/\/www.aridane.org\/city\/#\/schema\/person\/image\/\",\"url\":\"https:\/\/secure.gravatar.com\/avatar\/1c476992411e4ccf153da63b2b2f5ea0bb4cb1c85f3ceab8512f04325ad5579c?s=96&d=mm&r=g\",\"contentUrl\":\"https:\/\/secure.gravatar.com\/avatar\/1c476992411e4ccf153da63b2b2f5ea0bb4cb1c85f3ceab8512f04325ad5579c?s=96&d=mm&r=g\",\"caption\":\"Corresponsal\"},\"url\":\"https:\/\/www.aridane.org\/city\/author\/corresponsal\/\"}]}<\/script>\n<!-- \/ Yoast SEO plugin. -->","yoast_head_json":{"title":"Los Llanos de Aridane da la bienvenida a la Navidad este s\u00e1bado con su tradicional encendido - Ayuntamiento de Los Llanos de Aridane","robots":{"index":"index","follow":"follow","max-snippet":"max-snippet:-1","max-image-preview":"max-image-preview:large","max-video-preview":"max-video-preview:-1"},"canonical":"https:\/\/www.aridane.org\/city\/2024\/11\/26\/los-llanos-de-aridane-da-la-bienvenida-a-la-navidad-este-sabado-con-su-tradicional-encendido\/","og_locale":"es_ES","og_type":"article","og_title":"Los Llanos de Aridane da la bienvenida a la Navidad este s\u00e1bado con su tradicional encendido - Ayuntamiento de Los Llanos de Aridane","og_description":"Otro de los puntos fuertes del d\u00eda ser\u00e1 la inauguraci\u00f3n del Nacimiento en los bajos de la Casa de la Cultura","og_url":"https:\/\/www.aridane.org\/city\/2024\/11\/26\/los-llanos-de-aridane-da-la-bienvenida-a-la-navidad-este-sabado-con-su-tradicional-encendido\/","og_site_name":"Ayuntamiento de Los Llanos de Aridane","article_published_time":"2024-11-26T08:49:29+00:00","article_modified_time":"2024-11-28T08:50:30+00:00","author":"Corresponsal","twitter_card":"summary_large_image","twitter_misc":{"Escrito por":"Corresponsal","Tiempo de lectura":"2 minutos"},"schema":{"@context":"https:\/\/schema.org","@graph":[{"@type":"WebPage","@id":"https:\/\/www.aridane.org\/city\/2024\/11\/26\/los-llanos-de-aridane-da-la-bienvenida-a-la-navidad-este-sabado-con-su-tradicional-encendido\/","url":"https:\/\/www.aridane.org\/city\/2024\/11\/26\/los-llanos-de-aridane-da-la-bienvenida-a-la-navidad-este-sabado-con-su-tradicional-encendido\/","name":"Los Llanos de Aridane da la bienvenida a la Navidad este s\u00e1bado con su tradicional encendido - Ayuntamiento de Los Llanos de Aridane","isPartOf":{"@id":"https:\/\/www.aridane.org\/city\/#website"},"datePublished":"2024-11-26T08:49:29+00:00","dateModified":"2024-11-28T08:50:30+00:00","author":{"@id":"https:\/\/www.aridane.org\/city\/#\/schema\/person\/89ebd376b223dc94cc1dbcf200c8e6da"},"breadcrumb":{"@id":"https:\/\/www.aridane.org\/city\/2024\/11\/26\/los-llanos-de-aridane-da-la-bienvenida-a-la-navidad-este-sabado-con-su-tradicional-encendido\/#breadcrumb"},"inLanguage":"es","potentialAction":[{"@type":"ReadAction","target":["https:\/\/www.aridane.org\/city\/2024\/11\/26\/los-llanos-de-aridane-da-la-bienvenida-a-la-navidad-este-sabado-con-su-tradicional-encendido\/"]}]},{"@type":"BreadcrumbList","@id":"https:\/\/www.aridane.org\/city\/2024\/11\/26\/los-llanos-de-aridane-da-la-bienvenida-a-la-navidad-este-sabado-con-su-tradicional-encendido\/#breadcrumb","itemListElement":[{"@type":"ListItem","position":1,"name":"Portada","item":"https:\/\/www.aridane.org\/city\/"},{"@type":"ListItem","position":2,"name":"Los Llanos de Aridane da la bienvenida a la Navidad este s\u00e1bado con su tradicional encendido"}]},{"@type":"WebSite","@id":"https:\/\/www.aridane.org\/city\/#website","url":"https:\/\/www.aridane.org\/city\/","name":"Ayuntamiento de Los Llanos de Aridane","description":"","potentialAction":[{"@type":"SearchAction","target":{"@type":"EntryPoint","urlTemplate":"https:\/\/www.aridane.org\/city\/?s={search_term_string}"},"query-input":"required name=search_term_string"}],"inLanguage":"es"},{"@type":"Person","@id":"https:\/\/www.aridane.org\/city\/#\/schema\/person\/89ebd376b223dc94cc1dbcf200c8e6da","name":"Corresponsal","image":{"@type":"ImageObject","inLanguage":"es","@id":"https:\/\/www.aridane.org\/city\/#\/schema\/person\/image\/","url":"https:\/\/secure.gravatar.com\/avatar\/1c476992411e4ccf153da63b2b2f5ea0bb4cb1c85f3ceab8512f04325ad5579c?s=96&d=mm&r=g","contentUrl":"https:\/\/secure.gravatar.com\/avatar\/1c476992411e4ccf153da63b2b2f5ea0bb4cb1c85f3ceab8512f04325ad5579c?s=96&d=mm&r=g","caption":"Corresponsal"},"url":"https:\/\/www.aridane.org\/city\/author\/corresponsal\/"}]}},"_links":{"self":[{"href":"https:\/\/www.aridane.org\/city\/wp-json\/wp\/v2\/posts\/4127","targetHints":{"allow":["GET"]}}],"collection":[{"href":"https:\/\/www.aridane.org\/city\/wp-json\/wp\/v2\/posts"}],"about":[{"href":"https:\/\/www.aridane.org\/city\/wp-json\/wp\/v2\/types\/post"}],"author":[{"embeddable":true,"href":"https:\/\/www.aridane.org\/city\/wp-json\/wp\/v2\/users\/4"}],"replies":[{"embeddable":true,"href":"https:\/\/www.aridane.org\/city\/wp-json\/wp\/v2\/comments?post=4127"}],"version-history":[{"count":1,"href":"https:\/\/www.aridane.org\/city\/wp-json\/wp\/v2\/posts\/4127\/revisions"}],"predecessor-version":[{"id":4129,"href":"https:\/\/www.aridane.org\/city\/wp-json\/wp\/v2\/posts\/4127\/revisions\/4129"}],"wp:attachment":[{"href":"https:\/\/www.aridane.org\/city\/wp-json\/wp\/v2\/media?parent=4127"}],"wp:term":[{"taxonomy":"category","embeddable":true,"href":"https:\/\/www.aridane.org\/city\/wp-json\/wp\/v2\/categories?post=4127"},{"taxonomy":"post_tag","embeddable":true,"href":"https:\/\/www.aridane.org\/city\/wp-json\/wp\/v2\/tags?post=4127"}],"curies":[{"name":"wp","href":"https:\/\/api.w.org\/{rel}","templated":true}]}}