{"id":4132,"date":"2024-11-25T08:51:47","date_gmt":"2024-11-25T08:51:47","guid":{"rendered":"https:\/\/www.aridane.org\/city\/?p=4132"},"modified":"2024-11-28T08:52:36","modified_gmt":"2024-11-28T08:52:36","slug":"los-llanos-de-aridane-celebra-el-dia-blanco-este-viernes-con-actividades-para-toda-la-familia-y-buena-musica","status":"publish","type":"post","link":"https:\/\/www.aridane.org\/city\/2024\/11\/25\/los-llanos-de-aridane-celebra-el-dia-blanco-este-viernes-con-actividades-para-toda-la-familia-y-buena-musica\/","title":{"rendered":"Los Llanos de Aridane celebra el D\u00eda Blanco este viernes con actividades para toda la familia y buena m\u00fasica"},"content":{"rendered":"<p><em>Habr\u00e1 talleres infantiles, espect\u00e1culos, m\u00fasica en vivo con violinistas y saxofonistas y una fiesta fin de cierre con Renzo El Selector<\/em><!--more--><\/p>\n<p>El Ayuntamiento de Los Llanos de Aridane, de la mano con las asociaciones comerciales del municipio, organiza el D\u00eda Blanco este viernes, 29 de noviembre. La jornada tiene como objetivo estimular el comercio local y animar el centro del municipio con m\u00fasica, talleres, espect\u00e1culos y experiencias interactivas.<\/p>\n<p>La concejala de Comercio y Desarrollo Local, Ver\u00f3nica Gonz\u00e1lez, agradece a Zona Comercial Abierta (ZCA) y Asociaci\u00f3n de Comerciantes Zona Abierta (ACZA) su colaboraci\u00f3n en la celebraci\u00f3n del D\u00eda Blanco.<\/p>\n<p>\u201cSe trata de una jornada muy importante para el municipio\u201d, asegura la concejala. \u201cLo es porque atrae a la ciudadan\u00eda Los Llanos de Aridane en unas fechas muy especiales, previas al encendido de la Navidad que tendr\u00e1 lugar el s\u00e1bado, d\u00eda 30. Hemos trabajado para crear un ambiente animado durante todo el d\u00eda para que vecinos, vecinas y visitantes disfruten de nuestra ciudad\u201d, se\u00f1ala.<\/p>\n<p>En este sentido, el alcalde Javier Llamas asegura que, \u201ccon el D\u00eda Blanco el viernes y el encendido el s\u00e1bado, Los Llanos de Aridane ser\u00e1 protagonista de la Navidad en La Palma este fin de semana\u201d.<\/p>\n<p>\u201cLa calles, a\u00fan m\u00e1s si cabe, vibrar\u00e1n con esa alegr\u00eda tan caracter\u00edstica de nuestro municipio. Animamos a toda la ciudadan\u00eda a disfrutar de nuestro municipio\u201d, apunta Llamas.<\/p>\n<h2><strong>Programa del D\u00eda Blanco<\/strong><\/h2>\n<p>La programaci\u00f3n arrancar\u00e1 en la ma\u00f1ana con un taller de yoga infantil en la Plaza de Espa\u00f1a, de 9:30 a 13:00, dirigido a los colegios del municipio.<\/p>\n<p>Por la tarde, desde las 17:00, las calles se llenar\u00e1n de alegr\u00eda con actividades como dinamizaci\u00f3n infantil con globoflexia en la Avenida Carlos Francisco Lorenzo Navarro y Enrique Mederos, as\u00ed como con la presencia de princesas Disney en el centro.<\/p>\n<p>Otros momentos destacados ser\u00e1n el Flash Mob, que recorrer\u00e1 varias calles del municipio, y el fotomat\u00f3n en la zona de las letras de Los Llanos, ambos eventos en horario de 17:00 a 20:00.<\/p>\n<p>Adem\u00e1s, los ni\u00f1os podr\u00e1n disfrutar de un taller de juegos infantiles en la Calle \u00c1ngel, y el p\u00fablico general podr\u00e1 visitar el stand de glitter de Yara y disfrutar del espect\u00e1culo de Xavi DJ en la Calle Real, de 17:30 a 21:30.<\/p>\n<p>A medida que avance la noche, las actividades continuar\u00e1n con el taller de baile en la Plaza de Espa\u00f1a, de 18:30 a 20:00, y con la divertida presencia de los\u00a0<em>Personajes del Rev\u00e9s<\/em>\u00a0en la zona centro y aleda\u00f1os, entre las 19:00 y las 21:00.<\/p>\n<p>Para los amantes de la m\u00fasica, habr\u00e1 actuaciones de un cantautor local en la Calle del Medio, un saxofonista en la Calle Venezuela y un violinista en la Zona Correos, todos de 20:00 a 22:00.<\/p>\n<p>Finalmente, la jornada culminar\u00e1 con Renzo El Selector en la Plaza de Espa\u00f1a, de 22:00 en adelante, poniendo el broche de oro a un d\u00eda lleno de emociones y actividades para disfrutar en familia.<\/p>\n","protected":false},"excerpt":{"rendered":"<p>Habr\u00e1 talleres infantiles, espect\u00e1culos, m\u00fasica en vivo con violinistas y saxofonistas y una fiesta fin de cierre con Renzo El Selector<\/p>\n","protected":false},"author":4,"featured_media":4131,"comment_status":"open","ping_status":"open","sticky":false,"template":"","format":"standard","meta":{"footnotes":""},"categories":[1],"tags":[],"class_list":["post-4132","post","type-post","status-publish","format-standard","has-post-thumbnail","hentry","category-sin-categoria"],"yoast_head":"<!-- This site is optimized with the Yoast SEO plugin v22.7 - https:\/\/yoast.com\/wordpress\/plugins\/seo\/ -->\n<title>Los Llanos de Aridane celebra el D\u00eda Blanco este viernes con actividades para toda la familia y buena m\u00fasica - Ayuntamiento de Los Llanos de Aridane<\/title>\n<meta name=\"robots\" content=\"index, follow, max-snippet:-1, max-image-preview:large, max-video-preview:-1\" \/>\n<link rel=\"canonical\" href=\"https:\/\/www.aridane.org\/city\/2024\/11\/25\/los-llanos-de-aridane-celebra-el-dia-blanco-este-viernes-con-actividades-para-toda-la-familia-y-buena-musica\/\" \/>\n<meta property=\"og:locale\" content=\"es_ES\" \/>\n<meta property=\"og:type\" content=\"article\" \/>\n<meta property=\"og:title\" content=\"Los Llanos de Aridane celebra el D\u00eda Blanco este viernes con actividades para toda la familia y buena m\u00fasica - Ayuntamiento de Los Llanos de Aridane\" \/>\n<meta property=\"og:description\" content=\"Habr\u00e1 talleres infantiles, espect\u00e1culos, m\u00fasica en vivo con violinistas y saxofonistas y una fiesta fin de cierre con Renzo El Selector\" \/>\n<meta property=\"og:url\" content=\"https:\/\/www.aridane.org\/city\/2024\/11\/25\/los-llanos-de-aridane-celebra-el-dia-blanco-este-viernes-con-actividades-para-toda-la-familia-y-buena-musica\/\" \/>\n<meta property=\"og:site_name\" content=\"Ayuntamiento de Los Llanos de Aridane\" \/>\n<meta property=\"article:published_time\" content=\"2024-11-25T08:51:47+00:00\" \/>\n<meta property=\"article:modified_time\" content=\"2024-11-28T08:52:36+00:00\" \/>\n<meta property=\"og:image\" content=\"https:\/\/www.aridane.org\/city\/wp-content\/uploads\/2024\/11\/Dia-Blanco-29N.jpeg\" \/>\n\t<meta property=\"og:image:width\" content=\"1891\" \/>\n\t<meta property=\"og:image:height\" content=\"1418\" \/>\n\t<meta property=\"og:image:type\" content=\"image\/jpeg\" \/>\n<meta name=\"author\" content=\"Corresponsal\" \/>\n<meta name=\"twitter:card\" content=\"summary_large_image\" \/>\n<meta name=\"twitter:label1\" content=\"Escrito por\" \/>\n\t<meta name=\"twitter:data1\" content=\"Corresponsal\" \/>\n\t<meta name=\"twitter:label2\" content=\"Tiempo de lectura\" \/>\n\t<meta name=\"twitter:data2\" content=\"3 minutos\" \/>\n<script type=\"application\/ld+json\" class=\"yoast-schema-graph\">{\"@context\":\"https:\/\/schema.org\",\"@graph\":[{\"@type\":\"WebPage\",\"@id\":\"https:\/\/www.aridane.org\/city\/2024\/11\/25\/los-llanos-de-aridane-celebra-el-dia-blanco-este-viernes-con-actividades-para-toda-la-familia-y-buena-musica\/\",\"url\":\"https:\/\/www.aridane.org\/city\/2024\/11\/25\/los-llanos-de-aridane-celebra-el-dia-blanco-este-viernes-con-actividades-para-toda-la-familia-y-buena-musica\/\",\"name\":\"Los Llanos de Aridane celebra el D\u00eda Blanco este viernes con actividades para toda la familia y buena m\u00fasica - Ayuntamiento de Los Llanos de Aridane\",\"isPartOf\":{\"@id\":\"https:\/\/www.aridane.org\/city\/#website\"},\"primaryImageOfPage\":{\"@id\":\"https:\/\/www.aridane.org\/city\/2024\/11\/25\/los-llanos-de-aridane-celebra-el-dia-blanco-este-viernes-con-actividades-para-toda-la-familia-y-buena-musica\/#primaryimage\"},\"image\":{\"@id\":\"https:\/\/www.aridane.org\/city\/2024\/11\/25\/los-llanos-de-aridane-celebra-el-dia-blanco-este-viernes-con-actividades-para-toda-la-familia-y-buena-musica\/#primaryimage\"},\"thumbnailUrl\":\"https:\/\/www.aridane.org\/city\/wp-content\/uploads\/2024\/11\/Dia-Blanco-29N.jpeg\",\"datePublished\":\"2024-11-25T08:51:47+00:00\",\"dateModified\":\"2024-11-28T08:52:36+00:00\",\"author\":{\"@id\":\"https:\/\/www.aridane.org\/city\/#\/schema\/person\/89ebd376b223dc94cc1dbcf200c8e6da\"},\"breadcrumb\":{\"@id\":\"https:\/\/www.aridane.org\/city\/2024\/11\/25\/los-llanos-de-aridane-celebra-el-dia-blanco-este-viernes-con-actividades-para-toda-la-familia-y-buena-musica\/#breadcrumb\"},\"inLanguage\":\"es\",\"potentialAction\":[{\"@type\":\"ReadAction\",\"target\":[\"https:\/\/www.aridane.org\/city\/2024\/11\/25\/los-llanos-de-aridane-celebra-el-dia-blanco-este-viernes-con-actividades-para-toda-la-familia-y-buena-musica\/\"]}]},{\"@type\":\"ImageObject\",\"inLanguage\":\"es\",\"@id\":\"https:\/\/www.aridane.org\/city\/2024\/11\/25\/los-llanos-de-aridane-celebra-el-dia-blanco-este-viernes-con-actividades-para-toda-la-familia-y-buena-musica\/#primaryimage\",\"url\":\"https:\/\/www.aridane.org\/city\/wp-content\/uploads\/2024\/11\/Dia-Blanco-29N.jpeg\",\"contentUrl\":\"https:\/\/www.aridane.org\/city\/wp-content\/uploads\/2024\/11\/Dia-Blanco-29N.jpeg\",\"width\":1891,\"height\":1418},{\"@type\":\"BreadcrumbList\",\"@id\":\"https:\/\/www.aridane.org\/city\/2024\/11\/25\/los-llanos-de-aridane-celebra-el-dia-blanco-este-viernes-con-actividades-para-toda-la-familia-y-buena-musica\/#breadcrumb\",\"itemListElement\":[{\"@type\":\"ListItem\",\"position\":1,\"name\":\"Portada\",\"item\":\"https:\/\/www.aridane.org\/city\/\"},{\"@type\":\"ListItem\",\"position\":2,\"name\":\"Los Llanos de Aridane celebra el D\u00eda Blanco este viernes con actividades para toda la familia y buena m\u00fasica\"}]},{\"@type\":\"WebSite\",\"@id\":\"https:\/\/www.aridane.org\/city\/#website\",\"url\":\"https:\/\/www.aridane.org\/city\/\",\"name\":\"Ayuntamiento de Los Llanos de Aridane\",\"description\":\"\",\"potentialAction\":[{\"@type\":\"SearchAction\",\"target\":{\"@type\":\"EntryPoint\",\"urlTemplate\":\"https:\/\/www.aridane.org\/city\/?s={search_term_string}\"},\"query-input\":\"required name=search_term_string\"}],\"inLanguage\":\"es\"},{\"@type\":\"Person\",\"@id\":\"https:\/\/www.aridane.org\/city\/#\/schema\/person\/89ebd376b223dc94cc1dbcf200c8e6da\",\"name\":\"Corresponsal\",\"image\":{\"@type\":\"ImageObject\",\"inLanguage\":\"es\",\"@id\":\"https:\/\/www.aridane.org\/city\/#\/schema\/person\/image\/\",\"url\":\"https:\/\/secure.gravatar.com\/avatar\/1c476992411e4ccf153da63b2b2f5ea0bb4cb1c85f3ceab8512f04325ad5579c?s=96&d=mm&r=g\",\"contentUrl\":\"https:\/\/secure.gravatar.com\/avatar\/1c476992411e4ccf153da63b2b2f5ea0bb4cb1c85f3ceab8512f04325ad5579c?s=96&d=mm&r=g\",\"caption\":\"Corresponsal\"},\"url\":\"https:\/\/www.aridane.org\/city\/author\/corresponsal\/\"}]}<\/script>\n<!-- \/ Yoast SEO plugin. -->","yoast_head_json":{"title":"Los Llanos de Aridane celebra el D\u00eda Blanco este viernes con actividades para toda la familia y buena m\u00fasica - Ayuntamiento de Los Llanos de Aridane","robots":{"index":"index","follow":"follow","max-snippet":"max-snippet:-1","max-image-preview":"max-image-preview:large","max-video-preview":"max-video-preview:-1"},"canonical":"https:\/\/www.aridane.org\/city\/2024\/11\/25\/los-llanos-de-aridane-celebra-el-dia-blanco-este-viernes-con-actividades-para-toda-la-familia-y-buena-musica\/","og_locale":"es_ES","og_type":"article","og_title":"Los Llanos de Aridane celebra el D\u00eda Blanco este viernes con actividades para toda la familia y buena m\u00fasica - Ayuntamiento de Los Llanos de Aridane","og_description":"Habr\u00e1 talleres infantiles, espect\u00e1culos, m\u00fasica en vivo con violinistas y saxofonistas y una fiesta fin de cierre con Renzo El Selector","og_url":"https:\/\/www.aridane.org\/city\/2024\/11\/25\/los-llanos-de-aridane-celebra-el-dia-blanco-este-viernes-con-actividades-para-toda-la-familia-y-buena-musica\/","og_site_name":"Ayuntamiento de Los Llanos de Aridane","article_published_time":"2024-11-25T08:51:47+00:00","article_modified_time":"2024-11-28T08:52:36+00:00","og_image":[{"width":1891,"height":1418,"url":"https:\/\/www.aridane.org\/city\/wp-content\/uploads\/2024\/11\/Dia-Blanco-29N.jpeg","type":"image\/jpeg"}],"author":"Corresponsal","twitter_card":"summary_large_image","twitter_misc":{"Escrito por":"Corresponsal","Tiempo de lectura":"3 minutos"},"schema":{"@context":"https:\/\/schema.org","@graph":[{"@type":"WebPage","@id":"https:\/\/www.aridane.org\/city\/2024\/11\/25\/los-llanos-de-aridane-celebra-el-dia-blanco-este-viernes-con-actividades-para-toda-la-familia-y-buena-musica\/","url":"https:\/\/www.aridane.org\/city\/2024\/11\/25\/los-llanos-de-aridane-celebra-el-dia-blanco-este-viernes-con-actividades-para-toda-la-familia-y-buena-musica\/","name":"Los Llanos de Aridane celebra el D\u00eda Blanco este viernes con actividades para toda la familia y buena m\u00fasica - Ayuntamiento de Los Llanos de Aridane","isPartOf":{"@id":"https:\/\/www.aridane.org\/city\/#website"},"primaryImageOfPage":{"@id":"https:\/\/www.aridane.org\/city\/2024\/11\/25\/los-llanos-de-aridane-celebra-el-dia-blanco-este-viernes-con-actividades-para-toda-la-familia-y-buena-musica\/#primaryimage"},"image":{"@id":"https:\/\/www.aridane.org\/city\/2024\/11\/25\/los-llanos-de-aridane-celebra-el-dia-blanco-este-viernes-con-actividades-para-toda-la-familia-y-buena-musica\/#primaryimage"},"thumbnailUrl":"https:\/\/www.aridane.org\/city\/wp-content\/uploads\/2024\/11\/Dia-Blanco-29N.jpeg","datePublished":"2024-11-25T08:51:47+00:00","dateModified":"2024-11-28T08:52:36+00:00","author":{"@id":"https:\/\/www.aridane.org\/city\/#\/schema\/person\/89ebd376b223dc94cc1dbcf200c8e6da"},"breadcrumb":{"@id":"https:\/\/www.aridane.org\/city\/2024\/11\/25\/los-llanos-de-aridane-celebra-el-dia-blanco-este-viernes-con-actividades-para-toda-la-familia-y-buena-musica\/#breadcrumb"},"inLanguage":"es","potentialAction":[{"@type":"ReadAction","target":["https:\/\/www.aridane.org\/city\/2024\/11\/25\/los-llanos-de-aridane-celebra-el-dia-blanco-este-viernes-con-actividades-para-toda-la-familia-y-buena-musica\/"]}]},{"@type":"ImageObject","inLanguage":"es","@id":"https:\/\/www.aridane.org\/city\/2024\/11\/25\/los-llanos-de-aridane-celebra-el-dia-blanco-este-viernes-con-actividades-para-toda-la-familia-y-buena-musica\/#primaryimage","url":"https:\/\/www.aridane.org\/city\/wp-content\/uploads\/2024\/11\/Dia-Blanco-29N.jpeg","contentUrl":"https:\/\/www.aridane.org\/city\/wp-content\/uploads\/2024\/11\/Dia-Blanco-29N.jpeg","width":1891,"height":1418},{"@type":"BreadcrumbList","@id":"https:\/\/www.aridane.org\/city\/2024\/11\/25\/los-llanos-de-aridane-celebra-el-dia-blanco-este-viernes-con-actividades-para-toda-la-familia-y-buena-musica\/#breadcrumb","itemListElement":[{"@type":"ListItem","position":1,"name":"Portada","item":"https:\/\/www.aridane.org\/city\/"},{"@type":"ListItem","position":2,"name":"Los Llanos de Aridane celebra el D\u00eda Blanco este viernes con actividades para toda la familia y buena m\u00fasica"}]},{"@type":"WebSite","@id":"https:\/\/www.aridane.org\/city\/#website","url":"https:\/\/www.aridane.org\/city\/","name":"Ayuntamiento de Los Llanos de Aridane","description":"","potentialAction":[{"@type":"SearchAction","target":{"@type":"EntryPoint","urlTemplate":"https:\/\/www.aridane.org\/city\/?s={search_term_string}"},"query-input":"required name=search_term_string"}],"inLanguage":"es"},{"@type":"Person","@id":"https:\/\/www.aridane.org\/city\/#\/schema\/person\/89ebd376b223dc94cc1dbcf200c8e6da","name":"Corresponsal","image":{"@type":"ImageObject","inLanguage":"es","@id":"https:\/\/www.aridane.org\/city\/#\/schema\/person\/image\/","url":"https:\/\/secure.gravatar.com\/avatar\/1c476992411e4ccf153da63b2b2f5ea0bb4cb1c85f3ceab8512f04325ad5579c?s=96&d=mm&r=g","contentUrl":"https:\/\/secure.gravatar.com\/avatar\/1c476992411e4ccf153da63b2b2f5ea0bb4cb1c85f3ceab8512f04325ad5579c?s=96&d=mm&r=g","caption":"Corresponsal"},"url":"https:\/\/www.aridane.org\/city\/author\/corresponsal\/"}]}},"_links":{"self":[{"href":"https:\/\/www.aridane.org\/city\/wp-json\/wp\/v2\/posts\/4132","targetHints":{"allow":["GET"]}}],"collection":[{"href":"https:\/\/www.aridane.org\/city\/wp-json\/wp\/v2\/posts"}],"about":[{"href":"https:\/\/www.aridane.org\/city\/wp-json\/wp\/v2\/types\/post"}],"author":[{"embeddable":true,"href":"https:\/\/www.aridane.org\/city\/wp-json\/wp\/v2\/users\/4"}],"replies":[{"embeddable":true,"href":"https:\/\/www.aridane.org\/city\/wp-json\/wp\/v2\/comments?post=4132"}],"version-history":[{"count":1,"href":"https:\/\/www.aridane.org\/city\/wp-json\/wp\/v2\/posts\/4132\/revisions"}],"predecessor-version":[{"id":4133,"href":"https:\/\/www.aridane.org\/city\/wp-json\/wp\/v2\/posts\/4132\/revisions\/4133"}],"wp:featuredmedia":[{"embeddable":true,"href":"https:\/\/www.aridane.org\/city\/wp-json\/wp\/v2\/media\/4131"}],"wp:attachment":[{"href":"https:\/\/www.aridane.org\/city\/wp-json\/wp\/v2\/media?parent=4132"}],"wp:term":[{"taxonomy":"category","embeddable":true,"href":"https:\/\/www.aridane.org\/city\/wp-json\/wp\/v2\/categories?post=4132"},{"taxonomy":"post_tag","embeddable":true,"href":"https:\/\/www.aridane.org\/city\/wp-json\/wp\/v2\/tags?post=4132"}],"curies":[{"name":"wp","href":"https:\/\/api.w.org\/{rel}","templated":true}]}}