{"id":4134,"date":"2024-11-25T08:52:44","date_gmt":"2024-11-25T08:52:44","guid":{"rendered":"https:\/\/www.aridane.org\/city\/?p=4134"},"modified":"2024-11-28T09:27:43","modified_gmt":"2024-11-28T09:27:43","slug":"los-llanos-de-aridane-acoge-el-v-encuentro-internacional-de-saxofon-con-un-programa-repleto-de-talento-y-estrenos","status":"publish","type":"post","link":"https:\/\/www.aridane.org\/city\/2024\/11\/25\/los-llanos-de-aridane-acoge-el-v-encuentro-internacional-de-saxofon-con-un-programa-repleto-de-talento-y-estrenos\/","title":{"rendered":"Los Llanos de Aridane acoge el V Encuentro Internacional de Saxof\u00f3n con un programa repleto de talento y estrenos\u00a0"},"content":{"rendered":"<p><em>La concejala de Cultura, Marlene Gonz\u00e1lez, asegura que este evento coloca a La Palma \u201cen el centro del panorama cultural internacional\u201d<\/em><!--more--><\/p>\n<div id=\"v1forwardbody1\">\n<p>Los Llanos de Aridane ser\u00e1 el escenario, del 5 al 8 de diciembre, del V Encuentro Internacional de Saxof\u00f3n de La Palma. La cita reunir\u00e1 a saxofonistas de renombre internacional, j\u00f3venes talentos y p\u00fablico amante de la m\u00fasica.<\/p>\n<p>El evento, organizado por Anne-Theilke Grabow y Jos\u00e9 Climent, miembros de la Asociaci\u00f3n Cultural Encuentro de Saxof\u00f3n La Palma, contar\u00e1 con la participaci\u00f3n de profesores de prestigio como Hans de Jong (B\u00e9lgica), Bal\u00e1zs Klacs\u00e1k (Hungr\u00eda), Emidio Ranieri (Italia\/B\u00e9lgica), Manuel Padula (Italia), Sergio D\u00edaz Ropero Casarrubios (Espa\u00f1a\/Tenerife) y la pianista Mar\u00eda Lorenzo (Espa\u00f1a\/La Palma).<\/p>\n<p>Adem\u00e1s de las masterclasses -en las que 23 m\u00fasicos de La Palma, Tenerife, Hungr\u00eda, Italia y B\u00e9lgica perfeccionar\u00e1n sus habilidades- el programa incluye conciertos \u00fanicos en diversos espacios culturales del municipio.<\/p>\n<p>La concejala de Cultura, Marlene Gonz\u00e1lez, asegura que el V Encuentro Internacional de Saxof\u00f3n de La Palma es una oportunidad \u00fanica para Los Llanos de Aridane y la isla en general. \u201cEste evento coloca a La Palma en el centro del panorama cultural internacional, contribuyendo a dinamizar la econom\u00eda local, incrementando el turismo cultural y promoviendo el intercambio art\u00edstico y educativo entre j\u00f3venes talentos y profesionales consolidados\u201d, apunta.<\/p>\n<p>En este sentido, el consejero de Cultura del Cabildo de La Palma, Pablo D\u00edaz Cobiella, asegura que encuentros de este prestigio posicionan a la isla \u201ccomo un espacio ideal para el desarrollo de actividades culturales de alto nivel\u201d.<\/p>\n<p>Asimismo, el consejero destaca que el Encuentro fomenta \u201cla preservaci\u00f3n y difusi\u00f3n de la identidad cultural de Canarias, integrando en su programaci\u00f3n obras inspiradas en leyendas locales y en la tradici\u00f3n musical de las islas\u201d.<\/p>\n<h3><strong>Conciertos destacados<\/strong><\/h3>\n<p>El encuentro arrancar\u00e1 el 5 de diciembre a las 20:00 horas con un concierto de gala en los bajos de la Casa de la Cultura. La Banda Municipal de Los Llanos de Aridane inaugurar\u00e1 el festival con una actuaci\u00f3n a beneficio de la asociaci\u00f3n &#8216;Unas Notas de Esperanza&#8217;.<\/p>\n<p>El 6 de diciembre, el D\u00fao Bovers, formado por Emidio Ranieri y Manuel Padula, ofrecer\u00e1 un recital en el Espacio Cultural El Secadero, donde interpretar\u00e1n piezas de su \u00faltimo trabajo discogr\u00e1fico, incluyendo una composici\u00f3n del tinerfe\u00f1o Leandro A. Mart\u00edn.<\/p>\n<p>El 7 de diciembre, la Real Sociedad Aridane acoger\u00e1 a las 19:30 horas un concierto que combinar\u00e1 la participaci\u00f3n de estudiantes de piano y saxof\u00f3n, dirigidos por Mar\u00eda Lorenzo, y el estreno de obras de la compositora Marisa Manchado, reciente ganadora del Premio Nacional de M\u00fasica de Composici\u00f3n 2024, y del reconocido compositor Sebasti\u00e1n Marin\u00e9.<\/p>\n<h3><strong>Clausura con estreno mundial<\/strong><\/h3>\n<p>La clausura, el 8 de diciembre a las 11:00 horas, tendr\u00e1 lugar en los bajos de la Casa de la Cultura con el estreno mundial de la fantas\u00eda sinf\u00f3nica &#8216;Guayota&#8217;, compuesta por Ferrer Ferran. Inspirada en una leyenda canaria, esta obra promete transportar al p\u00fablico a un viaje \u00e9pico por los paisajes volc\u00e1nicos y mitol\u00f3gicos de las islas.<\/p>\n<h3><strong>M\u00e1s que un encuentro musical<\/strong><\/h3>\n<p>El V Encuentro Internacional de Saxof\u00f3n de La Palma se consolida como una plataforma que combina m\u00fasica, cultura y tradici\u00f3n. Este a\u00f1o cuenta con el apoyo del Cabildo Insular de La Palma, el Ayuntamiento de Los Llanos de Aridane y programas culturales como MARES del Gobierno de Canarias.<\/p>\n<p>La propuesta art\u00edstica tambi\u00e9n incluye la recuperaci\u00f3n de leyendas ancestrales canarias y la promoci\u00f3n de valores multiculturales, gracias a la colaboraci\u00f3n del estudio de arte Musa:ic, con sede en Los Llanos de Aridane.<\/p>\n<\/div>\n","protected":false},"excerpt":{"rendered":"<p>La concejala de Cultura, Marlene Gonz\u00e1lez, asegura que este evento coloca a La Palma \u201cen el centro del panorama cultural internacional\u201d<\/p>\n","protected":false},"author":4,"featured_media":4138,"comment_status":"open","ping_status":"open","sticky":false,"template":"","format":"standard","meta":{"footnotes":""},"categories":[1],"tags":[],"class_list":["post-4134","post","type-post","status-publish","format-standard","has-post-thumbnail","hentry","category-sin-categoria"],"yoast_head":"<!-- This site is optimized with the Yoast SEO plugin v22.7 - https:\/\/yoast.com\/wordpress\/plugins\/seo\/ -->\n<title>Los Llanos de Aridane acoge el V Encuentro Internacional de Saxof\u00f3n con un programa repleto de talento y estrenos\u00a0 - Ayuntamiento de Los Llanos de Aridane<\/title>\n<meta name=\"robots\" content=\"index, follow, max-snippet:-1, max-image-preview:large, max-video-preview:-1\" \/>\n<link rel=\"canonical\" href=\"https:\/\/www.aridane.org\/city\/2024\/11\/25\/los-llanos-de-aridane-acoge-el-v-encuentro-internacional-de-saxofon-con-un-programa-repleto-de-talento-y-estrenos\/\" \/>\n<meta property=\"og:locale\" content=\"es_ES\" \/>\n<meta property=\"og:type\" content=\"article\" \/>\n<meta property=\"og:title\" content=\"Los Llanos de Aridane acoge el V Encuentro Internacional de Saxof\u00f3n con un programa repleto de talento y estrenos\u00a0 - Ayuntamiento de Los Llanos de Aridane\" \/>\n<meta property=\"og:description\" content=\"La concejala de Cultura, Marlene Gonz\u00e1lez, asegura que este evento coloca a La Palma \u201cen el centro del panorama cultural internacional\u201d\" \/>\n<meta property=\"og:url\" content=\"https:\/\/www.aridane.org\/city\/2024\/11\/25\/los-llanos-de-aridane-acoge-el-v-encuentro-internacional-de-saxofon-con-un-programa-repleto-de-talento-y-estrenos\/\" \/>\n<meta property=\"og:site_name\" content=\"Ayuntamiento de Los Llanos de Aridane\" \/>\n<meta property=\"article:published_time\" content=\"2024-11-25T08:52:44+00:00\" \/>\n<meta property=\"article:modified_time\" content=\"2024-11-28T09:27:43+00:00\" \/>\n<meta property=\"og:image\" content=\"https:\/\/www.aridane.org\/city\/wp-content\/uploads\/2024\/11\/Encuentro-saxofonistas-e1732786038943.jpg\" \/>\n\t<meta property=\"og:image:width\" content=\"1200\" \/>\n\t<meta property=\"og:image:height\" content=\"997\" \/>\n\t<meta property=\"og:image:type\" content=\"image\/jpeg\" \/>\n<meta name=\"author\" content=\"Corresponsal\" \/>\n<meta name=\"twitter:card\" content=\"summary_large_image\" \/>\n<meta name=\"twitter:label1\" content=\"Escrito por\" \/>\n\t<meta name=\"twitter:data1\" content=\"Corresponsal\" \/>\n\t<meta name=\"twitter:label2\" content=\"Tiempo de lectura\" \/>\n\t<meta name=\"twitter:data2\" content=\"3 minutos\" \/>\n<script type=\"application\/ld+json\" class=\"yoast-schema-graph\">{\"@context\":\"https:\/\/schema.org\",\"@graph\":[{\"@type\":\"WebPage\",\"@id\":\"https:\/\/www.aridane.org\/city\/2024\/11\/25\/los-llanos-de-aridane-acoge-el-v-encuentro-internacional-de-saxofon-con-un-programa-repleto-de-talento-y-estrenos\/\",\"url\":\"https:\/\/www.aridane.org\/city\/2024\/11\/25\/los-llanos-de-aridane-acoge-el-v-encuentro-internacional-de-saxofon-con-un-programa-repleto-de-talento-y-estrenos\/\",\"name\":\"Los Llanos de Aridane acoge el V Encuentro Internacional de Saxof\u00f3n con un programa repleto de talento y estrenos\u00a0 - Ayuntamiento de Los Llanos de Aridane\",\"isPartOf\":{\"@id\":\"https:\/\/www.aridane.org\/city\/#website\"},\"primaryImageOfPage\":{\"@id\":\"https:\/\/www.aridane.org\/city\/2024\/11\/25\/los-llanos-de-aridane-acoge-el-v-encuentro-internacional-de-saxofon-con-un-programa-repleto-de-talento-y-estrenos\/#primaryimage\"},\"image\":{\"@id\":\"https:\/\/www.aridane.org\/city\/2024\/11\/25\/los-llanos-de-aridane-acoge-el-v-encuentro-internacional-de-saxofon-con-un-programa-repleto-de-talento-y-estrenos\/#primaryimage\"},\"thumbnailUrl\":\"https:\/\/www.aridane.org\/city\/wp-content\/uploads\/2024\/11\/Encuentro-saxofonistas-e1732786038943.jpg\",\"datePublished\":\"2024-11-25T08:52:44+00:00\",\"dateModified\":\"2024-11-28T09:27:43+00:00\",\"author\":{\"@id\":\"https:\/\/www.aridane.org\/city\/#\/schema\/person\/89ebd376b223dc94cc1dbcf200c8e6da\"},\"breadcrumb\":{\"@id\":\"https:\/\/www.aridane.org\/city\/2024\/11\/25\/los-llanos-de-aridane-acoge-el-v-encuentro-internacional-de-saxofon-con-un-programa-repleto-de-talento-y-estrenos\/#breadcrumb\"},\"inLanguage\":\"es\",\"potentialAction\":[{\"@type\":\"ReadAction\",\"target\":[\"https:\/\/www.aridane.org\/city\/2024\/11\/25\/los-llanos-de-aridane-acoge-el-v-encuentro-internacional-de-saxofon-con-un-programa-repleto-de-talento-y-estrenos\/\"]}]},{\"@type\":\"ImageObject\",\"inLanguage\":\"es\",\"@id\":\"https:\/\/www.aridane.org\/city\/2024\/11\/25\/los-llanos-de-aridane-acoge-el-v-encuentro-internacional-de-saxofon-con-un-programa-repleto-de-talento-y-estrenos\/#primaryimage\",\"url\":\"https:\/\/www.aridane.org\/city\/wp-content\/uploads\/2024\/11\/Encuentro-saxofonistas-e1732786038943.jpg\",\"contentUrl\":\"https:\/\/www.aridane.org\/city\/wp-content\/uploads\/2024\/11\/Encuentro-saxofonistas-e1732786038943.jpg\",\"width\":1200,\"height\":997},{\"@type\":\"BreadcrumbList\",\"@id\":\"https:\/\/www.aridane.org\/city\/2024\/11\/25\/los-llanos-de-aridane-acoge-el-v-encuentro-internacional-de-saxofon-con-un-programa-repleto-de-talento-y-estrenos\/#breadcrumb\",\"itemListElement\":[{\"@type\":\"ListItem\",\"position\":1,\"name\":\"Portada\",\"item\":\"https:\/\/www.aridane.org\/city\/\"},{\"@type\":\"ListItem\",\"position\":2,\"name\":\"Los Llanos de Aridane acoge el V Encuentro Internacional de Saxof\u00f3n con un programa repleto de talento y estrenos\u00a0\"}]},{\"@type\":\"WebSite\",\"@id\":\"https:\/\/www.aridane.org\/city\/#website\",\"url\":\"https:\/\/www.aridane.org\/city\/\",\"name\":\"Ayuntamiento de Los Llanos de Aridane\",\"description\":\"\",\"potentialAction\":[{\"@type\":\"SearchAction\",\"target\":{\"@type\":\"EntryPoint\",\"urlTemplate\":\"https:\/\/www.aridane.org\/city\/?s={search_term_string}\"},\"query-input\":\"required name=search_term_string\"}],\"inLanguage\":\"es\"},{\"@type\":\"Person\",\"@id\":\"https:\/\/www.aridane.org\/city\/#\/schema\/person\/89ebd376b223dc94cc1dbcf200c8e6da\",\"name\":\"Corresponsal\",\"image\":{\"@type\":\"ImageObject\",\"inLanguage\":\"es\",\"@id\":\"https:\/\/www.aridane.org\/city\/#\/schema\/person\/image\/\",\"url\":\"https:\/\/secure.gravatar.com\/avatar\/1c476992411e4ccf153da63b2b2f5ea0bb4cb1c85f3ceab8512f04325ad5579c?s=96&d=mm&r=g\",\"contentUrl\":\"https:\/\/secure.gravatar.com\/avatar\/1c476992411e4ccf153da63b2b2f5ea0bb4cb1c85f3ceab8512f04325ad5579c?s=96&d=mm&r=g\",\"caption\":\"Corresponsal\"},\"url\":\"https:\/\/www.aridane.org\/city\/author\/corresponsal\/\"}]}<\/script>\n<!-- \/ Yoast SEO plugin. -->","yoast_head_json":{"title":"Los Llanos de Aridane acoge el V Encuentro Internacional de Saxof\u00f3n con un programa repleto de talento y estrenos\u00a0 - Ayuntamiento de Los Llanos de Aridane","robots":{"index":"index","follow":"follow","max-snippet":"max-snippet:-1","max-image-preview":"max-image-preview:large","max-video-preview":"max-video-preview:-1"},"canonical":"https:\/\/www.aridane.org\/city\/2024\/11\/25\/los-llanos-de-aridane-acoge-el-v-encuentro-internacional-de-saxofon-con-un-programa-repleto-de-talento-y-estrenos\/","og_locale":"es_ES","og_type":"article","og_title":"Los Llanos de Aridane acoge el V Encuentro Internacional de Saxof\u00f3n con un programa repleto de talento y estrenos\u00a0 - Ayuntamiento de Los Llanos de Aridane","og_description":"La concejala de Cultura, Marlene Gonz\u00e1lez, asegura que este evento coloca a La Palma \u201cen el centro del panorama cultural internacional\u201d","og_url":"https:\/\/www.aridane.org\/city\/2024\/11\/25\/los-llanos-de-aridane-acoge-el-v-encuentro-internacional-de-saxofon-con-un-programa-repleto-de-talento-y-estrenos\/","og_site_name":"Ayuntamiento de Los Llanos de Aridane","article_published_time":"2024-11-25T08:52:44+00:00","article_modified_time":"2024-11-28T09:27:43+00:00","og_image":[{"width":1200,"height":997,"url":"https:\/\/www.aridane.org\/city\/wp-content\/uploads\/2024\/11\/Encuentro-saxofonistas-e1732786038943.jpg","type":"image\/jpeg"}],"author":"Corresponsal","twitter_card":"summary_large_image","twitter_misc":{"Escrito por":"Corresponsal","Tiempo de lectura":"3 minutos"},"schema":{"@context":"https:\/\/schema.org","@graph":[{"@type":"WebPage","@id":"https:\/\/www.aridane.org\/city\/2024\/11\/25\/los-llanos-de-aridane-acoge-el-v-encuentro-internacional-de-saxofon-con-un-programa-repleto-de-talento-y-estrenos\/","url":"https:\/\/www.aridane.org\/city\/2024\/11\/25\/los-llanos-de-aridane-acoge-el-v-encuentro-internacional-de-saxofon-con-un-programa-repleto-de-talento-y-estrenos\/","name":"Los Llanos de Aridane acoge el V Encuentro Internacional de Saxof\u00f3n con un programa repleto de talento y estrenos\u00a0 - Ayuntamiento de Los Llanos de Aridane","isPartOf":{"@id":"https:\/\/www.aridane.org\/city\/#website"},"primaryImageOfPage":{"@id":"https:\/\/www.aridane.org\/city\/2024\/11\/25\/los-llanos-de-aridane-acoge-el-v-encuentro-internacional-de-saxofon-con-un-programa-repleto-de-talento-y-estrenos\/#primaryimage"},"image":{"@id":"https:\/\/www.aridane.org\/city\/2024\/11\/25\/los-llanos-de-aridane-acoge-el-v-encuentro-internacional-de-saxofon-con-un-programa-repleto-de-talento-y-estrenos\/#primaryimage"},"thumbnailUrl":"https:\/\/www.aridane.org\/city\/wp-content\/uploads\/2024\/11\/Encuentro-saxofonistas-e1732786038943.jpg","datePublished":"2024-11-25T08:52:44+00:00","dateModified":"2024-11-28T09:27:43+00:00","author":{"@id":"https:\/\/www.aridane.org\/city\/#\/schema\/person\/89ebd376b223dc94cc1dbcf200c8e6da"},"breadcrumb":{"@id":"https:\/\/www.aridane.org\/city\/2024\/11\/25\/los-llanos-de-aridane-acoge-el-v-encuentro-internacional-de-saxofon-con-un-programa-repleto-de-talento-y-estrenos\/#breadcrumb"},"inLanguage":"es","potentialAction":[{"@type":"ReadAction","target":["https:\/\/www.aridane.org\/city\/2024\/11\/25\/los-llanos-de-aridane-acoge-el-v-encuentro-internacional-de-saxofon-con-un-programa-repleto-de-talento-y-estrenos\/"]}]},{"@type":"ImageObject","inLanguage":"es","@id":"https:\/\/www.aridane.org\/city\/2024\/11\/25\/los-llanos-de-aridane-acoge-el-v-encuentro-internacional-de-saxofon-con-un-programa-repleto-de-talento-y-estrenos\/#primaryimage","url":"https:\/\/www.aridane.org\/city\/wp-content\/uploads\/2024\/11\/Encuentro-saxofonistas-e1732786038943.jpg","contentUrl":"https:\/\/www.aridane.org\/city\/wp-content\/uploads\/2024\/11\/Encuentro-saxofonistas-e1732786038943.jpg","width":1200,"height":997},{"@type":"BreadcrumbList","@id":"https:\/\/www.aridane.org\/city\/2024\/11\/25\/los-llanos-de-aridane-acoge-el-v-encuentro-internacional-de-saxofon-con-un-programa-repleto-de-talento-y-estrenos\/#breadcrumb","itemListElement":[{"@type":"ListItem","position":1,"name":"Portada","item":"https:\/\/www.aridane.org\/city\/"},{"@type":"ListItem","position":2,"name":"Los Llanos de Aridane acoge el V Encuentro Internacional de Saxof\u00f3n con un programa repleto de talento y estrenos\u00a0"}]},{"@type":"WebSite","@id":"https:\/\/www.aridane.org\/city\/#website","url":"https:\/\/www.aridane.org\/city\/","name":"Ayuntamiento de Los Llanos de Aridane","description":"","potentialAction":[{"@type":"SearchAction","target":{"@type":"EntryPoint","urlTemplate":"https:\/\/www.aridane.org\/city\/?s={search_term_string}"},"query-input":"required name=search_term_string"}],"inLanguage":"es"},{"@type":"Person","@id":"https:\/\/www.aridane.org\/city\/#\/schema\/person\/89ebd376b223dc94cc1dbcf200c8e6da","name":"Corresponsal","image":{"@type":"ImageObject","inLanguage":"es","@id":"https:\/\/www.aridane.org\/city\/#\/schema\/person\/image\/","url":"https:\/\/secure.gravatar.com\/avatar\/1c476992411e4ccf153da63b2b2f5ea0bb4cb1c85f3ceab8512f04325ad5579c?s=96&d=mm&r=g","contentUrl":"https:\/\/secure.gravatar.com\/avatar\/1c476992411e4ccf153da63b2b2f5ea0bb4cb1c85f3ceab8512f04325ad5579c?s=96&d=mm&r=g","caption":"Corresponsal"},"url":"https:\/\/www.aridane.org\/city\/author\/corresponsal\/"}]}},"_links":{"self":[{"href":"https:\/\/www.aridane.org\/city\/wp-json\/wp\/v2\/posts\/4134","targetHints":{"allow":["GET"]}}],"collection":[{"href":"https:\/\/www.aridane.org\/city\/wp-json\/wp\/v2\/posts"}],"about":[{"href":"https:\/\/www.aridane.org\/city\/wp-json\/wp\/v2\/types\/post"}],"author":[{"embeddable":true,"href":"https:\/\/www.aridane.org\/city\/wp-json\/wp\/v2\/users\/4"}],"replies":[{"embeddable":true,"href":"https:\/\/www.aridane.org\/city\/wp-json\/wp\/v2\/comments?post=4134"}],"version-history":[{"count":1,"href":"https:\/\/www.aridane.org\/city\/wp-json\/wp\/v2\/posts\/4134\/revisions"}],"predecessor-version":[{"id":4135,"href":"https:\/\/www.aridane.org\/city\/wp-json\/wp\/v2\/posts\/4134\/revisions\/4135"}],"wp:featuredmedia":[{"embeddable":true,"href":"https:\/\/www.aridane.org\/city\/wp-json\/wp\/v2\/media\/4138"}],"wp:attachment":[{"href":"https:\/\/www.aridane.org\/city\/wp-json\/wp\/v2\/media?parent=4134"}],"wp:term":[{"taxonomy":"category","embeddable":true,"href":"https:\/\/www.aridane.org\/city\/wp-json\/wp\/v2\/categories?post=4134"},{"taxonomy":"post_tag","embeddable":true,"href":"https:\/\/www.aridane.org\/city\/wp-json\/wp\/v2\/tags?post=4134"}],"curies":[{"name":"wp","href":"https:\/\/api.w.org\/{rel}","templated":true}]}}