{"id":4142,"date":"2024-11-22T09:29:36","date_gmt":"2024-11-22T09:29:36","guid":{"rendered":"https:\/\/www.aridane.org\/city\/?p=4142"},"modified":"2024-11-28T09:30:43","modified_gmt":"2024-11-28T09:30:43","slug":"javier-llamas-destaca-la-gestion-del-area-de-reconstruccion-para-lograr-5-millones-de-euros-mas-para-los-llanos-de-aridane","status":"publish","type":"post","link":"https:\/\/www.aridane.org\/city\/2024\/11\/22\/javier-llamas-destaca-la-gestion-del-area-de-reconstruccion-para-lograr-5-millones-de-euros-mas-para-los-llanos-de-aridane\/","title":{"rendered":"Javier Llamas destaca la gesti\u00f3n del \u00e1rea de Reconstrucci\u00f3n para lograr 5 millones de euros m\u00e1s para Los Llanos de Aridane"},"content":{"rendered":"<p><em>El Ayuntamiento sigue trabajando en un segundo convenio con el Gobierno de Espa\u00f1a para obtener fondos de hasta 44 millones de euros<\/em><!--more--><\/p>\n<div id=\"v1forwardbody1\">\n<p>El alcalde de Los Llanos de Aridane, Javier Llamas, destaca la gesti\u00f3n del \u00e1rea de Reconstrucci\u00f3n y del equipo t\u00e9cnico del Ayuntamiento para actualizar la cifra de la recuperaci\u00f3n post-volc\u00e1n. \u201cEl trabajo que hemos venido realizando en los \u00faltimos meses se materializa en el Consejo de Ministros de este 20 de noviembre, que nos concede una subvenci\u00f3n de 16 millones de euros para la reconstrucci\u00f3n, cinco millones de euros m\u00e1s de lo previsto en 2022\u201d, apunta.<\/p>\n<p>Llamas explica que los 16 millones de euros del Gobierno de Espa\u00f1a se componen de dos partidas diferentes: 11 millones de euros relativos a la firma del primer convenio suscrito con el Ministerio de Pol\u00edtica Territorial en diciembre de 2022, y cinco millones de euros m\u00e1s, producto de la actualizaci\u00f3n de la relaci\u00f3n de da\u00f1os del volc\u00e1n en la que ha venido trabajando el Ayuntamiento en los \u00faltimos meses.<\/p>\n<p>\u201cEs una excelente noticia y un gran impulso para la reconstrucci\u00f3n de Los Llanos de Aridane\u201d, asegura. \u201cPero aqu\u00ed no paramos. Seguimos en conversaciones con el Gobierno de Espa\u00f1a para incluir una nueva adenda, un nuevo convenio con m\u00e1s infraestructuras municipales afectadas\u201d, detalla el alcalde.<\/p>\n<p>En concreto, el \u00e1rea de Reconstrucci\u00f3n, liderada por la Alcald\u00eda y la Concejal\u00eda de Urbanismo que lidera Tamara Acosta, ha presentado al Ministerio de Pol\u00edtica Territorial un documento que incluye 14 caminos municipales da\u00f1ados por la lava y otras infraestructuras de titularidad p\u00fablica municipal afectadas que no se contemplaron en el acuerdo de 2022.<\/p>\n<p>\u201cEstamos hablando de unos 44 millones de euros, de los cuales el Gobierno de Espa\u00f1a tendr\u00e1 que asumir un 50%. Seguimos trabajando d\u00eda tras d\u00eda para conseguir este nuevo capital y continuar con este impulso que hemos dado a la reconstrucci\u00f3n\u201d, concluye.<\/p>\n<h3><strong>Los detalles de la \u00faltima subvenci\u00f3n<\/strong><\/h3>\n<p>El Consejo de Ministros del Gobierno de Espa\u00f1a autoriz\u00f3 ayer mi\u00e9rcoles la concesi\u00f3n de una subvenci\u00f3n de 16.502.121 euros al Ayuntamiento de Los Llanos de Aridane.<\/p>\n<p>Este apoyo econ\u00f3mico est\u00e1 destinado a la reparaci\u00f3n, restituci\u00f3n o reconstrucci\u00f3n de infraestructuras, equipamientos e instalaciones municipales afectadas por la erupci\u00f3n del volc\u00e1n en 2021. Entre las actuaciones previstas se incluye la reparaci\u00f3n de carreteras, caminos, instalaciones deportivas y el cementerio municipal de Las Manchas.<\/p>\n<\/div>\n","protected":false},"excerpt":{"rendered":"<p>El Ayuntamiento sigue trabajando en un segundo convenio con el Gobierno de Espa\u00f1a para obtener fondos de hasta 44 millones de euros<\/p>\n","protected":false},"author":4,"featured_media":4143,"comment_status":"open","ping_status":"open","sticky":false,"template":"","format":"standard","meta":{"footnotes":""},"categories":[1],"tags":[],"class_list":["post-4142","post","type-post","status-publish","format-standard","has-post-thumbnail","hentry","category-sin-categoria"],"yoast_head":"<!-- This site is optimized with the Yoast SEO plugin v22.7 - https:\/\/yoast.com\/wordpress\/plugins\/seo\/ -->\n<title>Javier Llamas destaca la gesti\u00f3n del \u00e1rea de Reconstrucci\u00f3n para lograr 5 millones de euros m\u00e1s para Los Llanos de Aridane - Ayuntamiento de Los Llanos de Aridane<\/title>\n<meta name=\"robots\" content=\"index, follow, max-snippet:-1, max-image-preview:large, max-video-preview:-1\" \/>\n<link rel=\"canonical\" href=\"https:\/\/www.aridane.org\/city\/2024\/11\/22\/javier-llamas-destaca-la-gestion-del-area-de-reconstruccion-para-lograr-5-millones-de-euros-mas-para-los-llanos-de-aridane\/\" \/>\n<meta property=\"og:locale\" content=\"es_ES\" \/>\n<meta property=\"og:type\" content=\"article\" \/>\n<meta property=\"og:title\" content=\"Javier Llamas destaca la gesti\u00f3n del \u00e1rea de Reconstrucci\u00f3n para lograr 5 millones de euros m\u00e1s para Los Llanos de Aridane - Ayuntamiento de Los Llanos de Aridane\" \/>\n<meta property=\"og:description\" content=\"El Ayuntamiento sigue trabajando en un segundo convenio con el Gobierno de Espa\u00f1a para obtener fondos de hasta 44 millones de euros\" \/>\n<meta property=\"og:url\" content=\"https:\/\/www.aridane.org\/city\/2024\/11\/22\/javier-llamas-destaca-la-gestion-del-area-de-reconstruccion-para-lograr-5-millones-de-euros-mas-para-los-llanos-de-aridane\/\" \/>\n<meta property=\"og:site_name\" content=\"Ayuntamiento de Los Llanos de Aridane\" \/>\n<meta property=\"article:published_time\" content=\"2024-11-22T09:29:36+00:00\" \/>\n<meta property=\"article:modified_time\" content=\"2024-11-28T09:30:43+00:00\" \/>\n<meta property=\"og:image\" content=\"https:\/\/www.aridane.org\/city\/wp-content\/uploads\/2024\/11\/Javier-Llamas-y-Tamara-Acosta-scaled.jpeg\" \/>\n\t<meta property=\"og:image:width\" content=\"2560\" \/>\n\t<meta property=\"og:image:height\" content=\"2189\" \/>\n\t<meta property=\"og:image:type\" content=\"image\/jpeg\" \/>\n<meta name=\"author\" content=\"Corresponsal\" \/>\n<meta name=\"twitter:card\" content=\"summary_large_image\" \/>\n<meta name=\"twitter:label1\" content=\"Escrito por\" \/>\n\t<meta name=\"twitter:data1\" content=\"Corresponsal\" \/>\n\t<meta name=\"twitter:label2\" content=\"Tiempo de lectura\" \/>\n\t<meta name=\"twitter:data2\" content=\"2 minutos\" \/>\n<script type=\"application\/ld+json\" class=\"yoast-schema-graph\">{\"@context\":\"https:\/\/schema.org\",\"@graph\":[{\"@type\":\"WebPage\",\"@id\":\"https:\/\/www.aridane.org\/city\/2024\/11\/22\/javier-llamas-destaca-la-gestion-del-area-de-reconstruccion-para-lograr-5-millones-de-euros-mas-para-los-llanos-de-aridane\/\",\"url\":\"https:\/\/www.aridane.org\/city\/2024\/11\/22\/javier-llamas-destaca-la-gestion-del-area-de-reconstruccion-para-lograr-5-millones-de-euros-mas-para-los-llanos-de-aridane\/\",\"name\":\"Javier Llamas destaca la gesti\u00f3n del \u00e1rea de Reconstrucci\u00f3n para lograr 5 millones de euros m\u00e1s para Los Llanos de Aridane - Ayuntamiento de Los Llanos de Aridane\",\"isPartOf\":{\"@id\":\"https:\/\/www.aridane.org\/city\/#website\"},\"primaryImageOfPage\":{\"@id\":\"https:\/\/www.aridane.org\/city\/2024\/11\/22\/javier-llamas-destaca-la-gestion-del-area-de-reconstruccion-para-lograr-5-millones-de-euros-mas-para-los-llanos-de-aridane\/#primaryimage\"},\"image\":{\"@id\":\"https:\/\/www.aridane.org\/city\/2024\/11\/22\/javier-llamas-destaca-la-gestion-del-area-de-reconstruccion-para-lograr-5-millones-de-euros-mas-para-los-llanos-de-aridane\/#primaryimage\"},\"thumbnailUrl\":\"https:\/\/www.aridane.org\/city\/wp-content\/uploads\/2024\/11\/Javier-Llamas-y-Tamara-Acosta-scaled.jpeg\",\"datePublished\":\"2024-11-22T09:29:36+00:00\",\"dateModified\":\"2024-11-28T09:30:43+00:00\",\"author\":{\"@id\":\"https:\/\/www.aridane.org\/city\/#\/schema\/person\/89ebd376b223dc94cc1dbcf200c8e6da\"},\"breadcrumb\":{\"@id\":\"https:\/\/www.aridane.org\/city\/2024\/11\/22\/javier-llamas-destaca-la-gestion-del-area-de-reconstruccion-para-lograr-5-millones-de-euros-mas-para-los-llanos-de-aridane\/#breadcrumb\"},\"inLanguage\":\"es\",\"potentialAction\":[{\"@type\":\"ReadAction\",\"target\":[\"https:\/\/www.aridane.org\/city\/2024\/11\/22\/javier-llamas-destaca-la-gestion-del-area-de-reconstruccion-para-lograr-5-millones-de-euros-mas-para-los-llanos-de-aridane\/\"]}]},{\"@type\":\"ImageObject\",\"inLanguage\":\"es\",\"@id\":\"https:\/\/www.aridane.org\/city\/2024\/11\/22\/javier-llamas-destaca-la-gestion-del-area-de-reconstruccion-para-lograr-5-millones-de-euros-mas-para-los-llanos-de-aridane\/#primaryimage\",\"url\":\"https:\/\/www.aridane.org\/city\/wp-content\/uploads\/2024\/11\/Javier-Llamas-y-Tamara-Acosta-scaled.jpeg\",\"contentUrl\":\"https:\/\/www.aridane.org\/city\/wp-content\/uploads\/2024\/11\/Javier-Llamas-y-Tamara-Acosta-scaled.jpeg\",\"width\":2560,\"height\":2189},{\"@type\":\"BreadcrumbList\",\"@id\":\"https:\/\/www.aridane.org\/city\/2024\/11\/22\/javier-llamas-destaca-la-gestion-del-area-de-reconstruccion-para-lograr-5-millones-de-euros-mas-para-los-llanos-de-aridane\/#breadcrumb\",\"itemListElement\":[{\"@type\":\"ListItem\",\"position\":1,\"name\":\"Portada\",\"item\":\"https:\/\/www.aridane.org\/city\/\"},{\"@type\":\"ListItem\",\"position\":2,\"name\":\"Javier Llamas destaca la gesti\u00f3n del \u00e1rea de Reconstrucci\u00f3n para lograr 5 millones de euros m\u00e1s para Los Llanos de Aridane\"}]},{\"@type\":\"WebSite\",\"@id\":\"https:\/\/www.aridane.org\/city\/#website\",\"url\":\"https:\/\/www.aridane.org\/city\/\",\"name\":\"Ayuntamiento de Los Llanos de Aridane\",\"description\":\"\",\"potentialAction\":[{\"@type\":\"SearchAction\",\"target\":{\"@type\":\"EntryPoint\",\"urlTemplate\":\"https:\/\/www.aridane.org\/city\/?s={search_term_string}\"},\"query-input\":\"required name=search_term_string\"}],\"inLanguage\":\"es\"},{\"@type\":\"Person\",\"@id\":\"https:\/\/www.aridane.org\/city\/#\/schema\/person\/89ebd376b223dc94cc1dbcf200c8e6da\",\"name\":\"Corresponsal\",\"image\":{\"@type\":\"ImageObject\",\"inLanguage\":\"es\",\"@id\":\"https:\/\/www.aridane.org\/city\/#\/schema\/person\/image\/\",\"url\":\"https:\/\/secure.gravatar.com\/avatar\/1c476992411e4ccf153da63b2b2f5ea0bb4cb1c85f3ceab8512f04325ad5579c?s=96&d=mm&r=g\",\"contentUrl\":\"https:\/\/secure.gravatar.com\/avatar\/1c476992411e4ccf153da63b2b2f5ea0bb4cb1c85f3ceab8512f04325ad5579c?s=96&d=mm&r=g\",\"caption\":\"Corresponsal\"},\"url\":\"https:\/\/www.aridane.org\/city\/author\/corresponsal\/\"}]}<\/script>\n<!-- \/ Yoast SEO plugin. -->","yoast_head_json":{"title":"Javier Llamas destaca la gesti\u00f3n del \u00e1rea de Reconstrucci\u00f3n para lograr 5 millones de euros m\u00e1s para Los Llanos de Aridane - Ayuntamiento de Los Llanos de Aridane","robots":{"index":"index","follow":"follow","max-snippet":"max-snippet:-1","max-image-preview":"max-image-preview:large","max-video-preview":"max-video-preview:-1"},"canonical":"https:\/\/www.aridane.org\/city\/2024\/11\/22\/javier-llamas-destaca-la-gestion-del-area-de-reconstruccion-para-lograr-5-millones-de-euros-mas-para-los-llanos-de-aridane\/","og_locale":"es_ES","og_type":"article","og_title":"Javier Llamas destaca la gesti\u00f3n del \u00e1rea de Reconstrucci\u00f3n para lograr 5 millones de euros m\u00e1s para Los Llanos de Aridane - Ayuntamiento de Los Llanos de Aridane","og_description":"El Ayuntamiento sigue trabajando en un segundo convenio con el Gobierno de Espa\u00f1a para obtener fondos de hasta 44 millones de euros","og_url":"https:\/\/www.aridane.org\/city\/2024\/11\/22\/javier-llamas-destaca-la-gestion-del-area-de-reconstruccion-para-lograr-5-millones-de-euros-mas-para-los-llanos-de-aridane\/","og_site_name":"Ayuntamiento de Los Llanos de Aridane","article_published_time":"2024-11-22T09:29:36+00:00","article_modified_time":"2024-11-28T09:30:43+00:00","og_image":[{"width":2560,"height":2189,"url":"https:\/\/www.aridane.org\/city\/wp-content\/uploads\/2024\/11\/Javier-Llamas-y-Tamara-Acosta-scaled.jpeg","type":"image\/jpeg"}],"author":"Corresponsal","twitter_card":"summary_large_image","twitter_misc":{"Escrito por":"Corresponsal","Tiempo de lectura":"2 minutos"},"schema":{"@context":"https:\/\/schema.org","@graph":[{"@type":"WebPage","@id":"https:\/\/www.aridane.org\/city\/2024\/11\/22\/javier-llamas-destaca-la-gestion-del-area-de-reconstruccion-para-lograr-5-millones-de-euros-mas-para-los-llanos-de-aridane\/","url":"https:\/\/www.aridane.org\/city\/2024\/11\/22\/javier-llamas-destaca-la-gestion-del-area-de-reconstruccion-para-lograr-5-millones-de-euros-mas-para-los-llanos-de-aridane\/","name":"Javier Llamas destaca la gesti\u00f3n del \u00e1rea de Reconstrucci\u00f3n para lograr 5 millones de euros m\u00e1s para Los Llanos de Aridane - Ayuntamiento de Los Llanos de Aridane","isPartOf":{"@id":"https:\/\/www.aridane.org\/city\/#website"},"primaryImageOfPage":{"@id":"https:\/\/www.aridane.org\/city\/2024\/11\/22\/javier-llamas-destaca-la-gestion-del-area-de-reconstruccion-para-lograr-5-millones-de-euros-mas-para-los-llanos-de-aridane\/#primaryimage"},"image":{"@id":"https:\/\/www.aridane.org\/city\/2024\/11\/22\/javier-llamas-destaca-la-gestion-del-area-de-reconstruccion-para-lograr-5-millones-de-euros-mas-para-los-llanos-de-aridane\/#primaryimage"},"thumbnailUrl":"https:\/\/www.aridane.org\/city\/wp-content\/uploads\/2024\/11\/Javier-Llamas-y-Tamara-Acosta-scaled.jpeg","datePublished":"2024-11-22T09:29:36+00:00","dateModified":"2024-11-28T09:30:43+00:00","author":{"@id":"https:\/\/www.aridane.org\/city\/#\/schema\/person\/89ebd376b223dc94cc1dbcf200c8e6da"},"breadcrumb":{"@id":"https:\/\/www.aridane.org\/city\/2024\/11\/22\/javier-llamas-destaca-la-gestion-del-area-de-reconstruccion-para-lograr-5-millones-de-euros-mas-para-los-llanos-de-aridane\/#breadcrumb"},"inLanguage":"es","potentialAction":[{"@type":"ReadAction","target":["https:\/\/www.aridane.org\/city\/2024\/11\/22\/javier-llamas-destaca-la-gestion-del-area-de-reconstruccion-para-lograr-5-millones-de-euros-mas-para-los-llanos-de-aridane\/"]}]},{"@type":"ImageObject","inLanguage":"es","@id":"https:\/\/www.aridane.org\/city\/2024\/11\/22\/javier-llamas-destaca-la-gestion-del-area-de-reconstruccion-para-lograr-5-millones-de-euros-mas-para-los-llanos-de-aridane\/#primaryimage","url":"https:\/\/www.aridane.org\/city\/wp-content\/uploads\/2024\/11\/Javier-Llamas-y-Tamara-Acosta-scaled.jpeg","contentUrl":"https:\/\/www.aridane.org\/city\/wp-content\/uploads\/2024\/11\/Javier-Llamas-y-Tamara-Acosta-scaled.jpeg","width":2560,"height":2189},{"@type":"BreadcrumbList","@id":"https:\/\/www.aridane.org\/city\/2024\/11\/22\/javier-llamas-destaca-la-gestion-del-area-de-reconstruccion-para-lograr-5-millones-de-euros-mas-para-los-llanos-de-aridane\/#breadcrumb","itemListElement":[{"@type":"ListItem","position":1,"name":"Portada","item":"https:\/\/www.aridane.org\/city\/"},{"@type":"ListItem","position":2,"name":"Javier Llamas destaca la gesti\u00f3n del \u00e1rea de Reconstrucci\u00f3n para lograr 5 millones de euros m\u00e1s para Los Llanos de Aridane"}]},{"@type":"WebSite","@id":"https:\/\/www.aridane.org\/city\/#website","url":"https:\/\/www.aridane.org\/city\/","name":"Ayuntamiento de Los Llanos de Aridane","description":"","potentialAction":[{"@type":"SearchAction","target":{"@type":"EntryPoint","urlTemplate":"https:\/\/www.aridane.org\/city\/?s={search_term_string}"},"query-input":"required name=search_term_string"}],"inLanguage":"es"},{"@type":"Person","@id":"https:\/\/www.aridane.org\/city\/#\/schema\/person\/89ebd376b223dc94cc1dbcf200c8e6da","name":"Corresponsal","image":{"@type":"ImageObject","inLanguage":"es","@id":"https:\/\/www.aridane.org\/city\/#\/schema\/person\/image\/","url":"https:\/\/secure.gravatar.com\/avatar\/1c476992411e4ccf153da63b2b2f5ea0bb4cb1c85f3ceab8512f04325ad5579c?s=96&d=mm&r=g","contentUrl":"https:\/\/secure.gravatar.com\/avatar\/1c476992411e4ccf153da63b2b2f5ea0bb4cb1c85f3ceab8512f04325ad5579c?s=96&d=mm&r=g","caption":"Corresponsal"},"url":"https:\/\/www.aridane.org\/city\/author\/corresponsal\/"}]}},"_links":{"self":[{"href":"https:\/\/www.aridane.org\/city\/wp-json\/wp\/v2\/posts\/4142","targetHints":{"allow":["GET"]}}],"collection":[{"href":"https:\/\/www.aridane.org\/city\/wp-json\/wp\/v2\/posts"}],"about":[{"href":"https:\/\/www.aridane.org\/city\/wp-json\/wp\/v2\/types\/post"}],"author":[{"embeddable":true,"href":"https:\/\/www.aridane.org\/city\/wp-json\/wp\/v2\/users\/4"}],"replies":[{"embeddable":true,"href":"https:\/\/www.aridane.org\/city\/wp-json\/wp\/v2\/comments?post=4142"}],"version-history":[{"count":1,"href":"https:\/\/www.aridane.org\/city\/wp-json\/wp\/v2\/posts\/4142\/revisions"}],"predecessor-version":[{"id":4144,"href":"https:\/\/www.aridane.org\/city\/wp-json\/wp\/v2\/posts\/4142\/revisions\/4144"}],"wp:featuredmedia":[{"embeddable":true,"href":"https:\/\/www.aridane.org\/city\/wp-json\/wp\/v2\/media\/4143"}],"wp:attachment":[{"href":"https:\/\/www.aridane.org\/city\/wp-json\/wp\/v2\/media?parent=4142"}],"wp:term":[{"taxonomy":"category","embeddable":true,"href":"https:\/\/www.aridane.org\/city\/wp-json\/wp\/v2\/categories?post=4142"},{"taxonomy":"post_tag","embeddable":true,"href":"https:\/\/www.aridane.org\/city\/wp-json\/wp\/v2\/tags?post=4142"}],"curies":[{"name":"wp","href":"https:\/\/api.w.org\/{rel}","templated":true}]}}