{"id":4145,"date":"2024-11-14T09:30:59","date_gmt":"2024-11-14T09:30:59","guid":{"rendered":"https:\/\/www.aridane.org\/city\/?p=4145"},"modified":"2024-11-28T09:32:54","modified_gmt":"2024-11-28T09:32:54","slug":"el-ayuntamiento-reactiva-la-reconstruccion-del-cementerio-de-las-manchas","status":"publish","type":"post","link":"https:\/\/www.aridane.org\/city\/2024\/11\/14\/el-ayuntamiento-reactiva-la-reconstruccion-del-cementerio-de-las-manchas\/","title":{"rendered":"El Ayuntamiento reactiva la reconstrucci\u00f3n del cementerio de Las Manchas"},"content":{"rendered":"<p><em>Mediante una intervenci\u00f3n de emergencia, el consistorio inicia las obras del camposanto para recuperar 548 nichos<\/em><!--more--><\/p>\n<p>El Ayuntamiento de Los Llanos de Aridane, en su compromiso de agilizar las obras de reconstrucci\u00f3n, reactiva la recuperaci\u00f3n del Cementerio de Nuestra Se\u00f1ora de Los \u00c1ngeles, ubicado en Las Manchas. Esta infraestructura, afectada por el volc\u00e1n de 2021, es el principal camposanto del municipio.<\/p>\n<p>El alcalde, Javier Llamas, explica que esta actuaci\u00f3n se est\u00e1 llevando a cabo por la v\u00eda de emergencia. \u201cLa emergencia es la f\u00f3rmula m\u00e1s \u00e1gil para que las zonas afectadas por el volc\u00e1n recuperen la normalidad cuanto antes. No tenemos m\u00e1s tiempo que perder\u201d, asegura.<\/p>\n<p>El alcalde tambi\u00e9n adelanta que se recuperar\u00e1 el crematorio y el tanatorio en futuras actuaciones, al tiempo que agradece al Cabildo de La Palma su apoyo en todas las acciones de reconstrucci\u00f3n.<\/p>\n<p>Por su parte, el presidente insular, Sergio Rodr\u00edguez, celebra la reactivaci\u00f3n de las obras de recuperaci\u00f3n del cementerio y valora el trabajo realizado en coordinaci\u00f3n con el consistorio municipal. \u201cEs un d\u00eda para estar enormemente satisfechos. Somos conocedores de que era una actuaci\u00f3n muy demandada por la ciudadan\u00eda y del compromiso del Ayuntamiento en recuperar esta infraestructura cuanto antes\u201d, apunta.<\/p>\n<h2><strong>En detalle<\/strong><\/h2>\n<p>En diciembre de 2023, el Ayuntamiento recuper\u00f3 el servicio de inhumaci\u00f3n en el cementerio, un primer paso esencial en el proceso de restauraci\u00f3n de este espacio fundamental para el municipio.<\/p>\n<p>Con la actual intervenci\u00f3n, realizada por v\u00eda de emergencia, el Ayuntamiento rehabilita los nichos que resultaron directamente da\u00f1ados y habilita el acceso a aquellos que quedaron aislados tras la erupci\u00f3n, explica el concejal de Servicios Municipales, Rubens D\u00edaz.<\/p>\n<p>\u201cAproximadamente el 75% del cementerio sufri\u00f3 da\u00f1os debido a la actividad volc\u00e1nica, y en esta primera fase se recupera un 15% del espacio, lo que incluye la rehabilitaci\u00f3n de 308 nichos y el acceso a otros 240, sumando un total de 548 nichos disponibles para Los Llanos de Aridane\u201d, detalla D\u00edaz.<\/p>\n<p>El compromiso del Ayuntamiento es habilitar un espacio digno, seguro y m\u00e1s moderno para el descanso de los seres queridos del municipio. En este sentido, desde el grupo de gobierno se siguen dando pasos firmes para la restauraci\u00f3n de servicios esenciales en las zonas afectadas por el volc\u00e1n, con su consecuente reactivaci\u00f3n socioecon\u00f3mica.<\/p>\n","protected":false},"excerpt":{"rendered":"<p>Mediante una intervenci\u00f3n de emergencia, el consistorio inicia las obras del camposanto para recuperar 548 nichos<\/p>\n","protected":false},"author":4,"featured_media":4146,"comment_status":"open","ping_status":"open","sticky":false,"template":"","format":"standard","meta":{"footnotes":""},"categories":[1],"tags":[],"class_list":["post-4145","post","type-post","status-publish","format-standard","has-post-thumbnail","hentry","category-sin-categoria"],"yoast_head":"<!-- This site is optimized with the Yoast SEO plugin v22.7 - https:\/\/yoast.com\/wordpress\/plugins\/seo\/ -->\n<title>El Ayuntamiento reactiva la reconstrucci\u00f3n del cementerio de Las Manchas - Ayuntamiento de Los Llanos de Aridane<\/title>\n<meta name=\"robots\" content=\"index, follow, max-snippet:-1, max-image-preview:large, max-video-preview:-1\" \/>\n<link rel=\"canonical\" href=\"https:\/\/www.aridane.org\/city\/2024\/11\/14\/el-ayuntamiento-reactiva-la-reconstruccion-del-cementerio-de-las-manchas\/\" \/>\n<meta property=\"og:locale\" content=\"es_ES\" \/>\n<meta property=\"og:type\" content=\"article\" \/>\n<meta property=\"og:title\" content=\"El Ayuntamiento reactiva la reconstrucci\u00f3n del cementerio de Las Manchas - Ayuntamiento de Los Llanos de Aridane\" \/>\n<meta property=\"og:description\" content=\"Mediante una intervenci\u00f3n de emergencia, el consistorio inicia las obras del camposanto para recuperar 548 nichos\" \/>\n<meta property=\"og:url\" content=\"https:\/\/www.aridane.org\/city\/2024\/11\/14\/el-ayuntamiento-reactiva-la-reconstruccion-del-cementerio-de-las-manchas\/\" \/>\n<meta property=\"og:site_name\" content=\"Ayuntamiento de Los Llanos de Aridane\" \/>\n<meta property=\"article:published_time\" content=\"2024-11-14T09:30:59+00:00\" \/>\n<meta property=\"article:modified_time\" content=\"2024-11-28T09:32:54+00:00\" \/>\n<meta property=\"og:image\" content=\"https:\/\/www.aridane.org\/city\/wp-content\/uploads\/2024\/11\/Recuperacion-cementerio-1-scaled.jpeg\" \/>\n\t<meta property=\"og:image:width\" content=\"2560\" \/>\n\t<meta property=\"og:image:height\" content=\"1920\" \/>\n\t<meta property=\"og:image:type\" content=\"image\/jpeg\" \/>\n<meta name=\"author\" content=\"Corresponsal\" \/>\n<meta name=\"twitter:card\" content=\"summary_large_image\" \/>\n<meta name=\"twitter:label1\" content=\"Escrito por\" \/>\n\t<meta name=\"twitter:data1\" content=\"Corresponsal\" \/>\n\t<meta name=\"twitter:label2\" content=\"Tiempo de lectura\" \/>\n\t<meta name=\"twitter:data2\" content=\"2 minutos\" \/>\n<script type=\"application\/ld+json\" class=\"yoast-schema-graph\">{\"@context\":\"https:\/\/schema.org\",\"@graph\":[{\"@type\":\"WebPage\",\"@id\":\"https:\/\/www.aridane.org\/city\/2024\/11\/14\/el-ayuntamiento-reactiva-la-reconstruccion-del-cementerio-de-las-manchas\/\",\"url\":\"https:\/\/www.aridane.org\/city\/2024\/11\/14\/el-ayuntamiento-reactiva-la-reconstruccion-del-cementerio-de-las-manchas\/\",\"name\":\"El Ayuntamiento reactiva la reconstrucci\u00f3n del cementerio de Las Manchas - Ayuntamiento de Los Llanos de Aridane\",\"isPartOf\":{\"@id\":\"https:\/\/www.aridane.org\/city\/#website\"},\"primaryImageOfPage\":{\"@id\":\"https:\/\/www.aridane.org\/city\/2024\/11\/14\/el-ayuntamiento-reactiva-la-reconstruccion-del-cementerio-de-las-manchas\/#primaryimage\"},\"image\":{\"@id\":\"https:\/\/www.aridane.org\/city\/2024\/11\/14\/el-ayuntamiento-reactiva-la-reconstruccion-del-cementerio-de-las-manchas\/#primaryimage\"},\"thumbnailUrl\":\"https:\/\/www.aridane.org\/city\/wp-content\/uploads\/2024\/11\/Recuperacion-cementerio-1-scaled.jpeg\",\"datePublished\":\"2024-11-14T09:30:59+00:00\",\"dateModified\":\"2024-11-28T09:32:54+00:00\",\"author\":{\"@id\":\"https:\/\/www.aridane.org\/city\/#\/schema\/person\/89ebd376b223dc94cc1dbcf200c8e6da\"},\"breadcrumb\":{\"@id\":\"https:\/\/www.aridane.org\/city\/2024\/11\/14\/el-ayuntamiento-reactiva-la-reconstruccion-del-cementerio-de-las-manchas\/#breadcrumb\"},\"inLanguage\":\"es\",\"potentialAction\":[{\"@type\":\"ReadAction\",\"target\":[\"https:\/\/www.aridane.org\/city\/2024\/11\/14\/el-ayuntamiento-reactiva-la-reconstruccion-del-cementerio-de-las-manchas\/\"]}]},{\"@type\":\"ImageObject\",\"inLanguage\":\"es\",\"@id\":\"https:\/\/www.aridane.org\/city\/2024\/11\/14\/el-ayuntamiento-reactiva-la-reconstruccion-del-cementerio-de-las-manchas\/#primaryimage\",\"url\":\"https:\/\/www.aridane.org\/city\/wp-content\/uploads\/2024\/11\/Recuperacion-cementerio-1-scaled.jpeg\",\"contentUrl\":\"https:\/\/www.aridane.org\/city\/wp-content\/uploads\/2024\/11\/Recuperacion-cementerio-1-scaled.jpeg\",\"width\":2560,\"height\":1920},{\"@type\":\"BreadcrumbList\",\"@id\":\"https:\/\/www.aridane.org\/city\/2024\/11\/14\/el-ayuntamiento-reactiva-la-reconstruccion-del-cementerio-de-las-manchas\/#breadcrumb\",\"itemListElement\":[{\"@type\":\"ListItem\",\"position\":1,\"name\":\"Portada\",\"item\":\"https:\/\/www.aridane.org\/city\/\"},{\"@type\":\"ListItem\",\"position\":2,\"name\":\"El Ayuntamiento reactiva la reconstrucci\u00f3n del cementerio de Las Manchas\"}]},{\"@type\":\"WebSite\",\"@id\":\"https:\/\/www.aridane.org\/city\/#website\",\"url\":\"https:\/\/www.aridane.org\/city\/\",\"name\":\"Ayuntamiento de Los Llanos de Aridane\",\"description\":\"\",\"potentialAction\":[{\"@type\":\"SearchAction\",\"target\":{\"@type\":\"EntryPoint\",\"urlTemplate\":\"https:\/\/www.aridane.org\/city\/?s={search_term_string}\"},\"query-input\":\"required name=search_term_string\"}],\"inLanguage\":\"es\"},{\"@type\":\"Person\",\"@id\":\"https:\/\/www.aridane.org\/city\/#\/schema\/person\/89ebd376b223dc94cc1dbcf200c8e6da\",\"name\":\"Corresponsal\",\"image\":{\"@type\":\"ImageObject\",\"inLanguage\":\"es\",\"@id\":\"https:\/\/www.aridane.org\/city\/#\/schema\/person\/image\/\",\"url\":\"https:\/\/secure.gravatar.com\/avatar\/1c476992411e4ccf153da63b2b2f5ea0bb4cb1c85f3ceab8512f04325ad5579c?s=96&d=mm&r=g\",\"contentUrl\":\"https:\/\/secure.gravatar.com\/avatar\/1c476992411e4ccf153da63b2b2f5ea0bb4cb1c85f3ceab8512f04325ad5579c?s=96&d=mm&r=g\",\"caption\":\"Corresponsal\"},\"url\":\"https:\/\/www.aridane.org\/city\/author\/corresponsal\/\"}]}<\/script>\n<!-- \/ Yoast SEO plugin. -->","yoast_head_json":{"title":"El Ayuntamiento reactiva la reconstrucci\u00f3n del cementerio de Las Manchas - Ayuntamiento de Los Llanos de Aridane","robots":{"index":"index","follow":"follow","max-snippet":"max-snippet:-1","max-image-preview":"max-image-preview:large","max-video-preview":"max-video-preview:-1"},"canonical":"https:\/\/www.aridane.org\/city\/2024\/11\/14\/el-ayuntamiento-reactiva-la-reconstruccion-del-cementerio-de-las-manchas\/","og_locale":"es_ES","og_type":"article","og_title":"El Ayuntamiento reactiva la reconstrucci\u00f3n del cementerio de Las Manchas - Ayuntamiento de Los Llanos de Aridane","og_description":"Mediante una intervenci\u00f3n de emergencia, el consistorio inicia las obras del camposanto para recuperar 548 nichos","og_url":"https:\/\/www.aridane.org\/city\/2024\/11\/14\/el-ayuntamiento-reactiva-la-reconstruccion-del-cementerio-de-las-manchas\/","og_site_name":"Ayuntamiento de Los Llanos de Aridane","article_published_time":"2024-11-14T09:30:59+00:00","article_modified_time":"2024-11-28T09:32:54+00:00","og_image":[{"width":2560,"height":1920,"url":"https:\/\/www.aridane.org\/city\/wp-content\/uploads\/2024\/11\/Recuperacion-cementerio-1-scaled.jpeg","type":"image\/jpeg"}],"author":"Corresponsal","twitter_card":"summary_large_image","twitter_misc":{"Escrito por":"Corresponsal","Tiempo de lectura":"2 minutos"},"schema":{"@context":"https:\/\/schema.org","@graph":[{"@type":"WebPage","@id":"https:\/\/www.aridane.org\/city\/2024\/11\/14\/el-ayuntamiento-reactiva-la-reconstruccion-del-cementerio-de-las-manchas\/","url":"https:\/\/www.aridane.org\/city\/2024\/11\/14\/el-ayuntamiento-reactiva-la-reconstruccion-del-cementerio-de-las-manchas\/","name":"El Ayuntamiento reactiva la reconstrucci\u00f3n del cementerio de Las Manchas - Ayuntamiento de Los Llanos de Aridane","isPartOf":{"@id":"https:\/\/www.aridane.org\/city\/#website"},"primaryImageOfPage":{"@id":"https:\/\/www.aridane.org\/city\/2024\/11\/14\/el-ayuntamiento-reactiva-la-reconstruccion-del-cementerio-de-las-manchas\/#primaryimage"},"image":{"@id":"https:\/\/www.aridane.org\/city\/2024\/11\/14\/el-ayuntamiento-reactiva-la-reconstruccion-del-cementerio-de-las-manchas\/#primaryimage"},"thumbnailUrl":"https:\/\/www.aridane.org\/city\/wp-content\/uploads\/2024\/11\/Recuperacion-cementerio-1-scaled.jpeg","datePublished":"2024-11-14T09:30:59+00:00","dateModified":"2024-11-28T09:32:54+00:00","author":{"@id":"https:\/\/www.aridane.org\/city\/#\/schema\/person\/89ebd376b223dc94cc1dbcf200c8e6da"},"breadcrumb":{"@id":"https:\/\/www.aridane.org\/city\/2024\/11\/14\/el-ayuntamiento-reactiva-la-reconstruccion-del-cementerio-de-las-manchas\/#breadcrumb"},"inLanguage":"es","potentialAction":[{"@type":"ReadAction","target":["https:\/\/www.aridane.org\/city\/2024\/11\/14\/el-ayuntamiento-reactiva-la-reconstruccion-del-cementerio-de-las-manchas\/"]}]},{"@type":"ImageObject","inLanguage":"es","@id":"https:\/\/www.aridane.org\/city\/2024\/11\/14\/el-ayuntamiento-reactiva-la-reconstruccion-del-cementerio-de-las-manchas\/#primaryimage","url":"https:\/\/www.aridane.org\/city\/wp-content\/uploads\/2024\/11\/Recuperacion-cementerio-1-scaled.jpeg","contentUrl":"https:\/\/www.aridane.org\/city\/wp-content\/uploads\/2024\/11\/Recuperacion-cementerio-1-scaled.jpeg","width":2560,"height":1920},{"@type":"BreadcrumbList","@id":"https:\/\/www.aridane.org\/city\/2024\/11\/14\/el-ayuntamiento-reactiva-la-reconstruccion-del-cementerio-de-las-manchas\/#breadcrumb","itemListElement":[{"@type":"ListItem","position":1,"name":"Portada","item":"https:\/\/www.aridane.org\/city\/"},{"@type":"ListItem","position":2,"name":"El Ayuntamiento reactiva la reconstrucci\u00f3n del cementerio de Las Manchas"}]},{"@type":"WebSite","@id":"https:\/\/www.aridane.org\/city\/#website","url":"https:\/\/www.aridane.org\/city\/","name":"Ayuntamiento de Los Llanos de Aridane","description":"","potentialAction":[{"@type":"SearchAction","target":{"@type":"EntryPoint","urlTemplate":"https:\/\/www.aridane.org\/city\/?s={search_term_string}"},"query-input":"required name=search_term_string"}],"inLanguage":"es"},{"@type":"Person","@id":"https:\/\/www.aridane.org\/city\/#\/schema\/person\/89ebd376b223dc94cc1dbcf200c8e6da","name":"Corresponsal","image":{"@type":"ImageObject","inLanguage":"es","@id":"https:\/\/www.aridane.org\/city\/#\/schema\/person\/image\/","url":"https:\/\/secure.gravatar.com\/avatar\/1c476992411e4ccf153da63b2b2f5ea0bb4cb1c85f3ceab8512f04325ad5579c?s=96&d=mm&r=g","contentUrl":"https:\/\/secure.gravatar.com\/avatar\/1c476992411e4ccf153da63b2b2f5ea0bb4cb1c85f3ceab8512f04325ad5579c?s=96&d=mm&r=g","caption":"Corresponsal"},"url":"https:\/\/www.aridane.org\/city\/author\/corresponsal\/"}]}},"_links":{"self":[{"href":"https:\/\/www.aridane.org\/city\/wp-json\/wp\/v2\/posts\/4145","targetHints":{"allow":["GET"]}}],"collection":[{"href":"https:\/\/www.aridane.org\/city\/wp-json\/wp\/v2\/posts"}],"about":[{"href":"https:\/\/www.aridane.org\/city\/wp-json\/wp\/v2\/types\/post"}],"author":[{"embeddable":true,"href":"https:\/\/www.aridane.org\/city\/wp-json\/wp\/v2\/users\/4"}],"replies":[{"embeddable":true,"href":"https:\/\/www.aridane.org\/city\/wp-json\/wp\/v2\/comments?post=4145"}],"version-history":[{"count":1,"href":"https:\/\/www.aridane.org\/city\/wp-json\/wp\/v2\/posts\/4145\/revisions"}],"predecessor-version":[{"id":4147,"href":"https:\/\/www.aridane.org\/city\/wp-json\/wp\/v2\/posts\/4145\/revisions\/4147"}],"wp:featuredmedia":[{"embeddable":true,"href":"https:\/\/www.aridane.org\/city\/wp-json\/wp\/v2\/media\/4146"}],"wp:attachment":[{"href":"https:\/\/www.aridane.org\/city\/wp-json\/wp\/v2\/media?parent=4145"}],"wp:term":[{"taxonomy":"category","embeddable":true,"href":"https:\/\/www.aridane.org\/city\/wp-json\/wp\/v2\/categories?post=4145"},{"taxonomy":"post_tag","embeddable":true,"href":"https:\/\/www.aridane.org\/city\/wp-json\/wp\/v2\/tags?post=4145"}],"curies":[{"name":"wp","href":"https:\/\/api.w.org\/{rel}","templated":true}]}}