{"id":4151,"date":"2024-11-28T13:25:29","date_gmt":"2024-11-28T13:25:29","guid":{"rendered":"https:\/\/www.aridane.org\/city\/?p=4151"},"modified":"2024-11-28T13:25:29","modified_gmt":"2024-11-28T13:25:29","slug":"los-llanos-de-aridane-acoge-unas-jornadas-de-involcan-sobre-la-gestion-de-riesgos-volcanicos","status":"publish","type":"post","link":"https:\/\/www.aridane.org\/city\/2024\/11\/28\/los-llanos-de-aridane-acoge-unas-jornadas-de-involcan-sobre-la-gestion-de-riesgos-volcanicos\/","title":{"rendered":"Los Llanos de Aridane acoge unas jornadas de INVOLCAN sobre la gesti\u00f3n de riesgos volc\u00e1nicos"},"content":{"rendered":"<p><i><span style=\"font-weight: 400;\">\u2018Canarias: una ventana volc\u00e1nica en el Atl\u00e1ntico\u2019 ser\u00e1 un foro que informar\u00e1 sobre los peligros volc\u00e1nicos, el riesgo asociado y las medidas para reducir su impacto en Canarias<\/span><\/i><!--more--><\/p>\n<p><span style=\"font-weight: 400;\">El Ayuntamiento de Los Llanos de Aridane anuncia la llegada del programa educativo <\/span><i><span style=\"font-weight: 400;\">Canarias: una ventana volc\u00e1nica en el Atl\u00e1ntico<\/span><\/i><span style=\"font-weight: 400;\">, promovido por el Instituto Volcanol\u00f3gico de Canarias (INVOLCAN). Esta iniciativa, que busca sensibilizar e informar a la ciudadan\u00eda sobre la gesti\u00f3n de riesgos volc\u00e1nicos, se llevar\u00e1 a cabo en la Casa de la Cultura los d\u00edas martes 3 y mi\u00e9rcoles 4 de diciembre a las 18:30 horas.<\/span><\/p>\n<p><span style=\"font-weight: 400;\">La actividad, gratuita y abierta al p\u00fablico, est\u00e1 especialmente dirigida a los profesionales y voluntarios vinculados a la seguridad y emergencias.\u00a0<\/span><\/p>\n<p><span style=\"font-weight: 400;\">Esta edici\u00f3n se centra en informar sobre los peligros asociados al fen\u00f3meno volc\u00e1nico, los conceptos de peligrosidad y riesgo volc\u00e1nico, as\u00ed como las acciones necesarias para reducir el impacto de estas amenazas en Canarias.<\/span><\/p>\n<p><span style=\"font-weight: 400;\">El Ayuntamiento de Los Llanos de Aridane refuerza su compromiso con la seguridad y el conocimiento ciudadano, animando a la poblaci\u00f3n a participar en este programa que contribuye a que el archipi\u00e9lago est\u00e9 mejor preparado ante posibles eventos volc\u00e1nicos.<\/span><\/p>\n<p><span style=\"font-weight: 400;\">Cabe recordar que el programa educativo <\/span><i><span style=\"font-weight: 400;\">Canarias: una ventana volc\u00e1nica en el Atl\u00e1ntico<\/span><\/i><span style=\"font-weight: 400;\">, creado en 2008, busca informar y educar a la ciudadan\u00eda sobre los riesgos volc\u00e1nicos y c\u00f3mo reducirlos. INVOLCAN organiza estas actividades de forma regular, siguiendo las recomendaciones de planes como PEVOLCA y PAIV-Tenerife, para preparar a Canarias ante posibles amenazas volc\u00e1nicas y fomentar una respuesta efectiva en este archipi\u00e9lago activo.<\/span><\/p>\n<p>&nbsp;<\/p>\n","protected":false},"excerpt":{"rendered":"<p>\u2018Canarias: una ventana volc\u00e1nica en el Atl\u00e1ntico\u2019 ser\u00e1 un foro que informar\u00e1 sobre los peligros volc\u00e1nicos, el riesgo asociado y las medidas para reducir su impacto en Canarias<\/p>\n","protected":false},"author":4,"featured_media":4152,"comment_status":"open","ping_status":"open","sticky":false,"template":"","format":"standard","meta":{"footnotes":""},"categories":[1],"tags":[],"class_list":["post-4151","post","type-post","status-publish","format-standard","has-post-thumbnail","hentry","category-sin-categoria"],"yoast_head":"<!-- This site is optimized with the Yoast SEO plugin v22.7 - https:\/\/yoast.com\/wordpress\/plugins\/seo\/ -->\n<title>Los Llanos de Aridane acoge unas jornadas de INVOLCAN sobre la gesti\u00f3n de riesgos volc\u00e1nicos - Ayuntamiento de Los Llanos de Aridane<\/title>\n<meta name=\"robots\" content=\"index, follow, max-snippet:-1, max-image-preview:large, max-video-preview:-1\" \/>\n<link rel=\"canonical\" href=\"https:\/\/www.aridane.org\/city\/2024\/11\/28\/los-llanos-de-aridane-acoge-unas-jornadas-de-involcan-sobre-la-gestion-de-riesgos-volcanicos\/\" \/>\n<meta property=\"og:locale\" content=\"es_ES\" \/>\n<meta property=\"og:type\" content=\"article\" \/>\n<meta property=\"og:title\" content=\"Los Llanos de Aridane acoge unas jornadas de INVOLCAN sobre la gesti\u00f3n de riesgos volc\u00e1nicos - Ayuntamiento de Los Llanos de Aridane\" \/>\n<meta property=\"og:description\" content=\"\u2018Canarias: una ventana volc\u00e1nica en el Atl\u00e1ntico\u2019 ser\u00e1 un foro que informar\u00e1 sobre los peligros volc\u00e1nicos, el riesgo asociado y las medidas para reducir su impacto en Canarias\" \/>\n<meta property=\"og:url\" content=\"https:\/\/www.aridane.org\/city\/2024\/11\/28\/los-llanos-de-aridane-acoge-unas-jornadas-de-involcan-sobre-la-gestion-de-riesgos-volcanicos\/\" \/>\n<meta property=\"og:site_name\" content=\"Ayuntamiento de Los Llanos de Aridane\" \/>\n<meta property=\"article:published_time\" content=\"2024-11-28T13:25:29+00:00\" \/>\n<meta property=\"og:image\" content=\"https:\/\/www.aridane.org\/city\/wp-content\/uploads\/2024\/11\/INVOLCAN_Los_Llanos_de_Aridane-499x620.png\" \/>\n\t<meta property=\"og:image:width\" content=\"499\" \/>\n\t<meta property=\"og:image:height\" content=\"620\" \/>\n\t<meta property=\"og:image:type\" content=\"image\/png\" \/>\n<meta name=\"author\" content=\"Corresponsal\" \/>\n<meta name=\"twitter:card\" content=\"summary_large_image\" \/>\n<meta name=\"twitter:label1\" content=\"Escrito por\" \/>\n\t<meta name=\"twitter:data1\" content=\"Corresponsal\" \/>\n\t<meta name=\"twitter:label2\" content=\"Tiempo de lectura\" \/>\n\t<meta name=\"twitter:data2\" content=\"2 minutos\" \/>\n<script type=\"application\/ld+json\" class=\"yoast-schema-graph\">{\"@context\":\"https:\/\/schema.org\",\"@graph\":[{\"@type\":\"WebPage\",\"@id\":\"https:\/\/www.aridane.org\/city\/2024\/11\/28\/los-llanos-de-aridane-acoge-unas-jornadas-de-involcan-sobre-la-gestion-de-riesgos-volcanicos\/\",\"url\":\"https:\/\/www.aridane.org\/city\/2024\/11\/28\/los-llanos-de-aridane-acoge-unas-jornadas-de-involcan-sobre-la-gestion-de-riesgos-volcanicos\/\",\"name\":\"Los Llanos de Aridane acoge unas jornadas de INVOLCAN sobre la gesti\u00f3n de riesgos volc\u00e1nicos - Ayuntamiento de Los Llanos de Aridane\",\"isPartOf\":{\"@id\":\"https:\/\/www.aridane.org\/city\/#website\"},\"primaryImageOfPage\":{\"@id\":\"https:\/\/www.aridane.org\/city\/2024\/11\/28\/los-llanos-de-aridane-acoge-unas-jornadas-de-involcan-sobre-la-gestion-de-riesgos-volcanicos\/#primaryimage\"},\"image\":{\"@id\":\"https:\/\/www.aridane.org\/city\/2024\/11\/28\/los-llanos-de-aridane-acoge-unas-jornadas-de-involcan-sobre-la-gestion-de-riesgos-volcanicos\/#primaryimage\"},\"thumbnailUrl\":\"https:\/\/www.aridane.org\/city\/wp-content\/uploads\/2024\/11\/INVOLCAN_Los_Llanos_de_Aridane.png\",\"datePublished\":\"2024-11-28T13:25:29+00:00\",\"dateModified\":\"2024-11-28T13:25:29+00:00\",\"author\":{\"@id\":\"https:\/\/www.aridane.org\/city\/#\/schema\/person\/89ebd376b223dc94cc1dbcf200c8e6da\"},\"breadcrumb\":{\"@id\":\"https:\/\/www.aridane.org\/city\/2024\/11\/28\/los-llanos-de-aridane-acoge-unas-jornadas-de-involcan-sobre-la-gestion-de-riesgos-volcanicos\/#breadcrumb\"},\"inLanguage\":\"es\",\"potentialAction\":[{\"@type\":\"ReadAction\",\"target\":[\"https:\/\/www.aridane.org\/city\/2024\/11\/28\/los-llanos-de-aridane-acoge-unas-jornadas-de-involcan-sobre-la-gestion-de-riesgos-volcanicos\/\"]}]},{\"@type\":\"ImageObject\",\"inLanguage\":\"es\",\"@id\":\"https:\/\/www.aridane.org\/city\/2024\/11\/28\/los-llanos-de-aridane-acoge-unas-jornadas-de-involcan-sobre-la-gestion-de-riesgos-volcanicos\/#primaryimage\",\"url\":\"https:\/\/www.aridane.org\/city\/wp-content\/uploads\/2024\/11\/INVOLCAN_Los_Llanos_de_Aridane.png\",\"contentUrl\":\"https:\/\/www.aridane.org\/city\/wp-content\/uploads\/2024\/11\/INVOLCAN_Los_Llanos_de_Aridane.png\",\"width\":4642,\"height\":5762},{\"@type\":\"BreadcrumbList\",\"@id\":\"https:\/\/www.aridane.org\/city\/2024\/11\/28\/los-llanos-de-aridane-acoge-unas-jornadas-de-involcan-sobre-la-gestion-de-riesgos-volcanicos\/#breadcrumb\",\"itemListElement\":[{\"@type\":\"ListItem\",\"position\":1,\"name\":\"Portada\",\"item\":\"https:\/\/www.aridane.org\/city\/\"},{\"@type\":\"ListItem\",\"position\":2,\"name\":\"Los Llanos de Aridane acoge unas jornadas de INVOLCAN sobre la gesti\u00f3n de riesgos volc\u00e1nicos\"}]},{\"@type\":\"WebSite\",\"@id\":\"https:\/\/www.aridane.org\/city\/#website\",\"url\":\"https:\/\/www.aridane.org\/city\/\",\"name\":\"Ayuntamiento de Los Llanos de Aridane\",\"description\":\"\",\"potentialAction\":[{\"@type\":\"SearchAction\",\"target\":{\"@type\":\"EntryPoint\",\"urlTemplate\":\"https:\/\/www.aridane.org\/city\/?s={search_term_string}\"},\"query-input\":\"required name=search_term_string\"}],\"inLanguage\":\"es\"},{\"@type\":\"Person\",\"@id\":\"https:\/\/www.aridane.org\/city\/#\/schema\/person\/89ebd376b223dc94cc1dbcf200c8e6da\",\"name\":\"Corresponsal\",\"image\":{\"@type\":\"ImageObject\",\"inLanguage\":\"es\",\"@id\":\"https:\/\/www.aridane.org\/city\/#\/schema\/person\/image\/\",\"url\":\"https:\/\/secure.gravatar.com\/avatar\/1c476992411e4ccf153da63b2b2f5ea0bb4cb1c85f3ceab8512f04325ad5579c?s=96&d=mm&r=g\",\"contentUrl\":\"https:\/\/secure.gravatar.com\/avatar\/1c476992411e4ccf153da63b2b2f5ea0bb4cb1c85f3ceab8512f04325ad5579c?s=96&d=mm&r=g\",\"caption\":\"Corresponsal\"},\"url\":\"https:\/\/www.aridane.org\/city\/author\/corresponsal\/\"}]}<\/script>\n<!-- \/ Yoast SEO plugin. -->","yoast_head_json":{"title":"Los Llanos de Aridane acoge unas jornadas de INVOLCAN sobre la gesti\u00f3n de riesgos volc\u00e1nicos - Ayuntamiento de Los Llanos de Aridane","robots":{"index":"index","follow":"follow","max-snippet":"max-snippet:-1","max-image-preview":"max-image-preview:large","max-video-preview":"max-video-preview:-1"},"canonical":"https:\/\/www.aridane.org\/city\/2024\/11\/28\/los-llanos-de-aridane-acoge-unas-jornadas-de-involcan-sobre-la-gestion-de-riesgos-volcanicos\/","og_locale":"es_ES","og_type":"article","og_title":"Los Llanos de Aridane acoge unas jornadas de INVOLCAN sobre la gesti\u00f3n de riesgos volc\u00e1nicos - Ayuntamiento de Los Llanos de Aridane","og_description":"\u2018Canarias: una ventana volc\u00e1nica en el Atl\u00e1ntico\u2019 ser\u00e1 un foro que informar\u00e1 sobre los peligros volc\u00e1nicos, el riesgo asociado y las medidas para reducir su impacto en Canarias","og_url":"https:\/\/www.aridane.org\/city\/2024\/11\/28\/los-llanos-de-aridane-acoge-unas-jornadas-de-involcan-sobre-la-gestion-de-riesgos-volcanicos\/","og_site_name":"Ayuntamiento de Los Llanos de Aridane","article_published_time":"2024-11-28T13:25:29+00:00","og_image":[{"width":499,"height":620,"url":"https:\/\/www.aridane.org\/city\/wp-content\/uploads\/2024\/11\/INVOLCAN_Los_Llanos_de_Aridane-499x620.png","type":"image\/png"}],"author":"Corresponsal","twitter_card":"summary_large_image","twitter_misc":{"Escrito por":"Corresponsal","Tiempo de lectura":"2 minutos"},"schema":{"@context":"https:\/\/schema.org","@graph":[{"@type":"WebPage","@id":"https:\/\/www.aridane.org\/city\/2024\/11\/28\/los-llanos-de-aridane-acoge-unas-jornadas-de-involcan-sobre-la-gestion-de-riesgos-volcanicos\/","url":"https:\/\/www.aridane.org\/city\/2024\/11\/28\/los-llanos-de-aridane-acoge-unas-jornadas-de-involcan-sobre-la-gestion-de-riesgos-volcanicos\/","name":"Los Llanos de Aridane acoge unas jornadas de INVOLCAN sobre la gesti\u00f3n de riesgos volc\u00e1nicos - Ayuntamiento de Los Llanos de Aridane","isPartOf":{"@id":"https:\/\/www.aridane.org\/city\/#website"},"primaryImageOfPage":{"@id":"https:\/\/www.aridane.org\/city\/2024\/11\/28\/los-llanos-de-aridane-acoge-unas-jornadas-de-involcan-sobre-la-gestion-de-riesgos-volcanicos\/#primaryimage"},"image":{"@id":"https:\/\/www.aridane.org\/city\/2024\/11\/28\/los-llanos-de-aridane-acoge-unas-jornadas-de-involcan-sobre-la-gestion-de-riesgos-volcanicos\/#primaryimage"},"thumbnailUrl":"https:\/\/www.aridane.org\/city\/wp-content\/uploads\/2024\/11\/INVOLCAN_Los_Llanos_de_Aridane.png","datePublished":"2024-11-28T13:25:29+00:00","dateModified":"2024-11-28T13:25:29+00:00","author":{"@id":"https:\/\/www.aridane.org\/city\/#\/schema\/person\/89ebd376b223dc94cc1dbcf200c8e6da"},"breadcrumb":{"@id":"https:\/\/www.aridane.org\/city\/2024\/11\/28\/los-llanos-de-aridane-acoge-unas-jornadas-de-involcan-sobre-la-gestion-de-riesgos-volcanicos\/#breadcrumb"},"inLanguage":"es","potentialAction":[{"@type":"ReadAction","target":["https:\/\/www.aridane.org\/city\/2024\/11\/28\/los-llanos-de-aridane-acoge-unas-jornadas-de-involcan-sobre-la-gestion-de-riesgos-volcanicos\/"]}]},{"@type":"ImageObject","inLanguage":"es","@id":"https:\/\/www.aridane.org\/city\/2024\/11\/28\/los-llanos-de-aridane-acoge-unas-jornadas-de-involcan-sobre-la-gestion-de-riesgos-volcanicos\/#primaryimage","url":"https:\/\/www.aridane.org\/city\/wp-content\/uploads\/2024\/11\/INVOLCAN_Los_Llanos_de_Aridane.png","contentUrl":"https:\/\/www.aridane.org\/city\/wp-content\/uploads\/2024\/11\/INVOLCAN_Los_Llanos_de_Aridane.png","width":4642,"height":5762},{"@type":"BreadcrumbList","@id":"https:\/\/www.aridane.org\/city\/2024\/11\/28\/los-llanos-de-aridane-acoge-unas-jornadas-de-involcan-sobre-la-gestion-de-riesgos-volcanicos\/#breadcrumb","itemListElement":[{"@type":"ListItem","position":1,"name":"Portada","item":"https:\/\/www.aridane.org\/city\/"},{"@type":"ListItem","position":2,"name":"Los Llanos de Aridane acoge unas jornadas de INVOLCAN sobre la gesti\u00f3n de riesgos volc\u00e1nicos"}]},{"@type":"WebSite","@id":"https:\/\/www.aridane.org\/city\/#website","url":"https:\/\/www.aridane.org\/city\/","name":"Ayuntamiento de Los Llanos de Aridane","description":"","potentialAction":[{"@type":"SearchAction","target":{"@type":"EntryPoint","urlTemplate":"https:\/\/www.aridane.org\/city\/?s={search_term_string}"},"query-input":"required name=search_term_string"}],"inLanguage":"es"},{"@type":"Person","@id":"https:\/\/www.aridane.org\/city\/#\/schema\/person\/89ebd376b223dc94cc1dbcf200c8e6da","name":"Corresponsal","image":{"@type":"ImageObject","inLanguage":"es","@id":"https:\/\/www.aridane.org\/city\/#\/schema\/person\/image\/","url":"https:\/\/secure.gravatar.com\/avatar\/1c476992411e4ccf153da63b2b2f5ea0bb4cb1c85f3ceab8512f04325ad5579c?s=96&d=mm&r=g","contentUrl":"https:\/\/secure.gravatar.com\/avatar\/1c476992411e4ccf153da63b2b2f5ea0bb4cb1c85f3ceab8512f04325ad5579c?s=96&d=mm&r=g","caption":"Corresponsal"},"url":"https:\/\/www.aridane.org\/city\/author\/corresponsal\/"}]}},"_links":{"self":[{"href":"https:\/\/www.aridane.org\/city\/wp-json\/wp\/v2\/posts\/4151","targetHints":{"allow":["GET"]}}],"collection":[{"href":"https:\/\/www.aridane.org\/city\/wp-json\/wp\/v2\/posts"}],"about":[{"href":"https:\/\/www.aridane.org\/city\/wp-json\/wp\/v2\/types\/post"}],"author":[{"embeddable":true,"href":"https:\/\/www.aridane.org\/city\/wp-json\/wp\/v2\/users\/4"}],"replies":[{"embeddable":true,"href":"https:\/\/www.aridane.org\/city\/wp-json\/wp\/v2\/comments?post=4151"}],"version-history":[{"count":1,"href":"https:\/\/www.aridane.org\/city\/wp-json\/wp\/v2\/posts\/4151\/revisions"}],"predecessor-version":[{"id":4153,"href":"https:\/\/www.aridane.org\/city\/wp-json\/wp\/v2\/posts\/4151\/revisions\/4153"}],"wp:featuredmedia":[{"embeddable":true,"href":"https:\/\/www.aridane.org\/city\/wp-json\/wp\/v2\/media\/4152"}],"wp:attachment":[{"href":"https:\/\/www.aridane.org\/city\/wp-json\/wp\/v2\/media?parent=4151"}],"wp:term":[{"taxonomy":"category","embeddable":true,"href":"https:\/\/www.aridane.org\/city\/wp-json\/wp\/v2\/categories?post=4151"},{"taxonomy":"post_tag","embeddable":true,"href":"https:\/\/www.aridane.org\/city\/wp-json\/wp\/v2\/tags?post=4151"}],"curies":[{"name":"wp","href":"https:\/\/api.w.org\/{rel}","templated":true}]}}