{"id":4157,"date":"2024-12-04T18:35:05","date_gmt":"2024-12-04T18:35:05","guid":{"rendered":"https:\/\/www.aridane.org\/city\/?p=4157"},"modified":"2024-12-04T18:37:18","modified_gmt":"2024-12-04T18:37:18","slug":"los-llanos-de-aridane-prepara-la-navidad-con-los-mas-pequenos-con-talleres-de-artesania","status":"publish","type":"post","link":"https:\/\/www.aridane.org\/city\/2024\/12\/04\/los-llanos-de-aridane-prepara-la-navidad-con-los-mas-pequenos-con-talleres-de-artesania\/","title":{"rendered":"Los Llanos de Aridane prepara la Navidad con los m\u00e1s peque\u00f1os con talleres de artesan\u00eda\u00a0"},"content":{"rendered":"<p><em>Las inscripciones para \u2018Preparando la Navidad\u2019 y &#8216;Cester\u00eda creativa con tem\u00e1tica navide\u00f1a&#8217; estar\u00e1n abiertas hasta el 18 de diciembre\u00a0<\/em><!--more--><\/p>\n<div id=\"v1forwardbody1\">\n<p>El Ayuntamiento de Los Llanos de Aridane, a trav\u00e9s de su \u00e1rea de Cultura, ha dise\u00f1ado una programaci\u00f3n especial de talleres navide\u00f1os dirigidos a los m\u00e1s peque\u00f1os. El objetivo es fomentar la creatividad y mantener vivas las tradiciones durante estas fechas.<\/p>\n<p>La concejala de Cultura, Marlene Gonz\u00e1lez, destaca la importancia de ofrecer espacios creativos y educativos para los m\u00e1s peque\u00f1os en estas fechas. \u201cQueremos que los ni\u00f1os y ni\u00f1as disfruten de actividades que les permitan expresar su creatividad, conocer nuestras tradiciones y vivir el esp\u00edritu navide\u00f1o en comunidad\u201d, se\u00f1ala.<\/p>\n<p>El primero de los talleres, &#8216;Preparando la Navidad&#8217;, se celebrar\u00e1 el s\u00e1bado 21 de diciembre, a las 11:00 horas, en la Casa de la Cultura.<\/p>\n<p>Impartido por Lorena Pereyra, est\u00e1 dirigido a ni\u00f1os y ni\u00f1as de entre 4 y 12 a\u00f1os, quienes tendr\u00e1n la oportunidad de participar en actividades creativas relacionadas con la decoraci\u00f3n y los preparativos navide\u00f1os.<\/p>\n<p>Por otro lado, los talleres de &#8216;Cester\u00eda creativa con tem\u00e1tica navide\u00f1a&#8217;, impartidos por la artesana y monitora infantil Beatriz Fern\u00e1ndez S\u00e1nchez, tendr\u00e1n lugar en varias fechas.<\/p>\n<p>El 23 de diciembre se realizar\u00e1 en horario de 16:00 a 20:00 horas, mientras que los d\u00edas 24, 27 y 28 de diciembre se desarrollar\u00e1n en horario de 9:30 a 13:30 horas, tambi\u00e9n en la Casa de la Cultura. Este taller est\u00e1 dirigido a ni\u00f1os y ni\u00f1as a partir de 8 a\u00f1os con el fin de ense\u00f1ar t\u00e9cnicas tradicionales de cester\u00eda adaptadas a la Navidad.<\/p>\n<p>Las inscripciones para ambas actividades estar\u00e1n abiertas hasta el 18 de diciembre y se pueden realizar enviando un correo a cultura@aridane.org. Las plazas son limitadas, por lo que se recomienda reservar con antelaci\u00f3n.<\/p>\n<\/div>\n","protected":false},"excerpt":{"rendered":"<p>Las inscripciones para \u2018Preparando la Navidad\u2019 y &#8216;Cester\u00eda creativa con tem\u00e1tica navide\u00f1a&#8217; estar\u00e1n abiertas hasta el 18 de diciembre\u00a0<\/p>\n","protected":false},"author":4,"featured_media":4158,"comment_status":"open","ping_status":"open","sticky":false,"template":"","format":"standard","meta":{"footnotes":""},"categories":[1],"tags":[],"class_list":["post-4157","post","type-post","status-publish","format-standard","has-post-thumbnail","hentry","category-sin-categoria"],"yoast_head":"<!-- This site is optimized with the Yoast SEO plugin v22.7 - https:\/\/yoast.com\/wordpress\/plugins\/seo\/ -->\n<title>Los Llanos de Aridane prepara la Navidad con los m\u00e1s peque\u00f1os con talleres de artesan\u00eda\u00a0 - Ayuntamiento de Los Llanos de Aridane<\/title>\n<meta name=\"robots\" content=\"index, follow, max-snippet:-1, max-image-preview:large, max-video-preview:-1\" \/>\n<link rel=\"canonical\" href=\"https:\/\/www.aridane.org\/city\/2024\/12\/04\/los-llanos-de-aridane-prepara-la-navidad-con-los-mas-pequenos-con-talleres-de-artesania\/\" \/>\n<meta property=\"og:locale\" content=\"es_ES\" \/>\n<meta property=\"og:type\" content=\"article\" \/>\n<meta property=\"og:title\" content=\"Los Llanos de Aridane prepara la Navidad con los m\u00e1s peque\u00f1os con talleres de artesan\u00eda\u00a0 - Ayuntamiento de Los Llanos de Aridane\" \/>\n<meta property=\"og:description\" content=\"Las inscripciones para \u2018Preparando la Navidad\u2019 y &#8216;Cester\u00eda creativa con tem\u00e1tica navide\u00f1a&#8217; estar\u00e1n abiertas hasta el 18 de diciembre\u00a0\" \/>\n<meta property=\"og:url\" content=\"https:\/\/www.aridane.org\/city\/2024\/12\/04\/los-llanos-de-aridane-prepara-la-navidad-con-los-mas-pequenos-con-talleres-de-artesania\/\" \/>\n<meta property=\"og:site_name\" content=\"Ayuntamiento de Los Llanos de Aridane\" \/>\n<meta property=\"article:published_time\" content=\"2024-12-04T18:35:05+00:00\" \/>\n<meta property=\"article:modified_time\" content=\"2024-12-04T18:37:18+00:00\" \/>\n<meta property=\"og:image\" content=\"https:\/\/www.aridane.org\/city\/wp-content\/uploads\/2024\/12\/Talleres-artesania-de-Navidad-620x349.png\" \/>\n\t<meta property=\"og:image:width\" content=\"620\" \/>\n\t<meta property=\"og:image:height\" content=\"349\" \/>\n\t<meta property=\"og:image:type\" content=\"image\/png\" \/>\n<meta name=\"author\" content=\"Corresponsal\" \/>\n<meta name=\"twitter:card\" content=\"summary_large_image\" \/>\n<meta name=\"twitter:label1\" content=\"Escrito por\" \/>\n\t<meta name=\"twitter:data1\" content=\"Corresponsal\" \/>\n\t<meta name=\"twitter:label2\" content=\"Tiempo de lectura\" \/>\n\t<meta name=\"twitter:data2\" content=\"2 minutos\" \/>\n<script type=\"application\/ld+json\" class=\"yoast-schema-graph\">{\"@context\":\"https:\/\/schema.org\",\"@graph\":[{\"@type\":\"WebPage\",\"@id\":\"https:\/\/www.aridane.org\/city\/2024\/12\/04\/los-llanos-de-aridane-prepara-la-navidad-con-los-mas-pequenos-con-talleres-de-artesania\/\",\"url\":\"https:\/\/www.aridane.org\/city\/2024\/12\/04\/los-llanos-de-aridane-prepara-la-navidad-con-los-mas-pequenos-con-talleres-de-artesania\/\",\"name\":\"Los Llanos de Aridane prepara la Navidad con los m\u00e1s peque\u00f1os con talleres de artesan\u00eda\u00a0 - Ayuntamiento de Los Llanos de Aridane\",\"isPartOf\":{\"@id\":\"https:\/\/www.aridane.org\/city\/#website\"},\"primaryImageOfPage\":{\"@id\":\"https:\/\/www.aridane.org\/city\/2024\/12\/04\/los-llanos-de-aridane-prepara-la-navidad-con-los-mas-pequenos-con-talleres-de-artesania\/#primaryimage\"},\"image\":{\"@id\":\"https:\/\/www.aridane.org\/city\/2024\/12\/04\/los-llanos-de-aridane-prepara-la-navidad-con-los-mas-pequenos-con-talleres-de-artesania\/#primaryimage\"},\"thumbnailUrl\":\"https:\/\/www.aridane.org\/city\/wp-content\/uploads\/2024\/12\/Talleres-artesania-de-Navidad.png\",\"datePublished\":\"2024-12-04T18:35:05+00:00\",\"dateModified\":\"2024-12-04T18:37:18+00:00\",\"author\":{\"@id\":\"https:\/\/www.aridane.org\/city\/#\/schema\/person\/89ebd376b223dc94cc1dbcf200c8e6da\"},\"breadcrumb\":{\"@id\":\"https:\/\/www.aridane.org\/city\/2024\/12\/04\/los-llanos-de-aridane-prepara-la-navidad-con-los-mas-pequenos-con-talleres-de-artesania\/#breadcrumb\"},\"inLanguage\":\"es\",\"potentialAction\":[{\"@type\":\"ReadAction\",\"target\":[\"https:\/\/www.aridane.org\/city\/2024\/12\/04\/los-llanos-de-aridane-prepara-la-navidad-con-los-mas-pequenos-con-talleres-de-artesania\/\"]}]},{\"@type\":\"ImageObject\",\"inLanguage\":\"es\",\"@id\":\"https:\/\/www.aridane.org\/city\/2024\/12\/04\/los-llanos-de-aridane-prepara-la-navidad-con-los-mas-pequenos-con-talleres-de-artesania\/#primaryimage\",\"url\":\"https:\/\/www.aridane.org\/city\/wp-content\/uploads\/2024\/12\/Talleres-artesania-de-Navidad.png\",\"contentUrl\":\"https:\/\/www.aridane.org\/city\/wp-content\/uploads\/2024\/12\/Talleres-artesania-de-Navidad.png\",\"width\":1920,\"height\":1080},{\"@type\":\"BreadcrumbList\",\"@id\":\"https:\/\/www.aridane.org\/city\/2024\/12\/04\/los-llanos-de-aridane-prepara-la-navidad-con-los-mas-pequenos-con-talleres-de-artesania\/#breadcrumb\",\"itemListElement\":[{\"@type\":\"ListItem\",\"position\":1,\"name\":\"Portada\",\"item\":\"https:\/\/www.aridane.org\/city\/\"},{\"@type\":\"ListItem\",\"position\":2,\"name\":\"Los Llanos de Aridane prepara la Navidad con los m\u00e1s peque\u00f1os con talleres de artesan\u00eda\u00a0\"}]},{\"@type\":\"WebSite\",\"@id\":\"https:\/\/www.aridane.org\/city\/#website\",\"url\":\"https:\/\/www.aridane.org\/city\/\",\"name\":\"Ayuntamiento de Los Llanos de Aridane\",\"description\":\"\",\"potentialAction\":[{\"@type\":\"SearchAction\",\"target\":{\"@type\":\"EntryPoint\",\"urlTemplate\":\"https:\/\/www.aridane.org\/city\/?s={search_term_string}\"},\"query-input\":\"required name=search_term_string\"}],\"inLanguage\":\"es\"},{\"@type\":\"Person\",\"@id\":\"https:\/\/www.aridane.org\/city\/#\/schema\/person\/89ebd376b223dc94cc1dbcf200c8e6da\",\"name\":\"Corresponsal\",\"image\":{\"@type\":\"ImageObject\",\"inLanguage\":\"es\",\"@id\":\"https:\/\/www.aridane.org\/city\/#\/schema\/person\/image\/\",\"url\":\"https:\/\/secure.gravatar.com\/avatar\/1c476992411e4ccf153da63b2b2f5ea0bb4cb1c85f3ceab8512f04325ad5579c?s=96&d=mm&r=g\",\"contentUrl\":\"https:\/\/secure.gravatar.com\/avatar\/1c476992411e4ccf153da63b2b2f5ea0bb4cb1c85f3ceab8512f04325ad5579c?s=96&d=mm&r=g\",\"caption\":\"Corresponsal\"},\"url\":\"https:\/\/www.aridane.org\/city\/author\/corresponsal\/\"}]}<\/script>\n<!-- \/ Yoast SEO plugin. -->","yoast_head_json":{"title":"Los Llanos de Aridane prepara la Navidad con los m\u00e1s peque\u00f1os con talleres de artesan\u00eda\u00a0 - Ayuntamiento de Los Llanos de Aridane","robots":{"index":"index","follow":"follow","max-snippet":"max-snippet:-1","max-image-preview":"max-image-preview:large","max-video-preview":"max-video-preview:-1"},"canonical":"https:\/\/www.aridane.org\/city\/2024\/12\/04\/los-llanos-de-aridane-prepara-la-navidad-con-los-mas-pequenos-con-talleres-de-artesania\/","og_locale":"es_ES","og_type":"article","og_title":"Los Llanos de Aridane prepara la Navidad con los m\u00e1s peque\u00f1os con talleres de artesan\u00eda\u00a0 - Ayuntamiento de Los Llanos de Aridane","og_description":"Las inscripciones para \u2018Preparando la Navidad\u2019 y &#8216;Cester\u00eda creativa con tem\u00e1tica navide\u00f1a&#8217; estar\u00e1n abiertas hasta el 18 de diciembre\u00a0","og_url":"https:\/\/www.aridane.org\/city\/2024\/12\/04\/los-llanos-de-aridane-prepara-la-navidad-con-los-mas-pequenos-con-talleres-de-artesania\/","og_site_name":"Ayuntamiento de Los Llanos de Aridane","article_published_time":"2024-12-04T18:35:05+00:00","article_modified_time":"2024-12-04T18:37:18+00:00","og_image":[{"width":620,"height":349,"url":"https:\/\/www.aridane.org\/city\/wp-content\/uploads\/2024\/12\/Talleres-artesania-de-Navidad-620x349.png","type":"image\/png"}],"author":"Corresponsal","twitter_card":"summary_large_image","twitter_misc":{"Escrito por":"Corresponsal","Tiempo de lectura":"2 minutos"},"schema":{"@context":"https:\/\/schema.org","@graph":[{"@type":"WebPage","@id":"https:\/\/www.aridane.org\/city\/2024\/12\/04\/los-llanos-de-aridane-prepara-la-navidad-con-los-mas-pequenos-con-talleres-de-artesania\/","url":"https:\/\/www.aridane.org\/city\/2024\/12\/04\/los-llanos-de-aridane-prepara-la-navidad-con-los-mas-pequenos-con-talleres-de-artesania\/","name":"Los Llanos de Aridane prepara la Navidad con los m\u00e1s peque\u00f1os con talleres de artesan\u00eda\u00a0 - Ayuntamiento de Los Llanos de Aridane","isPartOf":{"@id":"https:\/\/www.aridane.org\/city\/#website"},"primaryImageOfPage":{"@id":"https:\/\/www.aridane.org\/city\/2024\/12\/04\/los-llanos-de-aridane-prepara-la-navidad-con-los-mas-pequenos-con-talleres-de-artesania\/#primaryimage"},"image":{"@id":"https:\/\/www.aridane.org\/city\/2024\/12\/04\/los-llanos-de-aridane-prepara-la-navidad-con-los-mas-pequenos-con-talleres-de-artesania\/#primaryimage"},"thumbnailUrl":"https:\/\/www.aridane.org\/city\/wp-content\/uploads\/2024\/12\/Talleres-artesania-de-Navidad.png","datePublished":"2024-12-04T18:35:05+00:00","dateModified":"2024-12-04T18:37:18+00:00","author":{"@id":"https:\/\/www.aridane.org\/city\/#\/schema\/person\/89ebd376b223dc94cc1dbcf200c8e6da"},"breadcrumb":{"@id":"https:\/\/www.aridane.org\/city\/2024\/12\/04\/los-llanos-de-aridane-prepara-la-navidad-con-los-mas-pequenos-con-talleres-de-artesania\/#breadcrumb"},"inLanguage":"es","potentialAction":[{"@type":"ReadAction","target":["https:\/\/www.aridane.org\/city\/2024\/12\/04\/los-llanos-de-aridane-prepara-la-navidad-con-los-mas-pequenos-con-talleres-de-artesania\/"]}]},{"@type":"ImageObject","inLanguage":"es","@id":"https:\/\/www.aridane.org\/city\/2024\/12\/04\/los-llanos-de-aridane-prepara-la-navidad-con-los-mas-pequenos-con-talleres-de-artesania\/#primaryimage","url":"https:\/\/www.aridane.org\/city\/wp-content\/uploads\/2024\/12\/Talleres-artesania-de-Navidad.png","contentUrl":"https:\/\/www.aridane.org\/city\/wp-content\/uploads\/2024\/12\/Talleres-artesania-de-Navidad.png","width":1920,"height":1080},{"@type":"BreadcrumbList","@id":"https:\/\/www.aridane.org\/city\/2024\/12\/04\/los-llanos-de-aridane-prepara-la-navidad-con-los-mas-pequenos-con-talleres-de-artesania\/#breadcrumb","itemListElement":[{"@type":"ListItem","position":1,"name":"Portada","item":"https:\/\/www.aridane.org\/city\/"},{"@type":"ListItem","position":2,"name":"Los Llanos de Aridane prepara la Navidad con los m\u00e1s peque\u00f1os con talleres de artesan\u00eda\u00a0"}]},{"@type":"WebSite","@id":"https:\/\/www.aridane.org\/city\/#website","url":"https:\/\/www.aridane.org\/city\/","name":"Ayuntamiento de Los Llanos de Aridane","description":"","potentialAction":[{"@type":"SearchAction","target":{"@type":"EntryPoint","urlTemplate":"https:\/\/www.aridane.org\/city\/?s={search_term_string}"},"query-input":"required name=search_term_string"}],"inLanguage":"es"},{"@type":"Person","@id":"https:\/\/www.aridane.org\/city\/#\/schema\/person\/89ebd376b223dc94cc1dbcf200c8e6da","name":"Corresponsal","image":{"@type":"ImageObject","inLanguage":"es","@id":"https:\/\/www.aridane.org\/city\/#\/schema\/person\/image\/","url":"https:\/\/secure.gravatar.com\/avatar\/1c476992411e4ccf153da63b2b2f5ea0bb4cb1c85f3ceab8512f04325ad5579c?s=96&d=mm&r=g","contentUrl":"https:\/\/secure.gravatar.com\/avatar\/1c476992411e4ccf153da63b2b2f5ea0bb4cb1c85f3ceab8512f04325ad5579c?s=96&d=mm&r=g","caption":"Corresponsal"},"url":"https:\/\/www.aridane.org\/city\/author\/corresponsal\/"}]}},"_links":{"self":[{"href":"https:\/\/www.aridane.org\/city\/wp-json\/wp\/v2\/posts\/4157","targetHints":{"allow":["GET"]}}],"collection":[{"href":"https:\/\/www.aridane.org\/city\/wp-json\/wp\/v2\/posts"}],"about":[{"href":"https:\/\/www.aridane.org\/city\/wp-json\/wp\/v2\/types\/post"}],"author":[{"embeddable":true,"href":"https:\/\/www.aridane.org\/city\/wp-json\/wp\/v2\/users\/4"}],"replies":[{"embeddable":true,"href":"https:\/\/www.aridane.org\/city\/wp-json\/wp\/v2\/comments?post=4157"}],"version-history":[{"count":1,"href":"https:\/\/www.aridane.org\/city\/wp-json\/wp\/v2\/posts\/4157\/revisions"}],"predecessor-version":[{"id":4159,"href":"https:\/\/www.aridane.org\/city\/wp-json\/wp\/v2\/posts\/4157\/revisions\/4159"}],"wp:featuredmedia":[{"embeddable":true,"href":"https:\/\/www.aridane.org\/city\/wp-json\/wp\/v2\/media\/4158"}],"wp:attachment":[{"href":"https:\/\/www.aridane.org\/city\/wp-json\/wp\/v2\/media?parent=4157"}],"wp:term":[{"taxonomy":"category","embeddable":true,"href":"https:\/\/www.aridane.org\/city\/wp-json\/wp\/v2\/categories?post=4157"},{"taxonomy":"post_tag","embeddable":true,"href":"https:\/\/www.aridane.org\/city\/wp-json\/wp\/v2\/tags?post=4157"}],"curies":[{"name":"wp","href":"https:\/\/api.w.org\/{rel}","templated":true}]}}