{"id":4160,"date":"2024-12-04T18:54:10","date_gmt":"2024-12-04T18:54:10","guid":{"rendered":"https:\/\/www.aridane.org\/city\/?p=4160"},"modified":"2024-12-04T18:54:10","modified_gmt":"2024-12-04T18:54:10","slug":"los-llanos-de-aridane-mejora-la-movilidad-de-su-casco-antiguo-con-una-nueva-regulacion-peatonal","status":"publish","type":"post","link":"https:\/\/www.aridane.org\/city\/2024\/12\/04\/los-llanos-de-aridane-mejora-la-movilidad-de-su-casco-antiguo-con-una-nueva-regulacion-peatonal\/","title":{"rendered":"Los Llanos de Aridane mejora la movilidad de su casco antiguo con una nueva regulaci\u00f3n peatonal"},"content":{"rendered":"<p><em>La regulaci\u00f3n de las zonas peatonales har\u00e1 del casco antiguo un espacio m\u00e1s seguro y sostenible, al tiempo que estimula el comercio local<\/em><!--more--><\/p>\n<p>El Ayuntamiento de Los Llanos de Aridane, de la mano con la Polic\u00eda Local, regula el uso de las zonas peatonales en su casco antiguo. Esta iniciativa se basa en el marco del Real Decreto Legislativo 6\/2015 y la Ordenanza Municipal de Tr\u00e1fico, que persigue garantizar un entorno urbano m\u00e1s seguro para la ciudadan\u00eda.<\/p>\n<p>El alcalde Javier Llamas reitera el compromiso del Ayuntamiento para transformar Los Llanos de Aridane en \u201cuna ciudad moderna\u201d. \u201cUna ciudad m\u00e1s habitable, ordenada y sostenible\u201d, apunta.<\/p>\n<p>Asimismo, Llamas resalta la importancia de la colaboraci\u00f3n activa de las autoridades, la ciudadan\u00eda y los comerciantes. \u201cSi todas y todos aportamos nuestro granito de arena,\u00a0 consolidaremos un mejor municipio para hoy y para el futuro. Entre todos promovemos una ciudad donde la movilidad y el bienestar caminen de la mano\u201d, afirma.<\/p>\n<p>En este sentido, el concejal de Seguridad, Francisco Acosta, asegura que la regulaci\u00f3n de las zonas peatonales no solo mejora la seguridad vial al reducir el riesgo de accidentes, sino que tambi\u00e9n genera importantes beneficios ambientales y sociales.<\/p>\n<p>\u201cAl limitar la circulaci\u00f3n de veh\u00edculos en estas zonas, de paso tambi\u00e9n disminuimos las emisiones contaminantes, contribuyendo as\u00ed al bienestar general de nuestros vecinos y vecinas. Adem\u00e1s, estas medidas impulsan la revitalizaci\u00f3n del comercio local, al crear espacios atractivos para la convivencia\u201d, a\u00f1ade el concejal, al tiempo que agradece a la Polic\u00eda Local su trabajo.<\/p>\n<h2><strong>En detalle<\/strong><\/h2>\n<p>Las zonas peatonales del casco antiguo se han delimitado cuidadosamente, restringiendo la circulaci\u00f3n de veh\u00edculos en determinadas \u00e1reas mientras se garantiza el acceso a quienes lo necesiten.<\/p>\n<p>Se han establecido normas claras que permiten el tr\u00e1nsito de residentes con plaza de garaje, veh\u00edculos vinculados a actividades econ\u00f3micas esenciales, servicios de emergencia y personas con movilidad reducida, entre otros, siempre bajo criterios de autorizaci\u00f3n y en horarios espec\u00edficos.<\/p>\n<p>Por ejemplo, las operaciones de carga y descarga solo est\u00e1n permitidas entre las 7:00 y las 8:30 horas, de 15:00 a 17:00 horas y de 21:00 a 22:00 horas, con restricciones de peso para los veh\u00edculos autorizados.<\/p>\n<p>Especial atenci\u00f3n se ha dado a las necesidades de las personas con movilidad reducida. Los veh\u00edculos adaptados y los servicios asistenciales cuentan con autorizaciones especiales, reforzando el compromiso del Ayuntamiento con la inclusi\u00f3n y la accesibilidad universal.<\/p>\n","protected":false},"excerpt":{"rendered":"<p>La regulaci\u00f3n de las zonas peatonales har\u00e1 del casco antiguo un espacio m\u00e1s seguro y sostenible, al tiempo que estimula el comercio local<\/p>\n","protected":false},"author":4,"featured_media":4161,"comment_status":"open","ping_status":"open","sticky":false,"template":"","format":"standard","meta":{"footnotes":""},"categories":[1],"tags":[],"class_list":["post-4160","post","type-post","status-publish","format-standard","has-post-thumbnail","hentry","category-sin-categoria"],"yoast_head":"<!-- This site is optimized with the Yoast SEO plugin v22.7 - https:\/\/yoast.com\/wordpress\/plugins\/seo\/ -->\n<title>Los Llanos de Aridane mejora la movilidad de su casco antiguo con una nueva regulaci\u00f3n peatonal - Ayuntamiento de Los Llanos de Aridane<\/title>\n<meta name=\"robots\" content=\"index, follow, max-snippet:-1, max-image-preview:large, max-video-preview:-1\" \/>\n<link rel=\"canonical\" href=\"https:\/\/www.aridane.org\/city\/2024\/12\/04\/los-llanos-de-aridane-mejora-la-movilidad-de-su-casco-antiguo-con-una-nueva-regulacion-peatonal\/\" \/>\n<meta property=\"og:locale\" content=\"es_ES\" \/>\n<meta property=\"og:type\" content=\"article\" \/>\n<meta property=\"og:title\" content=\"Los Llanos de Aridane mejora la movilidad de su casco antiguo con una nueva regulaci\u00f3n peatonal - Ayuntamiento de Los Llanos de Aridane\" \/>\n<meta property=\"og:description\" content=\"La regulaci\u00f3n de las zonas peatonales har\u00e1 del casco antiguo un espacio m\u00e1s seguro y sostenible, al tiempo que estimula el comercio local\" \/>\n<meta property=\"og:url\" content=\"https:\/\/www.aridane.org\/city\/2024\/12\/04\/los-llanos-de-aridane-mejora-la-movilidad-de-su-casco-antiguo-con-una-nueva-regulacion-peatonal\/\" \/>\n<meta property=\"og:site_name\" content=\"Ayuntamiento de Los Llanos de Aridane\" \/>\n<meta property=\"article:published_time\" content=\"2024-12-04T18:54:10+00:00\" \/>\n<meta property=\"og:image\" content=\"https:\/\/www.aridane.org\/city\/wp-content\/uploads\/2024\/12\/Zona-peatonal-Los-Llanos.jpeg\" \/>\n\t<meta property=\"og:image:width\" content=\"1296\" \/>\n\t<meta property=\"og:image:height\" content=\"739\" \/>\n\t<meta property=\"og:image:type\" content=\"image\/jpeg\" \/>\n<meta name=\"author\" content=\"Corresponsal\" \/>\n<meta name=\"twitter:card\" content=\"summary_large_image\" \/>\n<meta name=\"twitter:label1\" content=\"Escrito por\" \/>\n\t<meta name=\"twitter:data1\" content=\"Corresponsal\" \/>\n\t<meta name=\"twitter:label2\" content=\"Tiempo de lectura\" \/>\n\t<meta name=\"twitter:data2\" content=\"2 minutos\" \/>\n<script type=\"application\/ld+json\" class=\"yoast-schema-graph\">{\"@context\":\"https:\/\/schema.org\",\"@graph\":[{\"@type\":\"WebPage\",\"@id\":\"https:\/\/www.aridane.org\/city\/2024\/12\/04\/los-llanos-de-aridane-mejora-la-movilidad-de-su-casco-antiguo-con-una-nueva-regulacion-peatonal\/\",\"url\":\"https:\/\/www.aridane.org\/city\/2024\/12\/04\/los-llanos-de-aridane-mejora-la-movilidad-de-su-casco-antiguo-con-una-nueva-regulacion-peatonal\/\",\"name\":\"Los Llanos de Aridane mejora la movilidad de su casco antiguo con una nueva regulaci\u00f3n peatonal - Ayuntamiento de Los Llanos de Aridane\",\"isPartOf\":{\"@id\":\"https:\/\/www.aridane.org\/city\/#website\"},\"primaryImageOfPage\":{\"@id\":\"https:\/\/www.aridane.org\/city\/2024\/12\/04\/los-llanos-de-aridane-mejora-la-movilidad-de-su-casco-antiguo-con-una-nueva-regulacion-peatonal\/#primaryimage\"},\"image\":{\"@id\":\"https:\/\/www.aridane.org\/city\/2024\/12\/04\/los-llanos-de-aridane-mejora-la-movilidad-de-su-casco-antiguo-con-una-nueva-regulacion-peatonal\/#primaryimage\"},\"thumbnailUrl\":\"https:\/\/www.aridane.org\/city\/wp-content\/uploads\/2024\/12\/Zona-peatonal-Los-Llanos.jpeg\",\"datePublished\":\"2024-12-04T18:54:10+00:00\",\"dateModified\":\"2024-12-04T18:54:10+00:00\",\"author\":{\"@id\":\"https:\/\/www.aridane.org\/city\/#\/schema\/person\/89ebd376b223dc94cc1dbcf200c8e6da\"},\"breadcrumb\":{\"@id\":\"https:\/\/www.aridane.org\/city\/2024\/12\/04\/los-llanos-de-aridane-mejora-la-movilidad-de-su-casco-antiguo-con-una-nueva-regulacion-peatonal\/#breadcrumb\"},\"inLanguage\":\"es\",\"potentialAction\":[{\"@type\":\"ReadAction\",\"target\":[\"https:\/\/www.aridane.org\/city\/2024\/12\/04\/los-llanos-de-aridane-mejora-la-movilidad-de-su-casco-antiguo-con-una-nueva-regulacion-peatonal\/\"]}]},{\"@type\":\"ImageObject\",\"inLanguage\":\"es\",\"@id\":\"https:\/\/www.aridane.org\/city\/2024\/12\/04\/los-llanos-de-aridane-mejora-la-movilidad-de-su-casco-antiguo-con-una-nueva-regulacion-peatonal\/#primaryimage\",\"url\":\"https:\/\/www.aridane.org\/city\/wp-content\/uploads\/2024\/12\/Zona-peatonal-Los-Llanos.jpeg\",\"contentUrl\":\"https:\/\/www.aridane.org\/city\/wp-content\/uploads\/2024\/12\/Zona-peatonal-Los-Llanos.jpeg\",\"width\":1296,\"height\":739},{\"@type\":\"BreadcrumbList\",\"@id\":\"https:\/\/www.aridane.org\/city\/2024\/12\/04\/los-llanos-de-aridane-mejora-la-movilidad-de-su-casco-antiguo-con-una-nueva-regulacion-peatonal\/#breadcrumb\",\"itemListElement\":[{\"@type\":\"ListItem\",\"position\":1,\"name\":\"Portada\",\"item\":\"https:\/\/www.aridane.org\/city\/\"},{\"@type\":\"ListItem\",\"position\":2,\"name\":\"Los Llanos de Aridane mejora la movilidad de su casco antiguo con una nueva regulaci\u00f3n peatonal\"}]},{\"@type\":\"WebSite\",\"@id\":\"https:\/\/www.aridane.org\/city\/#website\",\"url\":\"https:\/\/www.aridane.org\/city\/\",\"name\":\"Ayuntamiento de Los Llanos de Aridane\",\"description\":\"\",\"potentialAction\":[{\"@type\":\"SearchAction\",\"target\":{\"@type\":\"EntryPoint\",\"urlTemplate\":\"https:\/\/www.aridane.org\/city\/?s={search_term_string}\"},\"query-input\":\"required name=search_term_string\"}],\"inLanguage\":\"es\"},{\"@type\":\"Person\",\"@id\":\"https:\/\/www.aridane.org\/city\/#\/schema\/person\/89ebd376b223dc94cc1dbcf200c8e6da\",\"name\":\"Corresponsal\",\"image\":{\"@type\":\"ImageObject\",\"inLanguage\":\"es\",\"@id\":\"https:\/\/www.aridane.org\/city\/#\/schema\/person\/image\/\",\"url\":\"https:\/\/secure.gravatar.com\/avatar\/1c476992411e4ccf153da63b2b2f5ea0bb4cb1c85f3ceab8512f04325ad5579c?s=96&d=mm&r=g\",\"contentUrl\":\"https:\/\/secure.gravatar.com\/avatar\/1c476992411e4ccf153da63b2b2f5ea0bb4cb1c85f3ceab8512f04325ad5579c?s=96&d=mm&r=g\",\"caption\":\"Corresponsal\"},\"url\":\"https:\/\/www.aridane.org\/city\/author\/corresponsal\/\"}]}<\/script>\n<!-- \/ Yoast SEO plugin. -->","yoast_head_json":{"title":"Los Llanos de Aridane mejora la movilidad de su casco antiguo con una nueva regulaci\u00f3n peatonal - Ayuntamiento de Los Llanos de Aridane","robots":{"index":"index","follow":"follow","max-snippet":"max-snippet:-1","max-image-preview":"max-image-preview:large","max-video-preview":"max-video-preview:-1"},"canonical":"https:\/\/www.aridane.org\/city\/2024\/12\/04\/los-llanos-de-aridane-mejora-la-movilidad-de-su-casco-antiguo-con-una-nueva-regulacion-peatonal\/","og_locale":"es_ES","og_type":"article","og_title":"Los Llanos de Aridane mejora la movilidad de su casco antiguo con una nueva regulaci\u00f3n peatonal - Ayuntamiento de Los Llanos de Aridane","og_description":"La regulaci\u00f3n de las zonas peatonales har\u00e1 del casco antiguo un espacio m\u00e1s seguro y sostenible, al tiempo que estimula el comercio local","og_url":"https:\/\/www.aridane.org\/city\/2024\/12\/04\/los-llanos-de-aridane-mejora-la-movilidad-de-su-casco-antiguo-con-una-nueva-regulacion-peatonal\/","og_site_name":"Ayuntamiento de Los Llanos de Aridane","article_published_time":"2024-12-04T18:54:10+00:00","og_image":[{"width":1296,"height":739,"url":"https:\/\/www.aridane.org\/city\/wp-content\/uploads\/2024\/12\/Zona-peatonal-Los-Llanos.jpeg","type":"image\/jpeg"}],"author":"Corresponsal","twitter_card":"summary_large_image","twitter_misc":{"Escrito por":"Corresponsal","Tiempo de lectura":"2 minutos"},"schema":{"@context":"https:\/\/schema.org","@graph":[{"@type":"WebPage","@id":"https:\/\/www.aridane.org\/city\/2024\/12\/04\/los-llanos-de-aridane-mejora-la-movilidad-de-su-casco-antiguo-con-una-nueva-regulacion-peatonal\/","url":"https:\/\/www.aridane.org\/city\/2024\/12\/04\/los-llanos-de-aridane-mejora-la-movilidad-de-su-casco-antiguo-con-una-nueva-regulacion-peatonal\/","name":"Los Llanos de Aridane mejora la movilidad de su casco antiguo con una nueva regulaci\u00f3n peatonal - Ayuntamiento de Los Llanos de Aridane","isPartOf":{"@id":"https:\/\/www.aridane.org\/city\/#website"},"primaryImageOfPage":{"@id":"https:\/\/www.aridane.org\/city\/2024\/12\/04\/los-llanos-de-aridane-mejora-la-movilidad-de-su-casco-antiguo-con-una-nueva-regulacion-peatonal\/#primaryimage"},"image":{"@id":"https:\/\/www.aridane.org\/city\/2024\/12\/04\/los-llanos-de-aridane-mejora-la-movilidad-de-su-casco-antiguo-con-una-nueva-regulacion-peatonal\/#primaryimage"},"thumbnailUrl":"https:\/\/www.aridane.org\/city\/wp-content\/uploads\/2024\/12\/Zona-peatonal-Los-Llanos.jpeg","datePublished":"2024-12-04T18:54:10+00:00","dateModified":"2024-12-04T18:54:10+00:00","author":{"@id":"https:\/\/www.aridane.org\/city\/#\/schema\/person\/89ebd376b223dc94cc1dbcf200c8e6da"},"breadcrumb":{"@id":"https:\/\/www.aridane.org\/city\/2024\/12\/04\/los-llanos-de-aridane-mejora-la-movilidad-de-su-casco-antiguo-con-una-nueva-regulacion-peatonal\/#breadcrumb"},"inLanguage":"es","potentialAction":[{"@type":"ReadAction","target":["https:\/\/www.aridane.org\/city\/2024\/12\/04\/los-llanos-de-aridane-mejora-la-movilidad-de-su-casco-antiguo-con-una-nueva-regulacion-peatonal\/"]}]},{"@type":"ImageObject","inLanguage":"es","@id":"https:\/\/www.aridane.org\/city\/2024\/12\/04\/los-llanos-de-aridane-mejora-la-movilidad-de-su-casco-antiguo-con-una-nueva-regulacion-peatonal\/#primaryimage","url":"https:\/\/www.aridane.org\/city\/wp-content\/uploads\/2024\/12\/Zona-peatonal-Los-Llanos.jpeg","contentUrl":"https:\/\/www.aridane.org\/city\/wp-content\/uploads\/2024\/12\/Zona-peatonal-Los-Llanos.jpeg","width":1296,"height":739},{"@type":"BreadcrumbList","@id":"https:\/\/www.aridane.org\/city\/2024\/12\/04\/los-llanos-de-aridane-mejora-la-movilidad-de-su-casco-antiguo-con-una-nueva-regulacion-peatonal\/#breadcrumb","itemListElement":[{"@type":"ListItem","position":1,"name":"Portada","item":"https:\/\/www.aridane.org\/city\/"},{"@type":"ListItem","position":2,"name":"Los Llanos de Aridane mejora la movilidad de su casco antiguo con una nueva regulaci\u00f3n peatonal"}]},{"@type":"WebSite","@id":"https:\/\/www.aridane.org\/city\/#website","url":"https:\/\/www.aridane.org\/city\/","name":"Ayuntamiento de Los Llanos de Aridane","description":"","potentialAction":[{"@type":"SearchAction","target":{"@type":"EntryPoint","urlTemplate":"https:\/\/www.aridane.org\/city\/?s={search_term_string}"},"query-input":"required name=search_term_string"}],"inLanguage":"es"},{"@type":"Person","@id":"https:\/\/www.aridane.org\/city\/#\/schema\/person\/89ebd376b223dc94cc1dbcf200c8e6da","name":"Corresponsal","image":{"@type":"ImageObject","inLanguage":"es","@id":"https:\/\/www.aridane.org\/city\/#\/schema\/person\/image\/","url":"https:\/\/secure.gravatar.com\/avatar\/1c476992411e4ccf153da63b2b2f5ea0bb4cb1c85f3ceab8512f04325ad5579c?s=96&d=mm&r=g","contentUrl":"https:\/\/secure.gravatar.com\/avatar\/1c476992411e4ccf153da63b2b2f5ea0bb4cb1c85f3ceab8512f04325ad5579c?s=96&d=mm&r=g","caption":"Corresponsal"},"url":"https:\/\/www.aridane.org\/city\/author\/corresponsal\/"}]}},"_links":{"self":[{"href":"https:\/\/www.aridane.org\/city\/wp-json\/wp\/v2\/posts\/4160","targetHints":{"allow":["GET"]}}],"collection":[{"href":"https:\/\/www.aridane.org\/city\/wp-json\/wp\/v2\/posts"}],"about":[{"href":"https:\/\/www.aridane.org\/city\/wp-json\/wp\/v2\/types\/post"}],"author":[{"embeddable":true,"href":"https:\/\/www.aridane.org\/city\/wp-json\/wp\/v2\/users\/4"}],"replies":[{"embeddable":true,"href":"https:\/\/www.aridane.org\/city\/wp-json\/wp\/v2\/comments?post=4160"}],"version-history":[{"count":1,"href":"https:\/\/www.aridane.org\/city\/wp-json\/wp\/v2\/posts\/4160\/revisions"}],"predecessor-version":[{"id":4163,"href":"https:\/\/www.aridane.org\/city\/wp-json\/wp\/v2\/posts\/4160\/revisions\/4163"}],"wp:featuredmedia":[{"embeddable":true,"href":"https:\/\/www.aridane.org\/city\/wp-json\/wp\/v2\/media\/4161"}],"wp:attachment":[{"href":"https:\/\/www.aridane.org\/city\/wp-json\/wp\/v2\/media?parent=4160"}],"wp:term":[{"taxonomy":"category","embeddable":true,"href":"https:\/\/www.aridane.org\/city\/wp-json\/wp\/v2\/categories?post=4160"},{"taxonomy":"post_tag","embeddable":true,"href":"https:\/\/www.aridane.org\/city\/wp-json\/wp\/v2\/tags?post=4160"}],"curies":[{"name":"wp","href":"https:\/\/api.w.org\/{rel}","templated":true}]}}