{"id":4171,"date":"2025-01-28T20:58:54","date_gmt":"2025-01-28T20:58:54","guid":{"rendered":"https:\/\/www.aridane.org\/city\/?p=4171"},"modified":"2025-02-05T12:09:40","modified_gmt":"2025-02-05T12:09:40","slug":"mas-de-180-personas-disfrutan-de-las-ponencias-de-pedro-garcia-aguado-en-los-llanos-de-aridane","status":"publish","type":"post","link":"https:\/\/www.aridane.org\/city\/2025\/01\/28\/mas-de-180-personas-disfrutan-de-las-ponencias-de-pedro-garcia-aguado-en-los-llanos-de-aridane\/","title":{"rendered":"M\u00e1s de 180 personas disfrutan de las ponencias de Pedro Garc\u00eda Aguado en Los Llanos de Aridane"},"content":{"rendered":"<p><em>El encuentro abord\u00f3 temas como la evoluci\u00f3n de la relaci\u00f3n paterno-filial y los modelos educativos que perpet\u00faan desigualdades en el hogar<\/em><!--more--><\/p>\n<div id=\"v1forwardbody1\">\n<p>El Ayuntamiento de Los Llanos de Aridane organiz\u00f3 este lunes 27 de enero las jornadas \u2018Igualdad de trato desde el di\u00e1logo\u2019, que se desarrollaron en el Museo Arqueol\u00f3gico Benahoarita. La actividad, que fue presentada y moderada por el reconocido intervencionista familiar Pedro Garc\u00eda Aguado, reuni\u00f3 a 180 personas, que participaron tanto en las sesiones matutinas con los institutos del municipio como en la sesi\u00f3n abierta al p\u00fablico en horario de tarde.<\/p>\n<p>El encuentro abord\u00f3 temas como la evoluci\u00f3n de la relaci\u00f3n paterno-filial y los modelos educativos que perpet\u00faan desigualdades en el hogar, generando un espacio de reflexi\u00f3n en torno a las din\u00e1micas familiares desde una perspectiva igualitaria.<\/p>\n<p>El alcalde, Javier Llamas, subray\u00f3 la relevancia de este tipo de iniciativas para la concienciaci\u00f3n de la juventud y las familias.<\/p>\n<p>\u201cDesde el Ayuntamiento seguimos trabajando por la igualdad en todos los \u00e1mbitos, y estas jornadas son una oportunidad para reflexionar y avanzar en la construcci\u00f3n de un municipio m\u00e1s saludable para todas y todos\u201d, apunta.<\/p>\n<p>Por su parte, la concejala de Igualdad, Idaira P\u00e9rez, destac\u00f3 la importancia de visibilizar y transformar los patrones educativos heredados, as\u00ed como la experiencia que aport\u00f3 Pedro Garc\u00eda Aguado a las sesiones<\/p>\n<p>\u201cEste encuentro, protagonizado por todo un referente como Pedro Garc\u00eda Aguado, busca concienciar y brindar herramientas que permitan promover relaciones familiares basadas en el respeto, el di\u00e1logo y la igualdad de oportunidades\u201d, se\u00f1ala.<\/p>\n<p>La jornada fue valorada por los asistentes, quienes agradecieron la calidad de los contenidos y el enfoque pr\u00e1ctico de las sesiones.<\/p>\n<\/div>\n","protected":false},"excerpt":{"rendered":"<p>El encuentro abord\u00f3 temas como la evoluci\u00f3n de la relaci\u00f3n paterno-filial y los modelos educativos que perpet\u00faan desigualdades en el hogar<\/p>\n","protected":false},"author":4,"featured_media":4172,"comment_status":"open","ping_status":"open","sticky":false,"template":"","format":"standard","meta":{"footnotes":""},"categories":[1],"tags":[],"class_list":["post-4171","post","type-post","status-publish","format-standard","has-post-thumbnail","hentry","category-sin-categoria"],"yoast_head":"<!-- This site is optimized with the Yoast SEO plugin v22.7 - https:\/\/yoast.com\/wordpress\/plugins\/seo\/ -->\n<title>M\u00e1s de 180 personas disfrutan de las ponencias de Pedro Garc\u00eda Aguado en Los Llanos de Aridane - Ayuntamiento de Los Llanos de Aridane<\/title>\n<meta name=\"robots\" content=\"index, follow, max-snippet:-1, max-image-preview:large, max-video-preview:-1\" \/>\n<link rel=\"canonical\" href=\"https:\/\/www.aridane.org\/city\/2025\/01\/28\/mas-de-180-personas-disfrutan-de-las-ponencias-de-pedro-garcia-aguado-en-los-llanos-de-aridane\/\" \/>\n<meta property=\"og:locale\" content=\"es_ES\" \/>\n<meta property=\"og:type\" content=\"article\" \/>\n<meta property=\"og:title\" content=\"M\u00e1s de 180 personas disfrutan de las ponencias de Pedro Garc\u00eda Aguado en Los Llanos de Aridane - Ayuntamiento de Los Llanos de Aridane\" \/>\n<meta property=\"og:description\" content=\"El encuentro abord\u00f3 temas como la evoluci\u00f3n de la relaci\u00f3n paterno-filial y los modelos educativos que perpet\u00faan desigualdades en el hogar\" \/>\n<meta property=\"og:url\" content=\"https:\/\/www.aridane.org\/city\/2025\/01\/28\/mas-de-180-personas-disfrutan-de-las-ponencias-de-pedro-garcia-aguado-en-los-llanos-de-aridane\/\" \/>\n<meta property=\"og:site_name\" content=\"Ayuntamiento de Los Llanos de Aridane\" \/>\n<meta property=\"article:published_time\" content=\"2025-01-28T20:58:54+00:00\" \/>\n<meta property=\"article:modified_time\" content=\"2025-02-05T12:09:40+00:00\" \/>\n<meta property=\"og:image\" content=\"https:\/\/www.aridane.org\/city\/wp-content\/uploads\/2025\/01\/Pedro-Garcia-Aguado-1-e1738757372129.jpeg\" \/>\n\t<meta property=\"og:image:width\" content=\"1179\" \/>\n\t<meta property=\"og:image:height\" content=\"643\" \/>\n\t<meta property=\"og:image:type\" content=\"image\/jpeg\" \/>\n<meta name=\"author\" content=\"Corresponsal\" \/>\n<meta name=\"twitter:card\" content=\"summary_large_image\" \/>\n<meta name=\"twitter:label1\" content=\"Escrito por\" \/>\n\t<meta name=\"twitter:data1\" content=\"Corresponsal\" \/>\n\t<meta name=\"twitter:label2\" content=\"Tiempo de lectura\" \/>\n\t<meta name=\"twitter:data2\" content=\"2 minutos\" \/>\n<script type=\"application\/ld+json\" class=\"yoast-schema-graph\">{\"@context\":\"https:\/\/schema.org\",\"@graph\":[{\"@type\":\"WebPage\",\"@id\":\"https:\/\/www.aridane.org\/city\/2025\/01\/28\/mas-de-180-personas-disfrutan-de-las-ponencias-de-pedro-garcia-aguado-en-los-llanos-de-aridane\/\",\"url\":\"https:\/\/www.aridane.org\/city\/2025\/01\/28\/mas-de-180-personas-disfrutan-de-las-ponencias-de-pedro-garcia-aguado-en-los-llanos-de-aridane\/\",\"name\":\"M\u00e1s de 180 personas disfrutan de las ponencias de Pedro Garc\u00eda Aguado en Los Llanos de Aridane - Ayuntamiento de Los Llanos de Aridane\",\"isPartOf\":{\"@id\":\"https:\/\/www.aridane.org\/city\/#website\"},\"primaryImageOfPage\":{\"@id\":\"https:\/\/www.aridane.org\/city\/2025\/01\/28\/mas-de-180-personas-disfrutan-de-las-ponencias-de-pedro-garcia-aguado-en-los-llanos-de-aridane\/#primaryimage\"},\"image\":{\"@id\":\"https:\/\/www.aridane.org\/city\/2025\/01\/28\/mas-de-180-personas-disfrutan-de-las-ponencias-de-pedro-garcia-aguado-en-los-llanos-de-aridane\/#primaryimage\"},\"thumbnailUrl\":\"https:\/\/www.aridane.org\/city\/wp-content\/uploads\/2025\/01\/Pedro-Garcia-Aguado-1-e1738757372129.jpeg\",\"datePublished\":\"2025-01-28T20:58:54+00:00\",\"dateModified\":\"2025-02-05T12:09:40+00:00\",\"author\":{\"@id\":\"https:\/\/www.aridane.org\/city\/#\/schema\/person\/89ebd376b223dc94cc1dbcf200c8e6da\"},\"breadcrumb\":{\"@id\":\"https:\/\/www.aridane.org\/city\/2025\/01\/28\/mas-de-180-personas-disfrutan-de-las-ponencias-de-pedro-garcia-aguado-en-los-llanos-de-aridane\/#breadcrumb\"},\"inLanguage\":\"es\",\"potentialAction\":[{\"@type\":\"ReadAction\",\"target\":[\"https:\/\/www.aridane.org\/city\/2025\/01\/28\/mas-de-180-personas-disfrutan-de-las-ponencias-de-pedro-garcia-aguado-en-los-llanos-de-aridane\/\"]}]},{\"@type\":\"ImageObject\",\"inLanguage\":\"es\",\"@id\":\"https:\/\/www.aridane.org\/city\/2025\/01\/28\/mas-de-180-personas-disfrutan-de-las-ponencias-de-pedro-garcia-aguado-en-los-llanos-de-aridane\/#primaryimage\",\"url\":\"https:\/\/www.aridane.org\/city\/wp-content\/uploads\/2025\/01\/Pedro-Garcia-Aguado-1-e1738757372129.jpeg\",\"contentUrl\":\"https:\/\/www.aridane.org\/city\/wp-content\/uploads\/2025\/01\/Pedro-Garcia-Aguado-1-e1738757372129.jpeg\",\"width\":1179,\"height\":643},{\"@type\":\"BreadcrumbList\",\"@id\":\"https:\/\/www.aridane.org\/city\/2025\/01\/28\/mas-de-180-personas-disfrutan-de-las-ponencias-de-pedro-garcia-aguado-en-los-llanos-de-aridane\/#breadcrumb\",\"itemListElement\":[{\"@type\":\"ListItem\",\"position\":1,\"name\":\"Portada\",\"item\":\"https:\/\/www.aridane.org\/city\/\"},{\"@type\":\"ListItem\",\"position\":2,\"name\":\"M\u00e1s de 180 personas disfrutan de las ponencias de Pedro Garc\u00eda Aguado en Los Llanos de Aridane\"}]},{\"@type\":\"WebSite\",\"@id\":\"https:\/\/www.aridane.org\/city\/#website\",\"url\":\"https:\/\/www.aridane.org\/city\/\",\"name\":\"Ayuntamiento de Los Llanos de Aridane\",\"description\":\"\",\"potentialAction\":[{\"@type\":\"SearchAction\",\"target\":{\"@type\":\"EntryPoint\",\"urlTemplate\":\"https:\/\/www.aridane.org\/city\/?s={search_term_string}\"},\"query-input\":\"required name=search_term_string\"}],\"inLanguage\":\"es\"},{\"@type\":\"Person\",\"@id\":\"https:\/\/www.aridane.org\/city\/#\/schema\/person\/89ebd376b223dc94cc1dbcf200c8e6da\",\"name\":\"Corresponsal\",\"image\":{\"@type\":\"ImageObject\",\"inLanguage\":\"es\",\"@id\":\"https:\/\/www.aridane.org\/city\/#\/schema\/person\/image\/\",\"url\":\"https:\/\/secure.gravatar.com\/avatar\/1c476992411e4ccf153da63b2b2f5ea0bb4cb1c85f3ceab8512f04325ad5579c?s=96&d=mm&r=g\",\"contentUrl\":\"https:\/\/secure.gravatar.com\/avatar\/1c476992411e4ccf153da63b2b2f5ea0bb4cb1c85f3ceab8512f04325ad5579c?s=96&d=mm&r=g\",\"caption\":\"Corresponsal\"},\"url\":\"https:\/\/www.aridane.org\/city\/author\/corresponsal\/\"}]}<\/script>\n<!-- \/ Yoast SEO plugin. -->","yoast_head_json":{"title":"M\u00e1s de 180 personas disfrutan de las ponencias de Pedro Garc\u00eda Aguado en Los Llanos de Aridane - Ayuntamiento de Los Llanos de Aridane","robots":{"index":"index","follow":"follow","max-snippet":"max-snippet:-1","max-image-preview":"max-image-preview:large","max-video-preview":"max-video-preview:-1"},"canonical":"https:\/\/www.aridane.org\/city\/2025\/01\/28\/mas-de-180-personas-disfrutan-de-las-ponencias-de-pedro-garcia-aguado-en-los-llanos-de-aridane\/","og_locale":"es_ES","og_type":"article","og_title":"M\u00e1s de 180 personas disfrutan de las ponencias de Pedro Garc\u00eda Aguado en Los Llanos de Aridane - Ayuntamiento de Los Llanos de Aridane","og_description":"El encuentro abord\u00f3 temas como la evoluci\u00f3n de la relaci\u00f3n paterno-filial y los modelos educativos que perpet\u00faan desigualdades en el hogar","og_url":"https:\/\/www.aridane.org\/city\/2025\/01\/28\/mas-de-180-personas-disfrutan-de-las-ponencias-de-pedro-garcia-aguado-en-los-llanos-de-aridane\/","og_site_name":"Ayuntamiento de Los Llanos de Aridane","article_published_time":"2025-01-28T20:58:54+00:00","article_modified_time":"2025-02-05T12:09:40+00:00","og_image":[{"width":1179,"height":643,"url":"https:\/\/www.aridane.org\/city\/wp-content\/uploads\/2025\/01\/Pedro-Garcia-Aguado-1-e1738757372129.jpeg","type":"image\/jpeg"}],"author":"Corresponsal","twitter_card":"summary_large_image","twitter_misc":{"Escrito por":"Corresponsal","Tiempo de lectura":"2 minutos"},"schema":{"@context":"https:\/\/schema.org","@graph":[{"@type":"WebPage","@id":"https:\/\/www.aridane.org\/city\/2025\/01\/28\/mas-de-180-personas-disfrutan-de-las-ponencias-de-pedro-garcia-aguado-en-los-llanos-de-aridane\/","url":"https:\/\/www.aridane.org\/city\/2025\/01\/28\/mas-de-180-personas-disfrutan-de-las-ponencias-de-pedro-garcia-aguado-en-los-llanos-de-aridane\/","name":"M\u00e1s de 180 personas disfrutan de las ponencias de Pedro Garc\u00eda Aguado en Los Llanos de Aridane - Ayuntamiento de Los Llanos de Aridane","isPartOf":{"@id":"https:\/\/www.aridane.org\/city\/#website"},"primaryImageOfPage":{"@id":"https:\/\/www.aridane.org\/city\/2025\/01\/28\/mas-de-180-personas-disfrutan-de-las-ponencias-de-pedro-garcia-aguado-en-los-llanos-de-aridane\/#primaryimage"},"image":{"@id":"https:\/\/www.aridane.org\/city\/2025\/01\/28\/mas-de-180-personas-disfrutan-de-las-ponencias-de-pedro-garcia-aguado-en-los-llanos-de-aridane\/#primaryimage"},"thumbnailUrl":"https:\/\/www.aridane.org\/city\/wp-content\/uploads\/2025\/01\/Pedro-Garcia-Aguado-1-e1738757372129.jpeg","datePublished":"2025-01-28T20:58:54+00:00","dateModified":"2025-02-05T12:09:40+00:00","author":{"@id":"https:\/\/www.aridane.org\/city\/#\/schema\/person\/89ebd376b223dc94cc1dbcf200c8e6da"},"breadcrumb":{"@id":"https:\/\/www.aridane.org\/city\/2025\/01\/28\/mas-de-180-personas-disfrutan-de-las-ponencias-de-pedro-garcia-aguado-en-los-llanos-de-aridane\/#breadcrumb"},"inLanguage":"es","potentialAction":[{"@type":"ReadAction","target":["https:\/\/www.aridane.org\/city\/2025\/01\/28\/mas-de-180-personas-disfrutan-de-las-ponencias-de-pedro-garcia-aguado-en-los-llanos-de-aridane\/"]}]},{"@type":"ImageObject","inLanguage":"es","@id":"https:\/\/www.aridane.org\/city\/2025\/01\/28\/mas-de-180-personas-disfrutan-de-las-ponencias-de-pedro-garcia-aguado-en-los-llanos-de-aridane\/#primaryimage","url":"https:\/\/www.aridane.org\/city\/wp-content\/uploads\/2025\/01\/Pedro-Garcia-Aguado-1-e1738757372129.jpeg","contentUrl":"https:\/\/www.aridane.org\/city\/wp-content\/uploads\/2025\/01\/Pedro-Garcia-Aguado-1-e1738757372129.jpeg","width":1179,"height":643},{"@type":"BreadcrumbList","@id":"https:\/\/www.aridane.org\/city\/2025\/01\/28\/mas-de-180-personas-disfrutan-de-las-ponencias-de-pedro-garcia-aguado-en-los-llanos-de-aridane\/#breadcrumb","itemListElement":[{"@type":"ListItem","position":1,"name":"Portada","item":"https:\/\/www.aridane.org\/city\/"},{"@type":"ListItem","position":2,"name":"M\u00e1s de 180 personas disfrutan de las ponencias de Pedro Garc\u00eda Aguado en Los Llanos de Aridane"}]},{"@type":"WebSite","@id":"https:\/\/www.aridane.org\/city\/#website","url":"https:\/\/www.aridane.org\/city\/","name":"Ayuntamiento de Los Llanos de Aridane","description":"","potentialAction":[{"@type":"SearchAction","target":{"@type":"EntryPoint","urlTemplate":"https:\/\/www.aridane.org\/city\/?s={search_term_string}"},"query-input":"required name=search_term_string"}],"inLanguage":"es"},{"@type":"Person","@id":"https:\/\/www.aridane.org\/city\/#\/schema\/person\/89ebd376b223dc94cc1dbcf200c8e6da","name":"Corresponsal","image":{"@type":"ImageObject","inLanguage":"es","@id":"https:\/\/www.aridane.org\/city\/#\/schema\/person\/image\/","url":"https:\/\/secure.gravatar.com\/avatar\/1c476992411e4ccf153da63b2b2f5ea0bb4cb1c85f3ceab8512f04325ad5579c?s=96&d=mm&r=g","contentUrl":"https:\/\/secure.gravatar.com\/avatar\/1c476992411e4ccf153da63b2b2f5ea0bb4cb1c85f3ceab8512f04325ad5579c?s=96&d=mm&r=g","caption":"Corresponsal"},"url":"https:\/\/www.aridane.org\/city\/author\/corresponsal\/"}]}},"_links":{"self":[{"href":"https:\/\/www.aridane.org\/city\/wp-json\/wp\/v2\/posts\/4171","targetHints":{"allow":["GET"]}}],"collection":[{"href":"https:\/\/www.aridane.org\/city\/wp-json\/wp\/v2\/posts"}],"about":[{"href":"https:\/\/www.aridane.org\/city\/wp-json\/wp\/v2\/types\/post"}],"author":[{"embeddable":true,"href":"https:\/\/www.aridane.org\/city\/wp-json\/wp\/v2\/users\/4"}],"replies":[{"embeddable":true,"href":"https:\/\/www.aridane.org\/city\/wp-json\/wp\/v2\/comments?post=4171"}],"version-history":[{"count":1,"href":"https:\/\/www.aridane.org\/city\/wp-json\/wp\/v2\/posts\/4171\/revisions"}],"predecessor-version":[{"id":4173,"href":"https:\/\/www.aridane.org\/city\/wp-json\/wp\/v2\/posts\/4171\/revisions\/4173"}],"wp:featuredmedia":[{"embeddable":true,"href":"https:\/\/www.aridane.org\/city\/wp-json\/wp\/v2\/media\/4172"}],"wp:attachment":[{"href":"https:\/\/www.aridane.org\/city\/wp-json\/wp\/v2\/media?parent=4171"}],"wp:term":[{"taxonomy":"category","embeddable":true,"href":"https:\/\/www.aridane.org\/city\/wp-json\/wp\/v2\/categories?post=4171"},{"taxonomy":"post_tag","embeddable":true,"href":"https:\/\/www.aridane.org\/city\/wp-json\/wp\/v2\/tags?post=4171"}],"curies":[{"name":"wp","href":"https:\/\/api.w.org\/{rel}","templated":true}]}}