{"id":4174,"date":"2025-01-27T09:00:05","date_gmt":"2025-01-27T09:00:05","guid":{"rendered":"https:\/\/www.aridane.org\/city\/?p=4174"},"modified":"2025-01-29T09:01:53","modified_gmt":"2025-01-29T09:01:53","slug":"los-llanos-de-aridane-impulsa-la-transformacion-digital-de-su-comercio-con-el-proyecto-espacio-comercial-inteligente","status":"publish","type":"post","link":"https:\/\/www.aridane.org\/city\/2025\/01\/27\/los-llanos-de-aridane-impulsa-la-transformacion-digital-de-su-comercio-con-el-proyecto-espacio-comercial-inteligente\/","title":{"rendered":"Los Llanos de Aridane impulsa la transformaci\u00f3n digital de su comercio con el proyecto &#8216;Espacio Comercial Inteligente&#8217;"},"content":{"rendered":"<p><em>El proyecto \u2018Espacio Comercial Inteligente\u2019, que se desarrollar\u00e1 entre enero y junio de 2025<\/em><!--more--><\/p>\n<div id=\"v1forwardbody1\">\n<p>El Ayuntamiento de Los Llanos de Aridane pone en marcha el proyecto &#8216;Espacio Comercial Inteligente: Transformaci\u00f3n Digital Integral para un Comercio Inteligente, Sostenible e Inclusivo en Los Llanos de Aridane&#8217;. Esta iniciativa, financiada con Fondos Europeos y promovida dentro del programa &#8216;Canarias Destino Comercial Inteligente&#8217; del Gobierno de Canarias, tiene como objetivo modernizar y digitalizar el comercio local.<\/p>\n<p>La concejala de Comercio y Desarrollo Local, Ver\u00f3nica Gonz\u00e1lez, asegura que este proyecto \u201ces una apuesta decidida por un modelo de comercio m\u00e1s innovador, eficiente y preparado para los desaf\u00edos del mercado digital\u201d.<\/p>\n<p>Gonz\u00e1lez detalla que la digitalizaci\u00f3n del comercio ofrece ventajas tanto para los consumidores como para las empresas. \u201cPermite a los comerciantes llegar a un p\u00fablico m\u00e1s amplio, mejorar la experiencia de compra y aumentar las ventas. Tambi\u00e9n puede ayudar a reducir los costes y mejorar la eficiencia. Las asociaciones comerciales, los comerciantes y los emprendedores ya han comenzado a adoptar las tecnolog\u00edas digitales para mejorar sus negocios, y el Ayuntamiento de Los Llanos de Aridane est\u00e1 comprometido a apoyar y potenciar este proceso\u201d, a\u00f1ade.<\/p>\n<p>El proyecto \u2018Espacio Comercial Inteligente\u2019, que se desarrollar\u00e1 entre enero y junio de 2025, incluye acciones clave para fortalecer la competitividad del sector como el diagn\u00f3stico digital de los comercios para identificar necesidades, la creaci\u00f3n de planes individualizados de digitalizaci\u00f3n, un\u00a0<em>marketplace\u00a0<\/em>digital para ampliar el alcance comercial, formaci\u00f3n en marketing digital y estrategias avanzadas para los comerciantes, instalaci\u00f3n de carteler\u00eda digital interactiva y paneles informativos, y la incorporaci\u00f3n de acciones sostenibles como las m\u00e1quinas de reciclaje &#8216;Reverse Vending&#8217;.<\/p>\n<p>El &#8216;Espacio Comercial Inteligente&#8217; busca beneficiar tanto a comerciantes como a clientes y visitantes, mejorando la experiencia de compra, atrayendo nuevos perfiles de consumidores y dinamizando la econom\u00eda local. Adem\u00e1s, incluye actividades de promoci\u00f3n cultural que refuerzan el atractivo tur\u00edstico y la integraci\u00f3n comunitaria del municipio.<\/p>\n<p>Esta acci\u00f3n se enmarca en el programa &#8216;Canarias Destino Comercial Inteligente&#8217;, impulsado por el Gobierno de Canarias y financiado con Fondos Europeos, para apoyar la digitalizaci\u00f3n y sostenibilidad del comercio en todo el archipi\u00e9lago.<\/p>\n<\/div>\n","protected":false},"excerpt":{"rendered":"<p>El proyecto \u2018Espacio Comercial Inteligente\u2019, que se desarrollar\u00e1 entre enero y junio de 2025<\/p>\n","protected":false},"author":4,"featured_media":2861,"comment_status":"open","ping_status":"open","sticky":false,"template":"","format":"standard","meta":{"footnotes":""},"categories":[1],"tags":[],"class_list":["post-4174","post","type-post","status-publish","format-standard","has-post-thumbnail","hentry","category-sin-categoria"],"yoast_head":"<!-- This site is optimized with the Yoast SEO plugin v22.7 - https:\/\/yoast.com\/wordpress\/plugins\/seo\/ -->\n<title>Los Llanos de Aridane impulsa la transformaci\u00f3n digital de su comercio con el proyecto &#039;Espacio Comercial Inteligente&#039; - Ayuntamiento de Los Llanos de Aridane<\/title>\n<meta name=\"robots\" content=\"index, follow, max-snippet:-1, max-image-preview:large, max-video-preview:-1\" \/>\n<link rel=\"canonical\" href=\"https:\/\/www.aridane.org\/city\/2025\/01\/27\/los-llanos-de-aridane-impulsa-la-transformacion-digital-de-su-comercio-con-el-proyecto-espacio-comercial-inteligente\/\" \/>\n<meta property=\"og:locale\" content=\"es_ES\" \/>\n<meta property=\"og:type\" content=\"article\" \/>\n<meta property=\"og:title\" content=\"Los Llanos de Aridane impulsa la transformaci\u00f3n digital de su comercio con el proyecto &#039;Espacio Comercial Inteligente&#039; - Ayuntamiento de Los Llanos de Aridane\" \/>\n<meta property=\"og:description\" content=\"El proyecto \u2018Espacio Comercial Inteligente\u2019, que se desarrollar\u00e1 entre enero y junio de 2025\" \/>\n<meta property=\"og:url\" content=\"https:\/\/www.aridane.org\/city\/2025\/01\/27\/los-llanos-de-aridane-impulsa-la-transformacion-digital-de-su-comercio-con-el-proyecto-espacio-comercial-inteligente\/\" \/>\n<meta property=\"og:site_name\" content=\"Ayuntamiento de Los Llanos de Aridane\" \/>\n<meta property=\"article:published_time\" content=\"2025-01-27T09:00:05+00:00\" \/>\n<meta property=\"article:modified_time\" content=\"2025-01-29T09:01:53+00:00\" \/>\n<meta property=\"og:image\" content=\"https:\/\/www.aridane.org\/city\/wp-content\/uploads\/2023\/10\/Veronica-Gonzalez-1.jpeg\" \/>\n\t<meta property=\"og:image:width\" content=\"1024\" \/>\n\t<meta property=\"og:image:height\" content=\"683\" \/>\n\t<meta property=\"og:image:type\" content=\"image\/jpeg\" \/>\n<meta name=\"author\" content=\"Corresponsal\" \/>\n<meta name=\"twitter:card\" content=\"summary_large_image\" \/>\n<meta name=\"twitter:label1\" content=\"Escrito por\" \/>\n\t<meta name=\"twitter:data1\" content=\"Corresponsal\" \/>\n\t<meta name=\"twitter:label2\" content=\"Tiempo de lectura\" \/>\n\t<meta name=\"twitter:data2\" content=\"2 minutos\" \/>\n<script type=\"application\/ld+json\" class=\"yoast-schema-graph\">{\"@context\":\"https:\/\/schema.org\",\"@graph\":[{\"@type\":\"WebPage\",\"@id\":\"https:\/\/www.aridane.org\/city\/2025\/01\/27\/los-llanos-de-aridane-impulsa-la-transformacion-digital-de-su-comercio-con-el-proyecto-espacio-comercial-inteligente\/\",\"url\":\"https:\/\/www.aridane.org\/city\/2025\/01\/27\/los-llanos-de-aridane-impulsa-la-transformacion-digital-de-su-comercio-con-el-proyecto-espacio-comercial-inteligente\/\",\"name\":\"Los Llanos de Aridane impulsa la transformaci\u00f3n digital de su comercio con el proyecto 'Espacio Comercial Inteligente' - Ayuntamiento de Los Llanos de Aridane\",\"isPartOf\":{\"@id\":\"https:\/\/www.aridane.org\/city\/#website\"},\"primaryImageOfPage\":{\"@id\":\"https:\/\/www.aridane.org\/city\/2025\/01\/27\/los-llanos-de-aridane-impulsa-la-transformacion-digital-de-su-comercio-con-el-proyecto-espacio-comercial-inteligente\/#primaryimage\"},\"image\":{\"@id\":\"https:\/\/www.aridane.org\/city\/2025\/01\/27\/los-llanos-de-aridane-impulsa-la-transformacion-digital-de-su-comercio-con-el-proyecto-espacio-comercial-inteligente\/#primaryimage\"},\"thumbnailUrl\":\"https:\/\/www.aridane.org\/city\/wp-content\/uploads\/2023\/10\/Veronica-Gonzalez-1.jpeg\",\"datePublished\":\"2025-01-27T09:00:05+00:00\",\"dateModified\":\"2025-01-29T09:01:53+00:00\",\"author\":{\"@id\":\"https:\/\/www.aridane.org\/city\/#\/schema\/person\/89ebd376b223dc94cc1dbcf200c8e6da\"},\"breadcrumb\":{\"@id\":\"https:\/\/www.aridane.org\/city\/2025\/01\/27\/los-llanos-de-aridane-impulsa-la-transformacion-digital-de-su-comercio-con-el-proyecto-espacio-comercial-inteligente\/#breadcrumb\"},\"inLanguage\":\"es\",\"potentialAction\":[{\"@type\":\"ReadAction\",\"target\":[\"https:\/\/www.aridane.org\/city\/2025\/01\/27\/los-llanos-de-aridane-impulsa-la-transformacion-digital-de-su-comercio-con-el-proyecto-espacio-comercial-inteligente\/\"]}]},{\"@type\":\"ImageObject\",\"inLanguage\":\"es\",\"@id\":\"https:\/\/www.aridane.org\/city\/2025\/01\/27\/los-llanos-de-aridane-impulsa-la-transformacion-digital-de-su-comercio-con-el-proyecto-espacio-comercial-inteligente\/#primaryimage\",\"url\":\"https:\/\/www.aridane.org\/city\/wp-content\/uploads\/2023\/10\/Veronica-Gonzalez-1.jpeg\",\"contentUrl\":\"https:\/\/www.aridane.org\/city\/wp-content\/uploads\/2023\/10\/Veronica-Gonzalez-1.jpeg\",\"width\":1024,\"height\":683},{\"@type\":\"BreadcrumbList\",\"@id\":\"https:\/\/www.aridane.org\/city\/2025\/01\/27\/los-llanos-de-aridane-impulsa-la-transformacion-digital-de-su-comercio-con-el-proyecto-espacio-comercial-inteligente\/#breadcrumb\",\"itemListElement\":[{\"@type\":\"ListItem\",\"position\":1,\"name\":\"Portada\",\"item\":\"https:\/\/www.aridane.org\/city\/\"},{\"@type\":\"ListItem\",\"position\":2,\"name\":\"Los Llanos de Aridane impulsa la transformaci\u00f3n digital de su comercio con el proyecto &#8216;Espacio Comercial Inteligente&#8217;\"}]},{\"@type\":\"WebSite\",\"@id\":\"https:\/\/www.aridane.org\/city\/#website\",\"url\":\"https:\/\/www.aridane.org\/city\/\",\"name\":\"Ayuntamiento de Los Llanos de Aridane\",\"description\":\"\",\"potentialAction\":[{\"@type\":\"SearchAction\",\"target\":{\"@type\":\"EntryPoint\",\"urlTemplate\":\"https:\/\/www.aridane.org\/city\/?s={search_term_string}\"},\"query-input\":\"required name=search_term_string\"}],\"inLanguage\":\"es\"},{\"@type\":\"Person\",\"@id\":\"https:\/\/www.aridane.org\/city\/#\/schema\/person\/89ebd376b223dc94cc1dbcf200c8e6da\",\"name\":\"Corresponsal\",\"image\":{\"@type\":\"ImageObject\",\"inLanguage\":\"es\",\"@id\":\"https:\/\/www.aridane.org\/city\/#\/schema\/person\/image\/\",\"url\":\"https:\/\/secure.gravatar.com\/avatar\/1c476992411e4ccf153da63b2b2f5ea0bb4cb1c85f3ceab8512f04325ad5579c?s=96&d=mm&r=g\",\"contentUrl\":\"https:\/\/secure.gravatar.com\/avatar\/1c476992411e4ccf153da63b2b2f5ea0bb4cb1c85f3ceab8512f04325ad5579c?s=96&d=mm&r=g\",\"caption\":\"Corresponsal\"},\"url\":\"https:\/\/www.aridane.org\/city\/author\/corresponsal\/\"}]}<\/script>\n<!-- \/ Yoast SEO plugin. -->","yoast_head_json":{"title":"Los Llanos de Aridane impulsa la transformaci\u00f3n digital de su comercio con el proyecto 'Espacio Comercial Inteligente' - Ayuntamiento de Los Llanos de Aridane","robots":{"index":"index","follow":"follow","max-snippet":"max-snippet:-1","max-image-preview":"max-image-preview:large","max-video-preview":"max-video-preview:-1"},"canonical":"https:\/\/www.aridane.org\/city\/2025\/01\/27\/los-llanos-de-aridane-impulsa-la-transformacion-digital-de-su-comercio-con-el-proyecto-espacio-comercial-inteligente\/","og_locale":"es_ES","og_type":"article","og_title":"Los Llanos de Aridane impulsa la transformaci\u00f3n digital de su comercio con el proyecto 'Espacio Comercial Inteligente' - Ayuntamiento de Los Llanos de Aridane","og_description":"El proyecto \u2018Espacio Comercial Inteligente\u2019, que se desarrollar\u00e1 entre enero y junio de 2025","og_url":"https:\/\/www.aridane.org\/city\/2025\/01\/27\/los-llanos-de-aridane-impulsa-la-transformacion-digital-de-su-comercio-con-el-proyecto-espacio-comercial-inteligente\/","og_site_name":"Ayuntamiento de Los Llanos de Aridane","article_published_time":"2025-01-27T09:00:05+00:00","article_modified_time":"2025-01-29T09:01:53+00:00","og_image":[{"width":1024,"height":683,"url":"https:\/\/www.aridane.org\/city\/wp-content\/uploads\/2023\/10\/Veronica-Gonzalez-1.jpeg","type":"image\/jpeg"}],"author":"Corresponsal","twitter_card":"summary_large_image","twitter_misc":{"Escrito por":"Corresponsal","Tiempo de lectura":"2 minutos"},"schema":{"@context":"https:\/\/schema.org","@graph":[{"@type":"WebPage","@id":"https:\/\/www.aridane.org\/city\/2025\/01\/27\/los-llanos-de-aridane-impulsa-la-transformacion-digital-de-su-comercio-con-el-proyecto-espacio-comercial-inteligente\/","url":"https:\/\/www.aridane.org\/city\/2025\/01\/27\/los-llanos-de-aridane-impulsa-la-transformacion-digital-de-su-comercio-con-el-proyecto-espacio-comercial-inteligente\/","name":"Los Llanos de Aridane impulsa la transformaci\u00f3n digital de su comercio con el proyecto 'Espacio Comercial Inteligente' - Ayuntamiento de Los Llanos de Aridane","isPartOf":{"@id":"https:\/\/www.aridane.org\/city\/#website"},"primaryImageOfPage":{"@id":"https:\/\/www.aridane.org\/city\/2025\/01\/27\/los-llanos-de-aridane-impulsa-la-transformacion-digital-de-su-comercio-con-el-proyecto-espacio-comercial-inteligente\/#primaryimage"},"image":{"@id":"https:\/\/www.aridane.org\/city\/2025\/01\/27\/los-llanos-de-aridane-impulsa-la-transformacion-digital-de-su-comercio-con-el-proyecto-espacio-comercial-inteligente\/#primaryimage"},"thumbnailUrl":"https:\/\/www.aridane.org\/city\/wp-content\/uploads\/2023\/10\/Veronica-Gonzalez-1.jpeg","datePublished":"2025-01-27T09:00:05+00:00","dateModified":"2025-01-29T09:01:53+00:00","author":{"@id":"https:\/\/www.aridane.org\/city\/#\/schema\/person\/89ebd376b223dc94cc1dbcf200c8e6da"},"breadcrumb":{"@id":"https:\/\/www.aridane.org\/city\/2025\/01\/27\/los-llanos-de-aridane-impulsa-la-transformacion-digital-de-su-comercio-con-el-proyecto-espacio-comercial-inteligente\/#breadcrumb"},"inLanguage":"es","potentialAction":[{"@type":"ReadAction","target":["https:\/\/www.aridane.org\/city\/2025\/01\/27\/los-llanos-de-aridane-impulsa-la-transformacion-digital-de-su-comercio-con-el-proyecto-espacio-comercial-inteligente\/"]}]},{"@type":"ImageObject","inLanguage":"es","@id":"https:\/\/www.aridane.org\/city\/2025\/01\/27\/los-llanos-de-aridane-impulsa-la-transformacion-digital-de-su-comercio-con-el-proyecto-espacio-comercial-inteligente\/#primaryimage","url":"https:\/\/www.aridane.org\/city\/wp-content\/uploads\/2023\/10\/Veronica-Gonzalez-1.jpeg","contentUrl":"https:\/\/www.aridane.org\/city\/wp-content\/uploads\/2023\/10\/Veronica-Gonzalez-1.jpeg","width":1024,"height":683},{"@type":"BreadcrumbList","@id":"https:\/\/www.aridane.org\/city\/2025\/01\/27\/los-llanos-de-aridane-impulsa-la-transformacion-digital-de-su-comercio-con-el-proyecto-espacio-comercial-inteligente\/#breadcrumb","itemListElement":[{"@type":"ListItem","position":1,"name":"Portada","item":"https:\/\/www.aridane.org\/city\/"},{"@type":"ListItem","position":2,"name":"Los Llanos de Aridane impulsa la transformaci\u00f3n digital de su comercio con el proyecto &#8216;Espacio Comercial Inteligente&#8217;"}]},{"@type":"WebSite","@id":"https:\/\/www.aridane.org\/city\/#website","url":"https:\/\/www.aridane.org\/city\/","name":"Ayuntamiento de Los Llanos de Aridane","description":"","potentialAction":[{"@type":"SearchAction","target":{"@type":"EntryPoint","urlTemplate":"https:\/\/www.aridane.org\/city\/?s={search_term_string}"},"query-input":"required name=search_term_string"}],"inLanguage":"es"},{"@type":"Person","@id":"https:\/\/www.aridane.org\/city\/#\/schema\/person\/89ebd376b223dc94cc1dbcf200c8e6da","name":"Corresponsal","image":{"@type":"ImageObject","inLanguage":"es","@id":"https:\/\/www.aridane.org\/city\/#\/schema\/person\/image\/","url":"https:\/\/secure.gravatar.com\/avatar\/1c476992411e4ccf153da63b2b2f5ea0bb4cb1c85f3ceab8512f04325ad5579c?s=96&d=mm&r=g","contentUrl":"https:\/\/secure.gravatar.com\/avatar\/1c476992411e4ccf153da63b2b2f5ea0bb4cb1c85f3ceab8512f04325ad5579c?s=96&d=mm&r=g","caption":"Corresponsal"},"url":"https:\/\/www.aridane.org\/city\/author\/corresponsal\/"}]}},"_links":{"self":[{"href":"https:\/\/www.aridane.org\/city\/wp-json\/wp\/v2\/posts\/4174","targetHints":{"allow":["GET"]}}],"collection":[{"href":"https:\/\/www.aridane.org\/city\/wp-json\/wp\/v2\/posts"}],"about":[{"href":"https:\/\/www.aridane.org\/city\/wp-json\/wp\/v2\/types\/post"}],"author":[{"embeddable":true,"href":"https:\/\/www.aridane.org\/city\/wp-json\/wp\/v2\/users\/4"}],"replies":[{"embeddable":true,"href":"https:\/\/www.aridane.org\/city\/wp-json\/wp\/v2\/comments?post=4174"}],"version-history":[{"count":1,"href":"https:\/\/www.aridane.org\/city\/wp-json\/wp\/v2\/posts\/4174\/revisions"}],"predecessor-version":[{"id":4175,"href":"https:\/\/www.aridane.org\/city\/wp-json\/wp\/v2\/posts\/4174\/revisions\/4175"}],"wp:featuredmedia":[{"embeddable":true,"href":"https:\/\/www.aridane.org\/city\/wp-json\/wp\/v2\/media\/2861"}],"wp:attachment":[{"href":"https:\/\/www.aridane.org\/city\/wp-json\/wp\/v2\/media?parent=4174"}],"wp:term":[{"taxonomy":"category","embeddable":true,"href":"https:\/\/www.aridane.org\/city\/wp-json\/wp\/v2\/categories?post=4174"},{"taxonomy":"post_tag","embeddable":true,"href":"https:\/\/www.aridane.org\/city\/wp-json\/wp\/v2\/tags?post=4174"}],"curies":[{"name":"wp","href":"https:\/\/api.w.org\/{rel}","templated":true}]}}