{"id":4176,"date":"2025-01-25T09:04:50","date_gmt":"2025-01-25T09:04:50","guid":{"rendered":"https:\/\/www.aridane.org\/city\/?p=4176"},"modified":"2025-01-29T09:07:21","modified_gmt":"2025-01-29T09:07:21","slug":"los-llanos-de-aridane-comienza-la-remodelacion-del-mercado-municipal","status":"publish","type":"post","link":"https:\/\/www.aridane.org\/city\/2025\/01\/25\/los-llanos-de-aridane-comienza-la-remodelacion-del-mercado-municipal\/","title":{"rendered":"Los Llanos de Aridane comienza la remodelaci\u00f3n del Mercado Municipal"},"content":{"rendered":"<p><em>Los trabajos en el exterior del edificio comenzar\u00e1n el lunes, 27 de enero, y conllevar\u00e1n cambios en el tr\u00e1fico<\/em><!--more--><\/p>\n<div id=\"v1forwardbody1\">\n<p>El Ayuntamiento de Los Llanos de Aridane iniciar\u00e1 el pr\u00f3ximo lunes, 27 de enero, la primera fase de las obras de remodelaci\u00f3n del exterior del Mercado Municipal. La empresa constructora Dragados y los responsables municipales formalizaron el acta de inicio de las obras este viernes, 24 de enero.<\/p>\n<p>Durante la ejecuci\u00f3n de los trabajos, se implementar\u00e1n restricciones de tr\u00e1fico y estacionamiento en la calle Juan XIII, que conecta las avenidas Tanaus\u00fa y Enrique Mederos.<\/p>\n<p>El alcalde, Javier Llamas, destac\u00f3 que esta intervenci\u00f3n responde a una demanda hist\u00f3rica de la ciudadan\u00eda y representa un avance significativo para la revitalizaci\u00f3n de un espacio emblem\u00e1tico del municipio. \u201cNo solo recuperamos una pieza clave desde el punto de vista hist\u00f3rico, sino que consolidaremos el Mercado como un motor econ\u00f3mico fundamental para Los Llanos de Aridane\u201d, afirm\u00f3.<\/p>\n<p>Por su parte, la concejala de Infraestructuras, Inmaculada Fern\u00e1ndez, subray\u00f3 el compromiso de respetar la estructura hist\u00f3rica del Mercado y trabajar para convertirlo en un lugar m\u00e1s acogedor y accesible. \u201cNuestra meta es que, tras estas obras, el Mercado Municipal se convierta en un referente tanto para los vecinos como para los visitantes, promoviendo el consumo de productos locales y fortaleciendo el v\u00ednculo con nuestra identidad\u201d, declar\u00f3.<\/p>\n<p>La primera fase de los trabajos se centrar\u00e1 en mejorar la accesibilidad de la zona, con una duraci\u00f3n estimada de 20 meses. Posteriormente, las obras continuar\u00e1n con la construcci\u00f3n de un parking subterr\u00e1neo. En la segunda fase, se completar\u00e1 la remodelaci\u00f3n integral de la infraestructura, garantizando la reactivaci\u00f3n plena de la actividad comercial.<\/p>\n<p>Este ambicioso proyecto, con una inversi\u00f3n de 2 millones de euros, cuenta con la financiaci\u00f3n del Gobierno de Canarias, el Cabildo de La Palma y el propio Ayuntamiento.<\/p>\n<\/div>\n","protected":false},"excerpt":{"rendered":"<p>Los trabajos en el exterior del edificio comenzar\u00e1n el lunes, 27 de enero, y conllevar\u00e1n cambios en el tr\u00e1fico<\/p>\n","protected":false},"author":4,"featured_media":4178,"comment_status":"open","ping_status":"open","sticky":false,"template":"","format":"standard","meta":{"footnotes":""},"categories":[1],"tags":[],"class_list":["post-4176","post","type-post","status-publish","format-standard","has-post-thumbnail","hentry","category-sin-categoria"],"yoast_head":"<!-- This site is optimized with the Yoast SEO plugin v22.7 - https:\/\/yoast.com\/wordpress\/plugins\/seo\/ -->\n<title>Los Llanos de Aridane comienza la remodelaci\u00f3n del Mercado Municipal - Ayuntamiento de Los Llanos de Aridane<\/title>\n<meta name=\"robots\" content=\"index, follow, max-snippet:-1, max-image-preview:large, max-video-preview:-1\" \/>\n<link rel=\"canonical\" href=\"https:\/\/www.aridane.org\/city\/2025\/01\/25\/los-llanos-de-aridane-comienza-la-remodelacion-del-mercado-municipal\/\" \/>\n<meta property=\"og:locale\" content=\"es_ES\" \/>\n<meta property=\"og:type\" content=\"article\" \/>\n<meta property=\"og:title\" content=\"Los Llanos de Aridane comienza la remodelaci\u00f3n del Mercado Municipal - Ayuntamiento de Los Llanos de Aridane\" \/>\n<meta property=\"og:description\" content=\"Los trabajos en el exterior del edificio comenzar\u00e1n el lunes, 27 de enero, y conllevar\u00e1n cambios en el tr\u00e1fico\" \/>\n<meta property=\"og:url\" content=\"https:\/\/www.aridane.org\/city\/2025\/01\/25\/los-llanos-de-aridane-comienza-la-remodelacion-del-mercado-municipal\/\" \/>\n<meta property=\"og:site_name\" content=\"Ayuntamiento de Los Llanos de Aridane\" \/>\n<meta property=\"article:published_time\" content=\"2025-01-25T09:04:50+00:00\" \/>\n<meta property=\"article:modified_time\" content=\"2025-01-29T09:07:21+00:00\" \/>\n<meta property=\"og:image\" content=\"https:\/\/www.aridane.org\/city\/wp-content\/uploads\/2025\/01\/Plaza-del-Mercado-scaled.jpeg\" \/>\n\t<meta property=\"og:image:width\" content=\"2560\" \/>\n\t<meta property=\"og:image:height\" content=\"1920\" \/>\n\t<meta property=\"og:image:type\" content=\"image\/jpeg\" \/>\n<meta name=\"author\" content=\"Corresponsal\" \/>\n<meta name=\"twitter:card\" content=\"summary_large_image\" \/>\n<meta name=\"twitter:label1\" content=\"Escrito por\" \/>\n\t<meta name=\"twitter:data1\" content=\"Corresponsal\" \/>\n\t<meta name=\"twitter:label2\" content=\"Tiempo de lectura\" \/>\n\t<meta name=\"twitter:data2\" content=\"2 minutos\" \/>\n<script type=\"application\/ld+json\" class=\"yoast-schema-graph\">{\"@context\":\"https:\/\/schema.org\",\"@graph\":[{\"@type\":\"WebPage\",\"@id\":\"https:\/\/www.aridane.org\/city\/2025\/01\/25\/los-llanos-de-aridane-comienza-la-remodelacion-del-mercado-municipal\/\",\"url\":\"https:\/\/www.aridane.org\/city\/2025\/01\/25\/los-llanos-de-aridane-comienza-la-remodelacion-del-mercado-municipal\/\",\"name\":\"Los Llanos de Aridane comienza la remodelaci\u00f3n del Mercado Municipal - Ayuntamiento de Los Llanos de Aridane\",\"isPartOf\":{\"@id\":\"https:\/\/www.aridane.org\/city\/#website\"},\"primaryImageOfPage\":{\"@id\":\"https:\/\/www.aridane.org\/city\/2025\/01\/25\/los-llanos-de-aridane-comienza-la-remodelacion-del-mercado-municipal\/#primaryimage\"},\"image\":{\"@id\":\"https:\/\/www.aridane.org\/city\/2025\/01\/25\/los-llanos-de-aridane-comienza-la-remodelacion-del-mercado-municipal\/#primaryimage\"},\"thumbnailUrl\":\"https:\/\/www.aridane.org\/city\/wp-content\/uploads\/2025\/01\/Plaza-del-Mercado-scaled.jpeg\",\"datePublished\":\"2025-01-25T09:04:50+00:00\",\"dateModified\":\"2025-01-29T09:07:21+00:00\",\"author\":{\"@id\":\"https:\/\/www.aridane.org\/city\/#\/schema\/person\/89ebd376b223dc94cc1dbcf200c8e6da\"},\"breadcrumb\":{\"@id\":\"https:\/\/www.aridane.org\/city\/2025\/01\/25\/los-llanos-de-aridane-comienza-la-remodelacion-del-mercado-municipal\/#breadcrumb\"},\"inLanguage\":\"es\",\"potentialAction\":[{\"@type\":\"ReadAction\",\"target\":[\"https:\/\/www.aridane.org\/city\/2025\/01\/25\/los-llanos-de-aridane-comienza-la-remodelacion-del-mercado-municipal\/\"]}]},{\"@type\":\"ImageObject\",\"inLanguage\":\"es\",\"@id\":\"https:\/\/www.aridane.org\/city\/2025\/01\/25\/los-llanos-de-aridane-comienza-la-remodelacion-del-mercado-municipal\/#primaryimage\",\"url\":\"https:\/\/www.aridane.org\/city\/wp-content\/uploads\/2025\/01\/Plaza-del-Mercado-scaled.jpeg\",\"contentUrl\":\"https:\/\/www.aridane.org\/city\/wp-content\/uploads\/2025\/01\/Plaza-del-Mercado-scaled.jpeg\",\"width\":2560,\"height\":1920},{\"@type\":\"BreadcrumbList\",\"@id\":\"https:\/\/www.aridane.org\/city\/2025\/01\/25\/los-llanos-de-aridane-comienza-la-remodelacion-del-mercado-municipal\/#breadcrumb\",\"itemListElement\":[{\"@type\":\"ListItem\",\"position\":1,\"name\":\"Portada\",\"item\":\"https:\/\/www.aridane.org\/city\/\"},{\"@type\":\"ListItem\",\"position\":2,\"name\":\"Los Llanos de Aridane comienza la remodelaci\u00f3n del Mercado Municipal\"}]},{\"@type\":\"WebSite\",\"@id\":\"https:\/\/www.aridane.org\/city\/#website\",\"url\":\"https:\/\/www.aridane.org\/city\/\",\"name\":\"Ayuntamiento de Los Llanos de Aridane\",\"description\":\"\",\"potentialAction\":[{\"@type\":\"SearchAction\",\"target\":{\"@type\":\"EntryPoint\",\"urlTemplate\":\"https:\/\/www.aridane.org\/city\/?s={search_term_string}\"},\"query-input\":\"required name=search_term_string\"}],\"inLanguage\":\"es\"},{\"@type\":\"Person\",\"@id\":\"https:\/\/www.aridane.org\/city\/#\/schema\/person\/89ebd376b223dc94cc1dbcf200c8e6da\",\"name\":\"Corresponsal\",\"image\":{\"@type\":\"ImageObject\",\"inLanguage\":\"es\",\"@id\":\"https:\/\/www.aridane.org\/city\/#\/schema\/person\/image\/\",\"url\":\"https:\/\/secure.gravatar.com\/avatar\/1c476992411e4ccf153da63b2b2f5ea0bb4cb1c85f3ceab8512f04325ad5579c?s=96&d=mm&r=g\",\"contentUrl\":\"https:\/\/secure.gravatar.com\/avatar\/1c476992411e4ccf153da63b2b2f5ea0bb4cb1c85f3ceab8512f04325ad5579c?s=96&d=mm&r=g\",\"caption\":\"Corresponsal\"},\"url\":\"https:\/\/www.aridane.org\/city\/author\/corresponsal\/\"}]}<\/script>\n<!-- \/ Yoast SEO plugin. -->","yoast_head_json":{"title":"Los Llanos de Aridane comienza la remodelaci\u00f3n del Mercado Municipal - Ayuntamiento de Los Llanos de Aridane","robots":{"index":"index","follow":"follow","max-snippet":"max-snippet:-1","max-image-preview":"max-image-preview:large","max-video-preview":"max-video-preview:-1"},"canonical":"https:\/\/www.aridane.org\/city\/2025\/01\/25\/los-llanos-de-aridane-comienza-la-remodelacion-del-mercado-municipal\/","og_locale":"es_ES","og_type":"article","og_title":"Los Llanos de Aridane comienza la remodelaci\u00f3n del Mercado Municipal - Ayuntamiento de Los Llanos de Aridane","og_description":"Los trabajos en el exterior del edificio comenzar\u00e1n el lunes, 27 de enero, y conllevar\u00e1n cambios en el tr\u00e1fico","og_url":"https:\/\/www.aridane.org\/city\/2025\/01\/25\/los-llanos-de-aridane-comienza-la-remodelacion-del-mercado-municipal\/","og_site_name":"Ayuntamiento de Los Llanos de Aridane","article_published_time":"2025-01-25T09:04:50+00:00","article_modified_time":"2025-01-29T09:07:21+00:00","og_image":[{"width":2560,"height":1920,"url":"https:\/\/www.aridane.org\/city\/wp-content\/uploads\/2025\/01\/Plaza-del-Mercado-scaled.jpeg","type":"image\/jpeg"}],"author":"Corresponsal","twitter_card":"summary_large_image","twitter_misc":{"Escrito por":"Corresponsal","Tiempo de lectura":"2 minutos"},"schema":{"@context":"https:\/\/schema.org","@graph":[{"@type":"WebPage","@id":"https:\/\/www.aridane.org\/city\/2025\/01\/25\/los-llanos-de-aridane-comienza-la-remodelacion-del-mercado-municipal\/","url":"https:\/\/www.aridane.org\/city\/2025\/01\/25\/los-llanos-de-aridane-comienza-la-remodelacion-del-mercado-municipal\/","name":"Los Llanos de Aridane comienza la remodelaci\u00f3n del Mercado Municipal - Ayuntamiento de Los Llanos de Aridane","isPartOf":{"@id":"https:\/\/www.aridane.org\/city\/#website"},"primaryImageOfPage":{"@id":"https:\/\/www.aridane.org\/city\/2025\/01\/25\/los-llanos-de-aridane-comienza-la-remodelacion-del-mercado-municipal\/#primaryimage"},"image":{"@id":"https:\/\/www.aridane.org\/city\/2025\/01\/25\/los-llanos-de-aridane-comienza-la-remodelacion-del-mercado-municipal\/#primaryimage"},"thumbnailUrl":"https:\/\/www.aridane.org\/city\/wp-content\/uploads\/2025\/01\/Plaza-del-Mercado-scaled.jpeg","datePublished":"2025-01-25T09:04:50+00:00","dateModified":"2025-01-29T09:07:21+00:00","author":{"@id":"https:\/\/www.aridane.org\/city\/#\/schema\/person\/89ebd376b223dc94cc1dbcf200c8e6da"},"breadcrumb":{"@id":"https:\/\/www.aridane.org\/city\/2025\/01\/25\/los-llanos-de-aridane-comienza-la-remodelacion-del-mercado-municipal\/#breadcrumb"},"inLanguage":"es","potentialAction":[{"@type":"ReadAction","target":["https:\/\/www.aridane.org\/city\/2025\/01\/25\/los-llanos-de-aridane-comienza-la-remodelacion-del-mercado-municipal\/"]}]},{"@type":"ImageObject","inLanguage":"es","@id":"https:\/\/www.aridane.org\/city\/2025\/01\/25\/los-llanos-de-aridane-comienza-la-remodelacion-del-mercado-municipal\/#primaryimage","url":"https:\/\/www.aridane.org\/city\/wp-content\/uploads\/2025\/01\/Plaza-del-Mercado-scaled.jpeg","contentUrl":"https:\/\/www.aridane.org\/city\/wp-content\/uploads\/2025\/01\/Plaza-del-Mercado-scaled.jpeg","width":2560,"height":1920},{"@type":"BreadcrumbList","@id":"https:\/\/www.aridane.org\/city\/2025\/01\/25\/los-llanos-de-aridane-comienza-la-remodelacion-del-mercado-municipal\/#breadcrumb","itemListElement":[{"@type":"ListItem","position":1,"name":"Portada","item":"https:\/\/www.aridane.org\/city\/"},{"@type":"ListItem","position":2,"name":"Los Llanos de Aridane comienza la remodelaci\u00f3n del Mercado Municipal"}]},{"@type":"WebSite","@id":"https:\/\/www.aridane.org\/city\/#website","url":"https:\/\/www.aridane.org\/city\/","name":"Ayuntamiento de Los Llanos de Aridane","description":"","potentialAction":[{"@type":"SearchAction","target":{"@type":"EntryPoint","urlTemplate":"https:\/\/www.aridane.org\/city\/?s={search_term_string}"},"query-input":"required name=search_term_string"}],"inLanguage":"es"},{"@type":"Person","@id":"https:\/\/www.aridane.org\/city\/#\/schema\/person\/89ebd376b223dc94cc1dbcf200c8e6da","name":"Corresponsal","image":{"@type":"ImageObject","inLanguage":"es","@id":"https:\/\/www.aridane.org\/city\/#\/schema\/person\/image\/","url":"https:\/\/secure.gravatar.com\/avatar\/1c476992411e4ccf153da63b2b2f5ea0bb4cb1c85f3ceab8512f04325ad5579c?s=96&d=mm&r=g","contentUrl":"https:\/\/secure.gravatar.com\/avatar\/1c476992411e4ccf153da63b2b2f5ea0bb4cb1c85f3ceab8512f04325ad5579c?s=96&d=mm&r=g","caption":"Corresponsal"},"url":"https:\/\/www.aridane.org\/city\/author\/corresponsal\/"}]}},"_links":{"self":[{"href":"https:\/\/www.aridane.org\/city\/wp-json\/wp\/v2\/posts\/4176","targetHints":{"allow":["GET"]}}],"collection":[{"href":"https:\/\/www.aridane.org\/city\/wp-json\/wp\/v2\/posts"}],"about":[{"href":"https:\/\/www.aridane.org\/city\/wp-json\/wp\/v2\/types\/post"}],"author":[{"embeddable":true,"href":"https:\/\/www.aridane.org\/city\/wp-json\/wp\/v2\/users\/4"}],"replies":[{"embeddable":true,"href":"https:\/\/www.aridane.org\/city\/wp-json\/wp\/v2\/comments?post=4176"}],"version-history":[{"count":1,"href":"https:\/\/www.aridane.org\/city\/wp-json\/wp\/v2\/posts\/4176\/revisions"}],"predecessor-version":[{"id":4179,"href":"https:\/\/www.aridane.org\/city\/wp-json\/wp\/v2\/posts\/4176\/revisions\/4179"}],"wp:featuredmedia":[{"embeddable":true,"href":"https:\/\/www.aridane.org\/city\/wp-json\/wp\/v2\/media\/4178"}],"wp:attachment":[{"href":"https:\/\/www.aridane.org\/city\/wp-json\/wp\/v2\/media?parent=4176"}],"wp:term":[{"taxonomy":"category","embeddable":true,"href":"https:\/\/www.aridane.org\/city\/wp-json\/wp\/v2\/categories?post=4176"},{"taxonomy":"post_tag","embeddable":true,"href":"https:\/\/www.aridane.org\/city\/wp-json\/wp\/v2\/tags?post=4176"}],"curies":[{"name":"wp","href":"https:\/\/api.w.org\/{rel}","templated":true}]}}