{"id":4183,"date":"2025-01-24T09:09:14","date_gmt":"2025-01-24T09:09:14","guid":{"rendered":"https:\/\/www.aridane.org\/city\/?p=4183"},"modified":"2025-01-29T09:19:41","modified_gmt":"2025-01-29T09:19:41","slug":"los-llanos-de-aridane-modernizara-las-instalaciones-del-pabellon-severo-rodriguez","status":"publish","type":"post","link":"https:\/\/www.aridane.org\/city\/2025\/01\/24\/los-llanos-de-aridane-modernizara-las-instalaciones-del-pabellon-severo-rodriguez\/","title":{"rendered":"Los Llanos de Aridane modernizar\u00e1 las instalaciones del Pabell\u00f3n Severo Rodr\u00edguez"},"content":{"rendered":"<p><em>Una reforma motivada por la celebraci\u00f3n del Eurobasket sub-18 femenino el pr\u00f3ximo mes de julio<\/em><!--more--><\/p>\n<p>Los Llanos de Aridane modernizar\u00e1 las instalaciones del Pabell\u00f3n Severo Rodr\u00edguez con motivo de la celebraci\u00f3n del Eurobasket sub-18 femenino el pr\u00f3ximo mes de julio. Esta reforma se llevar\u00e1 a cabo tras la visita de varios representantes de las distintas federaciones a nivel regional, nacional e internacional, para comprobar el estado de las instalaciones y los posibles cambios para adecuar la misma a la normativa determinada por el comit\u00e9 organizador de la competici\u00f3n.<\/p>\n<p>El alcalde, Javier Llamas, resalta la importancia de recibir eventos de este calado internacional. \u201cCelebrar esta competici\u00f3n en Los Llanos de Aridane nos coloca en el mapa europeo tanto para el turismo deportivo como para las federaciones y clubes, que pueden realizar sus campus de entrenamiento previos a determinadas competiciones, as\u00ed como elegirnos para ser sede de estos torneos\u201d, explica Llamas.<\/p>\n<p>Por otro lado, el alcalde a\u00f1ade que esta reforma \u201cservir\u00e1 para uso futuro de los distintos clubes del municipio que tienen su sede en este pabell\u00f3n, as\u00ed como el resto de la ciudadan\u00eda, suponiendo un salto de calidad en la pr\u00e1ctica y disfrute de varios deportes\u201d.<\/p>\n<p>En este sentido, el concejal de Deportes, V\u00edctor Gonz\u00e1lez, afirma que \u201cdesde la concejal\u00eda ya se conocen los cambios y reformas que se deben realizar para ajustar la infraestructura a la normativa FIBA y nos pondremos a trabajar lo antes posible para tener nuestras instalaciones a punto\u201d.<\/p>\n<p>Se ha realizado una visita a las instalaciones del Pabell\u00f3n Severo Rodr\u00edguez junto a varios representantes de las distintas federaciones a nivel regional, nacional e internacional. Anna Satorre como parte de la delegaci\u00f3n FIBA Europa, Manuel Castro como parte de la Federaci\u00f3n Espa\u00f1ola de Baloncesto y Felipe Luis por parte de la Federaci\u00f3n Canaria.<\/p>\n<p>Cabe destacar que Los Llanos de Aridane, junto a Santa Cruz de La Palma, ser\u00e1 sede del pr\u00f3ximo Eurobasket sub-18 femenino, que tendr\u00e1 lugar del 5 al 13 de julio en 2025 con 16 selecciones que repartir\u00e1n sus partidos entre estas dos ubicaciones.<\/p>\n","protected":false},"excerpt":{"rendered":"<p>Una reforma motivada por la celebraci\u00f3n del Eurobasket sub-18 femenino el pr\u00f3ximo mes de julio<\/p>\n","protected":false},"author":4,"featured_media":4184,"comment_status":"open","ping_status":"open","sticky":false,"template":"","format":"standard","meta":{"footnotes":""},"categories":[1],"tags":[],"class_list":["post-4183","post","type-post","status-publish","format-standard","has-post-thumbnail","hentry","category-sin-categoria"],"yoast_head":"<!-- This site is optimized with the Yoast SEO plugin v22.7 - https:\/\/yoast.com\/wordpress\/plugins\/seo\/ -->\n<title>Los Llanos de Aridane modernizar\u00e1 las instalaciones del Pabell\u00f3n Severo Rodr\u00edguez - Ayuntamiento de Los Llanos de Aridane<\/title>\n<meta name=\"robots\" content=\"index, follow, max-snippet:-1, max-image-preview:large, max-video-preview:-1\" \/>\n<link rel=\"canonical\" href=\"https:\/\/www.aridane.org\/city\/2025\/01\/24\/los-llanos-de-aridane-modernizara-las-instalaciones-del-pabellon-severo-rodriguez\/\" \/>\n<meta property=\"og:locale\" content=\"es_ES\" \/>\n<meta property=\"og:type\" content=\"article\" \/>\n<meta property=\"og:title\" content=\"Los Llanos de Aridane modernizar\u00e1 las instalaciones del Pabell\u00f3n Severo Rodr\u00edguez - Ayuntamiento de Los Llanos de Aridane\" \/>\n<meta property=\"og:description\" content=\"Una reforma motivada por la celebraci\u00f3n del Eurobasket sub-18 femenino el pr\u00f3ximo mes de julio\" \/>\n<meta property=\"og:url\" content=\"https:\/\/www.aridane.org\/city\/2025\/01\/24\/los-llanos-de-aridane-modernizara-las-instalaciones-del-pabellon-severo-rodriguez\/\" \/>\n<meta property=\"og:site_name\" content=\"Ayuntamiento de Los Llanos de Aridane\" \/>\n<meta property=\"article:published_time\" content=\"2025-01-24T09:09:14+00:00\" \/>\n<meta property=\"article:modified_time\" content=\"2025-01-29T09:19:41+00:00\" \/>\n<meta property=\"og:image\" content=\"https:\/\/www.aridane.org\/city\/wp-content\/uploads\/2025\/01\/118359956_3538987056125309_3886317989736084590_n-e1738141977767.jpg\" \/>\n\t<meta property=\"og:image:width\" content=\"1910\" \/>\n\t<meta property=\"og:image:height\" content=\"1434\" \/>\n\t<meta property=\"og:image:type\" content=\"image\/jpeg\" \/>\n<meta name=\"author\" content=\"Corresponsal\" \/>\n<meta name=\"twitter:card\" content=\"summary_large_image\" \/>\n<meta name=\"twitter:label1\" content=\"Escrito por\" \/>\n\t<meta name=\"twitter:data1\" content=\"Corresponsal\" \/>\n\t<meta name=\"twitter:label2\" content=\"Tiempo de lectura\" \/>\n\t<meta name=\"twitter:data2\" content=\"2 minutos\" \/>\n<script type=\"application\/ld+json\" class=\"yoast-schema-graph\">{\"@context\":\"https:\/\/schema.org\",\"@graph\":[{\"@type\":\"WebPage\",\"@id\":\"https:\/\/www.aridane.org\/city\/2025\/01\/24\/los-llanos-de-aridane-modernizara-las-instalaciones-del-pabellon-severo-rodriguez\/\",\"url\":\"https:\/\/www.aridane.org\/city\/2025\/01\/24\/los-llanos-de-aridane-modernizara-las-instalaciones-del-pabellon-severo-rodriguez\/\",\"name\":\"Los Llanos de Aridane modernizar\u00e1 las instalaciones del Pabell\u00f3n Severo Rodr\u00edguez - Ayuntamiento de Los Llanos de Aridane\",\"isPartOf\":{\"@id\":\"https:\/\/www.aridane.org\/city\/#website\"},\"primaryImageOfPage\":{\"@id\":\"https:\/\/www.aridane.org\/city\/2025\/01\/24\/los-llanos-de-aridane-modernizara-las-instalaciones-del-pabellon-severo-rodriguez\/#primaryimage\"},\"image\":{\"@id\":\"https:\/\/www.aridane.org\/city\/2025\/01\/24\/los-llanos-de-aridane-modernizara-las-instalaciones-del-pabellon-severo-rodriguez\/#primaryimage\"},\"thumbnailUrl\":\"https:\/\/www.aridane.org\/city\/wp-content\/uploads\/2025\/01\/118359956_3538987056125309_3886317989736084590_n-e1738141977767.jpg\",\"datePublished\":\"2025-01-24T09:09:14+00:00\",\"dateModified\":\"2025-01-29T09:19:41+00:00\",\"author\":{\"@id\":\"https:\/\/www.aridane.org\/city\/#\/schema\/person\/89ebd376b223dc94cc1dbcf200c8e6da\"},\"breadcrumb\":{\"@id\":\"https:\/\/www.aridane.org\/city\/2025\/01\/24\/los-llanos-de-aridane-modernizara-las-instalaciones-del-pabellon-severo-rodriguez\/#breadcrumb\"},\"inLanguage\":\"es\",\"potentialAction\":[{\"@type\":\"ReadAction\",\"target\":[\"https:\/\/www.aridane.org\/city\/2025\/01\/24\/los-llanos-de-aridane-modernizara-las-instalaciones-del-pabellon-severo-rodriguez\/\"]}]},{\"@type\":\"ImageObject\",\"inLanguage\":\"es\",\"@id\":\"https:\/\/www.aridane.org\/city\/2025\/01\/24\/los-llanos-de-aridane-modernizara-las-instalaciones-del-pabellon-severo-rodriguez\/#primaryimage\",\"url\":\"https:\/\/www.aridane.org\/city\/wp-content\/uploads\/2025\/01\/118359956_3538987056125309_3886317989736084590_n-e1738141977767.jpg\",\"contentUrl\":\"https:\/\/www.aridane.org\/city\/wp-content\/uploads\/2025\/01\/118359956_3538987056125309_3886317989736084590_n-e1738141977767.jpg\",\"width\":1910,\"height\":1434},{\"@type\":\"BreadcrumbList\",\"@id\":\"https:\/\/www.aridane.org\/city\/2025\/01\/24\/los-llanos-de-aridane-modernizara-las-instalaciones-del-pabellon-severo-rodriguez\/#breadcrumb\",\"itemListElement\":[{\"@type\":\"ListItem\",\"position\":1,\"name\":\"Portada\",\"item\":\"https:\/\/www.aridane.org\/city\/\"},{\"@type\":\"ListItem\",\"position\":2,\"name\":\"Los Llanos de Aridane modernizar\u00e1 las instalaciones del Pabell\u00f3n Severo Rodr\u00edguez\"}]},{\"@type\":\"WebSite\",\"@id\":\"https:\/\/www.aridane.org\/city\/#website\",\"url\":\"https:\/\/www.aridane.org\/city\/\",\"name\":\"Ayuntamiento de Los Llanos de Aridane\",\"description\":\"\",\"potentialAction\":[{\"@type\":\"SearchAction\",\"target\":{\"@type\":\"EntryPoint\",\"urlTemplate\":\"https:\/\/www.aridane.org\/city\/?s={search_term_string}\"},\"query-input\":\"required name=search_term_string\"}],\"inLanguage\":\"es\"},{\"@type\":\"Person\",\"@id\":\"https:\/\/www.aridane.org\/city\/#\/schema\/person\/89ebd376b223dc94cc1dbcf200c8e6da\",\"name\":\"Corresponsal\",\"image\":{\"@type\":\"ImageObject\",\"inLanguage\":\"es\",\"@id\":\"https:\/\/www.aridane.org\/city\/#\/schema\/person\/image\/\",\"url\":\"https:\/\/secure.gravatar.com\/avatar\/1c476992411e4ccf153da63b2b2f5ea0bb4cb1c85f3ceab8512f04325ad5579c?s=96&d=mm&r=g\",\"contentUrl\":\"https:\/\/secure.gravatar.com\/avatar\/1c476992411e4ccf153da63b2b2f5ea0bb4cb1c85f3ceab8512f04325ad5579c?s=96&d=mm&r=g\",\"caption\":\"Corresponsal\"},\"url\":\"https:\/\/www.aridane.org\/city\/author\/corresponsal\/\"}]}<\/script>\n<!-- \/ Yoast SEO plugin. -->","yoast_head_json":{"title":"Los Llanos de Aridane modernizar\u00e1 las instalaciones del Pabell\u00f3n Severo Rodr\u00edguez - Ayuntamiento de Los Llanos de Aridane","robots":{"index":"index","follow":"follow","max-snippet":"max-snippet:-1","max-image-preview":"max-image-preview:large","max-video-preview":"max-video-preview:-1"},"canonical":"https:\/\/www.aridane.org\/city\/2025\/01\/24\/los-llanos-de-aridane-modernizara-las-instalaciones-del-pabellon-severo-rodriguez\/","og_locale":"es_ES","og_type":"article","og_title":"Los Llanos de Aridane modernizar\u00e1 las instalaciones del Pabell\u00f3n Severo Rodr\u00edguez - Ayuntamiento de Los Llanos de Aridane","og_description":"Una reforma motivada por la celebraci\u00f3n del Eurobasket sub-18 femenino el pr\u00f3ximo mes de julio","og_url":"https:\/\/www.aridane.org\/city\/2025\/01\/24\/los-llanos-de-aridane-modernizara-las-instalaciones-del-pabellon-severo-rodriguez\/","og_site_name":"Ayuntamiento de Los Llanos de Aridane","article_published_time":"2025-01-24T09:09:14+00:00","article_modified_time":"2025-01-29T09:19:41+00:00","og_image":[{"width":1910,"height":1434,"url":"https:\/\/www.aridane.org\/city\/wp-content\/uploads\/2025\/01\/118359956_3538987056125309_3886317989736084590_n-e1738141977767.jpg","type":"image\/jpeg"}],"author":"Corresponsal","twitter_card":"summary_large_image","twitter_misc":{"Escrito por":"Corresponsal","Tiempo de lectura":"2 minutos"},"schema":{"@context":"https:\/\/schema.org","@graph":[{"@type":"WebPage","@id":"https:\/\/www.aridane.org\/city\/2025\/01\/24\/los-llanos-de-aridane-modernizara-las-instalaciones-del-pabellon-severo-rodriguez\/","url":"https:\/\/www.aridane.org\/city\/2025\/01\/24\/los-llanos-de-aridane-modernizara-las-instalaciones-del-pabellon-severo-rodriguez\/","name":"Los Llanos de Aridane modernizar\u00e1 las instalaciones del Pabell\u00f3n Severo Rodr\u00edguez - Ayuntamiento de Los Llanos de Aridane","isPartOf":{"@id":"https:\/\/www.aridane.org\/city\/#website"},"primaryImageOfPage":{"@id":"https:\/\/www.aridane.org\/city\/2025\/01\/24\/los-llanos-de-aridane-modernizara-las-instalaciones-del-pabellon-severo-rodriguez\/#primaryimage"},"image":{"@id":"https:\/\/www.aridane.org\/city\/2025\/01\/24\/los-llanos-de-aridane-modernizara-las-instalaciones-del-pabellon-severo-rodriguez\/#primaryimage"},"thumbnailUrl":"https:\/\/www.aridane.org\/city\/wp-content\/uploads\/2025\/01\/118359956_3538987056125309_3886317989736084590_n-e1738141977767.jpg","datePublished":"2025-01-24T09:09:14+00:00","dateModified":"2025-01-29T09:19:41+00:00","author":{"@id":"https:\/\/www.aridane.org\/city\/#\/schema\/person\/89ebd376b223dc94cc1dbcf200c8e6da"},"breadcrumb":{"@id":"https:\/\/www.aridane.org\/city\/2025\/01\/24\/los-llanos-de-aridane-modernizara-las-instalaciones-del-pabellon-severo-rodriguez\/#breadcrumb"},"inLanguage":"es","potentialAction":[{"@type":"ReadAction","target":["https:\/\/www.aridane.org\/city\/2025\/01\/24\/los-llanos-de-aridane-modernizara-las-instalaciones-del-pabellon-severo-rodriguez\/"]}]},{"@type":"ImageObject","inLanguage":"es","@id":"https:\/\/www.aridane.org\/city\/2025\/01\/24\/los-llanos-de-aridane-modernizara-las-instalaciones-del-pabellon-severo-rodriguez\/#primaryimage","url":"https:\/\/www.aridane.org\/city\/wp-content\/uploads\/2025\/01\/118359956_3538987056125309_3886317989736084590_n-e1738141977767.jpg","contentUrl":"https:\/\/www.aridane.org\/city\/wp-content\/uploads\/2025\/01\/118359956_3538987056125309_3886317989736084590_n-e1738141977767.jpg","width":1910,"height":1434},{"@type":"BreadcrumbList","@id":"https:\/\/www.aridane.org\/city\/2025\/01\/24\/los-llanos-de-aridane-modernizara-las-instalaciones-del-pabellon-severo-rodriguez\/#breadcrumb","itemListElement":[{"@type":"ListItem","position":1,"name":"Portada","item":"https:\/\/www.aridane.org\/city\/"},{"@type":"ListItem","position":2,"name":"Los Llanos de Aridane modernizar\u00e1 las instalaciones del Pabell\u00f3n Severo Rodr\u00edguez"}]},{"@type":"WebSite","@id":"https:\/\/www.aridane.org\/city\/#website","url":"https:\/\/www.aridane.org\/city\/","name":"Ayuntamiento de Los Llanos de Aridane","description":"","potentialAction":[{"@type":"SearchAction","target":{"@type":"EntryPoint","urlTemplate":"https:\/\/www.aridane.org\/city\/?s={search_term_string}"},"query-input":"required name=search_term_string"}],"inLanguage":"es"},{"@type":"Person","@id":"https:\/\/www.aridane.org\/city\/#\/schema\/person\/89ebd376b223dc94cc1dbcf200c8e6da","name":"Corresponsal","image":{"@type":"ImageObject","inLanguage":"es","@id":"https:\/\/www.aridane.org\/city\/#\/schema\/person\/image\/","url":"https:\/\/secure.gravatar.com\/avatar\/1c476992411e4ccf153da63b2b2f5ea0bb4cb1c85f3ceab8512f04325ad5579c?s=96&d=mm&r=g","contentUrl":"https:\/\/secure.gravatar.com\/avatar\/1c476992411e4ccf153da63b2b2f5ea0bb4cb1c85f3ceab8512f04325ad5579c?s=96&d=mm&r=g","caption":"Corresponsal"},"url":"https:\/\/www.aridane.org\/city\/author\/corresponsal\/"}]}},"_links":{"self":[{"href":"https:\/\/www.aridane.org\/city\/wp-json\/wp\/v2\/posts\/4183","targetHints":{"allow":["GET"]}}],"collection":[{"href":"https:\/\/www.aridane.org\/city\/wp-json\/wp\/v2\/posts"}],"about":[{"href":"https:\/\/www.aridane.org\/city\/wp-json\/wp\/v2\/types\/post"}],"author":[{"embeddable":true,"href":"https:\/\/www.aridane.org\/city\/wp-json\/wp\/v2\/users\/4"}],"replies":[{"embeddable":true,"href":"https:\/\/www.aridane.org\/city\/wp-json\/wp\/v2\/comments?post=4183"}],"version-history":[{"count":1,"href":"https:\/\/www.aridane.org\/city\/wp-json\/wp\/v2\/posts\/4183\/revisions"}],"predecessor-version":[{"id":4185,"href":"https:\/\/www.aridane.org\/city\/wp-json\/wp\/v2\/posts\/4183\/revisions\/4185"}],"wp:featuredmedia":[{"embeddable":true,"href":"https:\/\/www.aridane.org\/city\/wp-json\/wp\/v2\/media\/4184"}],"wp:attachment":[{"href":"https:\/\/www.aridane.org\/city\/wp-json\/wp\/v2\/media?parent=4183"}],"wp:term":[{"taxonomy":"category","embeddable":true,"href":"https:\/\/www.aridane.org\/city\/wp-json\/wp\/v2\/categories?post=4183"},{"taxonomy":"post_tag","embeddable":true,"href":"https:\/\/www.aridane.org\/city\/wp-json\/wp\/v2\/tags?post=4183"}],"curies":[{"name":"wp","href":"https:\/\/api.w.org\/{rel}","templated":true}]}}