{"id":4186,"date":"2025-01-16T09:19:47","date_gmt":"2025-01-16T09:19:47","guid":{"rendered":"https:\/\/www.aridane.org\/city\/?p=4186"},"modified":"2025-01-29T09:23:21","modified_gmt":"2025-01-29T09:23:21","slug":"los-llanos-de-aridane-construira-144-nuevas-viviendas-con-una-inversion-de-mas-de-28-millones-de-euros","status":"publish","type":"post","link":"https:\/\/www.aridane.org\/city\/2025\/01\/16\/los-llanos-de-aridane-construira-144-nuevas-viviendas-con-una-inversion-de-mas-de-28-millones-de-euros\/","title":{"rendered":"Los Llanos de Aridane construir\u00e1 144 nuevas viviendas con una inversi\u00f3n de m\u00e1s de 28 millones de euros"},"content":{"rendered":"<p><em>El Ayuntamiento firmar\u00e1 un convenio con el ICAVI que permitir\u00e1 licitar conjuntamente el proyecto y la construcci\u00f3n de las viviendas<\/em><!--more--><\/p>\n<div id=\"v1forwardbody1\">\n<p>El Ayuntamiento de Los Llanos de Aridane y la Consejer\u00eda de Obras P\u00fablicas, Transportes y Vivienda del Gobierno de Canarias, a trav\u00e9s del Instituto Canario de la Vivienda (ICAVI), han mantenido una reuni\u00f3n clave este mi\u00e9rcoles, 15 de enero, para avanzar en el desarrollo de dos parcelas destinadas a la construcci\u00f3n de 144 viviendas en el municipio.<\/p>\n<p>Este proyecto contar\u00e1 con una inversi\u00f3n total de 28,7 millones de euros, que ser\u00e1 gestionada directamente por el Ayuntamiento. En el encuentro participaron el alcalde Javier Llamas, la consejera de Presidencia del Gobierno de Canarias, Nieves Lady Barreto, el viceconsejero para la Recuperaci\u00f3n Econ\u00f3mica y Social de La Palma del Ejecutivo regional, Pedro Afonso, a el director general del ICAVI, Antonio Ortega, adem\u00e1s del alcalde de Villa de Mazo, Idafe Hern\u00e1ndez.<\/p>\n<h2>Una marcha m\u00e1s a la reconstrucci\u00f3n<\/h2>\n<p>El alcalde Javier Llamas reitera el inter\u00e9s del grupo de gobierno en acelerar la recuperaci\u00f3n econ\u00f3mica y social del municipio.<\/p>\n<p>\u201cInsistimos en meterle una marcha m\u00e1s a la reconstrucci\u00f3n. Se est\u00e1 viendo en el avance de los caminos y v\u00edas afectadas por la lava, y queremos que se vea, de una vez por todas, en vivienda. Junto con el Gobierno de Canarias hemos trazado una hoja de ruta para dar respuesta a la crisis habitacional de Los Llanos de Aridane\u201d, apunta.<\/p>\n<p>El Ayuntamiento, junto con el ICAVI, construir\u00e1 nuevas viviendas que se distribuir\u00e1n en dos parcelas: una de 126 viviendas y otra de 18, ambas concebidas para dar respuesta a la creciente demanda habitacional en el municipio.<\/p>\n<p>\u201cEste proyecto tiene como objetivo ofrecer soluciones habitacionales a las familias que m\u00e1s lo necesitan, impulsando as\u00ed el bienestar social y el desarrollo del tejido urbano\u201d, explica el alcalde.<\/p>\n<h2>El convenio con el ICAVI<\/h2>\n<p>Para garantizar la eficiencia y rapidez en la ejecuci\u00f3n de las obras, se firmar\u00e1 un convenio con el ICAVI que permitir\u00e1 licitar conjuntamente el proyecto y la construcci\u00f3n de las viviendas. Adem\u00e1s, esta colaboraci\u00f3n delegar\u00e1 en el adjudicatario la gesti\u00f3n integral de las obras, mientras que el Ayuntamiento ser\u00e1 el encargado de recibir los fondos y efectuar los pagos correspondientes.<\/p>\n<\/div>\n","protected":false},"excerpt":{"rendered":"<p>El Ayuntamiento firmar\u00e1 un convenio con el ICAVI que permitir\u00e1 licitar conjuntamente el proyecto y la construcci\u00f3n de las viviendas<\/p>\n","protected":false},"author":4,"featured_media":4187,"comment_status":"open","ping_status":"open","sticky":false,"template":"","format":"standard","meta":{"footnotes":""},"categories":[1],"tags":[],"class_list":["post-4186","post","type-post","status-publish","format-standard","has-post-thumbnail","hentry","category-sin-categoria"],"yoast_head":"<!-- This site is optimized with the Yoast SEO plugin v22.7 - https:\/\/yoast.com\/wordpress\/plugins\/seo\/ -->\n<title>Los Llanos de Aridane construir\u00e1 144 nuevas viviendas con una inversi\u00f3n de m\u00e1s de 28 millones de euros - Ayuntamiento de Los Llanos de Aridane<\/title>\n<meta name=\"robots\" content=\"index, follow, max-snippet:-1, max-image-preview:large, max-video-preview:-1\" \/>\n<link rel=\"canonical\" href=\"https:\/\/www.aridane.org\/city\/2025\/01\/16\/los-llanos-de-aridane-construira-144-nuevas-viviendas-con-una-inversion-de-mas-de-28-millones-de-euros\/\" \/>\n<meta property=\"og:locale\" content=\"es_ES\" \/>\n<meta property=\"og:type\" content=\"article\" \/>\n<meta property=\"og:title\" content=\"Los Llanos de Aridane construir\u00e1 144 nuevas viviendas con una inversi\u00f3n de m\u00e1s de 28 millones de euros - Ayuntamiento de Los Llanos de Aridane\" \/>\n<meta property=\"og:description\" content=\"El Ayuntamiento firmar\u00e1 un convenio con el ICAVI que permitir\u00e1 licitar conjuntamente el proyecto y la construcci\u00f3n de las viviendas\" \/>\n<meta property=\"og:url\" content=\"https:\/\/www.aridane.org\/city\/2025\/01\/16\/los-llanos-de-aridane-construira-144-nuevas-viviendas-con-una-inversion-de-mas-de-28-millones-de-euros\/\" \/>\n<meta property=\"og:site_name\" content=\"Ayuntamiento de Los Llanos de Aridane\" \/>\n<meta property=\"article:published_time\" content=\"2025-01-16T09:19:47+00:00\" \/>\n<meta property=\"article:modified_time\" content=\"2025-01-29T09:23:21+00:00\" \/>\n<meta property=\"og:image\" content=\"https:\/\/www.aridane.org\/city\/wp-content\/uploads\/2025\/01\/Icavi-Los-Llanos-de-Aridane-620x465.png\" \/>\n\t<meta property=\"og:image:width\" content=\"620\" \/>\n\t<meta property=\"og:image:height\" content=\"465\" \/>\n\t<meta property=\"og:image:type\" content=\"image\/png\" \/>\n<meta name=\"author\" content=\"Corresponsal\" \/>\n<meta name=\"twitter:card\" content=\"summary_large_image\" \/>\n<meta name=\"twitter:label1\" content=\"Escrito por\" \/>\n\t<meta name=\"twitter:data1\" content=\"Corresponsal\" \/>\n\t<meta name=\"twitter:label2\" content=\"Tiempo de lectura\" \/>\n\t<meta name=\"twitter:data2\" content=\"2 minutos\" \/>\n<script type=\"application\/ld+json\" class=\"yoast-schema-graph\">{\"@context\":\"https:\/\/schema.org\",\"@graph\":[{\"@type\":\"WebPage\",\"@id\":\"https:\/\/www.aridane.org\/city\/2025\/01\/16\/los-llanos-de-aridane-construira-144-nuevas-viviendas-con-una-inversion-de-mas-de-28-millones-de-euros\/\",\"url\":\"https:\/\/www.aridane.org\/city\/2025\/01\/16\/los-llanos-de-aridane-construira-144-nuevas-viviendas-con-una-inversion-de-mas-de-28-millones-de-euros\/\",\"name\":\"Los Llanos de Aridane construir\u00e1 144 nuevas viviendas con una inversi\u00f3n de m\u00e1s de 28 millones de euros - Ayuntamiento de Los Llanos de Aridane\",\"isPartOf\":{\"@id\":\"https:\/\/www.aridane.org\/city\/#website\"},\"primaryImageOfPage\":{\"@id\":\"https:\/\/www.aridane.org\/city\/2025\/01\/16\/los-llanos-de-aridane-construira-144-nuevas-viviendas-con-una-inversion-de-mas-de-28-millones-de-euros\/#primaryimage\"},\"image\":{\"@id\":\"https:\/\/www.aridane.org\/city\/2025\/01\/16\/los-llanos-de-aridane-construira-144-nuevas-viviendas-con-una-inversion-de-mas-de-28-millones-de-euros\/#primaryimage\"},\"thumbnailUrl\":\"https:\/\/www.aridane.org\/city\/wp-content\/uploads\/2025\/01\/Icavi-Los-Llanos-de-Aridane.png\",\"datePublished\":\"2025-01-16T09:19:47+00:00\",\"dateModified\":\"2025-01-29T09:23:21+00:00\",\"author\":{\"@id\":\"https:\/\/www.aridane.org\/city\/#\/schema\/person\/89ebd376b223dc94cc1dbcf200c8e6da\"},\"breadcrumb\":{\"@id\":\"https:\/\/www.aridane.org\/city\/2025\/01\/16\/los-llanos-de-aridane-construira-144-nuevas-viviendas-con-una-inversion-de-mas-de-28-millones-de-euros\/#breadcrumb\"},\"inLanguage\":\"es\",\"potentialAction\":[{\"@type\":\"ReadAction\",\"target\":[\"https:\/\/www.aridane.org\/city\/2025\/01\/16\/los-llanos-de-aridane-construira-144-nuevas-viviendas-con-una-inversion-de-mas-de-28-millones-de-euros\/\"]}]},{\"@type\":\"ImageObject\",\"inLanguage\":\"es\",\"@id\":\"https:\/\/www.aridane.org\/city\/2025\/01\/16\/los-llanos-de-aridane-construira-144-nuevas-viviendas-con-una-inversion-de-mas-de-28-millones-de-euros\/#primaryimage\",\"url\":\"https:\/\/www.aridane.org\/city\/wp-content\/uploads\/2025\/01\/Icavi-Los-Llanos-de-Aridane.png\",\"contentUrl\":\"https:\/\/www.aridane.org\/city\/wp-content\/uploads\/2025\/01\/Icavi-Los-Llanos-de-Aridane.png\",\"width\":3000,\"height\":2250},{\"@type\":\"BreadcrumbList\",\"@id\":\"https:\/\/www.aridane.org\/city\/2025\/01\/16\/los-llanos-de-aridane-construira-144-nuevas-viviendas-con-una-inversion-de-mas-de-28-millones-de-euros\/#breadcrumb\",\"itemListElement\":[{\"@type\":\"ListItem\",\"position\":1,\"name\":\"Portada\",\"item\":\"https:\/\/www.aridane.org\/city\/\"},{\"@type\":\"ListItem\",\"position\":2,\"name\":\"Los Llanos de Aridane construir\u00e1 144 nuevas viviendas con una inversi\u00f3n de m\u00e1s de 28 millones de euros\"}]},{\"@type\":\"WebSite\",\"@id\":\"https:\/\/www.aridane.org\/city\/#website\",\"url\":\"https:\/\/www.aridane.org\/city\/\",\"name\":\"Ayuntamiento de Los Llanos de Aridane\",\"description\":\"\",\"potentialAction\":[{\"@type\":\"SearchAction\",\"target\":{\"@type\":\"EntryPoint\",\"urlTemplate\":\"https:\/\/www.aridane.org\/city\/?s={search_term_string}\"},\"query-input\":\"required name=search_term_string\"}],\"inLanguage\":\"es\"},{\"@type\":\"Person\",\"@id\":\"https:\/\/www.aridane.org\/city\/#\/schema\/person\/89ebd376b223dc94cc1dbcf200c8e6da\",\"name\":\"Corresponsal\",\"image\":{\"@type\":\"ImageObject\",\"inLanguage\":\"es\",\"@id\":\"https:\/\/www.aridane.org\/city\/#\/schema\/person\/image\/\",\"url\":\"https:\/\/secure.gravatar.com\/avatar\/1c476992411e4ccf153da63b2b2f5ea0bb4cb1c85f3ceab8512f04325ad5579c?s=96&d=mm&r=g\",\"contentUrl\":\"https:\/\/secure.gravatar.com\/avatar\/1c476992411e4ccf153da63b2b2f5ea0bb4cb1c85f3ceab8512f04325ad5579c?s=96&d=mm&r=g\",\"caption\":\"Corresponsal\"},\"url\":\"https:\/\/www.aridane.org\/city\/author\/corresponsal\/\"}]}<\/script>\n<!-- \/ Yoast SEO plugin. -->","yoast_head_json":{"title":"Los Llanos de Aridane construir\u00e1 144 nuevas viviendas con una inversi\u00f3n de m\u00e1s de 28 millones de euros - Ayuntamiento de Los Llanos de Aridane","robots":{"index":"index","follow":"follow","max-snippet":"max-snippet:-1","max-image-preview":"max-image-preview:large","max-video-preview":"max-video-preview:-1"},"canonical":"https:\/\/www.aridane.org\/city\/2025\/01\/16\/los-llanos-de-aridane-construira-144-nuevas-viviendas-con-una-inversion-de-mas-de-28-millones-de-euros\/","og_locale":"es_ES","og_type":"article","og_title":"Los Llanos de Aridane construir\u00e1 144 nuevas viviendas con una inversi\u00f3n de m\u00e1s de 28 millones de euros - Ayuntamiento de Los Llanos de Aridane","og_description":"El Ayuntamiento firmar\u00e1 un convenio con el ICAVI que permitir\u00e1 licitar conjuntamente el proyecto y la construcci\u00f3n de las viviendas","og_url":"https:\/\/www.aridane.org\/city\/2025\/01\/16\/los-llanos-de-aridane-construira-144-nuevas-viviendas-con-una-inversion-de-mas-de-28-millones-de-euros\/","og_site_name":"Ayuntamiento de Los Llanos de Aridane","article_published_time":"2025-01-16T09:19:47+00:00","article_modified_time":"2025-01-29T09:23:21+00:00","og_image":[{"width":620,"height":465,"url":"https:\/\/www.aridane.org\/city\/wp-content\/uploads\/2025\/01\/Icavi-Los-Llanos-de-Aridane-620x465.png","type":"image\/png"}],"author":"Corresponsal","twitter_card":"summary_large_image","twitter_misc":{"Escrito por":"Corresponsal","Tiempo de lectura":"2 minutos"},"schema":{"@context":"https:\/\/schema.org","@graph":[{"@type":"WebPage","@id":"https:\/\/www.aridane.org\/city\/2025\/01\/16\/los-llanos-de-aridane-construira-144-nuevas-viviendas-con-una-inversion-de-mas-de-28-millones-de-euros\/","url":"https:\/\/www.aridane.org\/city\/2025\/01\/16\/los-llanos-de-aridane-construira-144-nuevas-viviendas-con-una-inversion-de-mas-de-28-millones-de-euros\/","name":"Los Llanos de Aridane construir\u00e1 144 nuevas viviendas con una inversi\u00f3n de m\u00e1s de 28 millones de euros - Ayuntamiento de Los Llanos de Aridane","isPartOf":{"@id":"https:\/\/www.aridane.org\/city\/#website"},"primaryImageOfPage":{"@id":"https:\/\/www.aridane.org\/city\/2025\/01\/16\/los-llanos-de-aridane-construira-144-nuevas-viviendas-con-una-inversion-de-mas-de-28-millones-de-euros\/#primaryimage"},"image":{"@id":"https:\/\/www.aridane.org\/city\/2025\/01\/16\/los-llanos-de-aridane-construira-144-nuevas-viviendas-con-una-inversion-de-mas-de-28-millones-de-euros\/#primaryimage"},"thumbnailUrl":"https:\/\/www.aridane.org\/city\/wp-content\/uploads\/2025\/01\/Icavi-Los-Llanos-de-Aridane.png","datePublished":"2025-01-16T09:19:47+00:00","dateModified":"2025-01-29T09:23:21+00:00","author":{"@id":"https:\/\/www.aridane.org\/city\/#\/schema\/person\/89ebd376b223dc94cc1dbcf200c8e6da"},"breadcrumb":{"@id":"https:\/\/www.aridane.org\/city\/2025\/01\/16\/los-llanos-de-aridane-construira-144-nuevas-viviendas-con-una-inversion-de-mas-de-28-millones-de-euros\/#breadcrumb"},"inLanguage":"es","potentialAction":[{"@type":"ReadAction","target":["https:\/\/www.aridane.org\/city\/2025\/01\/16\/los-llanos-de-aridane-construira-144-nuevas-viviendas-con-una-inversion-de-mas-de-28-millones-de-euros\/"]}]},{"@type":"ImageObject","inLanguage":"es","@id":"https:\/\/www.aridane.org\/city\/2025\/01\/16\/los-llanos-de-aridane-construira-144-nuevas-viviendas-con-una-inversion-de-mas-de-28-millones-de-euros\/#primaryimage","url":"https:\/\/www.aridane.org\/city\/wp-content\/uploads\/2025\/01\/Icavi-Los-Llanos-de-Aridane.png","contentUrl":"https:\/\/www.aridane.org\/city\/wp-content\/uploads\/2025\/01\/Icavi-Los-Llanos-de-Aridane.png","width":3000,"height":2250},{"@type":"BreadcrumbList","@id":"https:\/\/www.aridane.org\/city\/2025\/01\/16\/los-llanos-de-aridane-construira-144-nuevas-viviendas-con-una-inversion-de-mas-de-28-millones-de-euros\/#breadcrumb","itemListElement":[{"@type":"ListItem","position":1,"name":"Portada","item":"https:\/\/www.aridane.org\/city\/"},{"@type":"ListItem","position":2,"name":"Los Llanos de Aridane construir\u00e1 144 nuevas viviendas con una inversi\u00f3n de m\u00e1s de 28 millones de euros"}]},{"@type":"WebSite","@id":"https:\/\/www.aridane.org\/city\/#website","url":"https:\/\/www.aridane.org\/city\/","name":"Ayuntamiento de Los Llanos de Aridane","description":"","potentialAction":[{"@type":"SearchAction","target":{"@type":"EntryPoint","urlTemplate":"https:\/\/www.aridane.org\/city\/?s={search_term_string}"},"query-input":"required name=search_term_string"}],"inLanguage":"es"},{"@type":"Person","@id":"https:\/\/www.aridane.org\/city\/#\/schema\/person\/89ebd376b223dc94cc1dbcf200c8e6da","name":"Corresponsal","image":{"@type":"ImageObject","inLanguage":"es","@id":"https:\/\/www.aridane.org\/city\/#\/schema\/person\/image\/","url":"https:\/\/secure.gravatar.com\/avatar\/1c476992411e4ccf153da63b2b2f5ea0bb4cb1c85f3ceab8512f04325ad5579c?s=96&d=mm&r=g","contentUrl":"https:\/\/secure.gravatar.com\/avatar\/1c476992411e4ccf153da63b2b2f5ea0bb4cb1c85f3ceab8512f04325ad5579c?s=96&d=mm&r=g","caption":"Corresponsal"},"url":"https:\/\/www.aridane.org\/city\/author\/corresponsal\/"}]}},"_links":{"self":[{"href":"https:\/\/www.aridane.org\/city\/wp-json\/wp\/v2\/posts\/4186","targetHints":{"allow":["GET"]}}],"collection":[{"href":"https:\/\/www.aridane.org\/city\/wp-json\/wp\/v2\/posts"}],"about":[{"href":"https:\/\/www.aridane.org\/city\/wp-json\/wp\/v2\/types\/post"}],"author":[{"embeddable":true,"href":"https:\/\/www.aridane.org\/city\/wp-json\/wp\/v2\/users\/4"}],"replies":[{"embeddable":true,"href":"https:\/\/www.aridane.org\/city\/wp-json\/wp\/v2\/comments?post=4186"}],"version-history":[{"count":1,"href":"https:\/\/www.aridane.org\/city\/wp-json\/wp\/v2\/posts\/4186\/revisions"}],"predecessor-version":[{"id":4188,"href":"https:\/\/www.aridane.org\/city\/wp-json\/wp\/v2\/posts\/4186\/revisions\/4188"}],"wp:featuredmedia":[{"embeddable":true,"href":"https:\/\/www.aridane.org\/city\/wp-json\/wp\/v2\/media\/4187"}],"wp:attachment":[{"href":"https:\/\/www.aridane.org\/city\/wp-json\/wp\/v2\/media?parent=4186"}],"wp:term":[{"taxonomy":"category","embeddable":true,"href":"https:\/\/www.aridane.org\/city\/wp-json\/wp\/v2\/categories?post=4186"},{"taxonomy":"post_tag","embeddable":true,"href":"https:\/\/www.aridane.org\/city\/wp-json\/wp\/v2\/tags?post=4186"}],"curies":[{"name":"wp","href":"https:\/\/api.w.org\/{rel}","templated":true}]}}