{"id":4189,"date":"2025-01-10T09:24:53","date_gmt":"2025-01-10T09:24:53","guid":{"rendered":"https:\/\/www.aridane.org\/city\/?p=4189"},"modified":"2025-01-29T09:34:41","modified_gmt":"2025-01-29T09:34:41","slug":"el-ayuntamiento-mejora-las-instalaciones-deportivas-del-anexo-del-estadio-municipal-acero","status":"publish","type":"post","link":"https:\/\/www.aridane.org\/city\/2025\/01\/10\/el-ayuntamiento-mejora-las-instalaciones-deportivas-del-anexo-del-estadio-municipal-acero\/","title":{"rendered":"El Ayuntamiento mejora las instalaciones deportivas del anexo del Estadio Municipal Acer\u00f3"},"content":{"rendered":"<p><em>Se ha cambiado el c\u00e9sped y el sistema de riego del campo de f\u00fatbol anexo\u00a0<\/em><!--more--><\/p>\n<p>El Ayuntamiento de Los Llanos de Aridane, en su compromiso de modernizar todas las infraestructuras deportivas del municipio, reforma las instalaciones del anexo del Estadio Municipal Acer\u00f3. Se ha cambiado el c\u00e9sped y el sistema de riego del campo de f\u00fatbol anexo.<\/p>\n<p>El alcalde Javier Llamas destaca la puesta en marcha de esta reforma. \u201cUna actuaci\u00f3n necesaria para mejorar las prestaciones de un espacio deportivo utilizado para la tecnificaci\u00f3n de ni\u00f1os y ni\u00f1as inscritos en los diferentes equipos del municipio, as\u00ed como para el ocio y tiempo libre de la ciudadan\u00eda\u201d, apunta.<\/p>\n<p>En este sentido, el concejal de Deportes, V\u00edctor Gonz\u00e1lez, indica que esta intervenci\u00f3n \u201cafianza la idea de este grupo de gobierno de mejorar la calidad de las instalaciones deportivas municipales, con la vista puesta en futuros proyectos como la climatizaci\u00f3n de la piscina municipal en los pr\u00f3ximos meses\u201d.<\/p>\n<p>Cabe destacar que esta reforma supone un salto cualitativo en las instalaciones, implementando un c\u00e9sped artificial de \u00faltima generaci\u00f3n, as\u00ed como\u00a0 un sistema de riego novedoso que optimizar\u00e1 la utilizaci\u00f3n de este recurso.<\/p>\n<p>Desde el Ayuntamiento agradecen a la Consejer\u00eda de Educaci\u00f3n, Formaci\u00f3n Profesional, Actividad F\u00edsica y Deportes del Gobierno de Canarias, dirigida por Poli Su\u00e1rez, la financiaci\u00f3n y el apoyo para modernizar el anexo del Acer\u00f3.<\/p>\n","protected":false},"excerpt":{"rendered":"<p>Se ha cambiado el c\u00e9sped y el sistema de riego del campo de f\u00fatbol anexo\u00a0<\/p>\n","protected":false},"author":4,"featured_media":4190,"comment_status":"open","ping_status":"open","sticky":false,"template":"","format":"standard","meta":{"footnotes":""},"categories":[1],"tags":[],"class_list":["post-4189","post","type-post","status-publish","format-standard","has-post-thumbnail","hentry","category-sin-categoria"],"yoast_head":"<!-- This site is optimized with the Yoast SEO plugin v22.7 - https:\/\/yoast.com\/wordpress\/plugins\/seo\/ -->\n<title>El Ayuntamiento mejora las instalaciones deportivas del anexo del Estadio Municipal Acer\u00f3 - Ayuntamiento de Los Llanos de Aridane<\/title>\n<meta name=\"robots\" content=\"index, follow, max-snippet:-1, max-image-preview:large, max-video-preview:-1\" \/>\n<link rel=\"canonical\" href=\"https:\/\/www.aridane.org\/city\/2025\/01\/10\/el-ayuntamiento-mejora-las-instalaciones-deportivas-del-anexo-del-estadio-municipal-acero\/\" \/>\n<meta property=\"og:locale\" content=\"es_ES\" \/>\n<meta property=\"og:type\" content=\"article\" \/>\n<meta property=\"og:title\" content=\"El Ayuntamiento mejora las instalaciones deportivas del anexo del Estadio Municipal Acer\u00f3 - Ayuntamiento de Los Llanos de Aridane\" \/>\n<meta property=\"og:description\" content=\"Se ha cambiado el c\u00e9sped y el sistema de riego del campo de f\u00fatbol anexo\u00a0\" \/>\n<meta property=\"og:url\" content=\"https:\/\/www.aridane.org\/city\/2025\/01\/10\/el-ayuntamiento-mejora-las-instalaciones-deportivas-del-anexo-del-estadio-municipal-acero\/\" \/>\n<meta property=\"og:site_name\" content=\"Ayuntamiento de Los Llanos de Aridane\" \/>\n<meta property=\"article:published_time\" content=\"2025-01-10T09:24:53+00:00\" \/>\n<meta property=\"article:modified_time\" content=\"2025-01-29T09:34:41+00:00\" \/>\n<meta property=\"og:image\" content=\"https:\/\/www.aridane.org\/city\/wp-content\/uploads\/2025\/01\/NP-Anexo-Acero-scaled.jpeg\" \/>\n\t<meta property=\"og:image:width\" content=\"2560\" \/>\n\t<meta property=\"og:image:height\" content=\"1920\" \/>\n\t<meta property=\"og:image:type\" content=\"image\/jpeg\" \/>\n<meta name=\"author\" content=\"Corresponsal\" \/>\n<meta name=\"twitter:card\" content=\"summary_large_image\" \/>\n<meta name=\"twitter:label1\" content=\"Escrito por\" \/>\n\t<meta name=\"twitter:data1\" content=\"Corresponsal\" \/>\n\t<meta name=\"twitter:label2\" content=\"Tiempo de lectura\" \/>\n\t<meta name=\"twitter:data2\" content=\"2 minutos\" \/>\n<script type=\"application\/ld+json\" class=\"yoast-schema-graph\">{\"@context\":\"https:\/\/schema.org\",\"@graph\":[{\"@type\":\"WebPage\",\"@id\":\"https:\/\/www.aridane.org\/city\/2025\/01\/10\/el-ayuntamiento-mejora-las-instalaciones-deportivas-del-anexo-del-estadio-municipal-acero\/\",\"url\":\"https:\/\/www.aridane.org\/city\/2025\/01\/10\/el-ayuntamiento-mejora-las-instalaciones-deportivas-del-anexo-del-estadio-municipal-acero\/\",\"name\":\"El Ayuntamiento mejora las instalaciones deportivas del anexo del Estadio Municipal Acer\u00f3 - Ayuntamiento de Los Llanos de Aridane\",\"isPartOf\":{\"@id\":\"https:\/\/www.aridane.org\/city\/#website\"},\"primaryImageOfPage\":{\"@id\":\"https:\/\/www.aridane.org\/city\/2025\/01\/10\/el-ayuntamiento-mejora-las-instalaciones-deportivas-del-anexo-del-estadio-municipal-acero\/#primaryimage\"},\"image\":{\"@id\":\"https:\/\/www.aridane.org\/city\/2025\/01\/10\/el-ayuntamiento-mejora-las-instalaciones-deportivas-del-anexo-del-estadio-municipal-acero\/#primaryimage\"},\"thumbnailUrl\":\"https:\/\/www.aridane.org\/city\/wp-content\/uploads\/2025\/01\/NP-Anexo-Acero-scaled.jpeg\",\"datePublished\":\"2025-01-10T09:24:53+00:00\",\"dateModified\":\"2025-01-29T09:34:41+00:00\",\"author\":{\"@id\":\"https:\/\/www.aridane.org\/city\/#\/schema\/person\/89ebd376b223dc94cc1dbcf200c8e6da\"},\"breadcrumb\":{\"@id\":\"https:\/\/www.aridane.org\/city\/2025\/01\/10\/el-ayuntamiento-mejora-las-instalaciones-deportivas-del-anexo-del-estadio-municipal-acero\/#breadcrumb\"},\"inLanguage\":\"es\",\"potentialAction\":[{\"@type\":\"ReadAction\",\"target\":[\"https:\/\/www.aridane.org\/city\/2025\/01\/10\/el-ayuntamiento-mejora-las-instalaciones-deportivas-del-anexo-del-estadio-municipal-acero\/\"]}]},{\"@type\":\"ImageObject\",\"inLanguage\":\"es\",\"@id\":\"https:\/\/www.aridane.org\/city\/2025\/01\/10\/el-ayuntamiento-mejora-las-instalaciones-deportivas-del-anexo-del-estadio-municipal-acero\/#primaryimage\",\"url\":\"https:\/\/www.aridane.org\/city\/wp-content\/uploads\/2025\/01\/NP-Anexo-Acero-scaled.jpeg\",\"contentUrl\":\"https:\/\/www.aridane.org\/city\/wp-content\/uploads\/2025\/01\/NP-Anexo-Acero-scaled.jpeg\",\"width\":2560,\"height\":1920},{\"@type\":\"BreadcrumbList\",\"@id\":\"https:\/\/www.aridane.org\/city\/2025\/01\/10\/el-ayuntamiento-mejora-las-instalaciones-deportivas-del-anexo-del-estadio-municipal-acero\/#breadcrumb\",\"itemListElement\":[{\"@type\":\"ListItem\",\"position\":1,\"name\":\"Portada\",\"item\":\"https:\/\/www.aridane.org\/city\/\"},{\"@type\":\"ListItem\",\"position\":2,\"name\":\"El Ayuntamiento mejora las instalaciones deportivas del anexo del Estadio Municipal Acer\u00f3\"}]},{\"@type\":\"WebSite\",\"@id\":\"https:\/\/www.aridane.org\/city\/#website\",\"url\":\"https:\/\/www.aridane.org\/city\/\",\"name\":\"Ayuntamiento de Los Llanos de Aridane\",\"description\":\"\",\"potentialAction\":[{\"@type\":\"SearchAction\",\"target\":{\"@type\":\"EntryPoint\",\"urlTemplate\":\"https:\/\/www.aridane.org\/city\/?s={search_term_string}\"},\"query-input\":\"required name=search_term_string\"}],\"inLanguage\":\"es\"},{\"@type\":\"Person\",\"@id\":\"https:\/\/www.aridane.org\/city\/#\/schema\/person\/89ebd376b223dc94cc1dbcf200c8e6da\",\"name\":\"Corresponsal\",\"image\":{\"@type\":\"ImageObject\",\"inLanguage\":\"es\",\"@id\":\"https:\/\/www.aridane.org\/city\/#\/schema\/person\/image\/\",\"url\":\"https:\/\/secure.gravatar.com\/avatar\/1c476992411e4ccf153da63b2b2f5ea0bb4cb1c85f3ceab8512f04325ad5579c?s=96&d=mm&r=g\",\"contentUrl\":\"https:\/\/secure.gravatar.com\/avatar\/1c476992411e4ccf153da63b2b2f5ea0bb4cb1c85f3ceab8512f04325ad5579c?s=96&d=mm&r=g\",\"caption\":\"Corresponsal\"},\"url\":\"https:\/\/www.aridane.org\/city\/author\/corresponsal\/\"}]}<\/script>\n<!-- \/ Yoast SEO plugin. -->","yoast_head_json":{"title":"El Ayuntamiento mejora las instalaciones deportivas del anexo del Estadio Municipal Acer\u00f3 - Ayuntamiento de Los Llanos de Aridane","robots":{"index":"index","follow":"follow","max-snippet":"max-snippet:-1","max-image-preview":"max-image-preview:large","max-video-preview":"max-video-preview:-1"},"canonical":"https:\/\/www.aridane.org\/city\/2025\/01\/10\/el-ayuntamiento-mejora-las-instalaciones-deportivas-del-anexo-del-estadio-municipal-acero\/","og_locale":"es_ES","og_type":"article","og_title":"El Ayuntamiento mejora las instalaciones deportivas del anexo del Estadio Municipal Acer\u00f3 - Ayuntamiento de Los Llanos de Aridane","og_description":"Se ha cambiado el c\u00e9sped y el sistema de riego del campo de f\u00fatbol anexo\u00a0","og_url":"https:\/\/www.aridane.org\/city\/2025\/01\/10\/el-ayuntamiento-mejora-las-instalaciones-deportivas-del-anexo-del-estadio-municipal-acero\/","og_site_name":"Ayuntamiento de Los Llanos de Aridane","article_published_time":"2025-01-10T09:24:53+00:00","article_modified_time":"2025-01-29T09:34:41+00:00","og_image":[{"width":2560,"height":1920,"url":"https:\/\/www.aridane.org\/city\/wp-content\/uploads\/2025\/01\/NP-Anexo-Acero-scaled.jpeg","type":"image\/jpeg"}],"author":"Corresponsal","twitter_card":"summary_large_image","twitter_misc":{"Escrito por":"Corresponsal","Tiempo de lectura":"2 minutos"},"schema":{"@context":"https:\/\/schema.org","@graph":[{"@type":"WebPage","@id":"https:\/\/www.aridane.org\/city\/2025\/01\/10\/el-ayuntamiento-mejora-las-instalaciones-deportivas-del-anexo-del-estadio-municipal-acero\/","url":"https:\/\/www.aridane.org\/city\/2025\/01\/10\/el-ayuntamiento-mejora-las-instalaciones-deportivas-del-anexo-del-estadio-municipal-acero\/","name":"El Ayuntamiento mejora las instalaciones deportivas del anexo del Estadio Municipal Acer\u00f3 - Ayuntamiento de Los Llanos de Aridane","isPartOf":{"@id":"https:\/\/www.aridane.org\/city\/#website"},"primaryImageOfPage":{"@id":"https:\/\/www.aridane.org\/city\/2025\/01\/10\/el-ayuntamiento-mejora-las-instalaciones-deportivas-del-anexo-del-estadio-municipal-acero\/#primaryimage"},"image":{"@id":"https:\/\/www.aridane.org\/city\/2025\/01\/10\/el-ayuntamiento-mejora-las-instalaciones-deportivas-del-anexo-del-estadio-municipal-acero\/#primaryimage"},"thumbnailUrl":"https:\/\/www.aridane.org\/city\/wp-content\/uploads\/2025\/01\/NP-Anexo-Acero-scaled.jpeg","datePublished":"2025-01-10T09:24:53+00:00","dateModified":"2025-01-29T09:34:41+00:00","author":{"@id":"https:\/\/www.aridane.org\/city\/#\/schema\/person\/89ebd376b223dc94cc1dbcf200c8e6da"},"breadcrumb":{"@id":"https:\/\/www.aridane.org\/city\/2025\/01\/10\/el-ayuntamiento-mejora-las-instalaciones-deportivas-del-anexo-del-estadio-municipal-acero\/#breadcrumb"},"inLanguage":"es","potentialAction":[{"@type":"ReadAction","target":["https:\/\/www.aridane.org\/city\/2025\/01\/10\/el-ayuntamiento-mejora-las-instalaciones-deportivas-del-anexo-del-estadio-municipal-acero\/"]}]},{"@type":"ImageObject","inLanguage":"es","@id":"https:\/\/www.aridane.org\/city\/2025\/01\/10\/el-ayuntamiento-mejora-las-instalaciones-deportivas-del-anexo-del-estadio-municipal-acero\/#primaryimage","url":"https:\/\/www.aridane.org\/city\/wp-content\/uploads\/2025\/01\/NP-Anexo-Acero-scaled.jpeg","contentUrl":"https:\/\/www.aridane.org\/city\/wp-content\/uploads\/2025\/01\/NP-Anexo-Acero-scaled.jpeg","width":2560,"height":1920},{"@type":"BreadcrumbList","@id":"https:\/\/www.aridane.org\/city\/2025\/01\/10\/el-ayuntamiento-mejora-las-instalaciones-deportivas-del-anexo-del-estadio-municipal-acero\/#breadcrumb","itemListElement":[{"@type":"ListItem","position":1,"name":"Portada","item":"https:\/\/www.aridane.org\/city\/"},{"@type":"ListItem","position":2,"name":"El Ayuntamiento mejora las instalaciones deportivas del anexo del Estadio Municipal Acer\u00f3"}]},{"@type":"WebSite","@id":"https:\/\/www.aridane.org\/city\/#website","url":"https:\/\/www.aridane.org\/city\/","name":"Ayuntamiento de Los Llanos de Aridane","description":"","potentialAction":[{"@type":"SearchAction","target":{"@type":"EntryPoint","urlTemplate":"https:\/\/www.aridane.org\/city\/?s={search_term_string}"},"query-input":"required name=search_term_string"}],"inLanguage":"es"},{"@type":"Person","@id":"https:\/\/www.aridane.org\/city\/#\/schema\/person\/89ebd376b223dc94cc1dbcf200c8e6da","name":"Corresponsal","image":{"@type":"ImageObject","inLanguage":"es","@id":"https:\/\/www.aridane.org\/city\/#\/schema\/person\/image\/","url":"https:\/\/secure.gravatar.com\/avatar\/1c476992411e4ccf153da63b2b2f5ea0bb4cb1c85f3ceab8512f04325ad5579c?s=96&d=mm&r=g","contentUrl":"https:\/\/secure.gravatar.com\/avatar\/1c476992411e4ccf153da63b2b2f5ea0bb4cb1c85f3ceab8512f04325ad5579c?s=96&d=mm&r=g","caption":"Corresponsal"},"url":"https:\/\/www.aridane.org\/city\/author\/corresponsal\/"}]}},"_links":{"self":[{"href":"https:\/\/www.aridane.org\/city\/wp-json\/wp\/v2\/posts\/4189","targetHints":{"allow":["GET"]}}],"collection":[{"href":"https:\/\/www.aridane.org\/city\/wp-json\/wp\/v2\/posts"}],"about":[{"href":"https:\/\/www.aridane.org\/city\/wp-json\/wp\/v2\/types\/post"}],"author":[{"embeddable":true,"href":"https:\/\/www.aridane.org\/city\/wp-json\/wp\/v2\/users\/4"}],"replies":[{"embeddable":true,"href":"https:\/\/www.aridane.org\/city\/wp-json\/wp\/v2\/comments?post=4189"}],"version-history":[{"count":1,"href":"https:\/\/www.aridane.org\/city\/wp-json\/wp\/v2\/posts\/4189\/revisions"}],"predecessor-version":[{"id":4191,"href":"https:\/\/www.aridane.org\/city\/wp-json\/wp\/v2\/posts\/4189\/revisions\/4191"}],"wp:featuredmedia":[{"embeddable":true,"href":"https:\/\/www.aridane.org\/city\/wp-json\/wp\/v2\/media\/4190"}],"wp:attachment":[{"href":"https:\/\/www.aridane.org\/city\/wp-json\/wp\/v2\/media?parent=4189"}],"wp:term":[{"taxonomy":"category","embeddable":true,"href":"https:\/\/www.aridane.org\/city\/wp-json\/wp\/v2\/categories?post=4189"},{"taxonomy":"post_tag","embeddable":true,"href":"https:\/\/www.aridane.org\/city\/wp-json\/wp\/v2\/tags?post=4189"}],"curies":[{"name":"wp","href":"https:\/\/api.w.org\/{rel}","templated":true}]}}