{"id":4195,"date":"2025-01-06T09:37:04","date_gmt":"2025-01-06T09:37:04","guid":{"rendered":"https:\/\/www.aridane.org\/city\/?p=4195"},"modified":"2025-01-29T09:38:06","modified_gmt":"2025-01-29T09:38:06","slug":"los-llanos-de-aridane-destaca-el-exito-del-operativo-de-seguridad-en-navidad","status":"publish","type":"post","link":"https:\/\/www.aridane.org\/city\/2025\/01\/06\/los-llanos-de-aridane-destaca-el-exito-del-operativo-de-seguridad-en-navidad\/","title":{"rendered":"Los Llanos de Aridane destaca el \u00e9xito del operativo de seguridad en Navidad"},"content":{"rendered":"<p><em>Durante todo diciembre se organizaron servicios especiales que reforzaron la presencia policial en los puntos clave del municipio<\/em><!--more--><\/p>\n<div id=\"v1forwardbody1\">\n<p>El Ayuntamiento de Los Llanos de Aridane destaca el \u00e9xito del operativo de seguridad en Navidad. Bajo el liderazgo de la Polic\u00eda Local, se llevaron a cabo actuaciones centradas en garantizar la seguridad vial y la convivencia ciudadana en unas fechas marcadas por el incremento de actividades sociales y festivas.<\/p>\n<p>Durante todo diciembre se organizaron servicios especiales que reforzaron la presencia policial en los puntos clave del municipio durante los fines de semana y en los d\u00edas principales de las celebraciones, como Nochebuena y Fin de A\u00f1o. La Polic\u00eda Local lider\u00f3 estos esfuerzos bajo la colaboraci\u00f3n de Protecci\u00f3n Civil, Guardia Civil y Polic\u00eda Canaria.<\/p>\n<p>El concejal de Seguridad, Francisco Acosta, asegura que \u201cestos esfuerzos han contribuido significativamente a mantener un ambiente seguro para la ciudadan\u00eda\u201d.<\/p>\n<p>Entre las medidas implementadas, se realizaron controles preventivos de tr\u00e1fico y seguridad ciudadana, supervisando decenas de veh\u00edculos y conductores por turno de servicio. La mayor\u00eda de los conductores mostr\u00f3 un estricto cumplimiento de las normas de tr\u00e1fico, lo que refleja el compromiso generalizado con la seguridad vial. Solo en casos excepcionales, los agentes tuvieron que intervenir, instruyendo diligencias por presuntos delitos como conducci\u00f3n bajo los efectos del alcohol o drogas, as\u00ed como por otras infracciones menores.<\/p>\n<p>Adem\u00e1s, la Polic\u00eda Local intensific\u00f3 la vigilancia en zonas donde suelen producirse molestias por actividades como los botellones, informando a los ciudadanos sobre la normativa vigente y promoviendo el respeto por el espacio p\u00fablico.<\/p>\n<p>El concejal valora el desarrollo de estas actuaciones, subrayando que, gracias al trabajo conjunto de las fuerzas de seguridad y la responsabilidad de la ciudadan\u00eda, las fiestas navide\u00f1as en Los Llanos de Aridane transcurrieron en un clima de tranquilidad y seguridad. \u201cEstos resultados refuerzan el compromiso municipal de seguir trabajando por la convivencia y el bienestar de todos\u201d, sostiene.<\/p>\n<\/div>\n","protected":false},"excerpt":{"rendered":"<p>Durante todo diciembre se organizaron servicios especiales que reforzaron la presencia policial en los puntos clave del municipio<\/p>\n","protected":false},"author":4,"featured_media":4196,"comment_status":"open","ping_status":"open","sticky":false,"template":"","format":"standard","meta":{"footnotes":""},"categories":[1],"tags":[],"class_list":["post-4195","post","type-post","status-publish","format-standard","has-post-thumbnail","hentry","category-sin-categoria"],"yoast_head":"<!-- This site is optimized with the Yoast SEO plugin v22.7 - https:\/\/yoast.com\/wordpress\/plugins\/seo\/ -->\n<title>Los Llanos de Aridane destaca el \u00e9xito del operativo de seguridad en Navidad - Ayuntamiento de Los Llanos de Aridane<\/title>\n<meta name=\"robots\" content=\"index, follow, max-snippet:-1, max-image-preview:large, max-video-preview:-1\" \/>\n<link rel=\"canonical\" href=\"https:\/\/www.aridane.org\/city\/2025\/01\/06\/los-llanos-de-aridane-destaca-el-exito-del-operativo-de-seguridad-en-navidad\/\" \/>\n<meta property=\"og:locale\" content=\"es_ES\" \/>\n<meta property=\"og:type\" content=\"article\" \/>\n<meta property=\"og:title\" content=\"Los Llanos de Aridane destaca el \u00e9xito del operativo de seguridad en Navidad - Ayuntamiento de Los Llanos de Aridane\" \/>\n<meta property=\"og:description\" content=\"Durante todo diciembre se organizaron servicios especiales que reforzaron la presencia policial en los puntos clave del municipio\" \/>\n<meta property=\"og:url\" content=\"https:\/\/www.aridane.org\/city\/2025\/01\/06\/los-llanos-de-aridane-destaca-el-exito-del-operativo-de-seguridad-en-navidad\/\" \/>\n<meta property=\"og:site_name\" content=\"Ayuntamiento de Los Llanos de Aridane\" \/>\n<meta property=\"article:published_time\" content=\"2025-01-06T09:37:04+00:00\" \/>\n<meta property=\"article:modified_time\" content=\"2025-01-29T09:38:06+00:00\" \/>\n<meta property=\"og:image\" content=\"https:\/\/www.aridane.org\/city\/wp-content\/uploads\/2025\/01\/Policia-Los-Llanos.jpeg\" \/>\n\t<meta property=\"og:image:width\" content=\"1599\" \/>\n\t<meta property=\"og:image:height\" content=\"899\" \/>\n\t<meta property=\"og:image:type\" content=\"image\/jpeg\" \/>\n<meta name=\"author\" content=\"Corresponsal\" \/>\n<meta name=\"twitter:card\" content=\"summary_large_image\" \/>\n<meta name=\"twitter:label1\" content=\"Escrito por\" \/>\n\t<meta name=\"twitter:data1\" content=\"Corresponsal\" \/>\n\t<meta name=\"twitter:label2\" content=\"Tiempo de lectura\" \/>\n\t<meta name=\"twitter:data2\" content=\"2 minutos\" \/>\n<script type=\"application\/ld+json\" class=\"yoast-schema-graph\">{\"@context\":\"https:\/\/schema.org\",\"@graph\":[{\"@type\":\"WebPage\",\"@id\":\"https:\/\/www.aridane.org\/city\/2025\/01\/06\/los-llanos-de-aridane-destaca-el-exito-del-operativo-de-seguridad-en-navidad\/\",\"url\":\"https:\/\/www.aridane.org\/city\/2025\/01\/06\/los-llanos-de-aridane-destaca-el-exito-del-operativo-de-seguridad-en-navidad\/\",\"name\":\"Los Llanos de Aridane destaca el \u00e9xito del operativo de seguridad en Navidad - Ayuntamiento de Los Llanos de Aridane\",\"isPartOf\":{\"@id\":\"https:\/\/www.aridane.org\/city\/#website\"},\"primaryImageOfPage\":{\"@id\":\"https:\/\/www.aridane.org\/city\/2025\/01\/06\/los-llanos-de-aridane-destaca-el-exito-del-operativo-de-seguridad-en-navidad\/#primaryimage\"},\"image\":{\"@id\":\"https:\/\/www.aridane.org\/city\/2025\/01\/06\/los-llanos-de-aridane-destaca-el-exito-del-operativo-de-seguridad-en-navidad\/#primaryimage\"},\"thumbnailUrl\":\"https:\/\/www.aridane.org\/city\/wp-content\/uploads\/2025\/01\/Policia-Los-Llanos.jpeg\",\"datePublished\":\"2025-01-06T09:37:04+00:00\",\"dateModified\":\"2025-01-29T09:38:06+00:00\",\"author\":{\"@id\":\"https:\/\/www.aridane.org\/city\/#\/schema\/person\/89ebd376b223dc94cc1dbcf200c8e6da\"},\"breadcrumb\":{\"@id\":\"https:\/\/www.aridane.org\/city\/2025\/01\/06\/los-llanos-de-aridane-destaca-el-exito-del-operativo-de-seguridad-en-navidad\/#breadcrumb\"},\"inLanguage\":\"es\",\"potentialAction\":[{\"@type\":\"ReadAction\",\"target\":[\"https:\/\/www.aridane.org\/city\/2025\/01\/06\/los-llanos-de-aridane-destaca-el-exito-del-operativo-de-seguridad-en-navidad\/\"]}]},{\"@type\":\"ImageObject\",\"inLanguage\":\"es\",\"@id\":\"https:\/\/www.aridane.org\/city\/2025\/01\/06\/los-llanos-de-aridane-destaca-el-exito-del-operativo-de-seguridad-en-navidad\/#primaryimage\",\"url\":\"https:\/\/www.aridane.org\/city\/wp-content\/uploads\/2025\/01\/Policia-Los-Llanos.jpeg\",\"contentUrl\":\"https:\/\/www.aridane.org\/city\/wp-content\/uploads\/2025\/01\/Policia-Los-Llanos.jpeg\",\"width\":1599,\"height\":899},{\"@type\":\"BreadcrumbList\",\"@id\":\"https:\/\/www.aridane.org\/city\/2025\/01\/06\/los-llanos-de-aridane-destaca-el-exito-del-operativo-de-seguridad-en-navidad\/#breadcrumb\",\"itemListElement\":[{\"@type\":\"ListItem\",\"position\":1,\"name\":\"Portada\",\"item\":\"https:\/\/www.aridane.org\/city\/\"},{\"@type\":\"ListItem\",\"position\":2,\"name\":\"Los Llanos de Aridane destaca el \u00e9xito del operativo de seguridad en Navidad\"}]},{\"@type\":\"WebSite\",\"@id\":\"https:\/\/www.aridane.org\/city\/#website\",\"url\":\"https:\/\/www.aridane.org\/city\/\",\"name\":\"Ayuntamiento de Los Llanos de Aridane\",\"description\":\"\",\"potentialAction\":[{\"@type\":\"SearchAction\",\"target\":{\"@type\":\"EntryPoint\",\"urlTemplate\":\"https:\/\/www.aridane.org\/city\/?s={search_term_string}\"},\"query-input\":\"required name=search_term_string\"}],\"inLanguage\":\"es\"},{\"@type\":\"Person\",\"@id\":\"https:\/\/www.aridane.org\/city\/#\/schema\/person\/89ebd376b223dc94cc1dbcf200c8e6da\",\"name\":\"Corresponsal\",\"image\":{\"@type\":\"ImageObject\",\"inLanguage\":\"es\",\"@id\":\"https:\/\/www.aridane.org\/city\/#\/schema\/person\/image\/\",\"url\":\"https:\/\/secure.gravatar.com\/avatar\/1c476992411e4ccf153da63b2b2f5ea0bb4cb1c85f3ceab8512f04325ad5579c?s=96&d=mm&r=g\",\"contentUrl\":\"https:\/\/secure.gravatar.com\/avatar\/1c476992411e4ccf153da63b2b2f5ea0bb4cb1c85f3ceab8512f04325ad5579c?s=96&d=mm&r=g\",\"caption\":\"Corresponsal\"},\"url\":\"https:\/\/www.aridane.org\/city\/author\/corresponsal\/\"}]}<\/script>\n<!-- \/ Yoast SEO plugin. -->","yoast_head_json":{"title":"Los Llanos de Aridane destaca el \u00e9xito del operativo de seguridad en Navidad - Ayuntamiento de Los Llanos de Aridane","robots":{"index":"index","follow":"follow","max-snippet":"max-snippet:-1","max-image-preview":"max-image-preview:large","max-video-preview":"max-video-preview:-1"},"canonical":"https:\/\/www.aridane.org\/city\/2025\/01\/06\/los-llanos-de-aridane-destaca-el-exito-del-operativo-de-seguridad-en-navidad\/","og_locale":"es_ES","og_type":"article","og_title":"Los Llanos de Aridane destaca el \u00e9xito del operativo de seguridad en Navidad - Ayuntamiento de Los Llanos de Aridane","og_description":"Durante todo diciembre se organizaron servicios especiales que reforzaron la presencia policial en los puntos clave del municipio","og_url":"https:\/\/www.aridane.org\/city\/2025\/01\/06\/los-llanos-de-aridane-destaca-el-exito-del-operativo-de-seguridad-en-navidad\/","og_site_name":"Ayuntamiento de Los Llanos de Aridane","article_published_time":"2025-01-06T09:37:04+00:00","article_modified_time":"2025-01-29T09:38:06+00:00","og_image":[{"width":1599,"height":899,"url":"https:\/\/www.aridane.org\/city\/wp-content\/uploads\/2025\/01\/Policia-Los-Llanos.jpeg","type":"image\/jpeg"}],"author":"Corresponsal","twitter_card":"summary_large_image","twitter_misc":{"Escrito por":"Corresponsal","Tiempo de lectura":"2 minutos"},"schema":{"@context":"https:\/\/schema.org","@graph":[{"@type":"WebPage","@id":"https:\/\/www.aridane.org\/city\/2025\/01\/06\/los-llanos-de-aridane-destaca-el-exito-del-operativo-de-seguridad-en-navidad\/","url":"https:\/\/www.aridane.org\/city\/2025\/01\/06\/los-llanos-de-aridane-destaca-el-exito-del-operativo-de-seguridad-en-navidad\/","name":"Los Llanos de Aridane destaca el \u00e9xito del operativo de seguridad en Navidad - Ayuntamiento de Los Llanos de Aridane","isPartOf":{"@id":"https:\/\/www.aridane.org\/city\/#website"},"primaryImageOfPage":{"@id":"https:\/\/www.aridane.org\/city\/2025\/01\/06\/los-llanos-de-aridane-destaca-el-exito-del-operativo-de-seguridad-en-navidad\/#primaryimage"},"image":{"@id":"https:\/\/www.aridane.org\/city\/2025\/01\/06\/los-llanos-de-aridane-destaca-el-exito-del-operativo-de-seguridad-en-navidad\/#primaryimage"},"thumbnailUrl":"https:\/\/www.aridane.org\/city\/wp-content\/uploads\/2025\/01\/Policia-Los-Llanos.jpeg","datePublished":"2025-01-06T09:37:04+00:00","dateModified":"2025-01-29T09:38:06+00:00","author":{"@id":"https:\/\/www.aridane.org\/city\/#\/schema\/person\/89ebd376b223dc94cc1dbcf200c8e6da"},"breadcrumb":{"@id":"https:\/\/www.aridane.org\/city\/2025\/01\/06\/los-llanos-de-aridane-destaca-el-exito-del-operativo-de-seguridad-en-navidad\/#breadcrumb"},"inLanguage":"es","potentialAction":[{"@type":"ReadAction","target":["https:\/\/www.aridane.org\/city\/2025\/01\/06\/los-llanos-de-aridane-destaca-el-exito-del-operativo-de-seguridad-en-navidad\/"]}]},{"@type":"ImageObject","inLanguage":"es","@id":"https:\/\/www.aridane.org\/city\/2025\/01\/06\/los-llanos-de-aridane-destaca-el-exito-del-operativo-de-seguridad-en-navidad\/#primaryimage","url":"https:\/\/www.aridane.org\/city\/wp-content\/uploads\/2025\/01\/Policia-Los-Llanos.jpeg","contentUrl":"https:\/\/www.aridane.org\/city\/wp-content\/uploads\/2025\/01\/Policia-Los-Llanos.jpeg","width":1599,"height":899},{"@type":"BreadcrumbList","@id":"https:\/\/www.aridane.org\/city\/2025\/01\/06\/los-llanos-de-aridane-destaca-el-exito-del-operativo-de-seguridad-en-navidad\/#breadcrumb","itemListElement":[{"@type":"ListItem","position":1,"name":"Portada","item":"https:\/\/www.aridane.org\/city\/"},{"@type":"ListItem","position":2,"name":"Los Llanos de Aridane destaca el \u00e9xito del operativo de seguridad en Navidad"}]},{"@type":"WebSite","@id":"https:\/\/www.aridane.org\/city\/#website","url":"https:\/\/www.aridane.org\/city\/","name":"Ayuntamiento de Los Llanos de Aridane","description":"","potentialAction":[{"@type":"SearchAction","target":{"@type":"EntryPoint","urlTemplate":"https:\/\/www.aridane.org\/city\/?s={search_term_string}"},"query-input":"required name=search_term_string"}],"inLanguage":"es"},{"@type":"Person","@id":"https:\/\/www.aridane.org\/city\/#\/schema\/person\/89ebd376b223dc94cc1dbcf200c8e6da","name":"Corresponsal","image":{"@type":"ImageObject","inLanguage":"es","@id":"https:\/\/www.aridane.org\/city\/#\/schema\/person\/image\/","url":"https:\/\/secure.gravatar.com\/avatar\/1c476992411e4ccf153da63b2b2f5ea0bb4cb1c85f3ceab8512f04325ad5579c?s=96&d=mm&r=g","contentUrl":"https:\/\/secure.gravatar.com\/avatar\/1c476992411e4ccf153da63b2b2f5ea0bb4cb1c85f3ceab8512f04325ad5579c?s=96&d=mm&r=g","caption":"Corresponsal"},"url":"https:\/\/www.aridane.org\/city\/author\/corresponsal\/"}]}},"_links":{"self":[{"href":"https:\/\/www.aridane.org\/city\/wp-json\/wp\/v2\/posts\/4195","targetHints":{"allow":["GET"]}}],"collection":[{"href":"https:\/\/www.aridane.org\/city\/wp-json\/wp\/v2\/posts"}],"about":[{"href":"https:\/\/www.aridane.org\/city\/wp-json\/wp\/v2\/types\/post"}],"author":[{"embeddable":true,"href":"https:\/\/www.aridane.org\/city\/wp-json\/wp\/v2\/users\/4"}],"replies":[{"embeddable":true,"href":"https:\/\/www.aridane.org\/city\/wp-json\/wp\/v2\/comments?post=4195"}],"version-history":[{"count":1,"href":"https:\/\/www.aridane.org\/city\/wp-json\/wp\/v2\/posts\/4195\/revisions"}],"predecessor-version":[{"id":4197,"href":"https:\/\/www.aridane.org\/city\/wp-json\/wp\/v2\/posts\/4195\/revisions\/4197"}],"wp:featuredmedia":[{"embeddable":true,"href":"https:\/\/www.aridane.org\/city\/wp-json\/wp\/v2\/media\/4196"}],"wp:attachment":[{"href":"https:\/\/www.aridane.org\/city\/wp-json\/wp\/v2\/media?parent=4195"}],"wp:term":[{"taxonomy":"category","embeddable":true,"href":"https:\/\/www.aridane.org\/city\/wp-json\/wp\/v2\/categories?post=4195"},{"taxonomy":"post_tag","embeddable":true,"href":"https:\/\/www.aridane.org\/city\/wp-json\/wp\/v2\/tags?post=4195"}],"curies":[{"name":"wp","href":"https:\/\/api.w.org\/{rel}","templated":true}]}}