{"id":4198,"date":"2025-01-06T09:38:17","date_gmt":"2025-01-06T09:38:17","guid":{"rendered":"https:\/\/www.aridane.org\/city\/?p=4198"},"modified":"2025-01-29T09:39:29","modified_gmt":"2025-01-29T09:39:29","slug":"los-reyes-magos-brillan-en-los-llanos-de-aridane-en-una-cabalgata-llena-de-magia-y-civismo","status":"publish","type":"post","link":"https:\/\/www.aridane.org\/city\/2025\/01\/06\/los-reyes-magos-brillan-en-los-llanos-de-aridane-en-una-cabalgata-llena-de-magia-y-civismo\/","title":{"rendered":"Los Reyes Magos brillan en Los Llanos de Aridane en una Cabalgata llena de magia y civismo"},"content":{"rendered":"<p><em>Desde el Ayuntamiento se destaca el trabajo del personal municipal durante todas las fiestas navide\u00f1as<\/em><!--more--><\/p>\n<div id=\"v1forwardbody1\">\n<p>El Ayuntamiento de Los Llanos de Aridane clausur\u00f3 anoche las fiestas navide\u00f1as con la tradicional Cabalgata de los Reyes Magos, un evento que congreg\u00f3 a miles de personas en las principales calles del municipio.<\/p>\n<p>Melchor, Gaspar y Baltasar, acompa\u00f1ados de sus pajes reales, recorrieron las avenidas hasta llegar a la Plaza de Espa\u00f1a, donde recibieron las cartas cargadas de los m\u00e1s peque\u00f1os.<\/p>\n<p>Durante el recorrido, se garantiz\u00f3 la accesibilidad para personas con movilidad reducida, as\u00ed como un entorno adaptado para ni\u00f1os y ni\u00f1as con trastornos del espectro autista, asegurando que todos pudieran disfrutar de esta celebraci\u00f3n.<\/p>\n<p><strong>Impecable trabajo del personal municipal<\/strong><\/p>\n<p>El alcalde, Javier Llamas, destac\u00f3 \u201cel trabajo impecable de todo el personal municipal, desde las concejal\u00edas hasta el personal t\u00e9cnico y operativo, que han hecho posible que esta celebraci\u00f3n se desarrolle con \u00e9xito\u201d.<\/p>\n<p>Adem\u00e1s, subray\u00f3 el compromiso de todas las \u00e1reas del Ayuntamiento para garantizar un evento seguro, ordenado y lleno de magia. \u201cEstas fechas nos recuerdan la importancia de trabajar unidos como instituci\u00f3n al servicio de nuestra ciudadan\u00eda\u201d, a\u00f1adi\u00f3.<\/p>\n<p>Por su parte, el concejal de Fiestas, \u00c1lvaro Pages, expres\u00f3 su agradecimiento a los trabajadores municipales, voluntarios y empresas locales que se han volcado en la organizaci\u00f3n. \u201cLa coordinaci\u00f3n y el esfuerzo de todos han permitido que los vecinos disfruten de una Cabalgata inolvidable. Tambi\u00e9n quiero reconocer el comportamiento ejemplar de las familias que se acercaron a celebrar esta tradici\u00f3n\u201d, a\u00f1ade.<\/p>\n<p>La Cabalgata culmin\u00f3 con una chocolatada ofrecida por el Ayuntamiento y una actuaci\u00f3n del DJ Yardy en la Plaza de Espa\u00f1a, que mantuvo el ambiente festivo hasta altas horas de la noche. Desde el Consistorio, se desea que la magia y la ilusi\u00f3n de los Reyes Magos marquen el comienzo de un pr\u00f3spero 2025 para todos los vecinos.<\/p>\n<\/div>\n","protected":false},"excerpt":{"rendered":"<p>Desde el Ayuntamiento se destaca el trabajo del personal municipal durante todas las fiestas navide\u00f1as<\/p>\n","protected":false},"author":4,"featured_media":4199,"comment_status":"open","ping_status":"open","sticky":false,"template":"","format":"standard","meta":{"footnotes":""},"categories":[1],"tags":[],"class_list":["post-4198","post","type-post","status-publish","format-standard","has-post-thumbnail","hentry","category-sin-categoria"],"yoast_head":"<!-- This site is optimized with the Yoast SEO plugin v22.7 - https:\/\/yoast.com\/wordpress\/plugins\/seo\/ -->\n<title>Los Reyes Magos brillan en Los Llanos de Aridane en una Cabalgata llena de magia y civismo - Ayuntamiento de Los Llanos de Aridane<\/title>\n<meta name=\"robots\" content=\"index, follow, max-snippet:-1, max-image-preview:large, max-video-preview:-1\" \/>\n<link rel=\"canonical\" href=\"https:\/\/www.aridane.org\/city\/2025\/01\/06\/los-reyes-magos-brillan-en-los-llanos-de-aridane-en-una-cabalgata-llena-de-magia-y-civismo\/\" \/>\n<meta property=\"og:locale\" content=\"es_ES\" \/>\n<meta property=\"og:type\" content=\"article\" \/>\n<meta property=\"og:title\" content=\"Los Reyes Magos brillan en Los Llanos de Aridane en una Cabalgata llena de magia y civismo - Ayuntamiento de Los Llanos de Aridane\" \/>\n<meta property=\"og:description\" content=\"Desde el Ayuntamiento se destaca el trabajo del personal municipal durante todas las fiestas navide\u00f1as\" \/>\n<meta property=\"og:url\" content=\"https:\/\/www.aridane.org\/city\/2025\/01\/06\/los-reyes-magos-brillan-en-los-llanos-de-aridane-en-una-cabalgata-llena-de-magia-y-civismo\/\" \/>\n<meta property=\"og:site_name\" content=\"Ayuntamiento de Los Llanos de Aridane\" \/>\n<meta property=\"article:published_time\" content=\"2025-01-06T09:38:17+00:00\" \/>\n<meta property=\"article:modified_time\" content=\"2025-01-29T09:39:29+00:00\" \/>\n<meta property=\"og:image\" content=\"https:\/\/www.aridane.org\/city\/wp-content\/uploads\/2025\/01\/Reyes-Magos-1.jpeg\" \/>\n\t<meta property=\"og:image:width\" content=\"2048\" \/>\n\t<meta property=\"og:image:height\" content=\"1366\" \/>\n\t<meta property=\"og:image:type\" content=\"image\/jpeg\" \/>\n<meta name=\"author\" content=\"Corresponsal\" \/>\n<meta name=\"twitter:card\" content=\"summary_large_image\" \/>\n<meta name=\"twitter:label1\" content=\"Escrito por\" \/>\n\t<meta name=\"twitter:data1\" content=\"Corresponsal\" \/>\n\t<meta name=\"twitter:label2\" content=\"Tiempo de lectura\" \/>\n\t<meta name=\"twitter:data2\" content=\"2 minutos\" \/>\n<script type=\"application\/ld+json\" class=\"yoast-schema-graph\">{\"@context\":\"https:\/\/schema.org\",\"@graph\":[{\"@type\":\"WebPage\",\"@id\":\"https:\/\/www.aridane.org\/city\/2025\/01\/06\/los-reyes-magos-brillan-en-los-llanos-de-aridane-en-una-cabalgata-llena-de-magia-y-civismo\/\",\"url\":\"https:\/\/www.aridane.org\/city\/2025\/01\/06\/los-reyes-magos-brillan-en-los-llanos-de-aridane-en-una-cabalgata-llena-de-magia-y-civismo\/\",\"name\":\"Los Reyes Magos brillan en Los Llanos de Aridane en una Cabalgata llena de magia y civismo - Ayuntamiento de Los Llanos de Aridane\",\"isPartOf\":{\"@id\":\"https:\/\/www.aridane.org\/city\/#website\"},\"primaryImageOfPage\":{\"@id\":\"https:\/\/www.aridane.org\/city\/2025\/01\/06\/los-reyes-magos-brillan-en-los-llanos-de-aridane-en-una-cabalgata-llena-de-magia-y-civismo\/#primaryimage\"},\"image\":{\"@id\":\"https:\/\/www.aridane.org\/city\/2025\/01\/06\/los-reyes-magos-brillan-en-los-llanos-de-aridane-en-una-cabalgata-llena-de-magia-y-civismo\/#primaryimage\"},\"thumbnailUrl\":\"https:\/\/www.aridane.org\/city\/wp-content\/uploads\/2025\/01\/Reyes-Magos-1.jpeg\",\"datePublished\":\"2025-01-06T09:38:17+00:00\",\"dateModified\":\"2025-01-29T09:39:29+00:00\",\"author\":{\"@id\":\"https:\/\/www.aridane.org\/city\/#\/schema\/person\/89ebd376b223dc94cc1dbcf200c8e6da\"},\"breadcrumb\":{\"@id\":\"https:\/\/www.aridane.org\/city\/2025\/01\/06\/los-reyes-magos-brillan-en-los-llanos-de-aridane-en-una-cabalgata-llena-de-magia-y-civismo\/#breadcrumb\"},\"inLanguage\":\"es\",\"potentialAction\":[{\"@type\":\"ReadAction\",\"target\":[\"https:\/\/www.aridane.org\/city\/2025\/01\/06\/los-reyes-magos-brillan-en-los-llanos-de-aridane-en-una-cabalgata-llena-de-magia-y-civismo\/\"]}]},{\"@type\":\"ImageObject\",\"inLanguage\":\"es\",\"@id\":\"https:\/\/www.aridane.org\/city\/2025\/01\/06\/los-reyes-magos-brillan-en-los-llanos-de-aridane-en-una-cabalgata-llena-de-magia-y-civismo\/#primaryimage\",\"url\":\"https:\/\/www.aridane.org\/city\/wp-content\/uploads\/2025\/01\/Reyes-Magos-1.jpeg\",\"contentUrl\":\"https:\/\/www.aridane.org\/city\/wp-content\/uploads\/2025\/01\/Reyes-Magos-1.jpeg\",\"width\":2048,\"height\":1366},{\"@type\":\"BreadcrumbList\",\"@id\":\"https:\/\/www.aridane.org\/city\/2025\/01\/06\/los-reyes-magos-brillan-en-los-llanos-de-aridane-en-una-cabalgata-llena-de-magia-y-civismo\/#breadcrumb\",\"itemListElement\":[{\"@type\":\"ListItem\",\"position\":1,\"name\":\"Portada\",\"item\":\"https:\/\/www.aridane.org\/city\/\"},{\"@type\":\"ListItem\",\"position\":2,\"name\":\"Los Reyes Magos brillan en Los Llanos de Aridane en una Cabalgata llena de magia y civismo\"}]},{\"@type\":\"WebSite\",\"@id\":\"https:\/\/www.aridane.org\/city\/#website\",\"url\":\"https:\/\/www.aridane.org\/city\/\",\"name\":\"Ayuntamiento de Los Llanos de Aridane\",\"description\":\"\",\"potentialAction\":[{\"@type\":\"SearchAction\",\"target\":{\"@type\":\"EntryPoint\",\"urlTemplate\":\"https:\/\/www.aridane.org\/city\/?s={search_term_string}\"},\"query-input\":\"required name=search_term_string\"}],\"inLanguage\":\"es\"},{\"@type\":\"Person\",\"@id\":\"https:\/\/www.aridane.org\/city\/#\/schema\/person\/89ebd376b223dc94cc1dbcf200c8e6da\",\"name\":\"Corresponsal\",\"image\":{\"@type\":\"ImageObject\",\"inLanguage\":\"es\",\"@id\":\"https:\/\/www.aridane.org\/city\/#\/schema\/person\/image\/\",\"url\":\"https:\/\/secure.gravatar.com\/avatar\/1c476992411e4ccf153da63b2b2f5ea0bb4cb1c85f3ceab8512f04325ad5579c?s=96&d=mm&r=g\",\"contentUrl\":\"https:\/\/secure.gravatar.com\/avatar\/1c476992411e4ccf153da63b2b2f5ea0bb4cb1c85f3ceab8512f04325ad5579c?s=96&d=mm&r=g\",\"caption\":\"Corresponsal\"},\"url\":\"https:\/\/www.aridane.org\/city\/author\/corresponsal\/\"}]}<\/script>\n<!-- \/ Yoast SEO plugin. -->","yoast_head_json":{"title":"Los Reyes Magos brillan en Los Llanos de Aridane en una Cabalgata llena de magia y civismo - Ayuntamiento de Los Llanos de Aridane","robots":{"index":"index","follow":"follow","max-snippet":"max-snippet:-1","max-image-preview":"max-image-preview:large","max-video-preview":"max-video-preview:-1"},"canonical":"https:\/\/www.aridane.org\/city\/2025\/01\/06\/los-reyes-magos-brillan-en-los-llanos-de-aridane-en-una-cabalgata-llena-de-magia-y-civismo\/","og_locale":"es_ES","og_type":"article","og_title":"Los Reyes Magos brillan en Los Llanos de Aridane en una Cabalgata llena de magia y civismo - Ayuntamiento de Los Llanos de Aridane","og_description":"Desde el Ayuntamiento se destaca el trabajo del personal municipal durante todas las fiestas navide\u00f1as","og_url":"https:\/\/www.aridane.org\/city\/2025\/01\/06\/los-reyes-magos-brillan-en-los-llanos-de-aridane-en-una-cabalgata-llena-de-magia-y-civismo\/","og_site_name":"Ayuntamiento de Los Llanos de Aridane","article_published_time":"2025-01-06T09:38:17+00:00","article_modified_time":"2025-01-29T09:39:29+00:00","og_image":[{"width":2048,"height":1366,"url":"https:\/\/www.aridane.org\/city\/wp-content\/uploads\/2025\/01\/Reyes-Magos-1.jpeg","type":"image\/jpeg"}],"author":"Corresponsal","twitter_card":"summary_large_image","twitter_misc":{"Escrito por":"Corresponsal","Tiempo de lectura":"2 minutos"},"schema":{"@context":"https:\/\/schema.org","@graph":[{"@type":"WebPage","@id":"https:\/\/www.aridane.org\/city\/2025\/01\/06\/los-reyes-magos-brillan-en-los-llanos-de-aridane-en-una-cabalgata-llena-de-magia-y-civismo\/","url":"https:\/\/www.aridane.org\/city\/2025\/01\/06\/los-reyes-magos-brillan-en-los-llanos-de-aridane-en-una-cabalgata-llena-de-magia-y-civismo\/","name":"Los Reyes Magos brillan en Los Llanos de Aridane en una Cabalgata llena de magia y civismo - Ayuntamiento de Los Llanos de Aridane","isPartOf":{"@id":"https:\/\/www.aridane.org\/city\/#website"},"primaryImageOfPage":{"@id":"https:\/\/www.aridane.org\/city\/2025\/01\/06\/los-reyes-magos-brillan-en-los-llanos-de-aridane-en-una-cabalgata-llena-de-magia-y-civismo\/#primaryimage"},"image":{"@id":"https:\/\/www.aridane.org\/city\/2025\/01\/06\/los-reyes-magos-brillan-en-los-llanos-de-aridane-en-una-cabalgata-llena-de-magia-y-civismo\/#primaryimage"},"thumbnailUrl":"https:\/\/www.aridane.org\/city\/wp-content\/uploads\/2025\/01\/Reyes-Magos-1.jpeg","datePublished":"2025-01-06T09:38:17+00:00","dateModified":"2025-01-29T09:39:29+00:00","author":{"@id":"https:\/\/www.aridane.org\/city\/#\/schema\/person\/89ebd376b223dc94cc1dbcf200c8e6da"},"breadcrumb":{"@id":"https:\/\/www.aridane.org\/city\/2025\/01\/06\/los-reyes-magos-brillan-en-los-llanos-de-aridane-en-una-cabalgata-llena-de-magia-y-civismo\/#breadcrumb"},"inLanguage":"es","potentialAction":[{"@type":"ReadAction","target":["https:\/\/www.aridane.org\/city\/2025\/01\/06\/los-reyes-magos-brillan-en-los-llanos-de-aridane-en-una-cabalgata-llena-de-magia-y-civismo\/"]}]},{"@type":"ImageObject","inLanguage":"es","@id":"https:\/\/www.aridane.org\/city\/2025\/01\/06\/los-reyes-magos-brillan-en-los-llanos-de-aridane-en-una-cabalgata-llena-de-magia-y-civismo\/#primaryimage","url":"https:\/\/www.aridane.org\/city\/wp-content\/uploads\/2025\/01\/Reyes-Magos-1.jpeg","contentUrl":"https:\/\/www.aridane.org\/city\/wp-content\/uploads\/2025\/01\/Reyes-Magos-1.jpeg","width":2048,"height":1366},{"@type":"BreadcrumbList","@id":"https:\/\/www.aridane.org\/city\/2025\/01\/06\/los-reyes-magos-brillan-en-los-llanos-de-aridane-en-una-cabalgata-llena-de-magia-y-civismo\/#breadcrumb","itemListElement":[{"@type":"ListItem","position":1,"name":"Portada","item":"https:\/\/www.aridane.org\/city\/"},{"@type":"ListItem","position":2,"name":"Los Reyes Magos brillan en Los Llanos de Aridane en una Cabalgata llena de magia y civismo"}]},{"@type":"WebSite","@id":"https:\/\/www.aridane.org\/city\/#website","url":"https:\/\/www.aridane.org\/city\/","name":"Ayuntamiento de Los Llanos de Aridane","description":"","potentialAction":[{"@type":"SearchAction","target":{"@type":"EntryPoint","urlTemplate":"https:\/\/www.aridane.org\/city\/?s={search_term_string}"},"query-input":"required name=search_term_string"}],"inLanguage":"es"},{"@type":"Person","@id":"https:\/\/www.aridane.org\/city\/#\/schema\/person\/89ebd376b223dc94cc1dbcf200c8e6da","name":"Corresponsal","image":{"@type":"ImageObject","inLanguage":"es","@id":"https:\/\/www.aridane.org\/city\/#\/schema\/person\/image\/","url":"https:\/\/secure.gravatar.com\/avatar\/1c476992411e4ccf153da63b2b2f5ea0bb4cb1c85f3ceab8512f04325ad5579c?s=96&d=mm&r=g","contentUrl":"https:\/\/secure.gravatar.com\/avatar\/1c476992411e4ccf153da63b2b2f5ea0bb4cb1c85f3ceab8512f04325ad5579c?s=96&d=mm&r=g","caption":"Corresponsal"},"url":"https:\/\/www.aridane.org\/city\/author\/corresponsal\/"}]}},"_links":{"self":[{"href":"https:\/\/www.aridane.org\/city\/wp-json\/wp\/v2\/posts\/4198","targetHints":{"allow":["GET"]}}],"collection":[{"href":"https:\/\/www.aridane.org\/city\/wp-json\/wp\/v2\/posts"}],"about":[{"href":"https:\/\/www.aridane.org\/city\/wp-json\/wp\/v2\/types\/post"}],"author":[{"embeddable":true,"href":"https:\/\/www.aridane.org\/city\/wp-json\/wp\/v2\/users\/4"}],"replies":[{"embeddable":true,"href":"https:\/\/www.aridane.org\/city\/wp-json\/wp\/v2\/comments?post=4198"}],"version-history":[{"count":1,"href":"https:\/\/www.aridane.org\/city\/wp-json\/wp\/v2\/posts\/4198\/revisions"}],"predecessor-version":[{"id":4200,"href":"https:\/\/www.aridane.org\/city\/wp-json\/wp\/v2\/posts\/4198\/revisions\/4200"}],"wp:featuredmedia":[{"embeddable":true,"href":"https:\/\/www.aridane.org\/city\/wp-json\/wp\/v2\/media\/4199"}],"wp:attachment":[{"href":"https:\/\/www.aridane.org\/city\/wp-json\/wp\/v2\/media?parent=4198"}],"wp:term":[{"taxonomy":"category","embeddable":true,"href":"https:\/\/www.aridane.org\/city\/wp-json\/wp\/v2\/categories?post=4198"},{"taxonomy":"post_tag","embeddable":true,"href":"https:\/\/www.aridane.org\/city\/wp-json\/wp\/v2\/tags?post=4198"}],"curies":[{"name":"wp","href":"https:\/\/api.w.org\/{rel}","templated":true}]}}