{"id":4201,"date":"2025-01-03T09:39:57","date_gmt":"2025-01-03T09:39:57","guid":{"rendered":"https:\/\/www.aridane.org\/city\/?p=4201"},"modified":"2025-01-29T09:40:55","modified_gmt":"2025-01-29T09:40:55","slug":"los-llanos-de-aridane-refuerza-su-flota-de-vehiculos-para-mejorar-las-condiciones-del-nuevo-personal","status":"publish","type":"post","link":"https:\/\/www.aridane.org\/city\/2025\/01\/03\/los-llanos-de-aridane-refuerza-su-flota-de-vehiculos-para-mejorar-las-condiciones-del-nuevo-personal\/","title":{"rendered":"Los Llanos de Aridane refuerza su flota de veh\u00edculos para mejorar las condiciones del nuevo personal"},"content":{"rendered":"<p><em>El Ayuntamiento incorpora un cami\u00f3n y un veh\u00edculo de nueve plazas por un renting de seis meses<\/em><!--more--><\/p>\n<p>El Ayuntamiento de Los Llanos de Aridane refuerza su flota de veh\u00edculos para mejorar las prestaciones del nuevo personal de Servicios Municipales y de Obras. El objetivo es atender las necesidades derivadas de la incorporaci\u00f3n de alrededor de 100 nuevos trabajadores y trabajadoras que est\u00e1n llevando a cabo diversas actuaciones en el municipio.<\/p>\n<p>Esta nueva medida responde a la planificaci\u00f3n de los recursos municipales para garantizar un mejor desempe\u00f1o en las tareas que se est\u00e1n desarrollando en diferentes puntos de Los Llanos de Aridane. La adquisici\u00f3n de un cami\u00f3n y de un veh\u00edculo de nueve plazas se ha realizado mediante un sistema de renting con una duraci\u00f3n de seis meses.<\/p>\n<p>El concejal de Servicios Municipales, Rubens D\u00edaz, se\u00f1ala que \u201ceste refuerzo es fundamental para optimizar el trabajo de los equipos que, en la actualidad, est\u00e1n desarrollando importantes actuaciones en beneficio de nuestros vecinos y vecinas. Con estos veh\u00edculos podremos garantizar una respuesta m\u00e1s \u00e1gil y eficaz, especialmente en las \u00e1reas donde se concentra una mayor actividad\u201d.<\/p>\n<p>D\u00edaz subray\u00f3 que el objetivo es continuar mejorando los recursos disponibles para que los trabajadores puedan desempe\u00f1ar sus funciones en las mejores condiciones posibles.<\/p>\n<p>Esta acci\u00f3n reafirma el compromiso del Ayuntamiento de Los Llanos de Aridane con la mejora continua de los servicios p\u00fablicos y con la b\u00fasqueda de soluciones efectivas para cubrir las necesidades del municipio.<\/p>\n","protected":false},"excerpt":{"rendered":"<p>El Ayuntamiento incorpora un cami\u00f3n y un veh\u00edculo de nueve plazas por un renting de seis meses<\/p>\n","protected":false},"author":4,"featured_media":4202,"comment_status":"open","ping_status":"open","sticky":false,"template":"","format":"standard","meta":{"footnotes":""},"categories":[1],"tags":[],"class_list":["post-4201","post","type-post","status-publish","format-standard","has-post-thumbnail","hentry","category-sin-categoria"],"yoast_head":"<!-- This site is optimized with the Yoast SEO plugin v22.7 - https:\/\/yoast.com\/wordpress\/plugins\/seo\/ -->\n<title>Los Llanos de Aridane refuerza su flota de veh\u00edculos para mejorar las condiciones del nuevo personal - Ayuntamiento de Los Llanos de Aridane<\/title>\n<meta name=\"robots\" content=\"index, follow, max-snippet:-1, max-image-preview:large, max-video-preview:-1\" \/>\n<link rel=\"canonical\" href=\"https:\/\/www.aridane.org\/city\/2025\/01\/03\/los-llanos-de-aridane-refuerza-su-flota-de-vehiculos-para-mejorar-las-condiciones-del-nuevo-personal\/\" \/>\n<meta property=\"og:locale\" content=\"es_ES\" \/>\n<meta property=\"og:type\" content=\"article\" \/>\n<meta property=\"og:title\" content=\"Los Llanos de Aridane refuerza su flota de veh\u00edculos para mejorar las condiciones del nuevo personal - Ayuntamiento de Los Llanos de Aridane\" \/>\n<meta property=\"og:description\" content=\"El Ayuntamiento incorpora un cami\u00f3n y un veh\u00edculo de nueve plazas por un renting de seis meses\" \/>\n<meta property=\"og:url\" content=\"https:\/\/www.aridane.org\/city\/2025\/01\/03\/los-llanos-de-aridane-refuerza-su-flota-de-vehiculos-para-mejorar-las-condiciones-del-nuevo-personal\/\" \/>\n<meta property=\"og:site_name\" content=\"Ayuntamiento de Los Llanos de Aridane\" \/>\n<meta property=\"article:published_time\" content=\"2025-01-03T09:39:57+00:00\" \/>\n<meta property=\"article:modified_time\" content=\"2025-01-29T09:40:55+00:00\" \/>\n<meta property=\"og:image\" content=\"https:\/\/www.aridane.org\/city\/wp-content\/uploads\/2025\/01\/Renting-scaled.jpeg\" \/>\n\t<meta property=\"og:image:width\" content=\"2560\" \/>\n\t<meta property=\"og:image:height\" content=\"1920\" \/>\n\t<meta property=\"og:image:type\" content=\"image\/jpeg\" \/>\n<meta name=\"author\" content=\"Corresponsal\" \/>\n<meta name=\"twitter:card\" content=\"summary_large_image\" \/>\n<meta name=\"twitter:label1\" content=\"Escrito por\" \/>\n\t<meta name=\"twitter:data1\" content=\"Corresponsal\" \/>\n\t<meta name=\"twitter:label2\" content=\"Tiempo de lectura\" \/>\n\t<meta name=\"twitter:data2\" content=\"2 minutos\" \/>\n<script type=\"application\/ld+json\" class=\"yoast-schema-graph\">{\"@context\":\"https:\/\/schema.org\",\"@graph\":[{\"@type\":\"WebPage\",\"@id\":\"https:\/\/www.aridane.org\/city\/2025\/01\/03\/los-llanos-de-aridane-refuerza-su-flota-de-vehiculos-para-mejorar-las-condiciones-del-nuevo-personal\/\",\"url\":\"https:\/\/www.aridane.org\/city\/2025\/01\/03\/los-llanos-de-aridane-refuerza-su-flota-de-vehiculos-para-mejorar-las-condiciones-del-nuevo-personal\/\",\"name\":\"Los Llanos de Aridane refuerza su flota de veh\u00edculos para mejorar las condiciones del nuevo personal - Ayuntamiento de Los Llanos de Aridane\",\"isPartOf\":{\"@id\":\"https:\/\/www.aridane.org\/city\/#website\"},\"primaryImageOfPage\":{\"@id\":\"https:\/\/www.aridane.org\/city\/2025\/01\/03\/los-llanos-de-aridane-refuerza-su-flota-de-vehiculos-para-mejorar-las-condiciones-del-nuevo-personal\/#primaryimage\"},\"image\":{\"@id\":\"https:\/\/www.aridane.org\/city\/2025\/01\/03\/los-llanos-de-aridane-refuerza-su-flota-de-vehiculos-para-mejorar-las-condiciones-del-nuevo-personal\/#primaryimage\"},\"thumbnailUrl\":\"https:\/\/www.aridane.org\/city\/wp-content\/uploads\/2025\/01\/Renting-scaled.jpeg\",\"datePublished\":\"2025-01-03T09:39:57+00:00\",\"dateModified\":\"2025-01-29T09:40:55+00:00\",\"author\":{\"@id\":\"https:\/\/www.aridane.org\/city\/#\/schema\/person\/89ebd376b223dc94cc1dbcf200c8e6da\"},\"breadcrumb\":{\"@id\":\"https:\/\/www.aridane.org\/city\/2025\/01\/03\/los-llanos-de-aridane-refuerza-su-flota-de-vehiculos-para-mejorar-las-condiciones-del-nuevo-personal\/#breadcrumb\"},\"inLanguage\":\"es\",\"potentialAction\":[{\"@type\":\"ReadAction\",\"target\":[\"https:\/\/www.aridane.org\/city\/2025\/01\/03\/los-llanos-de-aridane-refuerza-su-flota-de-vehiculos-para-mejorar-las-condiciones-del-nuevo-personal\/\"]}]},{\"@type\":\"ImageObject\",\"inLanguage\":\"es\",\"@id\":\"https:\/\/www.aridane.org\/city\/2025\/01\/03\/los-llanos-de-aridane-refuerza-su-flota-de-vehiculos-para-mejorar-las-condiciones-del-nuevo-personal\/#primaryimage\",\"url\":\"https:\/\/www.aridane.org\/city\/wp-content\/uploads\/2025\/01\/Renting-scaled.jpeg\",\"contentUrl\":\"https:\/\/www.aridane.org\/city\/wp-content\/uploads\/2025\/01\/Renting-scaled.jpeg\",\"width\":2560,\"height\":1920},{\"@type\":\"BreadcrumbList\",\"@id\":\"https:\/\/www.aridane.org\/city\/2025\/01\/03\/los-llanos-de-aridane-refuerza-su-flota-de-vehiculos-para-mejorar-las-condiciones-del-nuevo-personal\/#breadcrumb\",\"itemListElement\":[{\"@type\":\"ListItem\",\"position\":1,\"name\":\"Portada\",\"item\":\"https:\/\/www.aridane.org\/city\/\"},{\"@type\":\"ListItem\",\"position\":2,\"name\":\"Los Llanos de Aridane refuerza su flota de veh\u00edculos para mejorar las condiciones del nuevo personal\"}]},{\"@type\":\"WebSite\",\"@id\":\"https:\/\/www.aridane.org\/city\/#website\",\"url\":\"https:\/\/www.aridane.org\/city\/\",\"name\":\"Ayuntamiento de Los Llanos de Aridane\",\"description\":\"\",\"potentialAction\":[{\"@type\":\"SearchAction\",\"target\":{\"@type\":\"EntryPoint\",\"urlTemplate\":\"https:\/\/www.aridane.org\/city\/?s={search_term_string}\"},\"query-input\":\"required name=search_term_string\"}],\"inLanguage\":\"es\"},{\"@type\":\"Person\",\"@id\":\"https:\/\/www.aridane.org\/city\/#\/schema\/person\/89ebd376b223dc94cc1dbcf200c8e6da\",\"name\":\"Corresponsal\",\"image\":{\"@type\":\"ImageObject\",\"inLanguage\":\"es\",\"@id\":\"https:\/\/www.aridane.org\/city\/#\/schema\/person\/image\/\",\"url\":\"https:\/\/secure.gravatar.com\/avatar\/1c476992411e4ccf153da63b2b2f5ea0bb4cb1c85f3ceab8512f04325ad5579c?s=96&d=mm&r=g\",\"contentUrl\":\"https:\/\/secure.gravatar.com\/avatar\/1c476992411e4ccf153da63b2b2f5ea0bb4cb1c85f3ceab8512f04325ad5579c?s=96&d=mm&r=g\",\"caption\":\"Corresponsal\"},\"url\":\"https:\/\/www.aridane.org\/city\/author\/corresponsal\/\"}]}<\/script>\n<!-- \/ Yoast SEO plugin. -->","yoast_head_json":{"title":"Los Llanos de Aridane refuerza su flota de veh\u00edculos para mejorar las condiciones del nuevo personal - Ayuntamiento de Los Llanos de Aridane","robots":{"index":"index","follow":"follow","max-snippet":"max-snippet:-1","max-image-preview":"max-image-preview:large","max-video-preview":"max-video-preview:-1"},"canonical":"https:\/\/www.aridane.org\/city\/2025\/01\/03\/los-llanos-de-aridane-refuerza-su-flota-de-vehiculos-para-mejorar-las-condiciones-del-nuevo-personal\/","og_locale":"es_ES","og_type":"article","og_title":"Los Llanos de Aridane refuerza su flota de veh\u00edculos para mejorar las condiciones del nuevo personal - Ayuntamiento de Los Llanos de Aridane","og_description":"El Ayuntamiento incorpora un cami\u00f3n y un veh\u00edculo de nueve plazas por un renting de seis meses","og_url":"https:\/\/www.aridane.org\/city\/2025\/01\/03\/los-llanos-de-aridane-refuerza-su-flota-de-vehiculos-para-mejorar-las-condiciones-del-nuevo-personal\/","og_site_name":"Ayuntamiento de Los Llanos de Aridane","article_published_time":"2025-01-03T09:39:57+00:00","article_modified_time":"2025-01-29T09:40:55+00:00","og_image":[{"width":2560,"height":1920,"url":"https:\/\/www.aridane.org\/city\/wp-content\/uploads\/2025\/01\/Renting-scaled.jpeg","type":"image\/jpeg"}],"author":"Corresponsal","twitter_card":"summary_large_image","twitter_misc":{"Escrito por":"Corresponsal","Tiempo de lectura":"2 minutos"},"schema":{"@context":"https:\/\/schema.org","@graph":[{"@type":"WebPage","@id":"https:\/\/www.aridane.org\/city\/2025\/01\/03\/los-llanos-de-aridane-refuerza-su-flota-de-vehiculos-para-mejorar-las-condiciones-del-nuevo-personal\/","url":"https:\/\/www.aridane.org\/city\/2025\/01\/03\/los-llanos-de-aridane-refuerza-su-flota-de-vehiculos-para-mejorar-las-condiciones-del-nuevo-personal\/","name":"Los Llanos de Aridane refuerza su flota de veh\u00edculos para mejorar las condiciones del nuevo personal - Ayuntamiento de Los Llanos de Aridane","isPartOf":{"@id":"https:\/\/www.aridane.org\/city\/#website"},"primaryImageOfPage":{"@id":"https:\/\/www.aridane.org\/city\/2025\/01\/03\/los-llanos-de-aridane-refuerza-su-flota-de-vehiculos-para-mejorar-las-condiciones-del-nuevo-personal\/#primaryimage"},"image":{"@id":"https:\/\/www.aridane.org\/city\/2025\/01\/03\/los-llanos-de-aridane-refuerza-su-flota-de-vehiculos-para-mejorar-las-condiciones-del-nuevo-personal\/#primaryimage"},"thumbnailUrl":"https:\/\/www.aridane.org\/city\/wp-content\/uploads\/2025\/01\/Renting-scaled.jpeg","datePublished":"2025-01-03T09:39:57+00:00","dateModified":"2025-01-29T09:40:55+00:00","author":{"@id":"https:\/\/www.aridane.org\/city\/#\/schema\/person\/89ebd376b223dc94cc1dbcf200c8e6da"},"breadcrumb":{"@id":"https:\/\/www.aridane.org\/city\/2025\/01\/03\/los-llanos-de-aridane-refuerza-su-flota-de-vehiculos-para-mejorar-las-condiciones-del-nuevo-personal\/#breadcrumb"},"inLanguage":"es","potentialAction":[{"@type":"ReadAction","target":["https:\/\/www.aridane.org\/city\/2025\/01\/03\/los-llanos-de-aridane-refuerza-su-flota-de-vehiculos-para-mejorar-las-condiciones-del-nuevo-personal\/"]}]},{"@type":"ImageObject","inLanguage":"es","@id":"https:\/\/www.aridane.org\/city\/2025\/01\/03\/los-llanos-de-aridane-refuerza-su-flota-de-vehiculos-para-mejorar-las-condiciones-del-nuevo-personal\/#primaryimage","url":"https:\/\/www.aridane.org\/city\/wp-content\/uploads\/2025\/01\/Renting-scaled.jpeg","contentUrl":"https:\/\/www.aridane.org\/city\/wp-content\/uploads\/2025\/01\/Renting-scaled.jpeg","width":2560,"height":1920},{"@type":"BreadcrumbList","@id":"https:\/\/www.aridane.org\/city\/2025\/01\/03\/los-llanos-de-aridane-refuerza-su-flota-de-vehiculos-para-mejorar-las-condiciones-del-nuevo-personal\/#breadcrumb","itemListElement":[{"@type":"ListItem","position":1,"name":"Portada","item":"https:\/\/www.aridane.org\/city\/"},{"@type":"ListItem","position":2,"name":"Los Llanos de Aridane refuerza su flota de veh\u00edculos para mejorar las condiciones del nuevo personal"}]},{"@type":"WebSite","@id":"https:\/\/www.aridane.org\/city\/#website","url":"https:\/\/www.aridane.org\/city\/","name":"Ayuntamiento de Los Llanos de Aridane","description":"","potentialAction":[{"@type":"SearchAction","target":{"@type":"EntryPoint","urlTemplate":"https:\/\/www.aridane.org\/city\/?s={search_term_string}"},"query-input":"required name=search_term_string"}],"inLanguage":"es"},{"@type":"Person","@id":"https:\/\/www.aridane.org\/city\/#\/schema\/person\/89ebd376b223dc94cc1dbcf200c8e6da","name":"Corresponsal","image":{"@type":"ImageObject","inLanguage":"es","@id":"https:\/\/www.aridane.org\/city\/#\/schema\/person\/image\/","url":"https:\/\/secure.gravatar.com\/avatar\/1c476992411e4ccf153da63b2b2f5ea0bb4cb1c85f3ceab8512f04325ad5579c?s=96&d=mm&r=g","contentUrl":"https:\/\/secure.gravatar.com\/avatar\/1c476992411e4ccf153da63b2b2f5ea0bb4cb1c85f3ceab8512f04325ad5579c?s=96&d=mm&r=g","caption":"Corresponsal"},"url":"https:\/\/www.aridane.org\/city\/author\/corresponsal\/"}]}},"_links":{"self":[{"href":"https:\/\/www.aridane.org\/city\/wp-json\/wp\/v2\/posts\/4201","targetHints":{"allow":["GET"]}}],"collection":[{"href":"https:\/\/www.aridane.org\/city\/wp-json\/wp\/v2\/posts"}],"about":[{"href":"https:\/\/www.aridane.org\/city\/wp-json\/wp\/v2\/types\/post"}],"author":[{"embeddable":true,"href":"https:\/\/www.aridane.org\/city\/wp-json\/wp\/v2\/users\/4"}],"replies":[{"embeddable":true,"href":"https:\/\/www.aridane.org\/city\/wp-json\/wp\/v2\/comments?post=4201"}],"version-history":[{"count":1,"href":"https:\/\/www.aridane.org\/city\/wp-json\/wp\/v2\/posts\/4201\/revisions"}],"predecessor-version":[{"id":4203,"href":"https:\/\/www.aridane.org\/city\/wp-json\/wp\/v2\/posts\/4201\/revisions\/4203"}],"wp:featuredmedia":[{"embeddable":true,"href":"https:\/\/www.aridane.org\/city\/wp-json\/wp\/v2\/media\/4202"}],"wp:attachment":[{"href":"https:\/\/www.aridane.org\/city\/wp-json\/wp\/v2\/media?parent=4201"}],"wp:term":[{"taxonomy":"category","embeddable":true,"href":"https:\/\/www.aridane.org\/city\/wp-json\/wp\/v2\/categories?post=4201"},{"taxonomy":"post_tag","embeddable":true,"href":"https:\/\/www.aridane.org\/city\/wp-json\/wp\/v2\/tags?post=4201"}],"curies":[{"name":"wp","href":"https:\/\/api.w.org\/{rel}","templated":true}]}}