{"id":4205,"date":"2025-01-01T09:41:25","date_gmt":"2025-01-01T09:41:25","guid":{"rendered":"https:\/\/www.aridane.org\/city\/?p=4205"},"modified":"2025-01-29T09:42:04","modified_gmt":"2025-01-29T09:42:04","slug":"los-llanos-de-aridane-celebra-la-entrada-al-nuevo-ano-con-mas-de-13-000-personas","status":"publish","type":"post","link":"https:\/\/www.aridane.org\/city\/2025\/01\/01\/los-llanos-de-aridane-celebra-la-entrada-al-nuevo-ano-con-mas-de-13-000-personas\/","title":{"rendered":"Los Llanos de Aridane celebra la entrada al nuevo a\u00f1o con m\u00e1s de 13.000 personas"},"content":{"rendered":"<p><em>Las calles del municipio gozaron de un ambiente excepcional durante todos los actos<\/em><!--more--><\/p>\n<p>El Ayuntamiento de Los Llanos de Aridane celebr\u00f3 la entrada al nuevo a\u00f1o 2025 con un \u00e9xito rotundo. En total m\u00e1s de 13.000 asistentes agolparon las calles desde primera hora de la ma\u00f1ana del d\u00eda 31 con los distintos actos que tuvieron lugar en la Plaza de Espa\u00f1a y aleda\u00f1os.<\/p>\n<p>El alcalde, Javier Llamas, destaca el buen ambiente vivido durante todas las festividades, destacando la labor del personal municipal, el grupo de gobierno, as\u00ed como las fuerzas y cuerpos de seguridad. \u201cTodos han sido fundamentales para que las fiestas se celebraran sin inconvenientes y para que amaneci\u00e9ramos el 2025 con las calles perfectamente limpias. Gracias a todos y a todas\u201d, a\u00f1ade.<\/p>\n<p>En este sentido, el concejal de Fiestas, \u00c1lvaro Pages, coment\u00f3 que \u201cla entrada al nuevo a\u00f1o supone un motivo para celebrar con familia y amigos, y en Los Llanos de Aridane lo hemos recibido como se merece\u201d.<\/p>\n<p>Pages agradece tambi\u00e9n a los artistas y grupos invitados su profesionalidad, adem\u00e1s de a todo el personal involucrado con esta festividad.<\/p>\n<p>Los actos dieron comienzo a las 10:00 de la ma\u00f1ana con la XVII edici\u00f3n de la San Silvestre, con m\u00e1s de 1.000 participantes inscritos y alrededor de 3.000 espectadores animando a los corredores. A continuaci\u00f3n tuvo lugar la edici\u00f3n especial de Contigo Almediod\u00eda, amenizada por Escuela de Calor y Miss, que abarrot\u00f3 la Plaza de Espa\u00f1a y alrededores.<\/p>\n<p>En torno a las 18:00 horas comenz\u00f3 el tradicional concierto de Fin de A\u00f1o con la actuaci\u00f3n de varias orquestas y DJ\u2019s, que se extendi\u00f3 hasta las 5:00 de la madrugada. El momento cumbre se di\u00f3 en la medianoche, cuando la presentadora Estrella Rodr\u00edguez dio las campanadas de bienvenida al 2025 con una Plaza de Espa\u00f1a llena hasta la bandera.<\/p>\n<p>Desde el Ayuntamiento de Los Llanos de Aridane se agradece a todo el personal implicado por su gran labor de limpieza y mantenimiento de la v\u00eda p\u00fablica una vez terminadas las festividades.<\/p>\n","protected":false},"excerpt":{"rendered":"<p>Las calles del municipio gozaron de un ambiente excepcional durante todos los actos<\/p>\n","protected":false},"author":4,"featured_media":4206,"comment_status":"open","ping_status":"open","sticky":false,"template":"","format":"standard","meta":{"footnotes":""},"categories":[1],"tags":[],"class_list":["post-4205","post","type-post","status-publish","format-standard","has-post-thumbnail","hentry","category-sin-categoria"],"yoast_head":"<!-- This site is optimized with the Yoast SEO plugin v22.7 - https:\/\/yoast.com\/wordpress\/plugins\/seo\/ -->\n<title>Los Llanos de Aridane celebra la entrada al nuevo a\u00f1o con m\u00e1s de 13.000 personas - Ayuntamiento de Los Llanos de Aridane<\/title>\n<meta name=\"robots\" content=\"index, follow, max-snippet:-1, max-image-preview:large, max-video-preview:-1\" \/>\n<link rel=\"canonical\" href=\"https:\/\/www.aridane.org\/city\/2025\/01\/01\/los-llanos-de-aridane-celebra-la-entrada-al-nuevo-ano-con-mas-de-13-000-personas\/\" \/>\n<meta property=\"og:locale\" content=\"es_ES\" \/>\n<meta property=\"og:type\" content=\"article\" \/>\n<meta property=\"og:title\" content=\"Los Llanos de Aridane celebra la entrada al nuevo a\u00f1o con m\u00e1s de 13.000 personas - Ayuntamiento de Los Llanos de Aridane\" \/>\n<meta property=\"og:description\" content=\"Las calles del municipio gozaron de un ambiente excepcional durante todos los actos\" \/>\n<meta property=\"og:url\" content=\"https:\/\/www.aridane.org\/city\/2025\/01\/01\/los-llanos-de-aridane-celebra-la-entrada-al-nuevo-ano-con-mas-de-13-000-personas\/\" \/>\n<meta property=\"og:site_name\" content=\"Ayuntamiento de Los Llanos de Aridane\" \/>\n<meta property=\"article:published_time\" content=\"2025-01-01T09:41:25+00:00\" \/>\n<meta property=\"article:modified_time\" content=\"2025-01-29T09:42:04+00:00\" \/>\n<meta property=\"og:image\" content=\"https:\/\/www.aridane.org\/city\/wp-content\/uploads\/2025\/01\/Fin-de-Ano-Los-Llanos.jpeg\" \/>\n\t<meta property=\"og:image:width\" content=\"1556\" \/>\n\t<meta property=\"og:image:height\" content=\"875\" \/>\n\t<meta property=\"og:image:type\" content=\"image\/jpeg\" \/>\n<meta name=\"author\" content=\"Corresponsal\" \/>\n<meta name=\"twitter:card\" content=\"summary_large_image\" \/>\n<meta name=\"twitter:label1\" content=\"Escrito por\" \/>\n\t<meta name=\"twitter:data1\" content=\"Corresponsal\" \/>\n\t<meta name=\"twitter:label2\" content=\"Tiempo de lectura\" \/>\n\t<meta name=\"twitter:data2\" content=\"2 minutos\" \/>\n<script type=\"application\/ld+json\" class=\"yoast-schema-graph\">{\"@context\":\"https:\/\/schema.org\",\"@graph\":[{\"@type\":\"WebPage\",\"@id\":\"https:\/\/www.aridane.org\/city\/2025\/01\/01\/los-llanos-de-aridane-celebra-la-entrada-al-nuevo-ano-con-mas-de-13-000-personas\/\",\"url\":\"https:\/\/www.aridane.org\/city\/2025\/01\/01\/los-llanos-de-aridane-celebra-la-entrada-al-nuevo-ano-con-mas-de-13-000-personas\/\",\"name\":\"Los Llanos de Aridane celebra la entrada al nuevo a\u00f1o con m\u00e1s de 13.000 personas - Ayuntamiento de Los Llanos de Aridane\",\"isPartOf\":{\"@id\":\"https:\/\/www.aridane.org\/city\/#website\"},\"primaryImageOfPage\":{\"@id\":\"https:\/\/www.aridane.org\/city\/2025\/01\/01\/los-llanos-de-aridane-celebra-la-entrada-al-nuevo-ano-con-mas-de-13-000-personas\/#primaryimage\"},\"image\":{\"@id\":\"https:\/\/www.aridane.org\/city\/2025\/01\/01\/los-llanos-de-aridane-celebra-la-entrada-al-nuevo-ano-con-mas-de-13-000-personas\/#primaryimage\"},\"thumbnailUrl\":\"https:\/\/www.aridane.org\/city\/wp-content\/uploads\/2025\/01\/Fin-de-Ano-Los-Llanos.jpeg\",\"datePublished\":\"2025-01-01T09:41:25+00:00\",\"dateModified\":\"2025-01-29T09:42:04+00:00\",\"author\":{\"@id\":\"https:\/\/www.aridane.org\/city\/#\/schema\/person\/89ebd376b223dc94cc1dbcf200c8e6da\"},\"breadcrumb\":{\"@id\":\"https:\/\/www.aridane.org\/city\/2025\/01\/01\/los-llanos-de-aridane-celebra-la-entrada-al-nuevo-ano-con-mas-de-13-000-personas\/#breadcrumb\"},\"inLanguage\":\"es\",\"potentialAction\":[{\"@type\":\"ReadAction\",\"target\":[\"https:\/\/www.aridane.org\/city\/2025\/01\/01\/los-llanos-de-aridane-celebra-la-entrada-al-nuevo-ano-con-mas-de-13-000-personas\/\"]}]},{\"@type\":\"ImageObject\",\"inLanguage\":\"es\",\"@id\":\"https:\/\/www.aridane.org\/city\/2025\/01\/01\/los-llanos-de-aridane-celebra-la-entrada-al-nuevo-ano-con-mas-de-13-000-personas\/#primaryimage\",\"url\":\"https:\/\/www.aridane.org\/city\/wp-content\/uploads\/2025\/01\/Fin-de-Ano-Los-Llanos.jpeg\",\"contentUrl\":\"https:\/\/www.aridane.org\/city\/wp-content\/uploads\/2025\/01\/Fin-de-Ano-Los-Llanos.jpeg\",\"width\":1556,\"height\":875},{\"@type\":\"BreadcrumbList\",\"@id\":\"https:\/\/www.aridane.org\/city\/2025\/01\/01\/los-llanos-de-aridane-celebra-la-entrada-al-nuevo-ano-con-mas-de-13-000-personas\/#breadcrumb\",\"itemListElement\":[{\"@type\":\"ListItem\",\"position\":1,\"name\":\"Portada\",\"item\":\"https:\/\/www.aridane.org\/city\/\"},{\"@type\":\"ListItem\",\"position\":2,\"name\":\"Los Llanos de Aridane celebra la entrada al nuevo a\u00f1o con m\u00e1s de 13.000 personas\"}]},{\"@type\":\"WebSite\",\"@id\":\"https:\/\/www.aridane.org\/city\/#website\",\"url\":\"https:\/\/www.aridane.org\/city\/\",\"name\":\"Ayuntamiento de Los Llanos de Aridane\",\"description\":\"\",\"potentialAction\":[{\"@type\":\"SearchAction\",\"target\":{\"@type\":\"EntryPoint\",\"urlTemplate\":\"https:\/\/www.aridane.org\/city\/?s={search_term_string}\"},\"query-input\":\"required name=search_term_string\"}],\"inLanguage\":\"es\"},{\"@type\":\"Person\",\"@id\":\"https:\/\/www.aridane.org\/city\/#\/schema\/person\/89ebd376b223dc94cc1dbcf200c8e6da\",\"name\":\"Corresponsal\",\"image\":{\"@type\":\"ImageObject\",\"inLanguage\":\"es\",\"@id\":\"https:\/\/www.aridane.org\/city\/#\/schema\/person\/image\/\",\"url\":\"https:\/\/secure.gravatar.com\/avatar\/1c476992411e4ccf153da63b2b2f5ea0bb4cb1c85f3ceab8512f04325ad5579c?s=96&d=mm&r=g\",\"contentUrl\":\"https:\/\/secure.gravatar.com\/avatar\/1c476992411e4ccf153da63b2b2f5ea0bb4cb1c85f3ceab8512f04325ad5579c?s=96&d=mm&r=g\",\"caption\":\"Corresponsal\"},\"url\":\"https:\/\/www.aridane.org\/city\/author\/corresponsal\/\"}]}<\/script>\n<!-- \/ Yoast SEO plugin. -->","yoast_head_json":{"title":"Los Llanos de Aridane celebra la entrada al nuevo a\u00f1o con m\u00e1s de 13.000 personas - Ayuntamiento de Los Llanos de Aridane","robots":{"index":"index","follow":"follow","max-snippet":"max-snippet:-1","max-image-preview":"max-image-preview:large","max-video-preview":"max-video-preview:-1"},"canonical":"https:\/\/www.aridane.org\/city\/2025\/01\/01\/los-llanos-de-aridane-celebra-la-entrada-al-nuevo-ano-con-mas-de-13-000-personas\/","og_locale":"es_ES","og_type":"article","og_title":"Los Llanos de Aridane celebra la entrada al nuevo a\u00f1o con m\u00e1s de 13.000 personas - Ayuntamiento de Los Llanos de Aridane","og_description":"Las calles del municipio gozaron de un ambiente excepcional durante todos los actos","og_url":"https:\/\/www.aridane.org\/city\/2025\/01\/01\/los-llanos-de-aridane-celebra-la-entrada-al-nuevo-ano-con-mas-de-13-000-personas\/","og_site_name":"Ayuntamiento de Los Llanos de Aridane","article_published_time":"2025-01-01T09:41:25+00:00","article_modified_time":"2025-01-29T09:42:04+00:00","og_image":[{"width":1556,"height":875,"url":"https:\/\/www.aridane.org\/city\/wp-content\/uploads\/2025\/01\/Fin-de-Ano-Los-Llanos.jpeg","type":"image\/jpeg"}],"author":"Corresponsal","twitter_card":"summary_large_image","twitter_misc":{"Escrito por":"Corresponsal","Tiempo de lectura":"2 minutos"},"schema":{"@context":"https:\/\/schema.org","@graph":[{"@type":"WebPage","@id":"https:\/\/www.aridane.org\/city\/2025\/01\/01\/los-llanos-de-aridane-celebra-la-entrada-al-nuevo-ano-con-mas-de-13-000-personas\/","url":"https:\/\/www.aridane.org\/city\/2025\/01\/01\/los-llanos-de-aridane-celebra-la-entrada-al-nuevo-ano-con-mas-de-13-000-personas\/","name":"Los Llanos de Aridane celebra la entrada al nuevo a\u00f1o con m\u00e1s de 13.000 personas - Ayuntamiento de Los Llanos de Aridane","isPartOf":{"@id":"https:\/\/www.aridane.org\/city\/#website"},"primaryImageOfPage":{"@id":"https:\/\/www.aridane.org\/city\/2025\/01\/01\/los-llanos-de-aridane-celebra-la-entrada-al-nuevo-ano-con-mas-de-13-000-personas\/#primaryimage"},"image":{"@id":"https:\/\/www.aridane.org\/city\/2025\/01\/01\/los-llanos-de-aridane-celebra-la-entrada-al-nuevo-ano-con-mas-de-13-000-personas\/#primaryimage"},"thumbnailUrl":"https:\/\/www.aridane.org\/city\/wp-content\/uploads\/2025\/01\/Fin-de-Ano-Los-Llanos.jpeg","datePublished":"2025-01-01T09:41:25+00:00","dateModified":"2025-01-29T09:42:04+00:00","author":{"@id":"https:\/\/www.aridane.org\/city\/#\/schema\/person\/89ebd376b223dc94cc1dbcf200c8e6da"},"breadcrumb":{"@id":"https:\/\/www.aridane.org\/city\/2025\/01\/01\/los-llanos-de-aridane-celebra-la-entrada-al-nuevo-ano-con-mas-de-13-000-personas\/#breadcrumb"},"inLanguage":"es","potentialAction":[{"@type":"ReadAction","target":["https:\/\/www.aridane.org\/city\/2025\/01\/01\/los-llanos-de-aridane-celebra-la-entrada-al-nuevo-ano-con-mas-de-13-000-personas\/"]}]},{"@type":"ImageObject","inLanguage":"es","@id":"https:\/\/www.aridane.org\/city\/2025\/01\/01\/los-llanos-de-aridane-celebra-la-entrada-al-nuevo-ano-con-mas-de-13-000-personas\/#primaryimage","url":"https:\/\/www.aridane.org\/city\/wp-content\/uploads\/2025\/01\/Fin-de-Ano-Los-Llanos.jpeg","contentUrl":"https:\/\/www.aridane.org\/city\/wp-content\/uploads\/2025\/01\/Fin-de-Ano-Los-Llanos.jpeg","width":1556,"height":875},{"@type":"BreadcrumbList","@id":"https:\/\/www.aridane.org\/city\/2025\/01\/01\/los-llanos-de-aridane-celebra-la-entrada-al-nuevo-ano-con-mas-de-13-000-personas\/#breadcrumb","itemListElement":[{"@type":"ListItem","position":1,"name":"Portada","item":"https:\/\/www.aridane.org\/city\/"},{"@type":"ListItem","position":2,"name":"Los Llanos de Aridane celebra la entrada al nuevo a\u00f1o con m\u00e1s de 13.000 personas"}]},{"@type":"WebSite","@id":"https:\/\/www.aridane.org\/city\/#website","url":"https:\/\/www.aridane.org\/city\/","name":"Ayuntamiento de Los Llanos de Aridane","description":"","potentialAction":[{"@type":"SearchAction","target":{"@type":"EntryPoint","urlTemplate":"https:\/\/www.aridane.org\/city\/?s={search_term_string}"},"query-input":"required name=search_term_string"}],"inLanguage":"es"},{"@type":"Person","@id":"https:\/\/www.aridane.org\/city\/#\/schema\/person\/89ebd376b223dc94cc1dbcf200c8e6da","name":"Corresponsal","image":{"@type":"ImageObject","inLanguage":"es","@id":"https:\/\/www.aridane.org\/city\/#\/schema\/person\/image\/","url":"https:\/\/secure.gravatar.com\/avatar\/1c476992411e4ccf153da63b2b2f5ea0bb4cb1c85f3ceab8512f04325ad5579c?s=96&d=mm&r=g","contentUrl":"https:\/\/secure.gravatar.com\/avatar\/1c476992411e4ccf153da63b2b2f5ea0bb4cb1c85f3ceab8512f04325ad5579c?s=96&d=mm&r=g","caption":"Corresponsal"},"url":"https:\/\/www.aridane.org\/city\/author\/corresponsal\/"}]}},"_links":{"self":[{"href":"https:\/\/www.aridane.org\/city\/wp-json\/wp\/v2\/posts\/4205","targetHints":{"allow":["GET"]}}],"collection":[{"href":"https:\/\/www.aridane.org\/city\/wp-json\/wp\/v2\/posts"}],"about":[{"href":"https:\/\/www.aridane.org\/city\/wp-json\/wp\/v2\/types\/post"}],"author":[{"embeddable":true,"href":"https:\/\/www.aridane.org\/city\/wp-json\/wp\/v2\/users\/4"}],"replies":[{"embeddable":true,"href":"https:\/\/www.aridane.org\/city\/wp-json\/wp\/v2\/comments?post=4205"}],"version-history":[{"count":1,"href":"https:\/\/www.aridane.org\/city\/wp-json\/wp\/v2\/posts\/4205\/revisions"}],"predecessor-version":[{"id":4207,"href":"https:\/\/www.aridane.org\/city\/wp-json\/wp\/v2\/posts\/4205\/revisions\/4207"}],"wp:featuredmedia":[{"embeddable":true,"href":"https:\/\/www.aridane.org\/city\/wp-json\/wp\/v2\/media\/4206"}],"wp:attachment":[{"href":"https:\/\/www.aridane.org\/city\/wp-json\/wp\/v2\/media?parent=4205"}],"wp:term":[{"taxonomy":"category","embeddable":true,"href":"https:\/\/www.aridane.org\/city\/wp-json\/wp\/v2\/categories?post=4205"},{"taxonomy":"post_tag","embeddable":true,"href":"https:\/\/www.aridane.org\/city\/wp-json\/wp\/v2\/tags?post=4205"}],"curies":[{"name":"wp","href":"https:\/\/api.w.org\/{rel}","templated":true}]}}