{"id":4208,"date":"2025-01-01T08:42:30","date_gmt":"2025-01-01T08:42:30","guid":{"rendered":"https:\/\/www.aridane.org\/city\/?p=4208"},"modified":"2025-01-29T09:43:11","modified_gmt":"2025-01-29T09:43:11","slug":"la-xvii-san-silvestre-de-los-llanos-de-aridane-cerro-un-ano-deportivo-con-mas-de-35-eventos-en-el-municipio","status":"publish","type":"post","link":"https:\/\/www.aridane.org\/city\/2025\/01\/01\/la-xvii-san-silvestre-de-los-llanos-de-aridane-cerro-un-ano-deportivo-con-mas-de-35-eventos-en-el-municipio\/","title":{"rendered":"La XVII San Silvestre de Los Llanos de Aridane cerr\u00f3 un a\u00f1o deportivo con m\u00e1s de 35 eventos en el municipio\u00a0"},"content":{"rendered":"<p><em>La prueba marc\u00f3 un nuevo r\u00e9cord de participaci\u00f3n con m\u00e1s de mil participantes<\/em><\/p>\n<div id=\"v1forwardbody1\">\n<p>El Ayuntamiento de Los Llanos de Aridane despidi\u00f3 2024 con la XVII San Silvestre, una cita ineludible en el calendario deportivo local, que reuni\u00f3 a m\u00e1s de 1.070 participantes de todas las edades y categor\u00edas. El broche de oro a un a\u00f1o con m\u00e1s de 35 eventos celebrados en el municipio.<\/p>\n<p>Las calles de Los Llanos de Aridane se llenaron de vida en la San Silvestre, desde los m\u00e1s peque\u00f1os de la categor\u00eda Sub 8, que recorrieron 0,5 km, hasta los atletas de la categor\u00eda M\u00e1ster, quienes completaron 3,9 km en un circuito de tres vueltas de 1,3 km.<\/p>\n<p>La edici\u00f3n de este a\u00f1o marc\u00f3 un nuevo r\u00e9cord de participaci\u00f3n y reafirm\u00f3 la tradici\u00f3n de que, cada 31 de diciembre, las calles m\u00e1s emblem\u00e1ticas del municipio se conviertan en el epicentro del deporte y la celebraci\u00f3n.<\/p>\n<p>El concejal de Deportes del Ayuntamiento de Los Llanos de Aridane, V\u00edctor Gonz\u00e1lez, expres\u00f3 su agradecimiento a todas las personas participantes y asistentes, as\u00ed como al personal de seguridad, protecci\u00f3n civil, la Federaci\u00f3n Insular de Atletismo, trabajadores municipales y voluntarios, cuya labor fue fundamental para el \u00e9xito de esta edici\u00f3n.<\/p>\n<p>Asimismo, el concejal tambi\u00e9n puso el acento en el a\u00f1o deportivo 2024, con m\u00e1s de 35 pruebas de diferentes modalidades celebradas. \u201cSomos uno de los municipios m\u00e1s activos de Canarias en este sentido. Ratificamos esta apuesta por el deporte que genera econom\u00eda y refuerza a Los Llanos de Aridane como referente en el archipi\u00e9lago\u201d, a\u00f1ade.<\/p>\n<p><strong>Clasificaci\u00f3n San Silvestre<\/strong><strong><br \/>\n<\/strong><strong>Sub 8<\/strong><strong><br \/>\n<\/strong>1.\u00ba Mario P\u00e9rez Gil \/ 1.\u00aa Haridian Hern\u00e1ndez Garc\u00eda<br \/>\n2.\u00ba Lorenzo Concepci\u00f3n Herrera \/ 2.\u00aa Laia Acosta Acosta<br \/>\n3.\u00ba Eli\u00e1n Pa\u00eds P\u00e9rez \/ 3.\u00aa Julia C\u00e1ceres Gonz\u00e1lez<\/p>\n<p><strong>Sub 10<\/strong><strong><br \/>\n<\/strong>1.\u00ba Sergio Camacho P\u00e9rez \/ 1.\u00aa Alejandra Hern\u00e1ndez Matos<br \/>\n2.\u00ba Axer Granado Castro \/ 2.\u00aa Daniela Hern\u00e1ndez Guti\u00e9rrez<br \/>\n3.\u00ba Gonz\u00e1lez Antona del Rosario \/ 3.\u00aa Gara Rodr\u00edguez Mart\u00edn<\/p>\n<p><strong>Sub 12<\/strong><strong><br \/>\n<\/strong>1.\u00ba Diego P\u00e9rez Mart\u00edn \/ 1.\u00aa Daniella Ramos Mosegues<br \/>\n2.\u00ba Mat\u00edas Neira \/ 2.\u00aa Mar\u00eda S\u00e1nchez Gonz\u00e1lez<br \/>\n3.\u00ba Doramas Granado Castro \/ 3.\u00aa Irene P\u00e9rez Mart\u00edn<\/p>\n<p><strong>Sub 14<\/strong><strong><br \/>\n<\/strong>1.\u00ba Guillermo Mat\u00edas Rodr\u00edguez \/ 1.\u00aa Sara Rodr\u00edguez Concepci\u00f3n<br \/>\n2.\u00ba Aday Francisco Rodr\u00edguez \/ 2.\u00aa Victoria D\u00edaz Morcillo<br \/>\n3.\u00ba Nicol\u00e1s Acosta Rodr\u00edguez \/ 3.\u00aa Kamila M\u00e9ndez Angarita<\/p>\n<p><strong>Categor\u00eda Absoluta<\/strong><strong><br \/>\n<\/strong>1.\u00ba Miguel \u00c1ngel Vaquero \/ 1.\u00aa Mar\u00eda Camacho P\u00e9rez<br \/>\n2.\u00ba Oliver Baeza Mart\u00edn \/ 2.\u00aa Irene Lorenzo Hern\u00e1ndez<br \/>\n3.\u00ba Cristian Pulido P\u00e9rez \/ 3.\u00aa Yamila Mar\u00eda P\u00e9rez Rodr\u00edguez<\/p>\n<p>La clasificaci\u00f3n completa est\u00e1 disponible en el portal de Islabonita Timing:<a href=\"https:\/\/islabonitatiming.com\/resultados\/san-silvestre-los-llanos-de-aridane-2024\" target=\"_blank\" rel=\"noopener noreferrer\">\u00a0https:\/\/islabonitatiming.com\/resultados\/san-silvestre-los-llanos-de-aridane-2024<\/a>.<\/p>\n<\/div>\n","protected":false},"excerpt":{"rendered":"<p>La prueba marc\u00f3 un nuevo r\u00e9cord de participaci\u00f3n con m\u00e1s de mil participantes El Ayuntamiento de Los Llanos de Aridane despidi\u00f3 2024 con la XVII San Silvestre, una cita ineludible en el calendario deportivo local, que reuni\u00f3 a m\u00e1s de 1.070 participantes de todas las&#8230;<\/p>\n","protected":false},"author":4,"featured_media":4209,"comment_status":"open","ping_status":"open","sticky":false,"template":"","format":"standard","meta":{"footnotes":""},"categories":[1],"tags":[],"class_list":["post-4208","post","type-post","status-publish","format-standard","has-post-thumbnail","hentry","category-sin-categoria"],"yoast_head":"<!-- This site is optimized with the Yoast SEO plugin v22.7 - https:\/\/yoast.com\/wordpress\/plugins\/seo\/ -->\n<title>La XVII San Silvestre de Los Llanos de Aridane cerr\u00f3 un a\u00f1o deportivo con m\u00e1s de 35 eventos en el municipio\u00a0 - Ayuntamiento de Los Llanos de Aridane<\/title>\n<meta name=\"robots\" content=\"index, follow, max-snippet:-1, max-image-preview:large, max-video-preview:-1\" \/>\n<link rel=\"canonical\" href=\"https:\/\/www.aridane.org\/city\/2025\/01\/01\/la-xvii-san-silvestre-de-los-llanos-de-aridane-cerro-un-ano-deportivo-con-mas-de-35-eventos-en-el-municipio\/\" \/>\n<meta property=\"og:locale\" content=\"es_ES\" \/>\n<meta property=\"og:type\" content=\"article\" \/>\n<meta property=\"og:title\" content=\"La XVII San Silvestre de Los Llanos de Aridane cerr\u00f3 un a\u00f1o deportivo con m\u00e1s de 35 eventos en el municipio\u00a0 - Ayuntamiento de Los Llanos de Aridane\" \/>\n<meta property=\"og:description\" content=\"La prueba marc\u00f3 un nuevo r\u00e9cord de participaci\u00f3n con m\u00e1s de mil participantes El Ayuntamiento de Los Llanos de Aridane despidi\u00f3 2024 con la XVII San Silvestre, una cita ineludible en el calendario deportivo local, que reuni\u00f3 a m\u00e1s de 1.070 participantes de todas las...\" \/>\n<meta property=\"og:url\" content=\"https:\/\/www.aridane.org\/city\/2025\/01\/01\/la-xvii-san-silvestre-de-los-llanos-de-aridane-cerro-un-ano-deportivo-con-mas-de-35-eventos-en-el-municipio\/\" \/>\n<meta property=\"og:site_name\" content=\"Ayuntamiento de Los Llanos de Aridane\" \/>\n<meta property=\"article:published_time\" content=\"2025-01-01T08:42:30+00:00\" \/>\n<meta property=\"article:modified_time\" content=\"2025-01-29T09:43:11+00:00\" \/>\n<meta property=\"og:image\" content=\"https:\/\/www.aridane.org\/city\/wp-content\/uploads\/2025\/01\/San-Silvestre-2024.jpeg\" \/>\n\t<meta property=\"og:image:width\" content=\"1600\" \/>\n\t<meta property=\"og:image:height\" content=\"1066\" \/>\n\t<meta property=\"og:image:type\" content=\"image\/jpeg\" \/>\n<meta name=\"author\" content=\"Corresponsal\" \/>\n<meta name=\"twitter:card\" content=\"summary_large_image\" \/>\n<meta name=\"twitter:label1\" content=\"Escrito por\" \/>\n\t<meta name=\"twitter:data1\" content=\"Corresponsal\" \/>\n\t<meta name=\"twitter:label2\" content=\"Tiempo de lectura\" \/>\n\t<meta name=\"twitter:data2\" content=\"3 minutos\" \/>\n<script type=\"application\/ld+json\" class=\"yoast-schema-graph\">{\"@context\":\"https:\/\/schema.org\",\"@graph\":[{\"@type\":\"WebPage\",\"@id\":\"https:\/\/www.aridane.org\/city\/2025\/01\/01\/la-xvii-san-silvestre-de-los-llanos-de-aridane-cerro-un-ano-deportivo-con-mas-de-35-eventos-en-el-municipio\/\",\"url\":\"https:\/\/www.aridane.org\/city\/2025\/01\/01\/la-xvii-san-silvestre-de-los-llanos-de-aridane-cerro-un-ano-deportivo-con-mas-de-35-eventos-en-el-municipio\/\",\"name\":\"La XVII San Silvestre de Los Llanos de Aridane cerr\u00f3 un a\u00f1o deportivo con m\u00e1s de 35 eventos en el municipio\u00a0 - Ayuntamiento de Los Llanos de Aridane\",\"isPartOf\":{\"@id\":\"https:\/\/www.aridane.org\/city\/#website\"},\"primaryImageOfPage\":{\"@id\":\"https:\/\/www.aridane.org\/city\/2025\/01\/01\/la-xvii-san-silvestre-de-los-llanos-de-aridane-cerro-un-ano-deportivo-con-mas-de-35-eventos-en-el-municipio\/#primaryimage\"},\"image\":{\"@id\":\"https:\/\/www.aridane.org\/city\/2025\/01\/01\/la-xvii-san-silvestre-de-los-llanos-de-aridane-cerro-un-ano-deportivo-con-mas-de-35-eventos-en-el-municipio\/#primaryimage\"},\"thumbnailUrl\":\"https:\/\/www.aridane.org\/city\/wp-content\/uploads\/2025\/01\/San-Silvestre-2024.jpeg\",\"datePublished\":\"2025-01-01T08:42:30+00:00\",\"dateModified\":\"2025-01-29T09:43:11+00:00\",\"author\":{\"@id\":\"https:\/\/www.aridane.org\/city\/#\/schema\/person\/89ebd376b223dc94cc1dbcf200c8e6da\"},\"breadcrumb\":{\"@id\":\"https:\/\/www.aridane.org\/city\/2025\/01\/01\/la-xvii-san-silvestre-de-los-llanos-de-aridane-cerro-un-ano-deportivo-con-mas-de-35-eventos-en-el-municipio\/#breadcrumb\"},\"inLanguage\":\"es\",\"potentialAction\":[{\"@type\":\"ReadAction\",\"target\":[\"https:\/\/www.aridane.org\/city\/2025\/01\/01\/la-xvii-san-silvestre-de-los-llanos-de-aridane-cerro-un-ano-deportivo-con-mas-de-35-eventos-en-el-municipio\/\"]}]},{\"@type\":\"ImageObject\",\"inLanguage\":\"es\",\"@id\":\"https:\/\/www.aridane.org\/city\/2025\/01\/01\/la-xvii-san-silvestre-de-los-llanos-de-aridane-cerro-un-ano-deportivo-con-mas-de-35-eventos-en-el-municipio\/#primaryimage\",\"url\":\"https:\/\/www.aridane.org\/city\/wp-content\/uploads\/2025\/01\/San-Silvestre-2024.jpeg\",\"contentUrl\":\"https:\/\/www.aridane.org\/city\/wp-content\/uploads\/2025\/01\/San-Silvestre-2024.jpeg\",\"width\":1600,\"height\":1066},{\"@type\":\"BreadcrumbList\",\"@id\":\"https:\/\/www.aridane.org\/city\/2025\/01\/01\/la-xvii-san-silvestre-de-los-llanos-de-aridane-cerro-un-ano-deportivo-con-mas-de-35-eventos-en-el-municipio\/#breadcrumb\",\"itemListElement\":[{\"@type\":\"ListItem\",\"position\":1,\"name\":\"Portada\",\"item\":\"https:\/\/www.aridane.org\/city\/\"},{\"@type\":\"ListItem\",\"position\":2,\"name\":\"La XVII San Silvestre de Los Llanos de Aridane cerr\u00f3 un a\u00f1o deportivo con m\u00e1s de 35 eventos en el municipio\u00a0\"}]},{\"@type\":\"WebSite\",\"@id\":\"https:\/\/www.aridane.org\/city\/#website\",\"url\":\"https:\/\/www.aridane.org\/city\/\",\"name\":\"Ayuntamiento de Los Llanos de Aridane\",\"description\":\"\",\"potentialAction\":[{\"@type\":\"SearchAction\",\"target\":{\"@type\":\"EntryPoint\",\"urlTemplate\":\"https:\/\/www.aridane.org\/city\/?s={search_term_string}\"},\"query-input\":\"required name=search_term_string\"}],\"inLanguage\":\"es\"},{\"@type\":\"Person\",\"@id\":\"https:\/\/www.aridane.org\/city\/#\/schema\/person\/89ebd376b223dc94cc1dbcf200c8e6da\",\"name\":\"Corresponsal\",\"image\":{\"@type\":\"ImageObject\",\"inLanguage\":\"es\",\"@id\":\"https:\/\/www.aridane.org\/city\/#\/schema\/person\/image\/\",\"url\":\"https:\/\/secure.gravatar.com\/avatar\/1c476992411e4ccf153da63b2b2f5ea0bb4cb1c85f3ceab8512f04325ad5579c?s=96&d=mm&r=g\",\"contentUrl\":\"https:\/\/secure.gravatar.com\/avatar\/1c476992411e4ccf153da63b2b2f5ea0bb4cb1c85f3ceab8512f04325ad5579c?s=96&d=mm&r=g\",\"caption\":\"Corresponsal\"},\"url\":\"https:\/\/www.aridane.org\/city\/author\/corresponsal\/\"}]}<\/script>\n<!-- \/ Yoast SEO plugin. -->","yoast_head_json":{"title":"La XVII San Silvestre de Los Llanos de Aridane cerr\u00f3 un a\u00f1o deportivo con m\u00e1s de 35 eventos en el municipio\u00a0 - Ayuntamiento de Los Llanos de Aridane","robots":{"index":"index","follow":"follow","max-snippet":"max-snippet:-1","max-image-preview":"max-image-preview:large","max-video-preview":"max-video-preview:-1"},"canonical":"https:\/\/www.aridane.org\/city\/2025\/01\/01\/la-xvii-san-silvestre-de-los-llanos-de-aridane-cerro-un-ano-deportivo-con-mas-de-35-eventos-en-el-municipio\/","og_locale":"es_ES","og_type":"article","og_title":"La XVII San Silvestre de Los Llanos de Aridane cerr\u00f3 un a\u00f1o deportivo con m\u00e1s de 35 eventos en el municipio\u00a0 - Ayuntamiento de Los Llanos de Aridane","og_description":"La prueba marc\u00f3 un nuevo r\u00e9cord de participaci\u00f3n con m\u00e1s de mil participantes El Ayuntamiento de Los Llanos de Aridane despidi\u00f3 2024 con la XVII San Silvestre, una cita ineludible en el calendario deportivo local, que reuni\u00f3 a m\u00e1s de 1.070 participantes de todas las...","og_url":"https:\/\/www.aridane.org\/city\/2025\/01\/01\/la-xvii-san-silvestre-de-los-llanos-de-aridane-cerro-un-ano-deportivo-con-mas-de-35-eventos-en-el-municipio\/","og_site_name":"Ayuntamiento de Los Llanos de Aridane","article_published_time":"2025-01-01T08:42:30+00:00","article_modified_time":"2025-01-29T09:43:11+00:00","og_image":[{"width":1600,"height":1066,"url":"https:\/\/www.aridane.org\/city\/wp-content\/uploads\/2025\/01\/San-Silvestre-2024.jpeg","type":"image\/jpeg"}],"author":"Corresponsal","twitter_card":"summary_large_image","twitter_misc":{"Escrito por":"Corresponsal","Tiempo de lectura":"3 minutos"},"schema":{"@context":"https:\/\/schema.org","@graph":[{"@type":"WebPage","@id":"https:\/\/www.aridane.org\/city\/2025\/01\/01\/la-xvii-san-silvestre-de-los-llanos-de-aridane-cerro-un-ano-deportivo-con-mas-de-35-eventos-en-el-municipio\/","url":"https:\/\/www.aridane.org\/city\/2025\/01\/01\/la-xvii-san-silvestre-de-los-llanos-de-aridane-cerro-un-ano-deportivo-con-mas-de-35-eventos-en-el-municipio\/","name":"La XVII San Silvestre de Los Llanos de Aridane cerr\u00f3 un a\u00f1o deportivo con m\u00e1s de 35 eventos en el municipio\u00a0 - Ayuntamiento de Los Llanos de Aridane","isPartOf":{"@id":"https:\/\/www.aridane.org\/city\/#website"},"primaryImageOfPage":{"@id":"https:\/\/www.aridane.org\/city\/2025\/01\/01\/la-xvii-san-silvestre-de-los-llanos-de-aridane-cerro-un-ano-deportivo-con-mas-de-35-eventos-en-el-municipio\/#primaryimage"},"image":{"@id":"https:\/\/www.aridane.org\/city\/2025\/01\/01\/la-xvii-san-silvestre-de-los-llanos-de-aridane-cerro-un-ano-deportivo-con-mas-de-35-eventos-en-el-municipio\/#primaryimage"},"thumbnailUrl":"https:\/\/www.aridane.org\/city\/wp-content\/uploads\/2025\/01\/San-Silvestre-2024.jpeg","datePublished":"2025-01-01T08:42:30+00:00","dateModified":"2025-01-29T09:43:11+00:00","author":{"@id":"https:\/\/www.aridane.org\/city\/#\/schema\/person\/89ebd376b223dc94cc1dbcf200c8e6da"},"breadcrumb":{"@id":"https:\/\/www.aridane.org\/city\/2025\/01\/01\/la-xvii-san-silvestre-de-los-llanos-de-aridane-cerro-un-ano-deportivo-con-mas-de-35-eventos-en-el-municipio\/#breadcrumb"},"inLanguage":"es","potentialAction":[{"@type":"ReadAction","target":["https:\/\/www.aridane.org\/city\/2025\/01\/01\/la-xvii-san-silvestre-de-los-llanos-de-aridane-cerro-un-ano-deportivo-con-mas-de-35-eventos-en-el-municipio\/"]}]},{"@type":"ImageObject","inLanguage":"es","@id":"https:\/\/www.aridane.org\/city\/2025\/01\/01\/la-xvii-san-silvestre-de-los-llanos-de-aridane-cerro-un-ano-deportivo-con-mas-de-35-eventos-en-el-municipio\/#primaryimage","url":"https:\/\/www.aridane.org\/city\/wp-content\/uploads\/2025\/01\/San-Silvestre-2024.jpeg","contentUrl":"https:\/\/www.aridane.org\/city\/wp-content\/uploads\/2025\/01\/San-Silvestre-2024.jpeg","width":1600,"height":1066},{"@type":"BreadcrumbList","@id":"https:\/\/www.aridane.org\/city\/2025\/01\/01\/la-xvii-san-silvestre-de-los-llanos-de-aridane-cerro-un-ano-deportivo-con-mas-de-35-eventos-en-el-municipio\/#breadcrumb","itemListElement":[{"@type":"ListItem","position":1,"name":"Portada","item":"https:\/\/www.aridane.org\/city\/"},{"@type":"ListItem","position":2,"name":"La XVII San Silvestre de Los Llanos de Aridane cerr\u00f3 un a\u00f1o deportivo con m\u00e1s de 35 eventos en el municipio\u00a0"}]},{"@type":"WebSite","@id":"https:\/\/www.aridane.org\/city\/#website","url":"https:\/\/www.aridane.org\/city\/","name":"Ayuntamiento de Los Llanos de Aridane","description":"","potentialAction":[{"@type":"SearchAction","target":{"@type":"EntryPoint","urlTemplate":"https:\/\/www.aridane.org\/city\/?s={search_term_string}"},"query-input":"required name=search_term_string"}],"inLanguage":"es"},{"@type":"Person","@id":"https:\/\/www.aridane.org\/city\/#\/schema\/person\/89ebd376b223dc94cc1dbcf200c8e6da","name":"Corresponsal","image":{"@type":"ImageObject","inLanguage":"es","@id":"https:\/\/www.aridane.org\/city\/#\/schema\/person\/image\/","url":"https:\/\/secure.gravatar.com\/avatar\/1c476992411e4ccf153da63b2b2f5ea0bb4cb1c85f3ceab8512f04325ad5579c?s=96&d=mm&r=g","contentUrl":"https:\/\/secure.gravatar.com\/avatar\/1c476992411e4ccf153da63b2b2f5ea0bb4cb1c85f3ceab8512f04325ad5579c?s=96&d=mm&r=g","caption":"Corresponsal"},"url":"https:\/\/www.aridane.org\/city\/author\/corresponsal\/"}]}},"_links":{"self":[{"href":"https:\/\/www.aridane.org\/city\/wp-json\/wp\/v2\/posts\/4208","targetHints":{"allow":["GET"]}}],"collection":[{"href":"https:\/\/www.aridane.org\/city\/wp-json\/wp\/v2\/posts"}],"about":[{"href":"https:\/\/www.aridane.org\/city\/wp-json\/wp\/v2\/types\/post"}],"author":[{"embeddable":true,"href":"https:\/\/www.aridane.org\/city\/wp-json\/wp\/v2\/users\/4"}],"replies":[{"embeddable":true,"href":"https:\/\/www.aridane.org\/city\/wp-json\/wp\/v2\/comments?post=4208"}],"version-history":[{"count":1,"href":"https:\/\/www.aridane.org\/city\/wp-json\/wp\/v2\/posts\/4208\/revisions"}],"predecessor-version":[{"id":4210,"href":"https:\/\/www.aridane.org\/city\/wp-json\/wp\/v2\/posts\/4208\/revisions\/4210"}],"wp:featuredmedia":[{"embeddable":true,"href":"https:\/\/www.aridane.org\/city\/wp-json\/wp\/v2\/media\/4209"}],"wp:attachment":[{"href":"https:\/\/www.aridane.org\/city\/wp-json\/wp\/v2\/media?parent=4208"}],"wp:term":[{"taxonomy":"category","embeddable":true,"href":"https:\/\/www.aridane.org\/city\/wp-json\/wp\/v2\/categories?post=4208"},{"taxonomy":"post_tag","embeddable":true,"href":"https:\/\/www.aridane.org\/city\/wp-json\/wp\/v2\/tags?post=4208"}],"curies":[{"name":"wp","href":"https:\/\/api.w.org\/{rel}","templated":true}]}}