{"id":4211,"date":"2025-01-29T12:19:01","date_gmt":"2025-01-29T12:19:01","guid":{"rendered":"https:\/\/www.aridane.org\/city\/?p=4211"},"modified":"2025-01-29T12:19:01","modified_gmt":"2025-01-29T12:19:01","slug":"la-piscina-municipal-de-los-llanos-de-aridane-reabre-el-3-de-febrero-con-cursillos-y-nado-libre","status":"publish","type":"post","link":"https:\/\/www.aridane.org\/city\/2025\/01\/29\/la-piscina-municipal-de-los-llanos-de-aridane-reabre-el-3-de-febrero-con-cursillos-y-nado-libre\/","title":{"rendered":"La piscina municipal de Los Llanos de Aridane reabre el 3 de febrero con cursillos y nado libre"},"content":{"rendered":"<p><em>Las matr\u00edculas para los cursillos podr\u00e1n formalizarse los d\u00edas 30 y 31 de enero, en horario de 10:00 a 13:00 horas, en la propia piscina<\/em><!--more--><\/p>\n<p>El Ayuntamiento de Los Llanos de Aridane reabrir\u00e1 la piscina municipal el pr\u00f3ximo lunes, 3 de febrero, con horario de lunes a viernes de 11:00 a 17:00 horas. En paralelo, el grupo de gobierno trabaja en climatizar la instalaci\u00f3n y lograr que en 2026 est\u00e9 abierta durante todo el a\u00f1o.<\/p>\n<p>Los cursillos de nataci\u00f3n, que se impartir\u00e1n de 11:00 a 15:00 horas, incluir\u00e1n modalidades como adulto perfeccionamiento, adulto iniciaci\u00f3n estilos, adultos ense\u00f1anza-aprendizaje y terap\u00e9utica para embarazadas, lesiones y patolog\u00edas. El servicio de nado libre estar\u00e1 disponible de 11:00 a 17:00 horas.<\/p>\n<p>Las matr\u00edculas para los cursillos podr\u00e1n formalizarse los d\u00edas jueves 30 y viernes 31 de enero, en horario de 10:00 a 13:00 horas, en la propia piscina municipal.<\/p>\n<h2><strong>Climatizar la piscina<\/strong><\/h2>\n<p>El teniente de alcalde y concejal de Deportes, V\u00edctor Gonz\u00e1lez, destaca el compromiso del Ayuntamiento con el deporte, el bienestar y la promoci\u00f3n deportiva, subrayando que se est\u00e1 trabajando para que la piscina pueda estar operativa los 365 d\u00edas del a\u00f1o mediante la instalaci\u00f3n de sistemas termosolares.<\/p>\n<p>\u201cNuestro objetivo es ofrecer un servicio continuado que permita a los vecinos disfrutar de estas instalaciones durante todo el a\u00f1o. En estos momentos, estamos terminando de redactar los pliegos para sacar a licitaci\u00f3n el sistema de climatizaci\u00f3n, una medida clave para garantizar su funcionamiento en cualquier \u00e9poca\u201d, se\u00f1al\u00f3.<\/p>\n<p>En esta l\u00ednea, la Consejer\u00eda de Transici\u00f3n Ecol\u00f3gica y Energ\u00eda del Gobierno de Canarias financiar\u00e1 las obras de mejora y regularizaci\u00f3n de las instalaciones de la piscina por un importe de 199.904,89 euros. Estas incluir\u00e1n la puesta en marcha de un sistema de climatizaci\u00f3n y la instalaci\u00f3n de paneles solares fotovoltaicos para autoconsumo.<\/p>\n<p>El concejal recuerda, adem\u00e1s, que durante 2024 la piscina municipal acogi\u00f3 a m\u00e1s de 8.000 usuarios, \u201clo que demuestra la importancia de seguir mejorando estas instalaciones para dar respuesta a la alta demanda\u201d.<\/p>\n<p>Para m\u00e1s informaci\u00f3n, los interesados podr\u00e1n acudir a la instalaci\u00f3n a partir del 3 de febrero en horario de 11:00 a 17:00 horas.<\/p>\n","protected":false},"excerpt":{"rendered":"<p>Las matr\u00edculas para los cursillos podr\u00e1n formalizarse los d\u00edas 30 y 31 de enero, en horario de 10:00 a 13:00 horas, en la propia piscina<\/p>\n","protected":false},"author":4,"featured_media":2984,"comment_status":"open","ping_status":"open","sticky":false,"template":"","format":"standard","meta":{"footnotes":""},"categories":[1],"tags":[],"class_list":["post-4211","post","type-post","status-publish","format-standard","has-post-thumbnail","hentry","category-sin-categoria"],"yoast_head":"<!-- This site is optimized with the Yoast SEO plugin v22.7 - https:\/\/yoast.com\/wordpress\/plugins\/seo\/ -->\n<title>La piscina municipal de Los Llanos de Aridane reabre el 3 de febrero con cursillos y nado libre - Ayuntamiento de Los Llanos de Aridane<\/title>\n<meta name=\"robots\" content=\"index, follow, max-snippet:-1, max-image-preview:large, max-video-preview:-1\" \/>\n<link rel=\"canonical\" href=\"https:\/\/www.aridane.org\/city\/2025\/01\/29\/la-piscina-municipal-de-los-llanos-de-aridane-reabre-el-3-de-febrero-con-cursillos-y-nado-libre\/\" \/>\n<meta property=\"og:locale\" content=\"es_ES\" \/>\n<meta property=\"og:type\" content=\"article\" \/>\n<meta property=\"og:title\" content=\"La piscina municipal de Los Llanos de Aridane reabre el 3 de febrero con cursillos y nado libre - Ayuntamiento de Los Llanos de Aridane\" \/>\n<meta property=\"og:description\" content=\"Las matr\u00edculas para los cursillos podr\u00e1n formalizarse los d\u00edas 30 y 31 de enero, en horario de 10:00 a 13:00 horas, en la propia piscina\" \/>\n<meta property=\"og:url\" content=\"https:\/\/www.aridane.org\/city\/2025\/01\/29\/la-piscina-municipal-de-los-llanos-de-aridane-reabre-el-3-de-febrero-con-cursillos-y-nado-libre\/\" \/>\n<meta property=\"og:site_name\" content=\"Ayuntamiento de Los Llanos de Aridane\" \/>\n<meta property=\"article:published_time\" content=\"2025-01-29T12:19:01+00:00\" \/>\n<meta property=\"og:image\" content=\"https:\/\/www.aridane.org\/city\/wp-content\/uploads\/2023\/12\/Piscina-Municipal-Victor-Gonzalez.jpeg\" \/>\n\t<meta property=\"og:image:width\" content=\"2048\" \/>\n\t<meta property=\"og:image:height\" content=\"1536\" \/>\n\t<meta property=\"og:image:type\" content=\"image\/jpeg\" \/>\n<meta name=\"author\" content=\"Corresponsal\" \/>\n<meta name=\"twitter:card\" content=\"summary_large_image\" \/>\n<meta name=\"twitter:label1\" content=\"Escrito por\" \/>\n\t<meta name=\"twitter:data1\" content=\"Corresponsal\" \/>\n\t<meta name=\"twitter:label2\" content=\"Tiempo de lectura\" \/>\n\t<meta name=\"twitter:data2\" content=\"2 minutos\" \/>\n<script type=\"application\/ld+json\" class=\"yoast-schema-graph\">{\"@context\":\"https:\/\/schema.org\",\"@graph\":[{\"@type\":\"WebPage\",\"@id\":\"https:\/\/www.aridane.org\/city\/2025\/01\/29\/la-piscina-municipal-de-los-llanos-de-aridane-reabre-el-3-de-febrero-con-cursillos-y-nado-libre\/\",\"url\":\"https:\/\/www.aridane.org\/city\/2025\/01\/29\/la-piscina-municipal-de-los-llanos-de-aridane-reabre-el-3-de-febrero-con-cursillos-y-nado-libre\/\",\"name\":\"La piscina municipal de Los Llanos de Aridane reabre el 3 de febrero con cursillos y nado libre - Ayuntamiento de Los Llanos de Aridane\",\"isPartOf\":{\"@id\":\"https:\/\/www.aridane.org\/city\/#website\"},\"primaryImageOfPage\":{\"@id\":\"https:\/\/www.aridane.org\/city\/2025\/01\/29\/la-piscina-municipal-de-los-llanos-de-aridane-reabre-el-3-de-febrero-con-cursillos-y-nado-libre\/#primaryimage\"},\"image\":{\"@id\":\"https:\/\/www.aridane.org\/city\/2025\/01\/29\/la-piscina-municipal-de-los-llanos-de-aridane-reabre-el-3-de-febrero-con-cursillos-y-nado-libre\/#primaryimage\"},\"thumbnailUrl\":\"https:\/\/www.aridane.org\/city\/wp-content\/uploads\/2023\/12\/Piscina-Municipal-Victor-Gonzalez.jpeg\",\"datePublished\":\"2025-01-29T12:19:01+00:00\",\"dateModified\":\"2025-01-29T12:19:01+00:00\",\"author\":{\"@id\":\"https:\/\/www.aridane.org\/city\/#\/schema\/person\/89ebd376b223dc94cc1dbcf200c8e6da\"},\"breadcrumb\":{\"@id\":\"https:\/\/www.aridane.org\/city\/2025\/01\/29\/la-piscina-municipal-de-los-llanos-de-aridane-reabre-el-3-de-febrero-con-cursillos-y-nado-libre\/#breadcrumb\"},\"inLanguage\":\"es\",\"potentialAction\":[{\"@type\":\"ReadAction\",\"target\":[\"https:\/\/www.aridane.org\/city\/2025\/01\/29\/la-piscina-municipal-de-los-llanos-de-aridane-reabre-el-3-de-febrero-con-cursillos-y-nado-libre\/\"]}]},{\"@type\":\"ImageObject\",\"inLanguage\":\"es\",\"@id\":\"https:\/\/www.aridane.org\/city\/2025\/01\/29\/la-piscina-municipal-de-los-llanos-de-aridane-reabre-el-3-de-febrero-con-cursillos-y-nado-libre\/#primaryimage\",\"url\":\"https:\/\/www.aridane.org\/city\/wp-content\/uploads\/2023\/12\/Piscina-Municipal-Victor-Gonzalez.jpeg\",\"contentUrl\":\"https:\/\/www.aridane.org\/city\/wp-content\/uploads\/2023\/12\/Piscina-Municipal-Victor-Gonzalez.jpeg\",\"width\":2048,\"height\":1536},{\"@type\":\"BreadcrumbList\",\"@id\":\"https:\/\/www.aridane.org\/city\/2025\/01\/29\/la-piscina-municipal-de-los-llanos-de-aridane-reabre-el-3-de-febrero-con-cursillos-y-nado-libre\/#breadcrumb\",\"itemListElement\":[{\"@type\":\"ListItem\",\"position\":1,\"name\":\"Portada\",\"item\":\"https:\/\/www.aridane.org\/city\/\"},{\"@type\":\"ListItem\",\"position\":2,\"name\":\"La piscina municipal de Los Llanos de Aridane reabre el 3 de febrero con cursillos y nado libre\"}]},{\"@type\":\"WebSite\",\"@id\":\"https:\/\/www.aridane.org\/city\/#website\",\"url\":\"https:\/\/www.aridane.org\/city\/\",\"name\":\"Ayuntamiento de Los Llanos de Aridane\",\"description\":\"\",\"potentialAction\":[{\"@type\":\"SearchAction\",\"target\":{\"@type\":\"EntryPoint\",\"urlTemplate\":\"https:\/\/www.aridane.org\/city\/?s={search_term_string}\"},\"query-input\":\"required name=search_term_string\"}],\"inLanguage\":\"es\"},{\"@type\":\"Person\",\"@id\":\"https:\/\/www.aridane.org\/city\/#\/schema\/person\/89ebd376b223dc94cc1dbcf200c8e6da\",\"name\":\"Corresponsal\",\"image\":{\"@type\":\"ImageObject\",\"inLanguage\":\"es\",\"@id\":\"https:\/\/www.aridane.org\/city\/#\/schema\/person\/image\/\",\"url\":\"https:\/\/secure.gravatar.com\/avatar\/1c476992411e4ccf153da63b2b2f5ea0bb4cb1c85f3ceab8512f04325ad5579c?s=96&d=mm&r=g\",\"contentUrl\":\"https:\/\/secure.gravatar.com\/avatar\/1c476992411e4ccf153da63b2b2f5ea0bb4cb1c85f3ceab8512f04325ad5579c?s=96&d=mm&r=g\",\"caption\":\"Corresponsal\"},\"url\":\"https:\/\/www.aridane.org\/city\/author\/corresponsal\/\"}]}<\/script>\n<!-- \/ Yoast SEO plugin. -->","yoast_head_json":{"title":"La piscina municipal de Los Llanos de Aridane reabre el 3 de febrero con cursillos y nado libre - Ayuntamiento de Los Llanos de Aridane","robots":{"index":"index","follow":"follow","max-snippet":"max-snippet:-1","max-image-preview":"max-image-preview:large","max-video-preview":"max-video-preview:-1"},"canonical":"https:\/\/www.aridane.org\/city\/2025\/01\/29\/la-piscina-municipal-de-los-llanos-de-aridane-reabre-el-3-de-febrero-con-cursillos-y-nado-libre\/","og_locale":"es_ES","og_type":"article","og_title":"La piscina municipal de Los Llanos de Aridane reabre el 3 de febrero con cursillos y nado libre - Ayuntamiento de Los Llanos de Aridane","og_description":"Las matr\u00edculas para los cursillos podr\u00e1n formalizarse los d\u00edas 30 y 31 de enero, en horario de 10:00 a 13:00 horas, en la propia piscina","og_url":"https:\/\/www.aridane.org\/city\/2025\/01\/29\/la-piscina-municipal-de-los-llanos-de-aridane-reabre-el-3-de-febrero-con-cursillos-y-nado-libre\/","og_site_name":"Ayuntamiento de Los Llanos de Aridane","article_published_time":"2025-01-29T12:19:01+00:00","og_image":[{"width":2048,"height":1536,"url":"https:\/\/www.aridane.org\/city\/wp-content\/uploads\/2023\/12\/Piscina-Municipal-Victor-Gonzalez.jpeg","type":"image\/jpeg"}],"author":"Corresponsal","twitter_card":"summary_large_image","twitter_misc":{"Escrito por":"Corresponsal","Tiempo de lectura":"2 minutos"},"schema":{"@context":"https:\/\/schema.org","@graph":[{"@type":"WebPage","@id":"https:\/\/www.aridane.org\/city\/2025\/01\/29\/la-piscina-municipal-de-los-llanos-de-aridane-reabre-el-3-de-febrero-con-cursillos-y-nado-libre\/","url":"https:\/\/www.aridane.org\/city\/2025\/01\/29\/la-piscina-municipal-de-los-llanos-de-aridane-reabre-el-3-de-febrero-con-cursillos-y-nado-libre\/","name":"La piscina municipal de Los Llanos de Aridane reabre el 3 de febrero con cursillos y nado libre - Ayuntamiento de Los Llanos de Aridane","isPartOf":{"@id":"https:\/\/www.aridane.org\/city\/#website"},"primaryImageOfPage":{"@id":"https:\/\/www.aridane.org\/city\/2025\/01\/29\/la-piscina-municipal-de-los-llanos-de-aridane-reabre-el-3-de-febrero-con-cursillos-y-nado-libre\/#primaryimage"},"image":{"@id":"https:\/\/www.aridane.org\/city\/2025\/01\/29\/la-piscina-municipal-de-los-llanos-de-aridane-reabre-el-3-de-febrero-con-cursillos-y-nado-libre\/#primaryimage"},"thumbnailUrl":"https:\/\/www.aridane.org\/city\/wp-content\/uploads\/2023\/12\/Piscina-Municipal-Victor-Gonzalez.jpeg","datePublished":"2025-01-29T12:19:01+00:00","dateModified":"2025-01-29T12:19:01+00:00","author":{"@id":"https:\/\/www.aridane.org\/city\/#\/schema\/person\/89ebd376b223dc94cc1dbcf200c8e6da"},"breadcrumb":{"@id":"https:\/\/www.aridane.org\/city\/2025\/01\/29\/la-piscina-municipal-de-los-llanos-de-aridane-reabre-el-3-de-febrero-con-cursillos-y-nado-libre\/#breadcrumb"},"inLanguage":"es","potentialAction":[{"@type":"ReadAction","target":["https:\/\/www.aridane.org\/city\/2025\/01\/29\/la-piscina-municipal-de-los-llanos-de-aridane-reabre-el-3-de-febrero-con-cursillos-y-nado-libre\/"]}]},{"@type":"ImageObject","inLanguage":"es","@id":"https:\/\/www.aridane.org\/city\/2025\/01\/29\/la-piscina-municipal-de-los-llanos-de-aridane-reabre-el-3-de-febrero-con-cursillos-y-nado-libre\/#primaryimage","url":"https:\/\/www.aridane.org\/city\/wp-content\/uploads\/2023\/12\/Piscina-Municipal-Victor-Gonzalez.jpeg","contentUrl":"https:\/\/www.aridane.org\/city\/wp-content\/uploads\/2023\/12\/Piscina-Municipal-Victor-Gonzalez.jpeg","width":2048,"height":1536},{"@type":"BreadcrumbList","@id":"https:\/\/www.aridane.org\/city\/2025\/01\/29\/la-piscina-municipal-de-los-llanos-de-aridane-reabre-el-3-de-febrero-con-cursillos-y-nado-libre\/#breadcrumb","itemListElement":[{"@type":"ListItem","position":1,"name":"Portada","item":"https:\/\/www.aridane.org\/city\/"},{"@type":"ListItem","position":2,"name":"La piscina municipal de Los Llanos de Aridane reabre el 3 de febrero con cursillos y nado libre"}]},{"@type":"WebSite","@id":"https:\/\/www.aridane.org\/city\/#website","url":"https:\/\/www.aridane.org\/city\/","name":"Ayuntamiento de Los Llanos de Aridane","description":"","potentialAction":[{"@type":"SearchAction","target":{"@type":"EntryPoint","urlTemplate":"https:\/\/www.aridane.org\/city\/?s={search_term_string}"},"query-input":"required name=search_term_string"}],"inLanguage":"es"},{"@type":"Person","@id":"https:\/\/www.aridane.org\/city\/#\/schema\/person\/89ebd376b223dc94cc1dbcf200c8e6da","name":"Corresponsal","image":{"@type":"ImageObject","inLanguage":"es","@id":"https:\/\/www.aridane.org\/city\/#\/schema\/person\/image\/","url":"https:\/\/secure.gravatar.com\/avatar\/1c476992411e4ccf153da63b2b2f5ea0bb4cb1c85f3ceab8512f04325ad5579c?s=96&d=mm&r=g","contentUrl":"https:\/\/secure.gravatar.com\/avatar\/1c476992411e4ccf153da63b2b2f5ea0bb4cb1c85f3ceab8512f04325ad5579c?s=96&d=mm&r=g","caption":"Corresponsal"},"url":"https:\/\/www.aridane.org\/city\/author\/corresponsal\/"}]}},"_links":{"self":[{"href":"https:\/\/www.aridane.org\/city\/wp-json\/wp\/v2\/posts\/4211","targetHints":{"allow":["GET"]}}],"collection":[{"href":"https:\/\/www.aridane.org\/city\/wp-json\/wp\/v2\/posts"}],"about":[{"href":"https:\/\/www.aridane.org\/city\/wp-json\/wp\/v2\/types\/post"}],"author":[{"embeddable":true,"href":"https:\/\/www.aridane.org\/city\/wp-json\/wp\/v2\/users\/4"}],"replies":[{"embeddable":true,"href":"https:\/\/www.aridane.org\/city\/wp-json\/wp\/v2\/comments?post=4211"}],"version-history":[{"count":1,"href":"https:\/\/www.aridane.org\/city\/wp-json\/wp\/v2\/posts\/4211\/revisions"}],"predecessor-version":[{"id":4212,"href":"https:\/\/www.aridane.org\/city\/wp-json\/wp\/v2\/posts\/4211\/revisions\/4212"}],"wp:featuredmedia":[{"embeddable":true,"href":"https:\/\/www.aridane.org\/city\/wp-json\/wp\/v2\/media\/2984"}],"wp:attachment":[{"href":"https:\/\/www.aridane.org\/city\/wp-json\/wp\/v2\/media?parent=4211"}],"wp:term":[{"taxonomy":"category","embeddable":true,"href":"https:\/\/www.aridane.org\/city\/wp-json\/wp\/v2\/categories?post=4211"},{"taxonomy":"post_tag","embeddable":true,"href":"https:\/\/www.aridane.org\/city\/wp-json\/wp\/v2\/tags?post=4211"}],"curies":[{"name":"wp","href":"https:\/\/api.w.org\/{rel}","templated":true}]}}